{"id":49122,"date":"2018-03-05T10:15:25","date_gmt":"2018-03-05T13:15:25","guid":{"rendered":"https:\/\/www.blogsoestado.com\/danielmatos\/?p=49122"},"modified":"2018-03-05T10:15:25","modified_gmt":"2018-03-05T13:15:25","slug":"imprensa-prestigia-inauguracao-do-parque-tematico-da-turma-da-monica-no-rio-anil-shopping","status":"publish","type":"post","link":"https:\/\/www.blogsoestado.com\/danielmatos\/imprensa-prestigia-inauguracao-do-parque-tematico-da-turma-da-monica-no-rio-anil-shopping\/","title":{"rendered":"Imprensa prestigia inaugura\u00e7\u00e3o do Parque Tem\u00e1tico da Turma da M\u00f4nica no Rio Anil Shopping"},"content":{"rendered":"<figure id=\"attachment_49123\" aria-describedby=\"caption-attachment-49123\" style=\"width: 700px\" class=\"wp-caption aligncenter\"><img fetchpriority=\"high\" decoding=\"async\" class=\"wp-image-49123\" src=\"https:\/\/www.blogsoestado.com\/danielmatos\/files\/2018\/03\/monica-rio-anil3.jpg\" alt=\"\" width=\"700\" height=\"465\" \/><figcaption id=\"caption-attachment-49123\" class=\"wp-caption-text\">Jornalistas, radialistas, blogueiros e influenciadores digitais levaram filhos para se divertir no parque tem\u00e1tico<\/figcaption><\/figure>\n<p>Comunicadores e influenciadores digitais de S\u00e3o Lu\u00eds participaram, no \u00faltimo domingo (04), de uma manh\u00e3 muito divertida no Rio Anil Shopping. Atendendo ao convite especial do Rio Anil, os profissionais da imprensa levaram as crian\u00e7as da fam\u00edlia para um caf\u00e9 da manh\u00e3 exclusivo, oferecido na inaugura\u00e7\u00e3o do parque tem\u00e1tico SuperAR Turma da M\u00f4nica.<\/p>\n<p>O parque \u00e9 a mais nova atra\u00e7\u00e3o do shopping. Nele, crian\u00e7as de at\u00e9 12 anos podem pular no circuito armado com brinquedos infl\u00e1veis gigantes, que remetem \u00e0s aventuras das hist\u00f3rias em quadrinhos. No caf\u00e9, card\u00e1pio saud\u00e1vel com saladinhas de frutas e p\u00e3es, al\u00e9m de algumas del\u00edcias de forno, chocolate quente e suco. J\u00e1 na mesa das guloseimas, decorada com primor, muitos doces, pirulitos e, claro, o bolo.<\/p>\n<p>O Rio Anil Shopping reconhece e valoriza o trabalho da imprensa. A festa foi linda, as crian\u00e7as se divertiram e os pais e m\u00e3es se reencontraram em uma confraterniza\u00e7\u00e3o animada. Por isso, o Rio Anil \u00e9 s\u00f3 gratid\u00e3o \u00e0 presen\u00e7a de cada um. E fique ligado: em breve tem muito mais!<\/p>\n<p><strong>SuperAR Turma da M\u00f4nica<\/strong><\/p>\n<p>Famosos no Brasil e no mundo, os amiguinhos M\u00f4nica, Magali, Cebolinha, Casc\u00e3o, Jotalh\u00e3o, Anjinho e Astronauta s\u00e3o as estrelas da mais nova atra\u00e7\u00e3o, que permanecer\u00e1 na Pra\u00e7a de Eventos do Rio Anil at\u00e9 o dia 29 de abril.<\/p>\n<p>Durante todo esse tempo, as crian\u00e7as poder\u00e3o brincar em 3 infl\u00e1veis diferentes:<\/p>\n<figure id=\"attachment_49125\" aria-describedby=\"caption-attachment-49125\" style=\"width: 448px\" class=\"wp-caption alignright\"><img decoding=\"async\" class=\"size-full wp-image-49125\" src=\"https:\/\/www.blogsoestado.com\/danielmatos\/files\/2018\/03\/monica-rio-anil4.jpg\" alt=\"\" width=\"448\" height=\"298\" \/><figcaption id=\"caption-attachment-49125\" class=\"wp-caption-text\">O autor deste blog com a filha, Maria Vit\u00f3ria, de 8 anos<\/figcaption><\/figure>\n<p><strong>ARvorismo:<\/strong> A floresta do Jotalh\u00e3o \u00e9 um labirinto de \u00e1rvores verdinhas, no qual se perder e se achar faz parte de uma brincadeira saud\u00e1vel. S\u00f3 n\u00e3o vale marcar o caminho!<\/p>\n<p><strong>No AR:<\/strong> Um pula-pula em formato de n\u00favens, faz a crian\u00e7a se sentir no c\u00e9u, na companhia das estrelas, assim como o Anjinho mais famoso do gibi.<\/p>\n<p><strong>MARte:<\/strong> A nave do Astronauta pousou em Marte, planeta com solo cheio de crateras e habitado por engra\u00e7ados seres literalmente cabe\u00e7as de vento, que est\u00e3o plantados bem no meio do caminho. Tudo para dificultar a circula\u00e7\u00e3o e dar mais emo\u00e7\u00e3o \u00e0 brincadeira.<\/p>\n<p>Crian\u00e7as de at\u00e9 12 anos de idade ou estatura de at\u00e9 1,40m podem brincar livremente no SuperAR, mas os pequeninos menores de 4 anos precisam estar acompanhados de um respons\u00e1vel legal maior de idade. O parque fica aberto ao p\u00fablico de segunda a sexta, das 10h \u00e0s 22h; e, aos s\u00e1bados e domingos, das 12h \u00e0s 20h<\/p>\n<p><strong>Servi\u00e7o<\/strong><\/p>\n<p>O que: SuperAR \u2013 Parque tem\u00e1tico da Turma da M\u00f4nica<\/p>\n<p>Quando: Desde 2 de mar\u00e7o, sexta-feira<\/p>\n<p>Hor\u00e1rios: Seg-sex: 10h \u00e0s 22h \/ S\u00e1b-dom: 12h \u00e0s 20h<\/p>\n<p>Onde: Pra\u00e7a de Eventos do Rio Anil Shopping \u2013 Av. S\u00e3o Lu\u00eds Rei de Fran\u00e7a, Turu<\/p>\n<p>Ingressos: R$ 20,00 para perman\u00eancia de at\u00e9 15 minutos, e R$ 1,00 por minuto adicional<\/p>\n","protected":false},"excerpt":{"rendered":"<p>Comunicadores e influenciadores digitais de S\u00e3o Lu\u00eds participaram, no \u00faltimo domingo (04), de uma manh\u00e3 muito divertida no Rio Anil [&hellip;]<\/p>\n","protected":false},"author":0,"featured_media":0,"comment_status":"open","ping_status":"open","sticky":false,"template":"","format":"standard","meta":{"site-sidebar-layout":"default","site-content-layout":"","ast-site-content-layout":"default","site-content-style":"default","site-sidebar-style":"default","ast-global-header-display":"","ast-banner-title-visibility":"","ast-main-header-display":"","ast-hfb-above-header-display":"","ast-hfb-below-header-display":"","ast-hfb-mobile-header-display":"","site-post-title":"","ast-breadcrumbs-content":"","ast-featured-img":"","footer-sml-layout":"","ast-disable-related-posts":"","theme-transparent-header-meta":"","adv-header-id-meta":"","stick-header-meta":"","header-above-stick-meta":"","header-main-stick-meta":"","header-below-stick-meta":"","astra-migrate-meta-layouts":"default","ast-page-background-enabled":"default","ast-page-background-meta":{"desktop":{"background-color":"var(--ast-global-color-5)","background-image":"","background-repeat":"repeat","background-position":"center center","background-size":"auto","background-attachment":"scroll","background-type":"","background-media":"","overlay-type":"","overlay-color":"","overlay-opacity":"","overlay-gradient":""},"tablet":{"background-color":"","background-image":"","background-repeat":"repeat","background-position":"center center","background-size":"auto","background-attachment":"scroll","background-type":"","background-media":"","overlay-type":"","overlay-color":"","overlay-opacity":"","overlay-gradient":""},"mobile":{"background-color":"","background-image":"","background-repeat":"repeat","background-position":"center center","background-size":"auto","background-attachment":"scroll","background-type":"","background-media":"","overlay-type":"","overlay-color":"","overlay-opacity":"","overlay-gradient":""}},"ast-content-background-meta":{"desktop":{"background-color":"var(--ast-global-color-4)","background-image":"","background-repeat":"repeat","background-position":"center center","background-size":"auto","background-attachment":"scroll","background-type":"","background-media":"","overlay-type":"","overlay-color":"","overlay-opacity":"","overlay-gradient":""},"tablet":{"background-color":"var(--ast-global-color-4)","background-image":"","background-repeat":"repeat","background-position":"center center","background-size":"auto","background-attachment":"scroll","background-type":"","background-media":"","overlay-type":"","overlay-color":"","overlay-opacity":"","overlay-gradient":""},"mobile":{"background-color":"var(--ast-global-color-4)","background-image":"","background-repeat":"repeat","background-position":"center center","background-size":"auto","background-attachment":"scroll","background-type":"","background-media":"","overlay-type":"","overlay-color":"","overlay-opacity":"","overlay-gradient":""}},"footnotes":""},"categories":[1],"tags":[],"class_list":["post-49122","post","type-post","status-publish","format-standard","hentry","category-sem-categoria"],"yoast_head":"<!-- This site is optimized with the Yoast SEO plugin v26.6 - https:\/\/yoast.com\/wordpress\/plugins\/seo\/ -->\n<title>Imprensa prestigia inaugura\u00e7\u00e3o do Parque Tem\u00e1tico da Turma da M\u00f4nica no Rio Anil Shopping - Daniel Matos<\/title>\n<meta name=\"robots\" content=\"index, follow, max-snippet:-1, max-image-preview:large, max-video-preview:-1\" \/>\n<link rel=\"canonical\" href=\"https:\/\/www.blogsoestado.com\/danielmatos\/imprensa-prestigia-inauguracao-do-parque-tematico-da-turma-da-monica-no-rio-anil-shopping\/\" \/>\n<meta property=\"og:locale\" content=\"pt_BR\" \/>\n<meta property=\"og:type\" content=\"article\" \/>\n<meta property=\"og:title\" content=\"Imprensa prestigia inaugura\u00e7\u00e3o do Parque Tem\u00e1tico da Turma da M\u00f4nica no Rio Anil Shopping - Daniel Matos\" \/>\n<meta property=\"og:description\" content=\"Comunicadores e influenciadores digitais de S\u00e3o Lu\u00eds participaram, no \u00faltimo domingo (04), de uma manh\u00e3 muito divertida no Rio Anil [&hellip;]\" \/>\n<meta property=\"og:url\" content=\"https:\/\/www.blogsoestado.com\/danielmatos\/imprensa-prestigia-inauguracao-do-parque-tematico-da-turma-da-monica-no-rio-anil-shopping\/\" \/>\n<meta property=\"og:site_name\" content=\"Daniel Matos\" \/>\n<meta property=\"article:published_time\" content=\"2018-03-05T13:15:25+00:00\" \/>\n<meta property=\"og:image\" content=\"https:\/\/www.blogsoestado.com\/danielmatos\/files\/2018\/03\/monica-rio-anil3.jpg\" \/>\n<meta name=\"twitter:card\" content=\"summary_large_image\" \/>\n<meta name=\"twitter:label1\" content=\"Est. tempo de leitura\" \/>\n\t<meta name=\"twitter:data1\" content=\"3 minutos\" \/>\n<script type=\"application\/ld+json\" class=\"yoast-schema-graph\">{\"@context\":\"https:\/\/schema.org\",\"@graph\":[{\"@type\":\"WebPage\",\"@id\":\"https:\/\/www.blogsoestado.com\/danielmatos\/imprensa-prestigia-inauguracao-do-parque-tematico-da-turma-da-monica-no-rio-anil-shopping\/\",\"url\":\"https:\/\/www.blogsoestado.com\/danielmatos\/imprensa-prestigia-inauguracao-do-parque-tematico-da-turma-da-monica-no-rio-anil-shopping\/\",\"name\":\"Imprensa prestigia inaugura\u00e7\u00e3o do Parque Tem\u00e1tico da Turma da M\u00f4nica no Rio Anil Shopping - Daniel Matos\",\"isPartOf\":{\"@id\":\"https:\/\/www.blogsoestado.com\/danielmatos\/#website\"},\"primaryImageOfPage\":{\"@id\":\"https:\/\/www.blogsoestado.com\/danielmatos\/imprensa-prestigia-inauguracao-do-parque-tematico-da-turma-da-monica-no-rio-anil-shopping\/#primaryimage\"},\"image\":{\"@id\":\"https:\/\/www.blogsoestado.com\/danielmatos\/imprensa-prestigia-inauguracao-do-parque-tematico-da-turma-da-monica-no-rio-anil-shopping\/#primaryimage\"},\"thumbnailUrl\":\"https:\/\/www.blogsoestado.com\/danielmatos\/files\/2018\/03\/monica-rio-anil3.jpg\",\"datePublished\":\"2018-03-05T13:15:25+00:00\",\"author\":{\"@id\":\"\"},\"breadcrumb\":{\"@id\":\"https:\/\/www.blogsoestado.com\/danielmatos\/imprensa-prestigia-inauguracao-do-parque-tematico-da-turma-da-monica-no-rio-anil-shopping\/#breadcrumb\"},\"inLanguage\":\"pt-BR\",\"potentialAction\":[{\"@type\":\"ReadAction\",\"target\":[\"https:\/\/www.blogsoestado.com\/danielmatos\/imprensa-prestigia-inauguracao-do-parque-tematico-da-turma-da-monica-no-rio-anil-shopping\/\"]}]},{\"@type\":\"ImageObject\",\"inLanguage\":\"pt-BR\",\"@id\":\"https:\/\/www.blogsoestado.com\/danielmatos\/imprensa-prestigia-inauguracao-do-parque-tematico-da-turma-da-monica-no-rio-anil-shopping\/#primaryimage\",\"url\":\"https:\/\/www.blogsoestado.com\/danielmatos\/files\/2018\/03\/monica-rio-anil3.jpg\",\"contentUrl\":\"https:\/\/www.blogsoestado.com\/danielmatos\/files\/2018\/03\/monica-rio-anil3.jpg\"},{\"@type\":\"BreadcrumbList\",\"@id\":\"https:\/\/www.blogsoestado.com\/danielmatos\/imprensa-prestigia-inauguracao-do-parque-tematico-da-turma-da-monica-no-rio-anil-shopping\/#breadcrumb\",\"itemListElement\":[{\"@type\":\"ListItem\",\"position\":1,\"name\":\"In\u00edcio\",\"item\":\"https:\/\/www.blogsoestado.com\/danielmatos\/\"},{\"@type\":\"ListItem\",\"position\":2,\"name\":\"Imprensa prestigia inaugura\u00e7\u00e3o do Parque Tem\u00e1tico da Turma da M\u00f4nica no Rio Anil Shopping\"}]},{\"@type\":\"WebSite\",\"@id\":\"https:\/\/www.blogsoestado.com\/danielmatos\/#website\",\"url\":\"https:\/\/www.blogsoestado.com\/danielmatos\/\",\"name\":\"Daniel Matos\",\"description\":\"\",\"potentialAction\":[{\"@type\":\"SearchAction\",\"target\":{\"@type\":\"EntryPoint\",\"urlTemplate\":\"https:\/\/www.blogsoestado.com\/danielmatos\/?s={search_term_string}\"},\"query-input\":{\"@type\":\"PropertyValueSpecification\",\"valueRequired\":true,\"valueName\":\"search_term_string\"}}],\"inLanguage\":\"pt-BR\"}]}<\/script>\n<!-- \/ Yoast SEO plugin. -->","yoast_head_json":{"title":"Imprensa prestigia inaugura\u00e7\u00e3o do Parque Tem\u00e1tico da Turma da M\u00f4nica no Rio Anil Shopping - Daniel Matos","robots":{"index":"index","follow":"follow","max-snippet":"max-snippet:-1","max-image-preview":"max-image-preview:large","max-video-preview":"max-video-preview:-1"},"canonical":"https:\/\/www.blogsoestado.com\/danielmatos\/imprensa-prestigia-inauguracao-do-parque-tematico-da-turma-da-monica-no-rio-anil-shopping\/","og_locale":"pt_BR","og_type":"article","og_title":"Imprensa prestigia inaugura\u00e7\u00e3o do Parque Tem\u00e1tico da Turma da M\u00f4nica no Rio Anil Shopping - Daniel Matos","og_description":"Comunicadores e influenciadores digitais de S\u00e3o Lu\u00eds participaram, no \u00faltimo domingo (04), de uma manh\u00e3 muito divertida no Rio Anil [&hellip;]","og_url":"https:\/\/www.blogsoestado.com\/danielmatos\/imprensa-prestigia-inauguracao-do-parque-tematico-da-turma-da-monica-no-rio-anil-shopping\/","og_site_name":"Daniel Matos","article_published_time":"2018-03-05T13:15:25+00:00","og_image":[{"url":"https:\/\/www.blogsoestado.com\/danielmatos\/files\/2018\/03\/monica-rio-anil3.jpg","type":"","width":"","height":""}],"twitter_card":"summary_large_image","twitter_misc":{"Est. tempo de leitura":"3 minutos"},"schema":{"@context":"https:\/\/schema.org","@graph":[{"@type":"WebPage","@id":"https:\/\/www.blogsoestado.com\/danielmatos\/imprensa-prestigia-inauguracao-do-parque-tematico-da-turma-da-monica-no-rio-anil-shopping\/","url":"https:\/\/www.blogsoestado.com\/danielmatos\/imprensa-prestigia-inauguracao-do-parque-tematico-da-turma-da-monica-no-rio-anil-shopping\/","name":"Imprensa prestigia inaugura\u00e7\u00e3o do Parque Tem\u00e1tico da Turma da M\u00f4nica no Rio Anil Shopping - Daniel Matos","isPartOf":{"@id":"https:\/\/www.blogsoestado.com\/danielmatos\/#website"},"primaryImageOfPage":{"@id":"https:\/\/www.blogsoestado.com\/danielmatos\/imprensa-prestigia-inauguracao-do-parque-tematico-da-turma-da-monica-no-rio-anil-shopping\/#primaryimage"},"image":{"@id":"https:\/\/www.blogsoestado.com\/danielmatos\/imprensa-prestigia-inauguracao-do-parque-tematico-da-turma-da-monica-no-rio-anil-shopping\/#primaryimage"},"thumbnailUrl":"https:\/\/www.blogsoestado.com\/danielmatos\/files\/2018\/03\/monica-rio-anil3.jpg","datePublished":"2018-03-05T13:15:25+00:00","author":{"@id":""},"breadcrumb":{"@id":"https:\/\/www.blogsoestado.com\/danielmatos\/imprensa-prestigia-inauguracao-do-parque-tematico-da-turma-da-monica-no-rio-anil-shopping\/#breadcrumb"},"inLanguage":"pt-BR","potentialAction":[{"@type":"ReadAction","target":["https:\/\/www.blogsoestado.com\/danielmatos\/imprensa-prestigia-inauguracao-do-parque-tematico-da-turma-da-monica-no-rio-anil-shopping\/"]}]},{"@type":"ImageObject","inLanguage":"pt-BR","@id":"https:\/\/www.blogsoestado.com\/danielmatos\/imprensa-prestigia-inauguracao-do-parque-tematico-da-turma-da-monica-no-rio-anil-shopping\/#primaryimage","url":"https:\/\/www.blogsoestado.com\/danielmatos\/files\/2018\/03\/monica-rio-anil3.jpg","contentUrl":"https:\/\/www.blogsoestado.com\/danielmatos\/files\/2018\/03\/monica-rio-anil3.jpg"},{"@type":"BreadcrumbList","@id":"https:\/\/www.blogsoestado.com\/danielmatos\/imprensa-prestigia-inauguracao-do-parque-tematico-da-turma-da-monica-no-rio-anil-shopping\/#breadcrumb","itemListElement":[{"@type":"ListItem","position":1,"name":"In\u00edcio","item":"https:\/\/www.blogsoestado.com\/danielmatos\/"},{"@type":"ListItem","position":2,"name":"Imprensa prestigia inaugura\u00e7\u00e3o do Parque Tem\u00e1tico da Turma da M\u00f4nica no Rio Anil Shopping"}]},{"@type":"WebSite","@id":"https:\/\/www.blogsoestado.com\/danielmatos\/#website","url":"https:\/\/www.blogsoestado.com\/danielmatos\/","name":"Daniel Matos","description":"","potentialAction":[{"@type":"SearchAction","target":{"@type":"EntryPoint","urlTemplate":"https:\/\/www.blogsoestado.com\/danielmatos\/?s={search_term_string}"},"query-input":{"@type":"PropertyValueSpecification","valueRequired":true,"valueName":"search_term_string"}}],"inLanguage":"pt-BR"}]}},"jetpack_featured_media_url":"","_links":{"self":[{"href":"https:\/\/www.blogsoestado.com\/danielmatos\/wp-json\/wp\/v2\/posts\/49122","targetHints":{"allow":["GET"]}}],"collection":[{"href":"https:\/\/www.blogsoestado.com\/danielmatos\/wp-json\/wp\/v2\/posts"}],"about":[{"href":"https:\/\/www.blogsoestado.com\/danielmatos\/wp-json\/wp\/v2\/types\/post"}],"replies":[{"embeddable":true,"href":"https:\/\/www.blogsoestado.com\/danielmatos\/wp-json\/wp\/v2\/comments?post=49122"}],"version-history":[{"count":0,"href":"https:\/\/www.blogsoestado.com\/danielmatos\/wp-json\/wp\/v2\/posts\/49122\/revisions"}],"wp:attachment":[{"href":"https:\/\/www.blogsoestado.com\/danielmatos\/wp-json\/wp\/v2\/media?parent=49122"}],"wp:term":[{"taxonomy":"category","embeddable":true,"href":"https:\/\/www.blogsoestado.com\/danielmatos\/wp-json\/wp\/v2\/categories?post=49122"},{"taxonomy":"post_tag","embeddable":true,"href":"https:\/\/www.blogsoestado.com\/danielmatos\/wp-json\/wp\/v2\/tags?post=49122"}],"curies":[{"name":"wp","href":"https:\/\/api.w.org\/{rel}","templated":true}]}}