{"id":49131,"date":"2018-03-05T10:41:29","date_gmt":"2018-03-05T13:41:29","guid":{"rendered":"https:\/\/www.blogsoestado.com\/danielmatos\/?p=49131"},"modified":"2018-03-05T10:41:29","modified_gmt":"2018-03-05T13:41:29","slug":"partido-verde-debate-estrategias-para-as-eleicoes-2018","status":"publish","type":"post","link":"https:\/\/www.blogsoestado.com\/danielmatos\/partido-verde-debate-estrategias-para-as-eleicoes-2018\/","title":{"rendered":"Partido Verde debate estrat\u00e9gias para as elei\u00e7\u00f5es 2018"},"content":{"rendered":"<figure id=\"attachment_49132\" aria-describedby=\"caption-attachment-49132\" style=\"width: 640px\" class=\"wp-caption aligncenter\"><img fetchpriority=\"high\" decoding=\"async\" class=\"size-full wp-image-49132\" src=\"https:\/\/www.blogsoestado.com\/danielmatos\/files\/2018\/03\/pv-pleito.jpg\" alt=\"\" width=\"640\" height=\"414\" \/><figcaption id=\"caption-attachment-49132\" class=\"wp-caption-text\">Adriano destacou esfor\u00e7o e dedica\u00e7\u00e3o do PV e di\u00e1logo com lideran\u00e7as para disputa das pr\u00f3ximas elei\u00e7\u00f5es<\/figcaption><\/figure>\n<p>A c\u00fapula maranhense do Partido Verde se reuniu na \u00faltima sexta-feira (2), em S\u00e3o Lu\u00eds, para debater as estrat\u00e9gias da legenda para as elei\u00e7\u00f5es deste ano. O encontro foi coordenado pelo deputado estadual Adriano Sarney, presidente do diret\u00f3rio estadual do PV-MA e contou com a participa\u00e7\u00e3o de Jovino C\u00e2ndido e Alu\u00edzio Paredes, membros do diret\u00f3rio nacional do PV, Beto das Vilas, vereador e presidente da C\u00e2mara Municipal de S\u00e3o Jos\u00e9 de Ribamar, al\u00e9m de dirigentes estaduais e representantes do Juventude Verde.<\/p>\n<p>\u201cO PV tem se fortalecido no estado e nosso objetivo \u00e9 continuar crescendo. Essa elei\u00e7\u00e3o vai ser uma elei\u00e7\u00e3o de ouvir muito e o nosso partido prima por ouvir as pessoas em suas demandas. Vamos dialogar com os nossos filiados de todo o Maranh\u00e3o para que o resultado em 2018 seja t\u00e3o bom quanto o das \u00faltimas elei\u00e7\u00f5es\u201d, destacou o presidente estadual da legenda, Adriano Sarney.<\/p>\n<p>Durante o encontro foi discutido tamb\u00e9m o processo de filia\u00e7\u00f5es em todo o estado. \u201cO processo eleitoral \u00e9 algo que exige grande dedica\u00e7\u00e3o e esfor\u00e7o. Estamos conversando com diversas lideran\u00e7as que est\u00e3o interessados em integrar a legenda para que juntos possamos trabalhar em prol dos maranhenses\u201d, disse Adriano.<\/p>\n","protected":false},"excerpt":{"rendered":"<p>A c\u00fapula maranhense do Partido Verde se reuniu na \u00faltima sexta-feira (2), em S\u00e3o Lu\u00eds, para debater as estrat\u00e9gias da [&hellip;]<\/p>\n","protected":false},"author":0,"featured_media":0,"comment_status":"open","ping_status":"open","sticky":false,"template":"","format":"standard","meta":{"site-sidebar-layout":"default","site-content-layout":"","ast-site-content-layout":"default","site-content-style":"default","site-sidebar-style":"default","ast-global-header-display":"","ast-banner-title-visibility":"","ast-main-header-display":"","ast-hfb-above-header-display":"","ast-hfb-below-header-display":"","ast-hfb-mobile-header-display":"","site-post-title":"","ast-breadcrumbs-content":"","ast-featured-img":"","footer-sml-layout":"","ast-disable-related-posts":"","theme-transparent-header-meta":"","adv-header-id-meta":"","stick-header-meta":"","header-above-stick-meta":"","header-main-stick-meta":"","header-below-stick-meta":"","astra-migrate-meta-layouts":"default","ast-page-background-enabled":"default","ast-page-background-meta":{"desktop":{"background-color":"var(--ast-global-color-5)","background-image":"","background-repeat":"repeat","background-position":"center center","background-size":"auto","background-attachment":"scroll","background-type":"","background-media":"","overlay-type":"","overlay-color":"","overlay-opacity":"","overlay-gradient":""},"tablet":{"background-color":"","background-image":"","background-repeat":"repeat","background-position":"center center","background-size":"auto","background-attachment":"scroll","background-type":"","background-media":"","overlay-type":"","overlay-color":"","overlay-opacity":"","overlay-gradient":""},"mobile":{"background-color":"","background-image":"","background-repeat":"repeat","background-position":"center center","background-size":"auto","background-attachment":"scroll","background-type":"","background-media":"","overlay-type":"","overlay-color":"","overlay-opacity":"","overlay-gradient":""}},"ast-content-background-meta":{"desktop":{"background-color":"var(--ast-global-color-4)","background-image":"","background-repeat":"repeat","background-position":"center center","background-size":"auto","background-attachment":"scroll","background-type":"","background-media":"","overlay-type":"","overlay-color":"","overlay-opacity":"","overlay-gradient":""},"tablet":{"background-color":"var(--ast-global-color-4)","background-image":"","background-repeat":"repeat","background-position":"center center","background-size":"auto","background-attachment":"scroll","background-type":"","background-media":"","overlay-type":"","overlay-color":"","overlay-opacity":"","overlay-gradient":""},"mobile":{"background-color":"var(--ast-global-color-4)","background-image":"","background-repeat":"repeat","background-position":"center center","background-size":"auto","background-attachment":"scroll","background-type":"","background-media":"","overlay-type":"","overlay-color":"","overlay-opacity":"","overlay-gradient":""}},"footnotes":""},"categories":[1],"tags":[],"class_list":["post-49131","post","type-post","status-publish","format-standard","hentry","category-sem-categoria"],"yoast_head":"<!-- This site is optimized with the Yoast SEO plugin v26.6 - https:\/\/yoast.com\/wordpress\/plugins\/seo\/ -->\n<title>Partido Verde debate estrat\u00e9gias para as elei\u00e7\u00f5es 2018 - Daniel Matos<\/title>\n<meta name=\"robots\" content=\"index, follow, max-snippet:-1, max-image-preview:large, max-video-preview:-1\" \/>\n<link rel=\"canonical\" href=\"https:\/\/www.blogsoestado.com\/danielmatos\/partido-verde-debate-estrategias-para-as-eleicoes-2018\/\" \/>\n<meta property=\"og:locale\" content=\"pt_BR\" \/>\n<meta property=\"og:type\" content=\"article\" \/>\n<meta property=\"og:title\" content=\"Partido Verde debate estrat\u00e9gias para as elei\u00e7\u00f5es 2018 - Daniel Matos\" \/>\n<meta property=\"og:description\" content=\"A c\u00fapula maranhense do Partido Verde se reuniu na \u00faltima sexta-feira (2), em S\u00e3o Lu\u00eds, para debater as estrat\u00e9gias da [&hellip;]\" \/>\n<meta property=\"og:url\" content=\"https:\/\/www.blogsoestado.com\/danielmatos\/partido-verde-debate-estrategias-para-as-eleicoes-2018\/\" \/>\n<meta property=\"og:site_name\" content=\"Daniel Matos\" \/>\n<meta property=\"article:published_time\" content=\"2018-03-05T13:41:29+00:00\" \/>\n<meta property=\"og:image\" content=\"https:\/\/www.blogsoestado.com\/danielmatos\/files\/2018\/03\/pv-pleito.jpg\" \/>\n<meta name=\"twitter:card\" content=\"summary_large_image\" \/>\n<meta name=\"twitter:label1\" content=\"Est. tempo de leitura\" \/>\n\t<meta name=\"twitter:data1\" content=\"1 minuto\" \/>\n<script type=\"application\/ld+json\" class=\"yoast-schema-graph\">{\"@context\":\"https:\/\/schema.org\",\"@graph\":[{\"@type\":\"WebPage\",\"@id\":\"https:\/\/www.blogsoestado.com\/danielmatos\/partido-verde-debate-estrategias-para-as-eleicoes-2018\/\",\"url\":\"https:\/\/www.blogsoestado.com\/danielmatos\/partido-verde-debate-estrategias-para-as-eleicoes-2018\/\",\"name\":\"Partido Verde debate estrat\u00e9gias para as elei\u00e7\u00f5es 2018 - Daniel Matos\",\"isPartOf\":{\"@id\":\"https:\/\/www.blogsoestado.com\/danielmatos\/#website\"},\"primaryImageOfPage\":{\"@id\":\"https:\/\/www.blogsoestado.com\/danielmatos\/partido-verde-debate-estrategias-para-as-eleicoes-2018\/#primaryimage\"},\"image\":{\"@id\":\"https:\/\/www.blogsoestado.com\/danielmatos\/partido-verde-debate-estrategias-para-as-eleicoes-2018\/#primaryimage\"},\"thumbnailUrl\":\"https:\/\/www.blogsoestado.com\/danielmatos\/files\/2018\/03\/pv-pleito.jpg\",\"datePublished\":\"2018-03-05T13:41:29+00:00\",\"author\":{\"@id\":\"\"},\"breadcrumb\":{\"@id\":\"https:\/\/www.blogsoestado.com\/danielmatos\/partido-verde-debate-estrategias-para-as-eleicoes-2018\/#breadcrumb\"},\"inLanguage\":\"pt-BR\",\"potentialAction\":[{\"@type\":\"ReadAction\",\"target\":[\"https:\/\/www.blogsoestado.com\/danielmatos\/partido-verde-debate-estrategias-para-as-eleicoes-2018\/\"]}]},{\"@type\":\"ImageObject\",\"inLanguage\":\"pt-BR\",\"@id\":\"https:\/\/www.blogsoestado.com\/danielmatos\/partido-verde-debate-estrategias-para-as-eleicoes-2018\/#primaryimage\",\"url\":\"https:\/\/www.blogsoestado.com\/danielmatos\/files\/2018\/03\/pv-pleito.jpg\",\"contentUrl\":\"https:\/\/www.blogsoestado.com\/danielmatos\/files\/2018\/03\/pv-pleito.jpg\"},{\"@type\":\"BreadcrumbList\",\"@id\":\"https:\/\/www.blogsoestado.com\/danielmatos\/partido-verde-debate-estrategias-para-as-eleicoes-2018\/#breadcrumb\",\"itemListElement\":[{\"@type\":\"ListItem\",\"position\":1,\"name\":\"In\u00edcio\",\"item\":\"https:\/\/www.blogsoestado.com\/danielmatos\/\"},{\"@type\":\"ListItem\",\"position\":2,\"name\":\"Partido Verde debate estrat\u00e9gias para as elei\u00e7\u00f5es 2018\"}]},{\"@type\":\"WebSite\",\"@id\":\"https:\/\/www.blogsoestado.com\/danielmatos\/#website\",\"url\":\"https:\/\/www.blogsoestado.com\/danielmatos\/\",\"name\":\"Daniel Matos\",\"description\":\"\",\"potentialAction\":[{\"@type\":\"SearchAction\",\"target\":{\"@type\":\"EntryPoint\",\"urlTemplate\":\"https:\/\/www.blogsoestado.com\/danielmatos\/?s={search_term_string}\"},\"query-input\":{\"@type\":\"PropertyValueSpecification\",\"valueRequired\":true,\"valueName\":\"search_term_string\"}}],\"inLanguage\":\"pt-BR\"}]}<\/script>\n<!-- \/ Yoast SEO plugin. -->","yoast_head_json":{"title":"Partido Verde debate estrat\u00e9gias para as elei\u00e7\u00f5es 2018 - Daniel Matos","robots":{"index":"index","follow":"follow","max-snippet":"max-snippet:-1","max-image-preview":"max-image-preview:large","max-video-preview":"max-video-preview:-1"},"canonical":"https:\/\/www.blogsoestado.com\/danielmatos\/partido-verde-debate-estrategias-para-as-eleicoes-2018\/","og_locale":"pt_BR","og_type":"article","og_title":"Partido Verde debate estrat\u00e9gias para as elei\u00e7\u00f5es 2018 - Daniel Matos","og_description":"A c\u00fapula maranhense do Partido Verde se reuniu na \u00faltima sexta-feira (2), em S\u00e3o Lu\u00eds, para debater as estrat\u00e9gias da [&hellip;]","og_url":"https:\/\/www.blogsoestado.com\/danielmatos\/partido-verde-debate-estrategias-para-as-eleicoes-2018\/","og_site_name":"Daniel Matos","article_published_time":"2018-03-05T13:41:29+00:00","og_image":[{"url":"https:\/\/www.blogsoestado.com\/danielmatos\/files\/2018\/03\/pv-pleito.jpg","type":"","width":"","height":""}],"twitter_card":"summary_large_image","twitter_misc":{"Est. tempo de leitura":"1 minuto"},"schema":{"@context":"https:\/\/schema.org","@graph":[{"@type":"WebPage","@id":"https:\/\/www.blogsoestado.com\/danielmatos\/partido-verde-debate-estrategias-para-as-eleicoes-2018\/","url":"https:\/\/www.blogsoestado.com\/danielmatos\/partido-verde-debate-estrategias-para-as-eleicoes-2018\/","name":"Partido Verde debate estrat\u00e9gias para as elei\u00e7\u00f5es 2018 - Daniel Matos","isPartOf":{"@id":"https:\/\/www.blogsoestado.com\/danielmatos\/#website"},"primaryImageOfPage":{"@id":"https:\/\/www.blogsoestado.com\/danielmatos\/partido-verde-debate-estrategias-para-as-eleicoes-2018\/#primaryimage"},"image":{"@id":"https:\/\/www.blogsoestado.com\/danielmatos\/partido-verde-debate-estrategias-para-as-eleicoes-2018\/#primaryimage"},"thumbnailUrl":"https:\/\/www.blogsoestado.com\/danielmatos\/files\/2018\/03\/pv-pleito.jpg","datePublished":"2018-03-05T13:41:29+00:00","author":{"@id":""},"breadcrumb":{"@id":"https:\/\/www.blogsoestado.com\/danielmatos\/partido-verde-debate-estrategias-para-as-eleicoes-2018\/#breadcrumb"},"inLanguage":"pt-BR","potentialAction":[{"@type":"ReadAction","target":["https:\/\/www.blogsoestado.com\/danielmatos\/partido-verde-debate-estrategias-para-as-eleicoes-2018\/"]}]},{"@type":"ImageObject","inLanguage":"pt-BR","@id":"https:\/\/www.blogsoestado.com\/danielmatos\/partido-verde-debate-estrategias-para-as-eleicoes-2018\/#primaryimage","url":"https:\/\/www.blogsoestado.com\/danielmatos\/files\/2018\/03\/pv-pleito.jpg","contentUrl":"https:\/\/www.blogsoestado.com\/danielmatos\/files\/2018\/03\/pv-pleito.jpg"},{"@type":"BreadcrumbList","@id":"https:\/\/www.blogsoestado.com\/danielmatos\/partido-verde-debate-estrategias-para-as-eleicoes-2018\/#breadcrumb","itemListElement":[{"@type":"ListItem","position":1,"name":"In\u00edcio","item":"https:\/\/www.blogsoestado.com\/danielmatos\/"},{"@type":"ListItem","position":2,"name":"Partido Verde debate estrat\u00e9gias para as elei\u00e7\u00f5es 2018"}]},{"@type":"WebSite","@id":"https:\/\/www.blogsoestado.com\/danielmatos\/#website","url":"https:\/\/www.blogsoestado.com\/danielmatos\/","name":"Daniel Matos","description":"","potentialAction":[{"@type":"SearchAction","target":{"@type":"EntryPoint","urlTemplate":"https:\/\/www.blogsoestado.com\/danielmatos\/?s={search_term_string}"},"query-input":{"@type":"PropertyValueSpecification","valueRequired":true,"valueName":"search_term_string"}}],"inLanguage":"pt-BR"}]}},"jetpack_featured_media_url":"","_links":{"self":[{"href":"https:\/\/www.blogsoestado.com\/danielmatos\/wp-json\/wp\/v2\/posts\/49131","targetHints":{"allow":["GET"]}}],"collection":[{"href":"https:\/\/www.blogsoestado.com\/danielmatos\/wp-json\/wp\/v2\/posts"}],"about":[{"href":"https:\/\/www.blogsoestado.com\/danielmatos\/wp-json\/wp\/v2\/types\/post"}],"replies":[{"embeddable":true,"href":"https:\/\/www.blogsoestado.com\/danielmatos\/wp-json\/wp\/v2\/comments?post=49131"}],"version-history":[{"count":0,"href":"https:\/\/www.blogsoestado.com\/danielmatos\/wp-json\/wp\/v2\/posts\/49131\/revisions"}],"wp:attachment":[{"href":"https:\/\/www.blogsoestado.com\/danielmatos\/wp-json\/wp\/v2\/media?parent=49131"}],"wp:term":[{"taxonomy":"category","embeddable":true,"href":"https:\/\/www.blogsoestado.com\/danielmatos\/wp-json\/wp\/v2\/categories?post=49131"},{"taxonomy":"post_tag","embeddable":true,"href":"https:\/\/www.blogsoestado.com\/danielmatos\/wp-json\/wp\/v2\/tags?post=49131"}],"curies":[{"name":"wp","href":"https:\/\/api.w.org\/{rel}","templated":true}]}}