{"id":49134,"date":"2018-03-05T11:00:41","date_gmt":"2018-03-05T14:00:41","guid":{"rendered":"https:\/\/www.blogsoestado.com\/danielmatos\/?p=49134"},"modified":"2018-03-05T11:00:41","modified_gmt":"2018-03-05T14:00:41","slug":"evasao-inimiga-da-educacao","status":"publish","type":"post","link":"https:\/\/www.blogsoestado.com\/danielmatos\/evasao-inimiga-da-educacao\/","title":{"rendered":"Evas\u00e3o, inimiga da educa\u00e7\u00e3o"},"content":{"rendered":"<p class=\"m_5940896447035627377x_s12\"><strong><span class=\"m_5940896447035627377x_s13\"><span class=\"m_5940896447035627377x_bumpedFont15\">N<\/span><\/span><span class=\"m_5940896447035627377x_s13\"><span class=\"m_5940896447035627377x_bumpedFont15\">atalino Salgado Filho*<\/span><\/span><\/strong><\/p>\n<figure id=\"attachment_47068\" aria-describedby=\"caption-attachment-47068\" style=\"width: 448px\" class=\"wp-caption alignleft\"><img fetchpriority=\"high\" decoding=\"async\" class=\"size-full wp-image-47068\" src=\"https:\/\/www.blogsoestado.com\/danielmatos\/files\/2017\/12\/natalino-baixada.jpg\" alt=\"\" width=\"448\" height=\"298\" \/><figcaption id=\"caption-attachment-47068\" class=\"wp-caption-text\">Natalino Salgado aponta preju\u00edzo \u00e0 economia nacional causado pela baixa qualidade educacional dos estudantes<\/figcaption><\/figure>\n<p class=\"m_5940896447035627377x_s14\"><span class=\"m_5940896447035627377x_s13\"><span class=\"m_5940896447035627377x_bumpedFont15\">A despeito de grandes avan\u00e7os ocorridos no contexto da educa\u00e7\u00e3o, o acesso \u00e0 Universidade, no Brasil, ainda \u00e9 um dos grandes desafios a serem enfrentados, atrav\u00e9s de pol\u00edticas s\u00e9rias de inclus\u00e3o, combate \u00e0 evas\u00e3o escolar e, fundamentalmente, \u00e0 falta de substancial melhora da qualidade do ensino, cujas estrat\u00e9gias s\u00e3o bem conhecidas por todos os que militam na seara educacional. Ademais, temos muit\u00edssimos modelos bem sucedidos em pa\u00edses similares ao Brasil que podemos adaptar a nossa realidade.<\/span><\/span><\/p>\n<p class=\"m_5940896447035627377x_s14\"><span class=\"m_5940896447035627377x_s13\"><span class=\"m_5940896447035627377x_bumpedFont15\">Reportagem publicada nesta semana, pela vers\u00e3o brasileira do jornal espanhol El Pa\u00eds, a partir de dados\u00a0<\/span><\/span><a id=\"m_5940896447035627377LPlnk12545\" href=\"https:\/\/brasil.elpais.com\/tag\/ocde_organizacion_cooperacion_desarrollo_economico\/a%20\/t%20_blank\" target=\"_blank\" rel=\"noopener\" data-saferedirecturl=\"https:\/\/www.google.com\/url?hl=pt-BR&amp;q=https:\/\/brasil.elpais.com\/tag\/ocde_organizacion_cooperacion_desarrollo_economico\/a%2520\/t%2520_blank&amp;source=gmail&amp;ust=1520344029080000&amp;usg=AFQjCNFYNTckOtUdPRMXXAmbFjswqbWvDA\"><span class=\"m_5940896447035627377x_s15\"><span class=\"m_5940896447035627377x_bumpedFont15\">Organiza\u00e7\u00e3o para a Coopera\u00e7\u00e3o e Desenvolvimento Econ\u00f4mico (OCDE)<\/span><\/span><\/a><span class=\"m_5940896447035627377x_s16\"><span class=\"m_5940896447035627377x_bumpedFont15\">, revelou que o Brasil, na lista de ranking mundial de investimento em educa\u00e7\u00e3o, s\u00f3 fica \u00e0 frente do M\u00e9xico, numa lista de 36 pa\u00edses.<\/span><\/span><\/p>\n<p class=\"m_5940896447035627377x_s14\"><span class=\"m_5940896447035627377x_s16\"><span class=\"m_5940896447035627377x_bumpedFont15\">E, se h\u00e1 um ponto fulcral a ser enfrentando, constata a reportagem, esse passa necessariamente pela reforma do Ensino M\u00e9dio, cujas matr\u00edculas na rede p\u00fablica diminuem ano a ano, com assustadores 60% de evas\u00e3o, j\u00e1 constatados. Este n\u00famero se refere \u00e0 finaliza\u00e7\u00e3o do ensino m\u00e9dio. Dito de outro modo: de dez alunos que iniciam esta etapa de forma\u00e7\u00e3o, apenas 4 a finalizam.<\/span><\/span><\/p>\n<p class=\"m_5940896447035627377x_s14\"><span class=\"m_5940896447035627377x_s16\"><span class=\"m_5940896447035627377x_bumpedFont15\">A quest\u00e3o, no entanto, afirmam alguns especialistas, come\u00e7a na base de tudo: o ensino fundamental. Isto porque o aluno chega ao ensino m\u00e9dio com enormes d\u00e9ficits de conhecimento nas mat\u00e9rias b\u00e1sicas. Logo, o desempenho destes alunos no principal teste mundial, o Programa Internacional de Avalia\u00e7\u00e3o de Estudantes (PISA), revela uma queda constante no ranking, ano a ano, nos itens avaliados: ci\u00eancias, leitura e matem\u00e1tica. Em 2016, dos setenta pa\u00edses avaliados, o Brasil ficou em 63\u00aa lugar, em ci\u00eancias, 59\u00aa, em leitura e na 66\u00aa coloca\u00e7\u00e3o, em matem\u00e1tica.<\/span><\/span><\/p>\n<p class=\"m_5940896447035627377x_s14\"><span class=\"m_5940896447035627377x_s16\"><span class=\"m_5940896447035627377x_bumpedFont15\">Nesta semana, o notici\u00e1rio nacional destacou, com \u00eanfase, algo eu diria assustador. Pesquisa do Banco Mundial, apresentada em relat\u00f3rio sobre educa\u00e7\u00e3o, mostrou que os alunos brasileiros levar\u00e3o \u2013 a n\u00e3o se fazer nada ou pouco, cosmeticamente como se tem feito at\u00e9 aqui \u2013 75 anos para se igualarem em conhecimentos de matem\u00e1tica com os pa\u00edses desenvolvidos e inacredit\u00e1veis 260 anos para se igualar em leitura.<\/span><\/span><\/p>\n<p class=\"m_5940896447035627377x_s14\"><span class=\"m_5940896447035627377x_s16\"><span class=\"m_5940896447035627377x_bumpedFont15\">A evas\u00e3o escolar no ensino m\u00e9dio, por diversas raz\u00f5es, inclusive a entrada no mercado de trabalho subqualificado, chegou a 12,7%, especialmente no primeiro ano. Esta \u00e9 uma m\u00e9dia nacional. As conhecidas diferen\u00e7as regionais mostram estados em que este \u00edndice \u00e9 bem maior. A pesquisa realizada ano passado, tamb\u00e9m indicou que houve discreto decr\u00e9scimo na evas\u00e3o, ainda que, nos anos subsequentes, essa pr\u00e1tica \u00a0continuou.<\/span><\/span><\/p>\n<p class=\"m_5940896447035627377x_s14\"><span class=\"m_5940896447035627377x_s16\"><span class=\"m_5940896447035627377x_bumpedFont15\">A baixa qualidade educacional dos estudantes revela outra consequ\u00eancia profundamente delet\u00e9ria \u00e0 economia nacional que prescinde de pessoas qualificadas. Inclusive, h\u00e1 o estigma da burocracia, o excesso de regulamenta\u00e7\u00e3o fiscal, a inseguran\u00e7a jur\u00eddica para a instala\u00e7\u00e3o de empresas, \u00a0que conseguem atravessar o corredor polon\u00eas de dificuldades, que, tamb\u00e9m, se depara com a baixa qualifica\u00e7\u00e3o da m\u00e3o-de-obra, com a qual o sistema educacional brasileiro contribui para o atraso nacional. Outro reflexo, que institui\u00e7\u00f5es voltadas para a educa\u00e7\u00e3o detectaram, \u00e9 que apenas 17% dos egressos do ensino m\u00e9dio entram na faculdade. Os demais 83% v\u00e3o para o mercado de trabalha de baix\u00edssima remunera\u00e7\u00e3o.<\/span><\/span><\/p>\n<p class=\"m_5940896447035627377x_s14\"><span class=\"m_5940896447035627377x_s16\"><span class=\"m_5940896447035627377x_bumpedFont15\">O atual plano para o ensino m\u00e9dio, que o governo est\u00e1 implementando, tem recebido boa acolhida de grande parte dos especialistas. Seu principal m\u00e9rito, afirmam, \u00e9 tirar o ensino m\u00e9dio do marasmo academicista excludente, e coloc\u00e1-lo num plano mais pr\u00f3ximo do que se vem fazendo em pa\u00edses com melhores resultados. Desconfian\u00e7as precisar\u00e3o ser vencidas pela persist\u00eancia na implementa\u00e7\u00e3o de um processo que precisa vencer longu\u00edssimos anos de estagna\u00e7\u00e3o. O caminho \u00e9 longo, mas precisa ser enfrentado, fortalecendo disciplinas que desenvolva o racioc\u00ednio l\u00f3gico, a reflex\u00e3o, sem excluir disciplinas que interagem o cognitivo e habilidades humanas.<\/span><\/span><\/p>\n<p><strong>*M\u00e9dico, doutor em Nefrologia, ex-reitor da UFMA, membro da ANM, da AML, da AMM, Sobrames e do IHGMA\u00a0<\/strong><\/p>\n","protected":false},"excerpt":{"rendered":"<p>Natalino Salgado Filho* A despeito de grandes avan\u00e7os ocorridos no contexto da educa\u00e7\u00e3o, o acesso \u00e0 Universidade, no Brasil, ainda [&hellip;]<\/p>\n","protected":false},"author":0,"featured_media":0,"comment_status":"open","ping_status":"open","sticky":false,"template":"","format":"standard","meta":{"site-sidebar-layout":"default","site-content-layout":"","ast-site-content-layout":"default","site-content-style":"default","site-sidebar-style":"default","ast-global-header-display":"","ast-banner-title-visibility":"","ast-main-header-display":"","ast-hfb-above-header-display":"","ast-hfb-below-header-display":"","ast-hfb-mobile-header-display":"","site-post-title":"","ast-breadcrumbs-content":"","ast-featured-img":"","footer-sml-layout":"","ast-disable-related-posts":"","theme-transparent-header-meta":"","adv-header-id-meta":"","stick-header-meta":"","header-above-stick-meta":"","header-main-stick-meta":"","header-below-stick-meta":"","astra-migrate-meta-layouts":"default","ast-page-background-enabled":"default","ast-page-background-meta":{"desktop":{"background-color":"var(--ast-global-color-5)","background-image":"","background-repeat":"repeat","background-position":"center center","background-size":"auto","background-attachment":"scroll","background-type":"","background-media":"","overlay-type":"","overlay-color":"","overlay-opacity":"","overlay-gradient":""},"tablet":{"background-color":"","background-image":"","background-repeat":"repeat","background-position":"center center","background-size":"auto","background-attachment":"scroll","background-type":"","background-media":"","overlay-type":"","overlay-color":"","overlay-opacity":"","overlay-gradient":""},"mobile":{"background-color":"","background-image":"","background-repeat":"repeat","background-position":"center center","background-size":"auto","background-attachment":"scroll","background-type":"","background-media":"","overlay-type":"","overlay-color":"","overlay-opacity":"","overlay-gradient":""}},"ast-content-background-meta":{"desktop":{"background-color":"var(--ast-global-color-4)","background-image":"","background-repeat":"repeat","background-position":"center center","background-size":"auto","background-attachment":"scroll","background-type":"","background-media":"","overlay-type":"","overlay-color":"","overlay-opacity":"","overlay-gradient":""},"tablet":{"background-color":"var(--ast-global-color-4)","background-image":"","background-repeat":"repeat","background-position":"center center","background-size":"auto","background-attachment":"scroll","background-type":"","background-media":"","overlay-type":"","overlay-color":"","overlay-opacity":"","overlay-gradient":""},"mobile":{"background-color":"var(--ast-global-color-4)","background-image":"","background-repeat":"repeat","background-position":"center center","background-size":"auto","background-attachment":"scroll","background-type":"","background-media":"","overlay-type":"","overlay-color":"","overlay-opacity":"","overlay-gradient":""}},"footnotes":""},"categories":[1],"tags":[],"class_list":["post-49134","post","type-post","status-publish","format-standard","hentry","category-sem-categoria"],"yoast_head":"<!-- This site is optimized with the Yoast SEO plugin v26.6 - https:\/\/yoast.com\/wordpress\/plugins\/seo\/ -->\n<title>Evas\u00e3o, inimiga da educa\u00e7\u00e3o - Daniel Matos<\/title>\n<meta name=\"robots\" content=\"index, follow, max-snippet:-1, max-image-preview:large, max-video-preview:-1\" \/>\n<link rel=\"canonical\" href=\"https:\/\/www.blogsoestado.com\/danielmatos\/evasao-inimiga-da-educacao\/\" \/>\n<meta property=\"og:locale\" content=\"pt_BR\" \/>\n<meta property=\"og:type\" content=\"article\" \/>\n<meta property=\"og:title\" content=\"Evas\u00e3o, inimiga da educa\u00e7\u00e3o - Daniel Matos\" \/>\n<meta property=\"og:description\" content=\"Natalino Salgado Filho* A despeito de grandes avan\u00e7os ocorridos no contexto da educa\u00e7\u00e3o, o acesso \u00e0 Universidade, no Brasil, ainda [&hellip;]\" \/>\n<meta property=\"og:url\" content=\"https:\/\/www.blogsoestado.com\/danielmatos\/evasao-inimiga-da-educacao\/\" \/>\n<meta property=\"og:site_name\" content=\"Daniel Matos\" \/>\n<meta property=\"article:published_time\" content=\"2018-03-05T14:00:41+00:00\" \/>\n<meta property=\"og:image\" content=\"https:\/\/www.blogsoestado.com\/danielmatos\/files\/2017\/12\/natalino-baixada.jpg\" \/>\n<meta name=\"twitter:card\" content=\"summary_large_image\" \/>\n<meta name=\"twitter:label1\" content=\"Est. tempo de leitura\" \/>\n\t<meta name=\"twitter:data1\" content=\"4 minutos\" \/>\n<script type=\"application\/ld+json\" class=\"yoast-schema-graph\">{\"@context\":\"https:\/\/schema.org\",\"@graph\":[{\"@type\":\"WebPage\",\"@id\":\"https:\/\/www.blogsoestado.com\/danielmatos\/evasao-inimiga-da-educacao\/\",\"url\":\"https:\/\/www.blogsoestado.com\/danielmatos\/evasao-inimiga-da-educacao\/\",\"name\":\"Evas\u00e3o, inimiga da educa\u00e7\u00e3o - Daniel Matos\",\"isPartOf\":{\"@id\":\"https:\/\/www.blogsoestado.com\/danielmatos\/#website\"},\"primaryImageOfPage\":{\"@id\":\"https:\/\/www.blogsoestado.com\/danielmatos\/evasao-inimiga-da-educacao\/#primaryimage\"},\"image\":{\"@id\":\"https:\/\/www.blogsoestado.com\/danielmatos\/evasao-inimiga-da-educacao\/#primaryimage\"},\"thumbnailUrl\":\"https:\/\/www.blogsoestado.com\/danielmatos\/files\/2017\/12\/natalino-baixada.jpg\",\"datePublished\":\"2018-03-05T14:00:41+00:00\",\"author\":{\"@id\":\"\"},\"breadcrumb\":{\"@id\":\"https:\/\/www.blogsoestado.com\/danielmatos\/evasao-inimiga-da-educacao\/#breadcrumb\"},\"inLanguage\":\"pt-BR\",\"potentialAction\":[{\"@type\":\"ReadAction\",\"target\":[\"https:\/\/www.blogsoestado.com\/danielmatos\/evasao-inimiga-da-educacao\/\"]}]},{\"@type\":\"ImageObject\",\"inLanguage\":\"pt-BR\",\"@id\":\"https:\/\/www.blogsoestado.com\/danielmatos\/evasao-inimiga-da-educacao\/#primaryimage\",\"url\":\"https:\/\/www.blogsoestado.com\/danielmatos\/files\/2017\/12\/natalino-baixada.jpg\",\"contentUrl\":\"https:\/\/www.blogsoestado.com\/danielmatos\/files\/2017\/12\/natalino-baixada.jpg\"},{\"@type\":\"BreadcrumbList\",\"@id\":\"https:\/\/www.blogsoestado.com\/danielmatos\/evasao-inimiga-da-educacao\/#breadcrumb\",\"itemListElement\":[{\"@type\":\"ListItem\",\"position\":1,\"name\":\"In\u00edcio\",\"item\":\"https:\/\/www.blogsoestado.com\/danielmatos\/\"},{\"@type\":\"ListItem\",\"position\":2,\"name\":\"Evas\u00e3o, inimiga da educa\u00e7\u00e3o\"}]},{\"@type\":\"WebSite\",\"@id\":\"https:\/\/www.blogsoestado.com\/danielmatos\/#website\",\"url\":\"https:\/\/www.blogsoestado.com\/danielmatos\/\",\"name\":\"Daniel Matos\",\"description\":\"\",\"potentialAction\":[{\"@type\":\"SearchAction\",\"target\":{\"@type\":\"EntryPoint\",\"urlTemplate\":\"https:\/\/www.blogsoestado.com\/danielmatos\/?s={search_term_string}\"},\"query-input\":{\"@type\":\"PropertyValueSpecification\",\"valueRequired\":true,\"valueName\":\"search_term_string\"}}],\"inLanguage\":\"pt-BR\"}]}<\/script>\n<!-- \/ Yoast SEO plugin. -->","yoast_head_json":{"title":"Evas\u00e3o, inimiga da educa\u00e7\u00e3o - Daniel Matos","robots":{"index":"index","follow":"follow","max-snippet":"max-snippet:-1","max-image-preview":"max-image-preview:large","max-video-preview":"max-video-preview:-1"},"canonical":"https:\/\/www.blogsoestado.com\/danielmatos\/evasao-inimiga-da-educacao\/","og_locale":"pt_BR","og_type":"article","og_title":"Evas\u00e3o, inimiga da educa\u00e7\u00e3o - Daniel Matos","og_description":"Natalino Salgado Filho* A despeito de grandes avan\u00e7os ocorridos no contexto da educa\u00e7\u00e3o, o acesso \u00e0 Universidade, no Brasil, ainda [&hellip;]","og_url":"https:\/\/www.blogsoestado.com\/danielmatos\/evasao-inimiga-da-educacao\/","og_site_name":"Daniel Matos","article_published_time":"2018-03-05T14:00:41+00:00","og_image":[{"url":"https:\/\/www.blogsoestado.com\/danielmatos\/files\/2017\/12\/natalino-baixada.jpg","type":"","width":"","height":""}],"twitter_card":"summary_large_image","twitter_misc":{"Est. tempo de leitura":"4 minutos"},"schema":{"@context":"https:\/\/schema.org","@graph":[{"@type":"WebPage","@id":"https:\/\/www.blogsoestado.com\/danielmatos\/evasao-inimiga-da-educacao\/","url":"https:\/\/www.blogsoestado.com\/danielmatos\/evasao-inimiga-da-educacao\/","name":"Evas\u00e3o, inimiga da educa\u00e7\u00e3o - Daniel Matos","isPartOf":{"@id":"https:\/\/www.blogsoestado.com\/danielmatos\/#website"},"primaryImageOfPage":{"@id":"https:\/\/www.blogsoestado.com\/danielmatos\/evasao-inimiga-da-educacao\/#primaryimage"},"image":{"@id":"https:\/\/www.blogsoestado.com\/danielmatos\/evasao-inimiga-da-educacao\/#primaryimage"},"thumbnailUrl":"https:\/\/www.blogsoestado.com\/danielmatos\/files\/2017\/12\/natalino-baixada.jpg","datePublished":"2018-03-05T14:00:41+00:00","author":{"@id":""},"breadcrumb":{"@id":"https:\/\/www.blogsoestado.com\/danielmatos\/evasao-inimiga-da-educacao\/#breadcrumb"},"inLanguage":"pt-BR","potentialAction":[{"@type":"ReadAction","target":["https:\/\/www.blogsoestado.com\/danielmatos\/evasao-inimiga-da-educacao\/"]}]},{"@type":"ImageObject","inLanguage":"pt-BR","@id":"https:\/\/www.blogsoestado.com\/danielmatos\/evasao-inimiga-da-educacao\/#primaryimage","url":"https:\/\/www.blogsoestado.com\/danielmatos\/files\/2017\/12\/natalino-baixada.jpg","contentUrl":"https:\/\/www.blogsoestado.com\/danielmatos\/files\/2017\/12\/natalino-baixada.jpg"},{"@type":"BreadcrumbList","@id":"https:\/\/www.blogsoestado.com\/danielmatos\/evasao-inimiga-da-educacao\/#breadcrumb","itemListElement":[{"@type":"ListItem","position":1,"name":"In\u00edcio","item":"https:\/\/www.blogsoestado.com\/danielmatos\/"},{"@type":"ListItem","position":2,"name":"Evas\u00e3o, inimiga da educa\u00e7\u00e3o"}]},{"@type":"WebSite","@id":"https:\/\/www.blogsoestado.com\/danielmatos\/#website","url":"https:\/\/www.blogsoestado.com\/danielmatos\/","name":"Daniel Matos","description":"","potentialAction":[{"@type":"SearchAction","target":{"@type":"EntryPoint","urlTemplate":"https:\/\/www.blogsoestado.com\/danielmatos\/?s={search_term_string}"},"query-input":{"@type":"PropertyValueSpecification","valueRequired":true,"valueName":"search_term_string"}}],"inLanguage":"pt-BR"}]}},"jetpack_featured_media_url":"","_links":{"self":[{"href":"https:\/\/www.blogsoestado.com\/danielmatos\/wp-json\/wp\/v2\/posts\/49134","targetHints":{"allow":["GET"]}}],"collection":[{"href":"https:\/\/www.blogsoestado.com\/danielmatos\/wp-json\/wp\/v2\/posts"}],"about":[{"href":"https:\/\/www.blogsoestado.com\/danielmatos\/wp-json\/wp\/v2\/types\/post"}],"replies":[{"embeddable":true,"href":"https:\/\/www.blogsoestado.com\/danielmatos\/wp-json\/wp\/v2\/comments?post=49134"}],"version-history":[{"count":0,"href":"https:\/\/www.blogsoestado.com\/danielmatos\/wp-json\/wp\/v2\/posts\/49134\/revisions"}],"wp:attachment":[{"href":"https:\/\/www.blogsoestado.com\/danielmatos\/wp-json\/wp\/v2\/media?parent=49134"}],"wp:term":[{"taxonomy":"category","embeddable":true,"href":"https:\/\/www.blogsoestado.com\/danielmatos\/wp-json\/wp\/v2\/categories?post=49134"},{"taxonomy":"post_tag","embeddable":true,"href":"https:\/\/www.blogsoestado.com\/danielmatos\/wp-json\/wp\/v2\/tags?post=49134"}],"curies":[{"name":"wp","href":"https:\/\/api.w.org\/{rel}","templated":true}]}}