{"id":49136,"date":"2018-03-05T14:00:40","date_gmt":"2018-03-05T17:00:40","guid":{"rendered":"https:\/\/www.blogsoestado.com\/danielmatos\/?p=49136"},"modified":"2018-03-05T14:00:40","modified_gmt":"2018-03-05T17:00:40","slug":"wellington-assume-presidencia-da-comissao-de-direitos-humanos-da-al-com-foco-na-saude-educacao-e-geracao-de-empregos","status":"publish","type":"post","link":"https:\/\/www.blogsoestado.com\/danielmatos\/wellington-assume-presidencia-da-comissao-de-direitos-humanos-da-al-com-foco-na-saude-educacao-e-geracao-de-empregos\/","title":{"rendered":"Wellington assume presid\u00eancia da Comiss\u00e3o de Direitos Humanos da AL com foco na sa\u00fade, educa\u00e7\u00e3o e gera\u00e7\u00e3o de empregos"},"content":{"rendered":"<figure id=\"attachment_49137\" aria-describedby=\"caption-attachment-49137\" style=\"width: 448px\" class=\"wp-caption alignleft\"><img fetchpriority=\"high\" decoding=\"async\" class=\"size-full wp-image-49137\" src=\"https:\/\/www.blogsoestado.com\/danielmatos\/files\/2018\/03\/w-foco.jpg\" alt=\"\" width=\"448\" height=\"298\" \/><figcaption id=\"caption-attachment-49137\" class=\"wp-caption-text\">Wellington diz que continuar\u00e1 firme em defesa dos maranhenses<\/figcaption><\/figure>\n<p>Garantir educa\u00e7\u00e3o p\u00fablica, sa\u00fade, seguran\u00e7a, defender direitos do idoso, da pessoa com defici\u00eancia e da mulher. Esses s\u00e3o apenas alguns dos pontos da Comiss\u00e3o de Defesa dos Direitos Humanos e das Minorias, que agora tem o deputado estadual progressista Wellington do Curso como presidente. Em 2015, logo no in\u00edcio do mandato Wellington j\u00e1 esteve na vice-presid\u00eancia de tal Comiss\u00e3o e atuou em defesa da popula\u00e7\u00e3o do Maranh\u00e3o. Entre os trabalhos desenvolvidos pela Comiss\u00e3o, est\u00e3o a audi\u00eancia contra a Odebrecht, em Pa\u00e7o do Lumiar e S\u00e3o Jos\u00e9 de Ribamar, que ressaltou na anula\u00e7\u00e3o do contrato com a empresa; al\u00e9m de v\u00e1rios posicionamentos em defesa das pessoas com defici\u00eancia, cobrando acessibilidade, e autistas.<\/p>\n<p>Sobre a Comiss\u00e3o, o deputado Wellington, que tamb\u00e9m \u00e9 membro das Comiss\u00f5es de Sa\u00fade, Educa\u00e7\u00e3o, Seguran\u00e7a, Administra\u00e7\u00e3o e Assuntos Econ\u00f4micos da Assembleia, destacou que continuar\u00e1 firme em defesa dos maranhenses.<\/p>\n<p>\u201cDefender direitos \u00e9 garantir uma qualidade de vida para o cidad\u00e3o maranhense. \u00c9 claro que, na condi\u00e7\u00e3o de deputado estadual, o que eu posso fazer \u00e9 fiscalizar o cumprimento desses direitos como educa\u00e7\u00e3o, sa\u00fade e seguran\u00e7a. A Comiss\u00e3o de Direitos Humanos \u00e9 muito abrangente e permite que eu defenda isso tudo e v\u00e1 al\u00e9m&#8230;defendendo tamb\u00e9m os direitos da pessoa idosa, da pessoa com defici\u00eancia, da mulher. Permite que eu aja em defesa do consumidor e tantas outras quest\u00f5es. J\u00e1 tive essa experi\u00eancia em 2015. Tivemos bons resultados gra\u00e7as \u00e0 seriedade e independ\u00eancia com as quais marcamos o nosso mandato. Agora, continuaremos firmes defendendo a educa\u00e7\u00e3o, sa\u00fade, gera\u00e7\u00e3o de emprego e, assim, os direitos de cada maranhense de bem\u201d, afirmou Wellington.<\/p>\n<p><strong>VEJA AQUI OS PONTOS DE DEFESA DA COMISS\u00c3O DE DIREITOS HUMANOS:<\/strong><\/p>\n<p>&#8211; assuntos atinentes aos direitos e garantias fundamentais;<br \/>\n&#8211; defesa dos direitos individuais e coletivos;<br \/>\n&#8211; defesa dos direitos sociais;<br \/>\n&#8211; economia popular e repress\u00e3o ao abuso do poder econ\u00f4mico;<br \/>\n&#8211; rela\u00e7\u00f5es de consumo e medidas de defesa do consumidor:<br \/>\n&#8211; transporte, armazenamento e distribui\u00e7\u00e3o de alimentos;<br \/>\n&#8211; assuntos relacionados \u00e0 crian\u00e7a e adolescente;<br \/>\n&#8211; pol\u00edtica da crian\u00e7a e adolescente;<br \/>\n&#8211; assuntos relacionados ao idoso;<br \/>\n&#8211; pol\u00edtica estadual do idoso.<br \/>\n&#8211; pol\u00edtica de prote\u00e7\u00e3o \u00e0 pessoa com defici\u00eancia;<br \/>\n&#8211; respeito aos direitos da mulher e da fam\u00edlia;<br \/>\n&#8211; promover e acompanhar as atividades que visem a defesa dos direitos da mulher, a elimina\u00e7\u00e3o das discrimina\u00e7\u00f5es, bem como assegurar a sua plena participa\u00e7\u00e3o da vida socioecon\u00f4mica, pol\u00edtica e cultural do Estado.<\/p>\n","protected":false},"excerpt":{"rendered":"<p>Garantir educa\u00e7\u00e3o p\u00fablica, sa\u00fade, seguran\u00e7a, defender direitos do idoso, da pessoa com defici\u00eancia e da mulher. Esses s\u00e3o apenas alguns [&hellip;]<\/p>\n","protected":false},"author":0,"featured_media":0,"comment_status":"open","ping_status":"open","sticky":false,"template":"","format":"standard","meta":{"site-sidebar-layout":"default","site-content-layout":"","ast-site-content-layout":"default","site-content-style":"default","site-sidebar-style":"default","ast-global-header-display":"","ast-banner-title-visibility":"","ast-main-header-display":"","ast-hfb-above-header-display":"","ast-hfb-below-header-display":"","ast-hfb-mobile-header-display":"","site-post-title":"","ast-breadcrumbs-content":"","ast-featured-img":"","footer-sml-layout":"","ast-disable-related-posts":"","theme-transparent-header-meta":"","adv-header-id-meta":"","stick-header-meta":"","header-above-stick-meta":"","header-main-stick-meta":"","header-below-stick-meta":"","astra-migrate-meta-layouts":"default","ast-page-background-enabled":"default","ast-page-background-meta":{"desktop":{"background-color":"var(--ast-global-color-5)","background-image":"","background-repeat":"repeat","background-position":"center center","background-size":"auto","background-attachment":"scroll","background-type":"","background-media":"","overlay-type":"","overlay-color":"","overlay-opacity":"","overlay-gradient":""},"tablet":{"background-color":"","background-image":"","background-repeat":"repeat","background-position":"center center","background-size":"auto","background-attachment":"scroll","background-type":"","background-media":"","overlay-type":"","overlay-color":"","overlay-opacity":"","overlay-gradient":""},"mobile":{"background-color":"","background-image":"","background-repeat":"repeat","background-position":"center center","background-size":"auto","background-attachment":"scroll","background-type":"","background-media":"","overlay-type":"","overlay-color":"","overlay-opacity":"","overlay-gradient":""}},"ast-content-background-meta":{"desktop":{"background-color":"var(--ast-global-color-4)","background-image":"","background-repeat":"repeat","background-position":"center center","background-size":"auto","background-attachment":"scroll","background-type":"","background-media":"","overlay-type":"","overlay-color":"","overlay-opacity":"","overlay-gradient":""},"tablet":{"background-color":"var(--ast-global-color-4)","background-image":"","background-repeat":"repeat","background-position":"center center","background-size":"auto","background-attachment":"scroll","background-type":"","background-media":"","overlay-type":"","overlay-color":"","overlay-opacity":"","overlay-gradient":""},"mobile":{"background-color":"var(--ast-global-color-4)","background-image":"","background-repeat":"repeat","background-position":"center center","background-size":"auto","background-attachment":"scroll","background-type":"","background-media":"","overlay-type":"","overlay-color":"","overlay-opacity":"","overlay-gradient":""}},"footnotes":""},"categories":[1],"tags":[],"class_list":["post-49136","post","type-post","status-publish","format-standard","hentry","category-sem-categoria"],"yoast_head":"<!-- This site is optimized with the Yoast SEO plugin v26.6 - https:\/\/yoast.com\/wordpress\/plugins\/seo\/ -->\n<title>Wellington assume presid\u00eancia da Comiss\u00e3o de Direitos Humanos da AL com foco na sa\u00fade, educa\u00e7\u00e3o e gera\u00e7\u00e3o de empregos - Daniel Matos<\/title>\n<meta name=\"robots\" content=\"index, follow, max-snippet:-1, max-image-preview:large, max-video-preview:-1\" \/>\n<link rel=\"canonical\" href=\"https:\/\/www.blogsoestado.com\/danielmatos\/wellington-assume-presidencia-da-comissao-de-direitos-humanos-da-al-com-foco-na-saude-educacao-e-geracao-de-empregos\/\" \/>\n<meta property=\"og:locale\" content=\"pt_BR\" \/>\n<meta property=\"og:type\" content=\"article\" \/>\n<meta property=\"og:title\" content=\"Wellington assume presid\u00eancia da Comiss\u00e3o de Direitos Humanos da AL com foco na sa\u00fade, educa\u00e7\u00e3o e gera\u00e7\u00e3o de empregos - Daniel Matos\" \/>\n<meta property=\"og:description\" content=\"Garantir educa\u00e7\u00e3o p\u00fablica, sa\u00fade, seguran\u00e7a, defender direitos do idoso, da pessoa com defici\u00eancia e da mulher. Esses s\u00e3o apenas alguns [&hellip;]\" \/>\n<meta property=\"og:url\" content=\"https:\/\/www.blogsoestado.com\/danielmatos\/wellington-assume-presidencia-da-comissao-de-direitos-humanos-da-al-com-foco-na-saude-educacao-e-geracao-de-empregos\/\" \/>\n<meta property=\"og:site_name\" content=\"Daniel Matos\" \/>\n<meta property=\"article:published_time\" content=\"2018-03-05T17:00:40+00:00\" \/>\n<meta property=\"og:image\" content=\"https:\/\/www.blogsoestado.com\/danielmatos\/files\/2018\/03\/w-foco.jpg\" \/>\n<meta name=\"twitter:card\" content=\"summary_large_image\" \/>\n<meta name=\"twitter:label1\" content=\"Est. tempo de leitura\" \/>\n\t<meta name=\"twitter:data1\" content=\"2 minutos\" \/>\n<script type=\"application\/ld+json\" class=\"yoast-schema-graph\">{\"@context\":\"https:\/\/schema.org\",\"@graph\":[{\"@type\":\"WebPage\",\"@id\":\"https:\/\/www.blogsoestado.com\/danielmatos\/wellington-assume-presidencia-da-comissao-de-direitos-humanos-da-al-com-foco-na-saude-educacao-e-geracao-de-empregos\/\",\"url\":\"https:\/\/www.blogsoestado.com\/danielmatos\/wellington-assume-presidencia-da-comissao-de-direitos-humanos-da-al-com-foco-na-saude-educacao-e-geracao-de-empregos\/\",\"name\":\"Wellington assume presid\u00eancia da Comiss\u00e3o de Direitos Humanos da AL com foco na sa\u00fade, educa\u00e7\u00e3o e gera\u00e7\u00e3o de empregos - Daniel Matos\",\"isPartOf\":{\"@id\":\"https:\/\/www.blogsoestado.com\/danielmatos\/#website\"},\"primaryImageOfPage\":{\"@id\":\"https:\/\/www.blogsoestado.com\/danielmatos\/wellington-assume-presidencia-da-comissao-de-direitos-humanos-da-al-com-foco-na-saude-educacao-e-geracao-de-empregos\/#primaryimage\"},\"image\":{\"@id\":\"https:\/\/www.blogsoestado.com\/danielmatos\/wellington-assume-presidencia-da-comissao-de-direitos-humanos-da-al-com-foco-na-saude-educacao-e-geracao-de-empregos\/#primaryimage\"},\"thumbnailUrl\":\"https:\/\/www.blogsoestado.com\/danielmatos\/files\/2018\/03\/w-foco.jpg\",\"datePublished\":\"2018-03-05T17:00:40+00:00\",\"author\":{\"@id\":\"\"},\"breadcrumb\":{\"@id\":\"https:\/\/www.blogsoestado.com\/danielmatos\/wellington-assume-presidencia-da-comissao-de-direitos-humanos-da-al-com-foco-na-saude-educacao-e-geracao-de-empregos\/#breadcrumb\"},\"inLanguage\":\"pt-BR\",\"potentialAction\":[{\"@type\":\"ReadAction\",\"target\":[\"https:\/\/www.blogsoestado.com\/danielmatos\/wellington-assume-presidencia-da-comissao-de-direitos-humanos-da-al-com-foco-na-saude-educacao-e-geracao-de-empregos\/\"]}]},{\"@type\":\"ImageObject\",\"inLanguage\":\"pt-BR\",\"@id\":\"https:\/\/www.blogsoestado.com\/danielmatos\/wellington-assume-presidencia-da-comissao-de-direitos-humanos-da-al-com-foco-na-saude-educacao-e-geracao-de-empregos\/#primaryimage\",\"url\":\"https:\/\/www.blogsoestado.com\/danielmatos\/files\/2018\/03\/w-foco.jpg\",\"contentUrl\":\"https:\/\/www.blogsoestado.com\/danielmatos\/files\/2018\/03\/w-foco.jpg\"},{\"@type\":\"BreadcrumbList\",\"@id\":\"https:\/\/www.blogsoestado.com\/danielmatos\/wellington-assume-presidencia-da-comissao-de-direitos-humanos-da-al-com-foco-na-saude-educacao-e-geracao-de-empregos\/#breadcrumb\",\"itemListElement\":[{\"@type\":\"ListItem\",\"position\":1,\"name\":\"In\u00edcio\",\"item\":\"https:\/\/www.blogsoestado.com\/danielmatos\/\"},{\"@type\":\"ListItem\",\"position\":2,\"name\":\"Wellington assume presid\u00eancia da Comiss\u00e3o de Direitos Humanos da AL com foco na sa\u00fade, educa\u00e7\u00e3o e gera\u00e7\u00e3o de empregos\"}]},{\"@type\":\"WebSite\",\"@id\":\"https:\/\/www.blogsoestado.com\/danielmatos\/#website\",\"url\":\"https:\/\/www.blogsoestado.com\/danielmatos\/\",\"name\":\"Daniel Matos\",\"description\":\"\",\"potentialAction\":[{\"@type\":\"SearchAction\",\"target\":{\"@type\":\"EntryPoint\",\"urlTemplate\":\"https:\/\/www.blogsoestado.com\/danielmatos\/?s={search_term_string}\"},\"query-input\":{\"@type\":\"PropertyValueSpecification\",\"valueRequired\":true,\"valueName\":\"search_term_string\"}}],\"inLanguage\":\"pt-BR\"}]}<\/script>\n<!-- \/ Yoast SEO plugin. -->","yoast_head_json":{"title":"Wellington assume presid\u00eancia da Comiss\u00e3o de Direitos Humanos da AL com foco na sa\u00fade, educa\u00e7\u00e3o e gera\u00e7\u00e3o de empregos - Daniel Matos","robots":{"index":"index","follow":"follow","max-snippet":"max-snippet:-1","max-image-preview":"max-image-preview:large","max-video-preview":"max-video-preview:-1"},"canonical":"https:\/\/www.blogsoestado.com\/danielmatos\/wellington-assume-presidencia-da-comissao-de-direitos-humanos-da-al-com-foco-na-saude-educacao-e-geracao-de-empregos\/","og_locale":"pt_BR","og_type":"article","og_title":"Wellington assume presid\u00eancia da Comiss\u00e3o de Direitos Humanos da AL com foco na sa\u00fade, educa\u00e7\u00e3o e gera\u00e7\u00e3o de empregos - Daniel Matos","og_description":"Garantir educa\u00e7\u00e3o p\u00fablica, sa\u00fade, seguran\u00e7a, defender direitos do idoso, da pessoa com defici\u00eancia e da mulher. Esses s\u00e3o apenas alguns [&hellip;]","og_url":"https:\/\/www.blogsoestado.com\/danielmatos\/wellington-assume-presidencia-da-comissao-de-direitos-humanos-da-al-com-foco-na-saude-educacao-e-geracao-de-empregos\/","og_site_name":"Daniel Matos","article_published_time":"2018-03-05T17:00:40+00:00","og_image":[{"url":"https:\/\/www.blogsoestado.com\/danielmatos\/files\/2018\/03\/w-foco.jpg","type":"","width":"","height":""}],"twitter_card":"summary_large_image","twitter_misc":{"Est. tempo de leitura":"2 minutos"},"schema":{"@context":"https:\/\/schema.org","@graph":[{"@type":"WebPage","@id":"https:\/\/www.blogsoestado.com\/danielmatos\/wellington-assume-presidencia-da-comissao-de-direitos-humanos-da-al-com-foco-na-saude-educacao-e-geracao-de-empregos\/","url":"https:\/\/www.blogsoestado.com\/danielmatos\/wellington-assume-presidencia-da-comissao-de-direitos-humanos-da-al-com-foco-na-saude-educacao-e-geracao-de-empregos\/","name":"Wellington assume presid\u00eancia da Comiss\u00e3o de Direitos Humanos da AL com foco na sa\u00fade, educa\u00e7\u00e3o e gera\u00e7\u00e3o de empregos - Daniel Matos","isPartOf":{"@id":"https:\/\/www.blogsoestado.com\/danielmatos\/#website"},"primaryImageOfPage":{"@id":"https:\/\/www.blogsoestado.com\/danielmatos\/wellington-assume-presidencia-da-comissao-de-direitos-humanos-da-al-com-foco-na-saude-educacao-e-geracao-de-empregos\/#primaryimage"},"image":{"@id":"https:\/\/www.blogsoestado.com\/danielmatos\/wellington-assume-presidencia-da-comissao-de-direitos-humanos-da-al-com-foco-na-saude-educacao-e-geracao-de-empregos\/#primaryimage"},"thumbnailUrl":"https:\/\/www.blogsoestado.com\/danielmatos\/files\/2018\/03\/w-foco.jpg","datePublished":"2018-03-05T17:00:40+00:00","author":{"@id":""},"breadcrumb":{"@id":"https:\/\/www.blogsoestado.com\/danielmatos\/wellington-assume-presidencia-da-comissao-de-direitos-humanos-da-al-com-foco-na-saude-educacao-e-geracao-de-empregos\/#breadcrumb"},"inLanguage":"pt-BR","potentialAction":[{"@type":"ReadAction","target":["https:\/\/www.blogsoestado.com\/danielmatos\/wellington-assume-presidencia-da-comissao-de-direitos-humanos-da-al-com-foco-na-saude-educacao-e-geracao-de-empregos\/"]}]},{"@type":"ImageObject","inLanguage":"pt-BR","@id":"https:\/\/www.blogsoestado.com\/danielmatos\/wellington-assume-presidencia-da-comissao-de-direitos-humanos-da-al-com-foco-na-saude-educacao-e-geracao-de-empregos\/#primaryimage","url":"https:\/\/www.blogsoestado.com\/danielmatos\/files\/2018\/03\/w-foco.jpg","contentUrl":"https:\/\/www.blogsoestado.com\/danielmatos\/files\/2018\/03\/w-foco.jpg"},{"@type":"BreadcrumbList","@id":"https:\/\/www.blogsoestado.com\/danielmatos\/wellington-assume-presidencia-da-comissao-de-direitos-humanos-da-al-com-foco-na-saude-educacao-e-geracao-de-empregos\/#breadcrumb","itemListElement":[{"@type":"ListItem","position":1,"name":"In\u00edcio","item":"https:\/\/www.blogsoestado.com\/danielmatos\/"},{"@type":"ListItem","position":2,"name":"Wellington assume presid\u00eancia da Comiss\u00e3o de Direitos Humanos da AL com foco na sa\u00fade, educa\u00e7\u00e3o e gera\u00e7\u00e3o de empregos"}]},{"@type":"WebSite","@id":"https:\/\/www.blogsoestado.com\/danielmatos\/#website","url":"https:\/\/www.blogsoestado.com\/danielmatos\/","name":"Daniel Matos","description":"","potentialAction":[{"@type":"SearchAction","target":{"@type":"EntryPoint","urlTemplate":"https:\/\/www.blogsoestado.com\/danielmatos\/?s={search_term_string}"},"query-input":{"@type":"PropertyValueSpecification","valueRequired":true,"valueName":"search_term_string"}}],"inLanguage":"pt-BR"}]}},"jetpack_featured_media_url":"","_links":{"self":[{"href":"https:\/\/www.blogsoestado.com\/danielmatos\/wp-json\/wp\/v2\/posts\/49136","targetHints":{"allow":["GET"]}}],"collection":[{"href":"https:\/\/www.blogsoestado.com\/danielmatos\/wp-json\/wp\/v2\/posts"}],"about":[{"href":"https:\/\/www.blogsoestado.com\/danielmatos\/wp-json\/wp\/v2\/types\/post"}],"replies":[{"embeddable":true,"href":"https:\/\/www.blogsoestado.com\/danielmatos\/wp-json\/wp\/v2\/comments?post=49136"}],"version-history":[{"count":0,"href":"https:\/\/www.blogsoestado.com\/danielmatos\/wp-json\/wp\/v2\/posts\/49136\/revisions"}],"wp:attachment":[{"href":"https:\/\/www.blogsoestado.com\/danielmatos\/wp-json\/wp\/v2\/media?parent=49136"}],"wp:term":[{"taxonomy":"category","embeddable":true,"href":"https:\/\/www.blogsoestado.com\/danielmatos\/wp-json\/wp\/v2\/categories?post=49136"},{"taxonomy":"post_tag","embeddable":true,"href":"https:\/\/www.blogsoestado.com\/danielmatos\/wp-json\/wp\/v2\/tags?post=49136"}],"curies":[{"name":"wp","href":"https:\/\/api.w.org\/{rel}","templated":true}]}}