{"id":49139,"date":"2018-03-05T16:00:03","date_gmt":"2018-03-05T19:00:03","guid":{"rendered":"https:\/\/www.blogsoestado.com\/danielmatos\/?p=49139"},"modified":"2018-03-05T16:00:03","modified_gmt":"2018-03-05T19:00:03","slug":"gestao-edivaldo-inicia-mutirao-que-devera-reduzir-em-ate-90-fila-de-cirurgias-no-hospital-da-mulher","status":"publish","type":"post","link":"https:\/\/www.blogsoestado.com\/danielmatos\/gestao-edivaldo-inicia-mutirao-que-devera-reduzir-em-ate-90-fila-de-cirurgias-no-hospital-da-mulher\/","title":{"rendered":"Gest\u00e3o Edivaldo inicia mutir\u00e3o que dever\u00e1 reduzir em at\u00e9 90% a fila de cirurgias no Hospital da Mulher"},"content":{"rendered":"<h2><span style=\"color: #ff0000;\">Prefeito esteve na unidade de sa\u00fade neste domingo (4) acompanhando de perto os primeiros resultados da a\u00e7\u00e3o que abre as atividades em comemora\u00e7\u00e3o ao M\u00eas da Mulher<\/span><\/h2>\n<figure id=\"attachment_49140\" aria-describedby=\"caption-attachment-49140\" style=\"width: 640px\" class=\"wp-caption aligncenter\"><img fetchpriority=\"high\" decoding=\"async\" class=\"size-full wp-image-49140\" src=\"https:\/\/www.blogsoestado.com\/danielmatos\/files\/2018\/03\/edivaldo-cirurgia.jpg\" alt=\"\" width=\"640\" height=\"419\" \/><figcaption id=\"caption-attachment-49140\" class=\"wp-caption-text\">Prefeito Edivaldo visitou Hospital da Mulher e cumprimentou servidores respons\u00e1veis pelos atendimentos<\/figcaption><\/figure>\n<p>O prefeito Edivaldo Holanda J\u00fanior (PDT) acompanhou neste domingo (4) o in\u00edcio do mutir\u00e3o de cirurgias ginecol\u00f3gicas no Hospital da Mulher, no Anjo da Guarda, abrindo as atividades do M\u00eas da Mulher. A a\u00e7\u00e3o realizou 25 procedimentos somente neste fim de semana e a meta \u00e9 de promover 600 opera\u00e7\u00f5es at\u00e9 junho, o que reduzir\u00e1 em cerca de 90% a fila de espera na unidade de sa\u00fade. Atualmente, 700 pessoas est\u00e3o na fila e o tempo de espera que \u00e9 de 1 ano e tr\u00eas meses cair\u00e1 para sessenta dias.<\/p>\n<p>Para o pedetista, este \u00e9 mais um passo importante para refor\u00e7ar a assist\u00eancia voltada para as mulheres. \u201cA redu\u00e7\u00e3o da demanda que a rede de assist\u00eancia \u00e0 mulher possu\u00eda vai ser muito significativa a partir das atividades durante o mutir\u00e3o. Estamos garantindo a estas mulheres uma maior qualidade de vida. Esta \u00e9 uma unidade de refer\u00eancia, que se consolida com esta a\u00e7\u00e3o. Todos os esfor\u00e7os est\u00e3o reunidos para que o atendimento seja prestado com maior agilidade&#8221;, afirma o prefeito.<\/p>\n<p>Ser\u00e3o realizadas cerca de 25 cirurgias nos fins de semana de mutir\u00e3o, at\u00e9 o m\u00eas de junho. Nos dias \u00fateis, a m\u00e9dia \u00e9 de 12 procedimentos. Est\u00e3o sendo realizados procedimentos como histerectomia, laqueadura, miomectomia, herniorrafia, colpoper\u00edneoplastia e outros. A equipe \u00e9 formada por m\u00e9dicos anestesistas, cirurgi\u00f5es, ginecologistas e equipe de apoio composta por nutricionistas, enfermeiros, terapeutas ocupacionais e de Unidade de Terapia Intensiva (UTI) que est\u00e3o atuando em regime de plant\u00e3o 24 horas.<\/p>\n<p>Avan\u00e7os &#8211; Com planejamento, a gest\u00e3o do prefeito Edivaldo vem mudando a realidade quando se trata de sa\u00fade da mulher. Enquanto em gest\u00f5es anteriores a assist\u00eancia \u00e0 mulher era um dos gargalos da cidade, agora \u00e9 refer\u00eancia nacional pelo cuidado e os diversos investimentos na \u00e1rea.<\/p>\n<p>\u201cEm 2013 o Hospital da Mulher estava praticamente fechado e, desde o in\u00edcio da nossa gest\u00e3o, trabalhamos para tir\u00e1-lo dessa realidade. No decorrer dos anos ele foi totalmente requalificado, ganhou novos servi\u00e7os e equipamentos de ponta, ganhou novos leitos de interna\u00e7\u00e3o e de UTI e virou refer\u00eancia, resultando na conquista do Pr\u00eamio Dr. Pinotti \u2013 Hospital Amigo da Mulher\u201d, lembrou Edivaldo.<\/p>\n<p><strong>Fonte:<\/strong> Secretaria Municipal de Comunica\u00e7\u00e3o |(Secom)<\/p>\n","protected":false},"excerpt":{"rendered":"<p>Prefeito esteve na unidade de sa\u00fade neste domingo (4) acompanhando de perto os primeiros resultados da a\u00e7\u00e3o que abre as [&hellip;]<\/p>\n","protected":false},"author":0,"featured_media":0,"comment_status":"open","ping_status":"open","sticky":false,"template":"","format":"standard","meta":{"site-sidebar-layout":"default","site-content-layout":"","ast-site-content-layout":"default","site-content-style":"default","site-sidebar-style":"default","ast-global-header-display":"","ast-banner-title-visibility":"","ast-main-header-display":"","ast-hfb-above-header-display":"","ast-hfb-below-header-display":"","ast-hfb-mobile-header-display":"","site-post-title":"","ast-breadcrumbs-content":"","ast-featured-img":"","footer-sml-layout":"","ast-disable-related-posts":"","theme-transparent-header-meta":"","adv-header-id-meta":"","stick-header-meta":"","header-above-stick-meta":"","header-main-stick-meta":"","header-below-stick-meta":"","astra-migrate-meta-layouts":"default","ast-page-background-enabled":"default","ast-page-background-meta":{"desktop":{"background-color":"var(--ast-global-color-5)","background-image":"","background-repeat":"repeat","background-position":"center center","background-size":"auto","background-attachment":"scroll","background-type":"","background-media":"","overlay-type":"","overlay-color":"","overlay-opacity":"","overlay-gradient":""},"tablet":{"background-color":"","background-image":"","background-repeat":"repeat","background-position":"center center","background-size":"auto","background-attachment":"scroll","background-type":"","background-media":"","overlay-type":"","overlay-color":"","overlay-opacity":"","overlay-gradient":""},"mobile":{"background-color":"","background-image":"","background-repeat":"repeat","background-position":"center center","background-size":"auto","background-attachment":"scroll","background-type":"","background-media":"","overlay-type":"","overlay-color":"","overlay-opacity":"","overlay-gradient":""}},"ast-content-background-meta":{"desktop":{"background-color":"var(--ast-global-color-4)","background-image":"","background-repeat":"repeat","background-position":"center center","background-size":"auto","background-attachment":"scroll","background-type":"","background-media":"","overlay-type":"","overlay-color":"","overlay-opacity":"","overlay-gradient":""},"tablet":{"background-color":"var(--ast-global-color-4)","background-image":"","background-repeat":"repeat","background-position":"center center","background-size":"auto","background-attachment":"scroll","background-type":"","background-media":"","overlay-type":"","overlay-color":"","overlay-opacity":"","overlay-gradient":""},"mobile":{"background-color":"var(--ast-global-color-4)","background-image":"","background-repeat":"repeat","background-position":"center center","background-size":"auto","background-attachment":"scroll","background-type":"","background-media":"","overlay-type":"","overlay-color":"","overlay-opacity":"","overlay-gradient":""}},"footnotes":""},"categories":[1],"tags":[],"class_list":["post-49139","post","type-post","status-publish","format-standard","hentry","category-sem-categoria"],"yoast_head":"<!-- This site is optimized with the Yoast SEO plugin v26.6 - https:\/\/yoast.com\/wordpress\/plugins\/seo\/ -->\n<title>Gest\u00e3o Edivaldo inicia mutir\u00e3o que dever\u00e1 reduzir em at\u00e9 90% a fila de cirurgias no Hospital da Mulher - Daniel Matos<\/title>\n<meta name=\"robots\" content=\"index, follow, max-snippet:-1, max-image-preview:large, max-video-preview:-1\" \/>\n<link rel=\"canonical\" href=\"https:\/\/www.blogsoestado.com\/danielmatos\/gestao-edivaldo-inicia-mutirao-que-devera-reduzir-em-ate-90-fila-de-cirurgias-no-hospital-da-mulher\/\" \/>\n<meta property=\"og:locale\" content=\"pt_BR\" \/>\n<meta property=\"og:type\" content=\"article\" \/>\n<meta property=\"og:title\" content=\"Gest\u00e3o Edivaldo inicia mutir\u00e3o que dever\u00e1 reduzir em at\u00e9 90% a fila de cirurgias no Hospital da Mulher - Daniel Matos\" \/>\n<meta property=\"og:description\" content=\"Prefeito esteve na unidade de sa\u00fade neste domingo (4) acompanhando de perto os primeiros resultados da a\u00e7\u00e3o que abre as [&hellip;]\" \/>\n<meta property=\"og:url\" content=\"https:\/\/www.blogsoestado.com\/danielmatos\/gestao-edivaldo-inicia-mutirao-que-devera-reduzir-em-ate-90-fila-de-cirurgias-no-hospital-da-mulher\/\" \/>\n<meta property=\"og:site_name\" content=\"Daniel Matos\" \/>\n<meta property=\"article:published_time\" content=\"2018-03-05T19:00:03+00:00\" \/>\n<meta property=\"og:image\" content=\"https:\/\/www.blogsoestado.com\/danielmatos\/files\/2018\/03\/edivaldo-cirurgia.jpg\" \/>\n<meta name=\"twitter:card\" content=\"summary_large_image\" \/>\n<meta name=\"twitter:label1\" content=\"Est. tempo de leitura\" \/>\n\t<meta name=\"twitter:data1\" content=\"2 minutos\" \/>\n<script type=\"application\/ld+json\" class=\"yoast-schema-graph\">{\"@context\":\"https:\/\/schema.org\",\"@graph\":[{\"@type\":\"WebPage\",\"@id\":\"https:\/\/www.blogsoestado.com\/danielmatos\/gestao-edivaldo-inicia-mutirao-que-devera-reduzir-em-ate-90-fila-de-cirurgias-no-hospital-da-mulher\/\",\"url\":\"https:\/\/www.blogsoestado.com\/danielmatos\/gestao-edivaldo-inicia-mutirao-que-devera-reduzir-em-ate-90-fila-de-cirurgias-no-hospital-da-mulher\/\",\"name\":\"Gest\u00e3o Edivaldo inicia mutir\u00e3o que dever\u00e1 reduzir em at\u00e9 90% a fila de cirurgias no Hospital da Mulher - Daniel Matos\",\"isPartOf\":{\"@id\":\"https:\/\/www.blogsoestado.com\/danielmatos\/#website\"},\"primaryImageOfPage\":{\"@id\":\"https:\/\/www.blogsoestado.com\/danielmatos\/gestao-edivaldo-inicia-mutirao-que-devera-reduzir-em-ate-90-fila-de-cirurgias-no-hospital-da-mulher\/#primaryimage\"},\"image\":{\"@id\":\"https:\/\/www.blogsoestado.com\/danielmatos\/gestao-edivaldo-inicia-mutirao-que-devera-reduzir-em-ate-90-fila-de-cirurgias-no-hospital-da-mulher\/#primaryimage\"},\"thumbnailUrl\":\"https:\/\/www.blogsoestado.com\/danielmatos\/files\/2018\/03\/edivaldo-cirurgia.jpg\",\"datePublished\":\"2018-03-05T19:00:03+00:00\",\"author\":{\"@id\":\"\"},\"breadcrumb\":{\"@id\":\"https:\/\/www.blogsoestado.com\/danielmatos\/gestao-edivaldo-inicia-mutirao-que-devera-reduzir-em-ate-90-fila-de-cirurgias-no-hospital-da-mulher\/#breadcrumb\"},\"inLanguage\":\"pt-BR\",\"potentialAction\":[{\"@type\":\"ReadAction\",\"target\":[\"https:\/\/www.blogsoestado.com\/danielmatos\/gestao-edivaldo-inicia-mutirao-que-devera-reduzir-em-ate-90-fila-de-cirurgias-no-hospital-da-mulher\/\"]}]},{\"@type\":\"ImageObject\",\"inLanguage\":\"pt-BR\",\"@id\":\"https:\/\/www.blogsoestado.com\/danielmatos\/gestao-edivaldo-inicia-mutirao-que-devera-reduzir-em-ate-90-fila-de-cirurgias-no-hospital-da-mulher\/#primaryimage\",\"url\":\"https:\/\/www.blogsoestado.com\/danielmatos\/files\/2018\/03\/edivaldo-cirurgia.jpg\",\"contentUrl\":\"https:\/\/www.blogsoestado.com\/danielmatos\/files\/2018\/03\/edivaldo-cirurgia.jpg\"},{\"@type\":\"BreadcrumbList\",\"@id\":\"https:\/\/www.blogsoestado.com\/danielmatos\/gestao-edivaldo-inicia-mutirao-que-devera-reduzir-em-ate-90-fila-de-cirurgias-no-hospital-da-mulher\/#breadcrumb\",\"itemListElement\":[{\"@type\":\"ListItem\",\"position\":1,\"name\":\"In\u00edcio\",\"item\":\"https:\/\/www.blogsoestado.com\/danielmatos\/\"},{\"@type\":\"ListItem\",\"position\":2,\"name\":\"Gest\u00e3o Edivaldo inicia mutir\u00e3o que dever\u00e1 reduzir em at\u00e9 90% a fila de cirurgias no Hospital da Mulher\"}]},{\"@type\":\"WebSite\",\"@id\":\"https:\/\/www.blogsoestado.com\/danielmatos\/#website\",\"url\":\"https:\/\/www.blogsoestado.com\/danielmatos\/\",\"name\":\"Daniel Matos\",\"description\":\"\",\"potentialAction\":[{\"@type\":\"SearchAction\",\"target\":{\"@type\":\"EntryPoint\",\"urlTemplate\":\"https:\/\/www.blogsoestado.com\/danielmatos\/?s={search_term_string}\"},\"query-input\":{\"@type\":\"PropertyValueSpecification\",\"valueRequired\":true,\"valueName\":\"search_term_string\"}}],\"inLanguage\":\"pt-BR\"}]}<\/script>\n<!-- \/ Yoast SEO plugin. -->","yoast_head_json":{"title":"Gest\u00e3o Edivaldo inicia mutir\u00e3o que dever\u00e1 reduzir em at\u00e9 90% a fila de cirurgias no Hospital da Mulher - Daniel Matos","robots":{"index":"index","follow":"follow","max-snippet":"max-snippet:-1","max-image-preview":"max-image-preview:large","max-video-preview":"max-video-preview:-1"},"canonical":"https:\/\/www.blogsoestado.com\/danielmatos\/gestao-edivaldo-inicia-mutirao-que-devera-reduzir-em-ate-90-fila-de-cirurgias-no-hospital-da-mulher\/","og_locale":"pt_BR","og_type":"article","og_title":"Gest\u00e3o Edivaldo inicia mutir\u00e3o que dever\u00e1 reduzir em at\u00e9 90% a fila de cirurgias no Hospital da Mulher - Daniel Matos","og_description":"Prefeito esteve na unidade de sa\u00fade neste domingo (4) acompanhando de perto os primeiros resultados da a\u00e7\u00e3o que abre as [&hellip;]","og_url":"https:\/\/www.blogsoestado.com\/danielmatos\/gestao-edivaldo-inicia-mutirao-que-devera-reduzir-em-ate-90-fila-de-cirurgias-no-hospital-da-mulher\/","og_site_name":"Daniel Matos","article_published_time":"2018-03-05T19:00:03+00:00","og_image":[{"url":"https:\/\/www.blogsoestado.com\/danielmatos\/files\/2018\/03\/edivaldo-cirurgia.jpg","type":"","width":"","height":""}],"twitter_card":"summary_large_image","twitter_misc":{"Est. tempo de leitura":"2 minutos"},"schema":{"@context":"https:\/\/schema.org","@graph":[{"@type":"WebPage","@id":"https:\/\/www.blogsoestado.com\/danielmatos\/gestao-edivaldo-inicia-mutirao-que-devera-reduzir-em-ate-90-fila-de-cirurgias-no-hospital-da-mulher\/","url":"https:\/\/www.blogsoestado.com\/danielmatos\/gestao-edivaldo-inicia-mutirao-que-devera-reduzir-em-ate-90-fila-de-cirurgias-no-hospital-da-mulher\/","name":"Gest\u00e3o Edivaldo inicia mutir\u00e3o que dever\u00e1 reduzir em at\u00e9 90% a fila de cirurgias no Hospital da Mulher - Daniel Matos","isPartOf":{"@id":"https:\/\/www.blogsoestado.com\/danielmatos\/#website"},"primaryImageOfPage":{"@id":"https:\/\/www.blogsoestado.com\/danielmatos\/gestao-edivaldo-inicia-mutirao-que-devera-reduzir-em-ate-90-fila-de-cirurgias-no-hospital-da-mulher\/#primaryimage"},"image":{"@id":"https:\/\/www.blogsoestado.com\/danielmatos\/gestao-edivaldo-inicia-mutirao-que-devera-reduzir-em-ate-90-fila-de-cirurgias-no-hospital-da-mulher\/#primaryimage"},"thumbnailUrl":"https:\/\/www.blogsoestado.com\/danielmatos\/files\/2018\/03\/edivaldo-cirurgia.jpg","datePublished":"2018-03-05T19:00:03+00:00","author":{"@id":""},"breadcrumb":{"@id":"https:\/\/www.blogsoestado.com\/danielmatos\/gestao-edivaldo-inicia-mutirao-que-devera-reduzir-em-ate-90-fila-de-cirurgias-no-hospital-da-mulher\/#breadcrumb"},"inLanguage":"pt-BR","potentialAction":[{"@type":"ReadAction","target":["https:\/\/www.blogsoestado.com\/danielmatos\/gestao-edivaldo-inicia-mutirao-que-devera-reduzir-em-ate-90-fila-de-cirurgias-no-hospital-da-mulher\/"]}]},{"@type":"ImageObject","inLanguage":"pt-BR","@id":"https:\/\/www.blogsoestado.com\/danielmatos\/gestao-edivaldo-inicia-mutirao-que-devera-reduzir-em-ate-90-fila-de-cirurgias-no-hospital-da-mulher\/#primaryimage","url":"https:\/\/www.blogsoestado.com\/danielmatos\/files\/2018\/03\/edivaldo-cirurgia.jpg","contentUrl":"https:\/\/www.blogsoestado.com\/danielmatos\/files\/2018\/03\/edivaldo-cirurgia.jpg"},{"@type":"BreadcrumbList","@id":"https:\/\/www.blogsoestado.com\/danielmatos\/gestao-edivaldo-inicia-mutirao-que-devera-reduzir-em-ate-90-fila-de-cirurgias-no-hospital-da-mulher\/#breadcrumb","itemListElement":[{"@type":"ListItem","position":1,"name":"In\u00edcio","item":"https:\/\/www.blogsoestado.com\/danielmatos\/"},{"@type":"ListItem","position":2,"name":"Gest\u00e3o Edivaldo inicia mutir\u00e3o que dever\u00e1 reduzir em at\u00e9 90% a fila de cirurgias no Hospital da Mulher"}]},{"@type":"WebSite","@id":"https:\/\/www.blogsoestado.com\/danielmatos\/#website","url":"https:\/\/www.blogsoestado.com\/danielmatos\/","name":"Daniel Matos","description":"","potentialAction":[{"@type":"SearchAction","target":{"@type":"EntryPoint","urlTemplate":"https:\/\/www.blogsoestado.com\/danielmatos\/?s={search_term_string}"},"query-input":{"@type":"PropertyValueSpecification","valueRequired":true,"valueName":"search_term_string"}}],"inLanguage":"pt-BR"}]}},"jetpack_featured_media_url":"","_links":{"self":[{"href":"https:\/\/www.blogsoestado.com\/danielmatos\/wp-json\/wp\/v2\/posts\/49139","targetHints":{"allow":["GET"]}}],"collection":[{"href":"https:\/\/www.blogsoestado.com\/danielmatos\/wp-json\/wp\/v2\/posts"}],"about":[{"href":"https:\/\/www.blogsoestado.com\/danielmatos\/wp-json\/wp\/v2\/types\/post"}],"replies":[{"embeddable":true,"href":"https:\/\/www.blogsoestado.com\/danielmatos\/wp-json\/wp\/v2\/comments?post=49139"}],"version-history":[{"count":0,"href":"https:\/\/www.blogsoestado.com\/danielmatos\/wp-json\/wp\/v2\/posts\/49139\/revisions"}],"wp:attachment":[{"href":"https:\/\/www.blogsoestado.com\/danielmatos\/wp-json\/wp\/v2\/media?parent=49139"}],"wp:term":[{"taxonomy":"category","embeddable":true,"href":"https:\/\/www.blogsoestado.com\/danielmatos\/wp-json\/wp\/v2\/categories?post=49139"},{"taxonomy":"post_tag","embeddable":true,"href":"https:\/\/www.blogsoestado.com\/danielmatos\/wp-json\/wp\/v2\/tags?post=49139"}],"curies":[{"name":"wp","href":"https:\/\/api.w.org\/{rel}","templated":true}]}}