{"id":49143,"date":"2018-03-05T22:44:28","date_gmt":"2018-03-06T01:44:28","guid":{"rendered":"https:\/\/www.blogsoestado.com\/danielmatos\/?p=49143"},"modified":"2018-03-05T22:44:28","modified_gmt":"2018-03-06T01:44:28","slug":"movimento-fora-dutra-tem-adesao-popular-crescente-em-paco-do-lumisr","status":"publish","type":"post","link":"https:\/\/www.blogsoestado.com\/danielmatos\/movimento-fora-dutra-tem-adesao-popular-crescente-em-paco-do-lumisr\/","title":{"rendered":"Movimento &#8220;Fora, Dutra&#8221; tem ades\u00e5o popular crescente em Pa\u00e7o do Lumisr"},"content":{"rendered":"<figure id=\"attachment_49146\" aria-describedby=\"caption-attachment-49146\" style=\"width: 600px\" class=\"wp-caption aligncenter\"><img fetchpriority=\"high\" decoding=\"async\" class=\"wp-image-49146\" src=\"https:\/\/www.blogsoestado.com\/danielmatos\/files\/2018\/03\/Screenshot_2018-03-05-22-00-182.jpg\" alt=\"\" width=\"600\" height=\"808\" \/><figcaption id=\"caption-attachment-49146\" class=\"wp-caption-text\">Panfleto exibe foto de Dutra igualado \u00e0 figura de um rato<\/figcaption><\/figure>\n<p>A popula\u00e7\u00e3o de Pa\u00e7o do Limiar vem aderindo em massa ao movimento que exige o afastamento do comunista Domingos Dutra do cargo de prefeito. O rep\u00fadio ao gestor se deve \u00e0 aus\u00eancia de a\u00e7\u00f5es da administra\u00e7\u00e3o municipal nas \u00e1reas de sa\u00fade, educa\u00e7\u00e3o, infraestrutura, dentre outras.<\/p>\n<p>Panfleto que circula em Pa\u00e7o do Limiar \u00e9 ilustrado por uma foto de Dutra igualado \u00e0 figura de um rato e informa os recursos recebidos pelo Munic\u00edpio em 2017. Os repasses federais \u00e0 prefeitura luminense somaram R$ 155 milh\u00f5es, ano passado. Outros R$ 3 milh\u00f5es foram destinados pelo governo estadual.<\/p>\n<p>Reunidos, nesta segunda-feira (5), em ato p\u00fablico, na Avenida 13 do Maiob\u00e3o, uma das principais vias do conjunto, populares reivindicaram melhorias prometidas em campanha, como a inaugura\u00e7\u00e3o da Unidade de Pronto Atendimento (UPA) e da maternidade, a reforma da feira do Maiob\u00e3o e at\u00e9 o Portal da Transpar\u00eancia, com dados atualizados e precisos sobre as receitas e gastos municipais.<\/p>\n<p>A revolta popular com a gest\u00e3o de Domingos Dutra ocorre ao mesmo tempo em que grupos pol\u00edticos intensificam articula\u00e7\u00f5es, inclusive na C\u00e2mara Municipal, para destituir o prefeito.<\/p>\n<p>O clima em Pa\u00e7o do Limiar \u00e9 de tens\u00e3o e instabilidade, o que torna imprevis\u00edvel o futuro administrativo do munic\u00edpio.<\/p>\n","protected":false},"excerpt":{"rendered":"<p>A popula\u00e7\u00e3o de Pa\u00e7o do Limiar vem aderindo em massa ao movimento que exige o afastamento do comunista Domingos Dutra [&hellip;]<\/p>\n","protected":false},"author":0,"featured_media":0,"comment_status":"open","ping_status":"open","sticky":false,"template":"","format":"standard","meta":{"site-sidebar-layout":"default","site-content-layout":"","ast-site-content-layout":"default","site-content-style":"default","site-sidebar-style":"default","ast-global-header-display":"","ast-banner-title-visibility":"","ast-main-header-display":"","ast-hfb-above-header-display":"","ast-hfb-below-header-display":"","ast-hfb-mobile-header-display":"","site-post-title":"","ast-breadcrumbs-content":"","ast-featured-img":"","footer-sml-layout":"","ast-disable-related-posts":"","theme-transparent-header-meta":"","adv-header-id-meta":"","stick-header-meta":"","header-above-stick-meta":"","header-main-stick-meta":"","header-below-stick-meta":"","astra-migrate-meta-layouts":"default","ast-page-background-enabled":"default","ast-page-background-meta":{"desktop":{"background-color":"var(--ast-global-color-5)","background-image":"","background-repeat":"repeat","background-position":"center center","background-size":"auto","background-attachment":"scroll","background-type":"","background-media":"","overlay-type":"","overlay-color":"","overlay-opacity":"","overlay-gradient":""},"tablet":{"background-color":"","background-image":"","background-repeat":"repeat","background-position":"center center","background-size":"auto","background-attachment":"scroll","background-type":"","background-media":"","overlay-type":"","overlay-color":"","overlay-opacity":"","overlay-gradient":""},"mobile":{"background-color":"","background-image":"","background-repeat":"repeat","background-position":"center center","background-size":"auto","background-attachment":"scroll","background-type":"","background-media":"","overlay-type":"","overlay-color":"","overlay-opacity":"","overlay-gradient":""}},"ast-content-background-meta":{"desktop":{"background-color":"var(--ast-global-color-4)","background-image":"","background-repeat":"repeat","background-position":"center center","background-size":"auto","background-attachment":"scroll","background-type":"","background-media":"","overlay-type":"","overlay-color":"","overlay-opacity":"","overlay-gradient":""},"tablet":{"background-color":"var(--ast-global-color-4)","background-image":"","background-repeat":"repeat","background-position":"center center","background-size":"auto","background-attachment":"scroll","background-type":"","background-media":"","overlay-type":"","overlay-color":"","overlay-opacity":"","overlay-gradient":""},"mobile":{"background-color":"var(--ast-global-color-4)","background-image":"","background-repeat":"repeat","background-position":"center center","background-size":"auto","background-attachment":"scroll","background-type":"","background-media":"","overlay-type":"","overlay-color":"","overlay-opacity":"","overlay-gradient":""}},"footnotes":""},"categories":[1],"tags":[],"class_list":["post-49143","post","type-post","status-publish","format-standard","hentry","category-sem-categoria"],"yoast_head":"<!-- This site is optimized with the Yoast SEO plugin v26.6 - https:\/\/yoast.com\/wordpress\/plugins\/seo\/ -->\n<title>Movimento &quot;Fora, Dutra&quot; tem ades\u00e5o popular crescente em Pa\u00e7o do Lumisr - Daniel Matos<\/title>\n<meta name=\"robots\" content=\"index, follow, max-snippet:-1, max-image-preview:large, max-video-preview:-1\" \/>\n<link rel=\"canonical\" href=\"https:\/\/www.blogsoestado.com\/danielmatos\/movimento-fora-dutra-tem-adesao-popular-crescente-em-paco-do-lumisr\/\" \/>\n<meta property=\"og:locale\" content=\"pt_BR\" \/>\n<meta property=\"og:type\" content=\"article\" \/>\n<meta property=\"og:title\" content=\"Movimento &quot;Fora, Dutra&quot; tem ades\u00e5o popular crescente em Pa\u00e7o do Lumisr - Daniel Matos\" \/>\n<meta property=\"og:description\" content=\"A popula\u00e7\u00e3o de Pa\u00e7o do Limiar vem aderindo em massa ao movimento que exige o afastamento do comunista Domingos Dutra [&hellip;]\" \/>\n<meta property=\"og:url\" content=\"https:\/\/www.blogsoestado.com\/danielmatos\/movimento-fora-dutra-tem-adesao-popular-crescente-em-paco-do-lumisr\/\" \/>\n<meta property=\"og:site_name\" content=\"Daniel Matos\" \/>\n<meta property=\"article:published_time\" content=\"2018-03-06T01:44:28+00:00\" \/>\n<meta property=\"og:image\" content=\"https:\/\/www.blogsoestado.com\/danielmatos\/files\/2018\/03\/Screenshot_2018-03-05-22-00-182.jpg\" \/>\n<meta name=\"twitter:card\" content=\"summary_large_image\" \/>\n<meta name=\"twitter:label1\" content=\"Est. tempo de leitura\" \/>\n\t<meta name=\"twitter:data1\" content=\"1 minuto\" \/>\n<script type=\"application\/ld+json\" class=\"yoast-schema-graph\">{\"@context\":\"https:\/\/schema.org\",\"@graph\":[{\"@type\":\"WebPage\",\"@id\":\"https:\/\/www.blogsoestado.com\/danielmatos\/movimento-fora-dutra-tem-adesao-popular-crescente-em-paco-do-lumisr\/\",\"url\":\"https:\/\/www.blogsoestado.com\/danielmatos\/movimento-fora-dutra-tem-adesao-popular-crescente-em-paco-do-lumisr\/\",\"name\":\"Movimento \\\"Fora, Dutra\\\" tem ades\u00e5o popular crescente em Pa\u00e7o do Lumisr - Daniel Matos\",\"isPartOf\":{\"@id\":\"https:\/\/www.blogsoestado.com\/danielmatos\/#website\"},\"primaryImageOfPage\":{\"@id\":\"https:\/\/www.blogsoestado.com\/danielmatos\/movimento-fora-dutra-tem-adesao-popular-crescente-em-paco-do-lumisr\/#primaryimage\"},\"image\":{\"@id\":\"https:\/\/www.blogsoestado.com\/danielmatos\/movimento-fora-dutra-tem-adesao-popular-crescente-em-paco-do-lumisr\/#primaryimage\"},\"thumbnailUrl\":\"https:\/\/www.blogsoestado.com\/danielmatos\/files\/2018\/03\/Screenshot_2018-03-05-22-00-182.jpg\",\"datePublished\":\"2018-03-06T01:44:28+00:00\",\"author\":{\"@id\":\"\"},\"breadcrumb\":{\"@id\":\"https:\/\/www.blogsoestado.com\/danielmatos\/movimento-fora-dutra-tem-adesao-popular-crescente-em-paco-do-lumisr\/#breadcrumb\"},\"inLanguage\":\"pt-BR\",\"potentialAction\":[{\"@type\":\"ReadAction\",\"target\":[\"https:\/\/www.blogsoestado.com\/danielmatos\/movimento-fora-dutra-tem-adesao-popular-crescente-em-paco-do-lumisr\/\"]}]},{\"@type\":\"ImageObject\",\"inLanguage\":\"pt-BR\",\"@id\":\"https:\/\/www.blogsoestado.com\/danielmatos\/movimento-fora-dutra-tem-adesao-popular-crescente-em-paco-do-lumisr\/#primaryimage\",\"url\":\"https:\/\/www.blogsoestado.com\/danielmatos\/files\/2018\/03\/Screenshot_2018-03-05-22-00-182.jpg\",\"contentUrl\":\"https:\/\/www.blogsoestado.com\/danielmatos\/files\/2018\/03\/Screenshot_2018-03-05-22-00-182.jpg\"},{\"@type\":\"BreadcrumbList\",\"@id\":\"https:\/\/www.blogsoestado.com\/danielmatos\/movimento-fora-dutra-tem-adesao-popular-crescente-em-paco-do-lumisr\/#breadcrumb\",\"itemListElement\":[{\"@type\":\"ListItem\",\"position\":1,\"name\":\"In\u00edcio\",\"item\":\"https:\/\/www.blogsoestado.com\/danielmatos\/\"},{\"@type\":\"ListItem\",\"position\":2,\"name\":\"Movimento &#8220;Fora, Dutra&#8221; tem ades\u00e5o popular crescente em Pa\u00e7o do Lumisr\"}]},{\"@type\":\"WebSite\",\"@id\":\"https:\/\/www.blogsoestado.com\/danielmatos\/#website\",\"url\":\"https:\/\/www.blogsoestado.com\/danielmatos\/\",\"name\":\"Daniel Matos\",\"description\":\"\",\"potentialAction\":[{\"@type\":\"SearchAction\",\"target\":{\"@type\":\"EntryPoint\",\"urlTemplate\":\"https:\/\/www.blogsoestado.com\/danielmatos\/?s={search_term_string}\"},\"query-input\":{\"@type\":\"PropertyValueSpecification\",\"valueRequired\":true,\"valueName\":\"search_term_string\"}}],\"inLanguage\":\"pt-BR\"}]}<\/script>\n<!-- \/ Yoast SEO plugin. -->","yoast_head_json":{"title":"Movimento \"Fora, Dutra\" tem ades\u00e5o popular crescente em Pa\u00e7o do Lumisr - Daniel Matos","robots":{"index":"index","follow":"follow","max-snippet":"max-snippet:-1","max-image-preview":"max-image-preview:large","max-video-preview":"max-video-preview:-1"},"canonical":"https:\/\/www.blogsoestado.com\/danielmatos\/movimento-fora-dutra-tem-adesao-popular-crescente-em-paco-do-lumisr\/","og_locale":"pt_BR","og_type":"article","og_title":"Movimento \"Fora, Dutra\" tem ades\u00e5o popular crescente em Pa\u00e7o do Lumisr - Daniel Matos","og_description":"A popula\u00e7\u00e3o de Pa\u00e7o do Limiar vem aderindo em massa ao movimento que exige o afastamento do comunista Domingos Dutra [&hellip;]","og_url":"https:\/\/www.blogsoestado.com\/danielmatos\/movimento-fora-dutra-tem-adesao-popular-crescente-em-paco-do-lumisr\/","og_site_name":"Daniel Matos","article_published_time":"2018-03-06T01:44:28+00:00","og_image":[{"url":"https:\/\/www.blogsoestado.com\/danielmatos\/files\/2018\/03\/Screenshot_2018-03-05-22-00-182.jpg","type":"","width":"","height":""}],"twitter_card":"summary_large_image","twitter_misc":{"Est. tempo de leitura":"1 minuto"},"schema":{"@context":"https:\/\/schema.org","@graph":[{"@type":"WebPage","@id":"https:\/\/www.blogsoestado.com\/danielmatos\/movimento-fora-dutra-tem-adesao-popular-crescente-em-paco-do-lumisr\/","url":"https:\/\/www.blogsoestado.com\/danielmatos\/movimento-fora-dutra-tem-adesao-popular-crescente-em-paco-do-lumisr\/","name":"Movimento \"Fora, Dutra\" tem ades\u00e5o popular crescente em Pa\u00e7o do Lumisr - Daniel Matos","isPartOf":{"@id":"https:\/\/www.blogsoestado.com\/danielmatos\/#website"},"primaryImageOfPage":{"@id":"https:\/\/www.blogsoestado.com\/danielmatos\/movimento-fora-dutra-tem-adesao-popular-crescente-em-paco-do-lumisr\/#primaryimage"},"image":{"@id":"https:\/\/www.blogsoestado.com\/danielmatos\/movimento-fora-dutra-tem-adesao-popular-crescente-em-paco-do-lumisr\/#primaryimage"},"thumbnailUrl":"https:\/\/www.blogsoestado.com\/danielmatos\/files\/2018\/03\/Screenshot_2018-03-05-22-00-182.jpg","datePublished":"2018-03-06T01:44:28+00:00","author":{"@id":""},"breadcrumb":{"@id":"https:\/\/www.blogsoestado.com\/danielmatos\/movimento-fora-dutra-tem-adesao-popular-crescente-em-paco-do-lumisr\/#breadcrumb"},"inLanguage":"pt-BR","potentialAction":[{"@type":"ReadAction","target":["https:\/\/www.blogsoestado.com\/danielmatos\/movimento-fora-dutra-tem-adesao-popular-crescente-em-paco-do-lumisr\/"]}]},{"@type":"ImageObject","inLanguage":"pt-BR","@id":"https:\/\/www.blogsoestado.com\/danielmatos\/movimento-fora-dutra-tem-adesao-popular-crescente-em-paco-do-lumisr\/#primaryimage","url":"https:\/\/www.blogsoestado.com\/danielmatos\/files\/2018\/03\/Screenshot_2018-03-05-22-00-182.jpg","contentUrl":"https:\/\/www.blogsoestado.com\/danielmatos\/files\/2018\/03\/Screenshot_2018-03-05-22-00-182.jpg"},{"@type":"BreadcrumbList","@id":"https:\/\/www.blogsoestado.com\/danielmatos\/movimento-fora-dutra-tem-adesao-popular-crescente-em-paco-do-lumisr\/#breadcrumb","itemListElement":[{"@type":"ListItem","position":1,"name":"In\u00edcio","item":"https:\/\/www.blogsoestado.com\/danielmatos\/"},{"@type":"ListItem","position":2,"name":"Movimento &#8220;Fora, Dutra&#8221; tem ades\u00e5o popular crescente em Pa\u00e7o do Lumisr"}]},{"@type":"WebSite","@id":"https:\/\/www.blogsoestado.com\/danielmatos\/#website","url":"https:\/\/www.blogsoestado.com\/danielmatos\/","name":"Daniel Matos","description":"","potentialAction":[{"@type":"SearchAction","target":{"@type":"EntryPoint","urlTemplate":"https:\/\/www.blogsoestado.com\/danielmatos\/?s={search_term_string}"},"query-input":{"@type":"PropertyValueSpecification","valueRequired":true,"valueName":"search_term_string"}}],"inLanguage":"pt-BR"}]}},"jetpack_featured_media_url":"","_links":{"self":[{"href":"https:\/\/www.blogsoestado.com\/danielmatos\/wp-json\/wp\/v2\/posts\/49143","targetHints":{"allow":["GET"]}}],"collection":[{"href":"https:\/\/www.blogsoestado.com\/danielmatos\/wp-json\/wp\/v2\/posts"}],"about":[{"href":"https:\/\/www.blogsoestado.com\/danielmatos\/wp-json\/wp\/v2\/types\/post"}],"replies":[{"embeddable":true,"href":"https:\/\/www.blogsoestado.com\/danielmatos\/wp-json\/wp\/v2\/comments?post=49143"}],"version-history":[{"count":0,"href":"https:\/\/www.blogsoestado.com\/danielmatos\/wp-json\/wp\/v2\/posts\/49143\/revisions"}],"wp:attachment":[{"href":"https:\/\/www.blogsoestado.com\/danielmatos\/wp-json\/wp\/v2\/media?parent=49143"}],"wp:term":[{"taxonomy":"category","embeddable":true,"href":"https:\/\/www.blogsoestado.com\/danielmatos\/wp-json\/wp\/v2\/categories?post=49143"},{"taxonomy":"post_tag","embeddable":true,"href":"https:\/\/www.blogsoestado.com\/danielmatos\/wp-json\/wp\/v2\/tags?post=49143"}],"curies":[{"name":"wp","href":"https:\/\/api.w.org\/{rel}","templated":true}]}}