{"id":49149,"date":"2018-03-06T08:53:41","date_gmt":"2018-03-06T11:53:41","guid":{"rendered":"https:\/\/www.blogsoestado.com\/danielmatos\/?p=49149"},"modified":"2018-03-06T08:53:41","modified_gmt":"2018-03-06T11:53:41","slug":"wellington-defende-participacao-popular-ao-discutir-mp-de-flavio-dino-que-exclui-pessoas-com-deficiencia","status":"publish","type":"post","link":"https:\/\/www.blogsoestado.com\/danielmatos\/wellington-defende-participacao-popular-ao-discutir-mp-de-flavio-dino-que-exclui-pessoas-com-deficiencia\/","title":{"rendered":"Wellington defende participa\u00e7\u00e3o popular ao discutir MP de Fl\u00e1vio Dino que exclui pessoas com defici\u00eancia"},"content":{"rendered":"<figure id=\"attachment_49150\" aria-describedby=\"caption-attachment-49150\" style=\"width: 640px\" class=\"wp-caption aligncenter\"><img fetchpriority=\"high\" decoding=\"async\" class=\"size-full wp-image-49150\" src=\"https:\/\/www.blogsoestado.com\/danielmatos\/files\/2018\/03\/w-veto.jpg\" alt=\"\" width=\"640\" height=\"427\" \/><figcaption id=\"caption-attachment-49150\" class=\"wp-caption-text\">Wellington mencionou alguns pontos da medida que devem ser alterados e defendeu a participa\u00e7\u00e3o popular<\/figcaption><\/figure>\n<p>O deputado estadual progressista Wellington do Curso participou,\u00a0na manh\u00e3 desta segunda-feira (05), de importante audi\u00eancia p\u00fablica para discutir sobre a Medida Provis\u00f3ria 263\/2017, do Governo do Estado, que altera o Conselho Estadual de Esporte e Lazer do Maranh\u00e3o e o Fundo Estadual de Esportes. A audi\u00eancia, que foi solicitada pelo deputado Eduardo Braide (PMN), contou com a representatividade do F\u00f3rum Metropolitano das Entidades de Pessoas com Defici\u00eancia e Patologias, Carlivan Braga; do diretor de esporte da Escola de Cegos do Maranh\u00e3o, Ant\u00f4nio Rocha; do presidente da Associa\u00e7\u00e3o dos cronistas locutores esportista do MA, T\u00e9rcio Dominici; de representante da Comiss\u00e3o de Direitos das Pessoas com Defici\u00eancia da OAB-MA, Priscila Selares; al\u00e9m de membros da sociedade civil e tamb\u00e9m do deputado estadual Roberto Costa.<\/p>\n<p>Durante a audi\u00eancia, a popula\u00e7\u00e3o se pronunciou e deixou claro n\u00e3o concordar com as altera\u00e7\u00f5es propostas na Medida Provis\u00f3ria.<\/p>\n<p>\u201cEst\u00e3o querendo impedir que participemos do Conselho de Esporte. Sou pessoa com defici\u00eancia e mere\u00e7o respeito. O Governador n\u00e3o pode fazer isso com a gente. \u00c9 um desrespeito sem tamanho\u201d, disse uma das pessoas com defici\u00eancia que esteve na audi\u00eancia.<\/p>\n<p>Sobre a Medida Provis\u00f3ria, o deputado Wellington destacou alguns pontos que devem sim ser alterados e defendeu a participa\u00e7\u00e3o popular.<\/p>\n<p>\u201cFl\u00e1vio Dino desrespeita a popula\u00e7\u00e3o e, agora, tenta impedir a participa\u00e7\u00e3o de v\u00e1rios segmentos no Conselho do Esporte. Com essa Medida Provis\u00f3ria, o Governador exclui representante de federa\u00e7\u00f5es estaduais de esporte amador; dos clubes profissionais do estado do Maranh\u00e3o; entidades de pessoas com defici\u00eancia, al\u00e9m do representante da imprensa esportiva. Esse \u00e9 o motivo pelo qual apoiamos sim a elabora\u00e7\u00e3o de emenda que impe\u00e7a que isso ocorra. Governador Fl\u00e1vio Dino, aprenda a dialogar com a popula\u00e7\u00e3o\u201d, disse Wellington.<\/p>\n","protected":false},"excerpt":{"rendered":"<p>O deputado estadual progressista Wellington do Curso participou,\u00a0na manh\u00e3 desta segunda-feira (05), de importante audi\u00eancia p\u00fablica para discutir sobre a [&hellip;]<\/p>\n","protected":false},"author":0,"featured_media":0,"comment_status":"open","ping_status":"open","sticky":false,"template":"","format":"standard","meta":{"site-sidebar-layout":"default","site-content-layout":"","ast-site-content-layout":"default","site-content-style":"default","site-sidebar-style":"default","ast-global-header-display":"","ast-banner-title-visibility":"","ast-main-header-display":"","ast-hfb-above-header-display":"","ast-hfb-below-header-display":"","ast-hfb-mobile-header-display":"","site-post-title":"","ast-breadcrumbs-content":"","ast-featured-img":"","footer-sml-layout":"","ast-disable-related-posts":"","theme-transparent-header-meta":"","adv-header-id-meta":"","stick-header-meta":"","header-above-stick-meta":"","header-main-stick-meta":"","header-below-stick-meta":"","astra-migrate-meta-layouts":"default","ast-page-background-enabled":"default","ast-page-background-meta":{"desktop":{"background-color":"var(--ast-global-color-5)","background-image":"","background-repeat":"repeat","background-position":"center center","background-size":"auto","background-attachment":"scroll","background-type":"","background-media":"","overlay-type":"","overlay-color":"","overlay-opacity":"","overlay-gradient":""},"tablet":{"background-color":"","background-image":"","background-repeat":"repeat","background-position":"center center","background-size":"auto","background-attachment":"scroll","background-type":"","background-media":"","overlay-type":"","overlay-color":"","overlay-opacity":"","overlay-gradient":""},"mobile":{"background-color":"","background-image":"","background-repeat":"repeat","background-position":"center center","background-size":"auto","background-attachment":"scroll","background-type":"","background-media":"","overlay-type":"","overlay-color":"","overlay-opacity":"","overlay-gradient":""}},"ast-content-background-meta":{"desktop":{"background-color":"var(--ast-global-color-4)","background-image":"","background-repeat":"repeat","background-position":"center center","background-size":"auto","background-attachment":"scroll","background-type":"","background-media":"","overlay-type":"","overlay-color":"","overlay-opacity":"","overlay-gradient":""},"tablet":{"background-color":"var(--ast-global-color-4)","background-image":"","background-repeat":"repeat","background-position":"center center","background-size":"auto","background-attachment":"scroll","background-type":"","background-media":"","overlay-type":"","overlay-color":"","overlay-opacity":"","overlay-gradient":""},"mobile":{"background-color":"var(--ast-global-color-4)","background-image":"","background-repeat":"repeat","background-position":"center center","background-size":"auto","background-attachment":"scroll","background-type":"","background-media":"","overlay-type":"","overlay-color":"","overlay-opacity":"","overlay-gradient":""}},"footnotes":""},"categories":[1],"tags":[],"class_list":["post-49149","post","type-post","status-publish","format-standard","hentry","category-sem-categoria"],"yoast_head":"<!-- This site is optimized with the Yoast SEO plugin v26.6 - https:\/\/yoast.com\/wordpress\/plugins\/seo\/ -->\n<title>Wellington defende participa\u00e7\u00e3o popular ao discutir MP de Fl\u00e1vio Dino que exclui pessoas com defici\u00eancia - Daniel Matos<\/title>\n<meta name=\"robots\" content=\"index, follow, max-snippet:-1, max-image-preview:large, max-video-preview:-1\" \/>\n<link rel=\"canonical\" href=\"https:\/\/www.blogsoestado.com\/danielmatos\/wellington-defende-participacao-popular-ao-discutir-mp-de-flavio-dino-que-exclui-pessoas-com-deficiencia\/\" \/>\n<meta property=\"og:locale\" content=\"pt_BR\" \/>\n<meta property=\"og:type\" content=\"article\" \/>\n<meta property=\"og:title\" content=\"Wellington defende participa\u00e7\u00e3o popular ao discutir MP de Fl\u00e1vio Dino que exclui pessoas com defici\u00eancia - Daniel Matos\" \/>\n<meta property=\"og:description\" content=\"O deputado estadual progressista Wellington do Curso participou,\u00a0na manh\u00e3 desta segunda-feira (05), de importante audi\u00eancia p\u00fablica para discutir sobre a [&hellip;]\" \/>\n<meta property=\"og:url\" content=\"https:\/\/www.blogsoestado.com\/danielmatos\/wellington-defende-participacao-popular-ao-discutir-mp-de-flavio-dino-que-exclui-pessoas-com-deficiencia\/\" \/>\n<meta property=\"og:site_name\" content=\"Daniel Matos\" \/>\n<meta property=\"article:published_time\" content=\"2018-03-06T11:53:41+00:00\" \/>\n<meta property=\"og:image\" content=\"https:\/\/www.blogsoestado.com\/danielmatos\/files\/2018\/03\/w-veto.jpg\" \/>\n<meta name=\"twitter:card\" content=\"summary_large_image\" \/>\n<meta name=\"twitter:label1\" content=\"Est. tempo de leitura\" \/>\n\t<meta name=\"twitter:data1\" content=\"2 minutos\" \/>\n<script type=\"application\/ld+json\" class=\"yoast-schema-graph\">{\"@context\":\"https:\/\/schema.org\",\"@graph\":[{\"@type\":\"WebPage\",\"@id\":\"https:\/\/www.blogsoestado.com\/danielmatos\/wellington-defende-participacao-popular-ao-discutir-mp-de-flavio-dino-que-exclui-pessoas-com-deficiencia\/\",\"url\":\"https:\/\/www.blogsoestado.com\/danielmatos\/wellington-defende-participacao-popular-ao-discutir-mp-de-flavio-dino-que-exclui-pessoas-com-deficiencia\/\",\"name\":\"Wellington defende participa\u00e7\u00e3o popular ao discutir MP de Fl\u00e1vio Dino que exclui pessoas com defici\u00eancia - Daniel Matos\",\"isPartOf\":{\"@id\":\"https:\/\/www.blogsoestado.com\/danielmatos\/#website\"},\"primaryImageOfPage\":{\"@id\":\"https:\/\/www.blogsoestado.com\/danielmatos\/wellington-defende-participacao-popular-ao-discutir-mp-de-flavio-dino-que-exclui-pessoas-com-deficiencia\/#primaryimage\"},\"image\":{\"@id\":\"https:\/\/www.blogsoestado.com\/danielmatos\/wellington-defende-participacao-popular-ao-discutir-mp-de-flavio-dino-que-exclui-pessoas-com-deficiencia\/#primaryimage\"},\"thumbnailUrl\":\"https:\/\/www.blogsoestado.com\/danielmatos\/files\/2018\/03\/w-veto.jpg\",\"datePublished\":\"2018-03-06T11:53:41+00:00\",\"author\":{\"@id\":\"\"},\"breadcrumb\":{\"@id\":\"https:\/\/www.blogsoestado.com\/danielmatos\/wellington-defende-participacao-popular-ao-discutir-mp-de-flavio-dino-que-exclui-pessoas-com-deficiencia\/#breadcrumb\"},\"inLanguage\":\"pt-BR\",\"potentialAction\":[{\"@type\":\"ReadAction\",\"target\":[\"https:\/\/www.blogsoestado.com\/danielmatos\/wellington-defende-participacao-popular-ao-discutir-mp-de-flavio-dino-que-exclui-pessoas-com-deficiencia\/\"]}]},{\"@type\":\"ImageObject\",\"inLanguage\":\"pt-BR\",\"@id\":\"https:\/\/www.blogsoestado.com\/danielmatos\/wellington-defende-participacao-popular-ao-discutir-mp-de-flavio-dino-que-exclui-pessoas-com-deficiencia\/#primaryimage\",\"url\":\"https:\/\/www.blogsoestado.com\/danielmatos\/files\/2018\/03\/w-veto.jpg\",\"contentUrl\":\"https:\/\/www.blogsoestado.com\/danielmatos\/files\/2018\/03\/w-veto.jpg\"},{\"@type\":\"BreadcrumbList\",\"@id\":\"https:\/\/www.blogsoestado.com\/danielmatos\/wellington-defende-participacao-popular-ao-discutir-mp-de-flavio-dino-que-exclui-pessoas-com-deficiencia\/#breadcrumb\",\"itemListElement\":[{\"@type\":\"ListItem\",\"position\":1,\"name\":\"In\u00edcio\",\"item\":\"https:\/\/www.blogsoestado.com\/danielmatos\/\"},{\"@type\":\"ListItem\",\"position\":2,\"name\":\"Wellington defende participa\u00e7\u00e3o popular ao discutir MP de Fl\u00e1vio Dino que exclui pessoas com defici\u00eancia\"}]},{\"@type\":\"WebSite\",\"@id\":\"https:\/\/www.blogsoestado.com\/danielmatos\/#website\",\"url\":\"https:\/\/www.blogsoestado.com\/danielmatos\/\",\"name\":\"Daniel Matos\",\"description\":\"\",\"potentialAction\":[{\"@type\":\"SearchAction\",\"target\":{\"@type\":\"EntryPoint\",\"urlTemplate\":\"https:\/\/www.blogsoestado.com\/danielmatos\/?s={search_term_string}\"},\"query-input\":{\"@type\":\"PropertyValueSpecification\",\"valueRequired\":true,\"valueName\":\"search_term_string\"}}],\"inLanguage\":\"pt-BR\"}]}<\/script>\n<!-- \/ Yoast SEO plugin. -->","yoast_head_json":{"title":"Wellington defende participa\u00e7\u00e3o popular ao discutir MP de Fl\u00e1vio Dino que exclui pessoas com defici\u00eancia - Daniel Matos","robots":{"index":"index","follow":"follow","max-snippet":"max-snippet:-1","max-image-preview":"max-image-preview:large","max-video-preview":"max-video-preview:-1"},"canonical":"https:\/\/www.blogsoestado.com\/danielmatos\/wellington-defende-participacao-popular-ao-discutir-mp-de-flavio-dino-que-exclui-pessoas-com-deficiencia\/","og_locale":"pt_BR","og_type":"article","og_title":"Wellington defende participa\u00e7\u00e3o popular ao discutir MP de Fl\u00e1vio Dino que exclui pessoas com defici\u00eancia - Daniel Matos","og_description":"O deputado estadual progressista Wellington do Curso participou,\u00a0na manh\u00e3 desta segunda-feira (05), de importante audi\u00eancia p\u00fablica para discutir sobre a [&hellip;]","og_url":"https:\/\/www.blogsoestado.com\/danielmatos\/wellington-defende-participacao-popular-ao-discutir-mp-de-flavio-dino-que-exclui-pessoas-com-deficiencia\/","og_site_name":"Daniel Matos","article_published_time":"2018-03-06T11:53:41+00:00","og_image":[{"url":"https:\/\/www.blogsoestado.com\/danielmatos\/files\/2018\/03\/w-veto.jpg","type":"","width":"","height":""}],"twitter_card":"summary_large_image","twitter_misc":{"Est. tempo de leitura":"2 minutos"},"schema":{"@context":"https:\/\/schema.org","@graph":[{"@type":"WebPage","@id":"https:\/\/www.blogsoestado.com\/danielmatos\/wellington-defende-participacao-popular-ao-discutir-mp-de-flavio-dino-que-exclui-pessoas-com-deficiencia\/","url":"https:\/\/www.blogsoestado.com\/danielmatos\/wellington-defende-participacao-popular-ao-discutir-mp-de-flavio-dino-que-exclui-pessoas-com-deficiencia\/","name":"Wellington defende participa\u00e7\u00e3o popular ao discutir MP de Fl\u00e1vio Dino que exclui pessoas com defici\u00eancia - Daniel Matos","isPartOf":{"@id":"https:\/\/www.blogsoestado.com\/danielmatos\/#website"},"primaryImageOfPage":{"@id":"https:\/\/www.blogsoestado.com\/danielmatos\/wellington-defende-participacao-popular-ao-discutir-mp-de-flavio-dino-que-exclui-pessoas-com-deficiencia\/#primaryimage"},"image":{"@id":"https:\/\/www.blogsoestado.com\/danielmatos\/wellington-defende-participacao-popular-ao-discutir-mp-de-flavio-dino-que-exclui-pessoas-com-deficiencia\/#primaryimage"},"thumbnailUrl":"https:\/\/www.blogsoestado.com\/danielmatos\/files\/2018\/03\/w-veto.jpg","datePublished":"2018-03-06T11:53:41+00:00","author":{"@id":""},"breadcrumb":{"@id":"https:\/\/www.blogsoestado.com\/danielmatos\/wellington-defende-participacao-popular-ao-discutir-mp-de-flavio-dino-que-exclui-pessoas-com-deficiencia\/#breadcrumb"},"inLanguage":"pt-BR","potentialAction":[{"@type":"ReadAction","target":["https:\/\/www.blogsoestado.com\/danielmatos\/wellington-defende-participacao-popular-ao-discutir-mp-de-flavio-dino-que-exclui-pessoas-com-deficiencia\/"]}]},{"@type":"ImageObject","inLanguage":"pt-BR","@id":"https:\/\/www.blogsoestado.com\/danielmatos\/wellington-defende-participacao-popular-ao-discutir-mp-de-flavio-dino-que-exclui-pessoas-com-deficiencia\/#primaryimage","url":"https:\/\/www.blogsoestado.com\/danielmatos\/files\/2018\/03\/w-veto.jpg","contentUrl":"https:\/\/www.blogsoestado.com\/danielmatos\/files\/2018\/03\/w-veto.jpg"},{"@type":"BreadcrumbList","@id":"https:\/\/www.blogsoestado.com\/danielmatos\/wellington-defende-participacao-popular-ao-discutir-mp-de-flavio-dino-que-exclui-pessoas-com-deficiencia\/#breadcrumb","itemListElement":[{"@type":"ListItem","position":1,"name":"In\u00edcio","item":"https:\/\/www.blogsoestado.com\/danielmatos\/"},{"@type":"ListItem","position":2,"name":"Wellington defende participa\u00e7\u00e3o popular ao discutir MP de Fl\u00e1vio Dino que exclui pessoas com defici\u00eancia"}]},{"@type":"WebSite","@id":"https:\/\/www.blogsoestado.com\/danielmatos\/#website","url":"https:\/\/www.blogsoestado.com\/danielmatos\/","name":"Daniel Matos","description":"","potentialAction":[{"@type":"SearchAction","target":{"@type":"EntryPoint","urlTemplate":"https:\/\/www.blogsoestado.com\/danielmatos\/?s={search_term_string}"},"query-input":{"@type":"PropertyValueSpecification","valueRequired":true,"valueName":"search_term_string"}}],"inLanguage":"pt-BR"}]}},"jetpack_featured_media_url":"","_links":{"self":[{"href":"https:\/\/www.blogsoestado.com\/danielmatos\/wp-json\/wp\/v2\/posts\/49149","targetHints":{"allow":["GET"]}}],"collection":[{"href":"https:\/\/www.blogsoestado.com\/danielmatos\/wp-json\/wp\/v2\/posts"}],"about":[{"href":"https:\/\/www.blogsoestado.com\/danielmatos\/wp-json\/wp\/v2\/types\/post"}],"replies":[{"embeddable":true,"href":"https:\/\/www.blogsoestado.com\/danielmatos\/wp-json\/wp\/v2\/comments?post=49149"}],"version-history":[{"count":0,"href":"https:\/\/www.blogsoestado.com\/danielmatos\/wp-json\/wp\/v2\/posts\/49149\/revisions"}],"wp:attachment":[{"href":"https:\/\/www.blogsoestado.com\/danielmatos\/wp-json\/wp\/v2\/media?parent=49149"}],"wp:term":[{"taxonomy":"category","embeddable":true,"href":"https:\/\/www.blogsoestado.com\/danielmatos\/wp-json\/wp\/v2\/categories?post=49149"},{"taxonomy":"post_tag","embeddable":true,"href":"https:\/\/www.blogsoestado.com\/danielmatos\/wp-json\/wp\/v2\/tags?post=49149"}],"curies":[{"name":"wp","href":"https:\/\/api.w.org\/{rel}","templated":true}]}}