{"id":49152,"date":"2018-03-06T11:10:09","date_gmt":"2018-03-06T14:10:09","guid":{"rendered":"https:\/\/www.blogsoestado.com\/danielmatos\/?p=49152"},"modified":"2018-03-06T11:10:09","modified_gmt":"2018-03-06T14:10:09","slug":"caravana-da-guerreira-causa-panico-indisfarcavel-em-comunistas","status":"publish","type":"post","link":"https:\/\/www.blogsoestado.com\/danielmatos\/caravana-da-guerreira-causa-panico-indisfarcavel-em-comunistas\/","title":{"rendered":"&#8220;Caravana da Guerreira&#8221; causa p\u00e2nico indisfar\u00e7\u00e1vel em comunistas"},"content":{"rendered":"<figure id=\"attachment_49154\" aria-describedby=\"caption-attachment-49154\" style=\"width: 203px\" class=\"wp-caption alignleft\"><img fetchpriority=\"high\" decoding=\"async\" class=\"wp-image-49154\" src=\"https:\/\/www.blogsoestado.com\/danielmatos\/files\/2018\/03\/caravana2.jpg\" alt=\"\" width=\"203\" height=\"247\" \/><figcaption id=\"caption-attachment-49154\" class=\"wp-caption-text\">Roseana iniciar\u00e1 incurs\u00e3o ao interior por Santa In\u00eas<\/figcaption><\/figure>\n<p>A viagem que a ex-governadora e pr\u00e9-candidata a voltar ao Executivo estadual, Roseana Sarney (MDB), iniciar\u00e1 no pr\u00f3ximo dia 8, por 30 cidades maranhenses, deixou comunistas em p\u00e2nico. Do mais alto escal\u00e3o palaciano \u00e0 blogosfera alinhada ao projeto de poder do governador Fl\u00e1vio Dino (PCdoB), a &#8220;Caravana da Guerreira&#8221; vem sendo alvo de duros ataques, antes mesmo de come\u00e7ar.<\/p>\n<p>As tentativas dos governistas de desqualificar a incurs\u00e3o de Roseana nos munic\u00edpios nada mais s\u00e3o do que manifesta\u00e7\u00f5es de indisfar\u00e7\u00e1vel medo dos desdobramentos que o primeiro contato direto da advers\u00e1ria com o povo e com a classe pol\u00edtica do interior\u00a0nesta pr\u00e9-campanha poder\u00e1 causar.<\/p>\n<p>\u00c9 certo que durante a viagem Roseana constatar\u00e1 o desgaste de Fl\u00e1vio Dino perante a popula\u00e7\u00e3o e ouvir\u00e1 in\u00fameros apelos para que volte a governar o estado. Com\u00a030% de inten\u00e7\u00f5es de votos neste momento da corrida sucess\u00f3ria, segundo pesquisas encomendadas pelo pr\u00f3prio Pal\u00e1cio dos Le\u00f5es, ela se firmar\u00e1 definitivamente, em sua passagem pelos munic\u00edpios, como amea\u00e7a real \u00e0s pretens\u00f5es continu\u00edstas de comunistas e aliados.<\/p>\n<figure id=\"attachment_49153\" aria-describedby=\"caption-attachment-49153\" style=\"width: 448px\" class=\"wp-caption alignright\"><img decoding=\"async\" class=\"size-full wp-image-49153\" src=\"https:\/\/www.blogsoestado.com\/danielmatos\/files\/2018\/03\/caravana.jpg\" alt=\"\" width=\"448\" height=\"262\" \/><figcaption id=\"caption-attachment-49153\" class=\"wp-caption-text\">Caravana da Guerreira incomoda governistas (imagem meramente ilustrativa)<\/figcaption><\/figure>\n<p>Presentes ao lado de Roseana nos\u00a0 dias da viagem, dirigentes partid\u00e1rios aproveitar\u00e3o o momento para convocar lideran\u00e7as comunit\u00e1rias e demais cidad\u00e3os a filiarem-se \u00e0s suas respectivas siglas. \u00c9 o caso do PV, do PSD e do pr\u00f3prio MDB da ex-governadora, que far\u00e3o do ato um chamamento para fortalecer seus quadros.<\/p>\n<p>At\u00e9 ent\u00e3o envolvida apenas em articula\u00e7\u00f5es de bastidores, Roseana decidiu partir para o corpo a corpo com o eleitorado. A exposi\u00e7\u00e3o p\u00fablica da ex-governadora vem sendo aguardada com enorme expectativa e dever\u00e1 causar rea\u00e7\u00e3o popular bem diferente do clima que o seus detratores tentam passar, para desespero palaciano.<\/p>\n<p><strong>Segue o roteiro da incurs\u00e3o de Roseana no interior:<\/strong><\/p>\n<p><strong>Dia 08\/03 \u2013 quinta feira<\/strong><br \/>\n15h \u2013 Santa In\u00eas<br \/>\n19:30 h \u2013 Santa Luzia<br \/>\nPernoite Santa Luzia<\/p>\n<p><strong>Dia 09\/03 \u2013 sexta-feira<\/strong><br \/>\n12:00h \u2013 Buriticupu<br \/>\n15:30h \u2013 Bom Jesus das Selvas<br \/>\n18h \u2013 Acailandia<br \/>\nPernoite Imperatriz<\/p>\n<p><strong>Dia 10\/03 \u2013 S\u00e1bado<\/strong><br \/>\n09h \u2013 Imperatriz<\/p>\n<p><strong>Dia 11\/03 \u2013 Domingo<\/strong><br \/>\nManh\u00e3 \u2013 Imperatriz<br \/>\n15:30h \u2013 Davin\u00f3polis<br \/>\n17h \u2013 Gov. Edison Lobao<br \/>\n18:30h \u2013 Ribamar Fiquene<br \/>\nPernoite Imperatriz<\/p>\n<p><strong>Dia 12\/03 \u2013 Segunda feira<\/strong><br \/>\n09h \u2013 Campestre do MA<br \/>\n11:40h \u2013 Porto Franco<br \/>\n14:40h \u2013 Estreito<br \/>\n18:30h \u2013 Carolina<br \/>\nPernoite Carolina<\/p>\n<p><strong>Dia 13\/03 \u2013 ter\u00e7a-feira<\/strong><br \/>\n12:30h \u2013 Riach\u00e3o<br \/>\n16:00h \u2013 Balsas<br \/>\nPernoite Balsas<\/p>\n<p><strong>Dia 14\/03 \u2013 quarta-feira<\/strong><br \/>\n10h \u2013 S\u00e3o Pedro dos Crentes<br \/>\n14:20h \u2013 Fortaleza dos Nogueiras<br \/>\n16:30h \u2013 S\u00e3o Raimundo das Mangabeiras<br \/>\n19:30h \u2013 S\u00e3o Domingos do Azeit\u00e3o<br \/>\nPernoite Nova Iorque<\/p>\n<p><strong>Dia 15\/03 \u2013 quinta-feira<\/strong><br \/>\n09h \u2013 Pastos Bons<br \/>\n11:30h \u2013 S\u00e3o Jo\u00e3o dos Patos<br \/>\n14h \u2013 Paraibano<br \/>\n16h \u2013 Colinas<br \/>\n20h \u2013 S\u00e3o Domingos do MA<br \/>\nPernoite em Presidente Dutra<\/p>\n<p><strong>Dia 16\/03 \u2013 sexta-feira<\/strong><br \/>\n10h \u2013 Tuntum<br \/>\n15h \u2013 Presidente Dutra<br \/>\n18h \u2013 Dom Pedro<br \/>\nPernoite em Dom Pedro<\/p>\n<p><strong>Dia 17\/03 \u2013 s\u00e1bado<\/strong><br \/>\n09h \u2013 Santo Ant\u00f4nio dos Lopes<br \/>\n11:20h \u2013 Capinzal do Norte<br \/>\n13:30h \u2013 Peritoro<br \/>\n16h \u2013 retorno para S\u00e3o Lu\u00eds<\/p>\n","protected":false},"excerpt":{"rendered":"<p>A viagem que a ex-governadora e pr\u00e9-candidata a voltar ao Executivo estadual, Roseana Sarney (MDB), iniciar\u00e1 no pr\u00f3ximo dia 8, [&hellip;]<\/p>\n","protected":false},"author":0,"featured_media":0,"comment_status":"open","ping_status":"open","sticky":false,"template":"","format":"standard","meta":{"site-sidebar-layout":"default","site-content-layout":"","ast-site-content-layout":"default","site-content-style":"default","site-sidebar-style":"default","ast-global-header-display":"","ast-banner-title-visibility":"","ast-main-header-display":"","ast-hfb-above-header-display":"","ast-hfb-below-header-display":"","ast-hfb-mobile-header-display":"","site-post-title":"","ast-breadcrumbs-content":"","ast-featured-img":"","footer-sml-layout":"","ast-disable-related-posts":"","theme-transparent-header-meta":"","adv-header-id-meta":"","stick-header-meta":"","header-above-stick-meta":"","header-main-stick-meta":"","header-below-stick-meta":"","astra-migrate-meta-layouts":"default","ast-page-background-enabled":"default","ast-page-background-meta":{"desktop":{"background-color":"var(--ast-global-color-5)","background-image":"","background-repeat":"repeat","background-position":"center center","background-size":"auto","background-attachment":"scroll","background-type":"","background-media":"","overlay-type":"","overlay-color":"","overlay-opacity":"","overlay-gradient":""},"tablet":{"background-color":"","background-image":"","background-repeat":"repeat","background-position":"center center","background-size":"auto","background-attachment":"scroll","background-type":"","background-media":"","overlay-type":"","overlay-color":"","overlay-opacity":"","overlay-gradient":""},"mobile":{"background-color":"","background-image":"","background-repeat":"repeat","background-position":"center center","background-size":"auto","background-attachment":"scroll","background-type":"","background-media":"","overlay-type":"","overlay-color":"","overlay-opacity":"","overlay-gradient":""}},"ast-content-background-meta":{"desktop":{"background-color":"var(--ast-global-color-4)","background-image":"","background-repeat":"repeat","background-position":"center center","background-size":"auto","background-attachment":"scroll","background-type":"","background-media":"","overlay-type":"","overlay-color":"","overlay-opacity":"","overlay-gradient":""},"tablet":{"background-color":"var(--ast-global-color-4)","background-image":"","background-repeat":"repeat","background-position":"center center","background-size":"auto","background-attachment":"scroll","background-type":"","background-media":"","overlay-type":"","overlay-color":"","overlay-opacity":"","overlay-gradient":""},"mobile":{"background-color":"var(--ast-global-color-4)","background-image":"","background-repeat":"repeat","background-position":"center center","background-size":"auto","background-attachment":"scroll","background-type":"","background-media":"","overlay-type":"","overlay-color":"","overlay-opacity":"","overlay-gradient":""}},"footnotes":""},"categories":[1],"tags":[],"class_list":["post-49152","post","type-post","status-publish","format-standard","hentry","category-sem-categoria"],"yoast_head":"<!-- This site is optimized with the Yoast SEO plugin v26.6 - https:\/\/yoast.com\/wordpress\/plugins\/seo\/ -->\n<title>&quot;Caravana da Guerreira&quot; causa p\u00e2nico indisfar\u00e7\u00e1vel em comunistas - Daniel Matos<\/title>\n<meta name=\"robots\" content=\"index, follow, max-snippet:-1, max-image-preview:large, max-video-preview:-1\" \/>\n<link rel=\"canonical\" href=\"https:\/\/www.blogsoestado.com\/danielmatos\/caravana-da-guerreira-causa-panico-indisfarcavel-em-comunistas\/\" \/>\n<meta property=\"og:locale\" content=\"pt_BR\" \/>\n<meta property=\"og:type\" content=\"article\" \/>\n<meta property=\"og:title\" content=\"&quot;Caravana da Guerreira&quot; causa p\u00e2nico indisfar\u00e7\u00e1vel em comunistas - Daniel Matos\" \/>\n<meta property=\"og:description\" content=\"A viagem que a ex-governadora e pr\u00e9-candidata a voltar ao Executivo estadual, Roseana Sarney (MDB), iniciar\u00e1 no pr\u00f3ximo dia 8, [&hellip;]\" \/>\n<meta property=\"og:url\" content=\"https:\/\/www.blogsoestado.com\/danielmatos\/caravana-da-guerreira-causa-panico-indisfarcavel-em-comunistas\/\" \/>\n<meta property=\"og:site_name\" content=\"Daniel Matos\" \/>\n<meta property=\"article:published_time\" content=\"2018-03-06T14:10:09+00:00\" \/>\n<meta property=\"og:image\" content=\"https:\/\/www.blogsoestado.com\/danielmatos\/files\/2018\/03\/caravana2.jpg\" \/>\n<meta name=\"twitter:card\" content=\"summary_large_image\" \/>\n<meta name=\"twitter:label1\" content=\"Est. tempo de leitura\" \/>\n\t<meta name=\"twitter:data1\" content=\"3 minutos\" \/>\n<script type=\"application\/ld+json\" class=\"yoast-schema-graph\">{\"@context\":\"https:\/\/schema.org\",\"@graph\":[{\"@type\":\"WebPage\",\"@id\":\"https:\/\/www.blogsoestado.com\/danielmatos\/caravana-da-guerreira-causa-panico-indisfarcavel-em-comunistas\/\",\"url\":\"https:\/\/www.blogsoestado.com\/danielmatos\/caravana-da-guerreira-causa-panico-indisfarcavel-em-comunistas\/\",\"name\":\"\\\"Caravana da Guerreira\\\" causa p\u00e2nico indisfar\u00e7\u00e1vel em comunistas - Daniel Matos\",\"isPartOf\":{\"@id\":\"https:\/\/www.blogsoestado.com\/danielmatos\/#website\"},\"primaryImageOfPage\":{\"@id\":\"https:\/\/www.blogsoestado.com\/danielmatos\/caravana-da-guerreira-causa-panico-indisfarcavel-em-comunistas\/#primaryimage\"},\"image\":{\"@id\":\"https:\/\/www.blogsoestado.com\/danielmatos\/caravana-da-guerreira-causa-panico-indisfarcavel-em-comunistas\/#primaryimage\"},\"thumbnailUrl\":\"https:\/\/www.blogsoestado.com\/danielmatos\/files\/2018\/03\/caravana2.jpg\",\"datePublished\":\"2018-03-06T14:10:09+00:00\",\"author\":{\"@id\":\"\"},\"breadcrumb\":{\"@id\":\"https:\/\/www.blogsoestado.com\/danielmatos\/caravana-da-guerreira-causa-panico-indisfarcavel-em-comunistas\/#breadcrumb\"},\"inLanguage\":\"pt-BR\",\"potentialAction\":[{\"@type\":\"ReadAction\",\"target\":[\"https:\/\/www.blogsoestado.com\/danielmatos\/caravana-da-guerreira-causa-panico-indisfarcavel-em-comunistas\/\"]}]},{\"@type\":\"ImageObject\",\"inLanguage\":\"pt-BR\",\"@id\":\"https:\/\/www.blogsoestado.com\/danielmatos\/caravana-da-guerreira-causa-panico-indisfarcavel-em-comunistas\/#primaryimage\",\"url\":\"https:\/\/www.blogsoestado.com\/danielmatos\/files\/2018\/03\/caravana2.jpg\",\"contentUrl\":\"https:\/\/www.blogsoestado.com\/danielmatos\/files\/2018\/03\/caravana2.jpg\"},{\"@type\":\"BreadcrumbList\",\"@id\":\"https:\/\/www.blogsoestado.com\/danielmatos\/caravana-da-guerreira-causa-panico-indisfarcavel-em-comunistas\/#breadcrumb\",\"itemListElement\":[{\"@type\":\"ListItem\",\"position\":1,\"name\":\"In\u00edcio\",\"item\":\"https:\/\/www.blogsoestado.com\/danielmatos\/\"},{\"@type\":\"ListItem\",\"position\":2,\"name\":\"&#8220;Caravana da Guerreira&#8221; causa p\u00e2nico indisfar\u00e7\u00e1vel em comunistas\"}]},{\"@type\":\"WebSite\",\"@id\":\"https:\/\/www.blogsoestado.com\/danielmatos\/#website\",\"url\":\"https:\/\/www.blogsoestado.com\/danielmatos\/\",\"name\":\"Daniel Matos\",\"description\":\"\",\"potentialAction\":[{\"@type\":\"SearchAction\",\"target\":{\"@type\":\"EntryPoint\",\"urlTemplate\":\"https:\/\/www.blogsoestado.com\/danielmatos\/?s={search_term_string}\"},\"query-input\":{\"@type\":\"PropertyValueSpecification\",\"valueRequired\":true,\"valueName\":\"search_term_string\"}}],\"inLanguage\":\"pt-BR\"}]}<\/script>\n<!-- \/ Yoast SEO plugin. -->","yoast_head_json":{"title":"\"Caravana da Guerreira\" causa p\u00e2nico indisfar\u00e7\u00e1vel em comunistas - Daniel Matos","robots":{"index":"index","follow":"follow","max-snippet":"max-snippet:-1","max-image-preview":"max-image-preview:large","max-video-preview":"max-video-preview:-1"},"canonical":"https:\/\/www.blogsoestado.com\/danielmatos\/caravana-da-guerreira-causa-panico-indisfarcavel-em-comunistas\/","og_locale":"pt_BR","og_type":"article","og_title":"\"Caravana da Guerreira\" causa p\u00e2nico indisfar\u00e7\u00e1vel em comunistas - Daniel Matos","og_description":"A viagem que a ex-governadora e pr\u00e9-candidata a voltar ao Executivo estadual, Roseana Sarney (MDB), iniciar\u00e1 no pr\u00f3ximo dia 8, [&hellip;]","og_url":"https:\/\/www.blogsoestado.com\/danielmatos\/caravana-da-guerreira-causa-panico-indisfarcavel-em-comunistas\/","og_site_name":"Daniel Matos","article_published_time":"2018-03-06T14:10:09+00:00","og_image":[{"url":"https:\/\/www.blogsoestado.com\/danielmatos\/files\/2018\/03\/caravana2.jpg","type":"","width":"","height":""}],"twitter_card":"summary_large_image","twitter_misc":{"Est. tempo de leitura":"3 minutos"},"schema":{"@context":"https:\/\/schema.org","@graph":[{"@type":"WebPage","@id":"https:\/\/www.blogsoestado.com\/danielmatos\/caravana-da-guerreira-causa-panico-indisfarcavel-em-comunistas\/","url":"https:\/\/www.blogsoestado.com\/danielmatos\/caravana-da-guerreira-causa-panico-indisfarcavel-em-comunistas\/","name":"\"Caravana da Guerreira\" causa p\u00e2nico indisfar\u00e7\u00e1vel em comunistas - Daniel Matos","isPartOf":{"@id":"https:\/\/www.blogsoestado.com\/danielmatos\/#website"},"primaryImageOfPage":{"@id":"https:\/\/www.blogsoestado.com\/danielmatos\/caravana-da-guerreira-causa-panico-indisfarcavel-em-comunistas\/#primaryimage"},"image":{"@id":"https:\/\/www.blogsoestado.com\/danielmatos\/caravana-da-guerreira-causa-panico-indisfarcavel-em-comunistas\/#primaryimage"},"thumbnailUrl":"https:\/\/www.blogsoestado.com\/danielmatos\/files\/2018\/03\/caravana2.jpg","datePublished":"2018-03-06T14:10:09+00:00","author":{"@id":""},"breadcrumb":{"@id":"https:\/\/www.blogsoestado.com\/danielmatos\/caravana-da-guerreira-causa-panico-indisfarcavel-em-comunistas\/#breadcrumb"},"inLanguage":"pt-BR","potentialAction":[{"@type":"ReadAction","target":["https:\/\/www.blogsoestado.com\/danielmatos\/caravana-da-guerreira-causa-panico-indisfarcavel-em-comunistas\/"]}]},{"@type":"ImageObject","inLanguage":"pt-BR","@id":"https:\/\/www.blogsoestado.com\/danielmatos\/caravana-da-guerreira-causa-panico-indisfarcavel-em-comunistas\/#primaryimage","url":"https:\/\/www.blogsoestado.com\/danielmatos\/files\/2018\/03\/caravana2.jpg","contentUrl":"https:\/\/www.blogsoestado.com\/danielmatos\/files\/2018\/03\/caravana2.jpg"},{"@type":"BreadcrumbList","@id":"https:\/\/www.blogsoestado.com\/danielmatos\/caravana-da-guerreira-causa-panico-indisfarcavel-em-comunistas\/#breadcrumb","itemListElement":[{"@type":"ListItem","position":1,"name":"In\u00edcio","item":"https:\/\/www.blogsoestado.com\/danielmatos\/"},{"@type":"ListItem","position":2,"name":"&#8220;Caravana da Guerreira&#8221; causa p\u00e2nico indisfar\u00e7\u00e1vel em comunistas"}]},{"@type":"WebSite","@id":"https:\/\/www.blogsoestado.com\/danielmatos\/#website","url":"https:\/\/www.blogsoestado.com\/danielmatos\/","name":"Daniel Matos","description":"","potentialAction":[{"@type":"SearchAction","target":{"@type":"EntryPoint","urlTemplate":"https:\/\/www.blogsoestado.com\/danielmatos\/?s={search_term_string}"},"query-input":{"@type":"PropertyValueSpecification","valueRequired":true,"valueName":"search_term_string"}}],"inLanguage":"pt-BR"}]}},"jetpack_featured_media_url":"","_links":{"self":[{"href":"https:\/\/www.blogsoestado.com\/danielmatos\/wp-json\/wp\/v2\/posts\/49152","targetHints":{"allow":["GET"]}}],"collection":[{"href":"https:\/\/www.blogsoestado.com\/danielmatos\/wp-json\/wp\/v2\/posts"}],"about":[{"href":"https:\/\/www.blogsoestado.com\/danielmatos\/wp-json\/wp\/v2\/types\/post"}],"replies":[{"embeddable":true,"href":"https:\/\/www.blogsoestado.com\/danielmatos\/wp-json\/wp\/v2\/comments?post=49152"}],"version-history":[{"count":0,"href":"https:\/\/www.blogsoestado.com\/danielmatos\/wp-json\/wp\/v2\/posts\/49152\/revisions"}],"wp:attachment":[{"href":"https:\/\/www.blogsoestado.com\/danielmatos\/wp-json\/wp\/v2\/media?parent=49152"}],"wp:term":[{"taxonomy":"category","embeddable":true,"href":"https:\/\/www.blogsoestado.com\/danielmatos\/wp-json\/wp\/v2\/categories?post=49152"},{"taxonomy":"post_tag","embeddable":true,"href":"https:\/\/www.blogsoestado.com\/danielmatos\/wp-json\/wp\/v2\/tags?post=49152"}],"curies":[{"name":"wp","href":"https:\/\/api.w.org\/{rel}","templated":true}]}}