{"id":49159,"date":"2018-03-07T08:22:01","date_gmt":"2018-03-07T11:22:01","guid":{"rendered":"https:\/\/www.blogsoestado.com\/danielmatos\/?p=49159"},"modified":"2018-03-07T08:22:01","modified_gmt":"2018-03-07T11:22:01","slug":"ccj-aprova-pec-que-limita-competencia-do-tribunal-de-contas","status":"publish","type":"post","link":"https:\/\/www.blogsoestado.com\/danielmatos\/ccj-aprova-pec-que-limita-competencia-do-tribunal-de-contas\/","title":{"rendered":"CCJ aprova PEC que limita compet\u00eancia do Tribunal de Contas"},"content":{"rendered":"<figure id=\"attachment_49160\" aria-describedby=\"caption-attachment-49160\" style=\"width: 640px\" class=\"wp-caption aligncenter\"><img fetchpriority=\"high\" decoding=\"async\" class=\"size-full wp-image-49160\" src=\"https:\/\/www.blogsoestado.com\/danielmatos\/files\/2018\/03\/famem-pec.jpg\" alt=\"\" width=\"640\" height=\"425\" \/><figcaption id=\"caption-attachment-49160\" class=\"wp-caption-text\">Prefeitos e prefeitas estiveram reunidos com o presidente Othelino Neto<\/figcaption><\/figure>\n<p>A Comiss\u00e3o de Constitui\u00e7\u00e3o e Justi\u00e7a da Assembleia Legislativa do Maranh\u00e3o, em reuni\u00e3o realizada nesta ter\u00e7a-feira (6), aprovou, por unanimidade, Proposta de Emenda \u00e0 Constitui\u00e7\u00e3o, de autoria do deputado J\u00fanior Verde (PRB), que limita a compet\u00eancia de atua\u00e7\u00e3o do Tribunal de Contas do Estado do Maranh\u00e3o (TCE\/MA).<\/p>\n<p>A PEC, que ser\u00e1 apreciada pelo plen\u00e1rio nos pr\u00f3ximos dias, tratou-se de uma solicita\u00e7\u00e3o feita \u00e0 Assembleia pela Federa\u00e7\u00e3o dos Munic\u00edpios do Estado do Maranh\u00e3o (FAMEM), que atendeu pleito dos gestores p\u00fablicos municipais.<\/p>\n<p>Na pr\u00e1tica, o dispositivo torna sem efeito Instru\u00e7\u00e3o Normativa, aprovada pela Corte de Contas em janeiro, que imp\u00f5em as prefeituras restri\u00e7\u00f5es no que diz respeito ao custeio de festividades realizadas pelo poder executivo municipal.<\/p>\n<p>A Instru\u00e7\u00e3o Normativa considera ileg\u00edtimas para os fins do artigo 70 da Constitui\u00e7\u00e3o Federal qualquer despesa custeada com recursos p\u00fablicos municipais \u2013 inclusive aqueles decorrentes de contrapartida em conv\u00eanio \u2013 com eventos festivos quando o munic\u00edpio estiver em atraso com o pagamento da folha salarial (incluindo terceirizados, tempor\u00e1rios e comissionados); ou em estado de emerg\u00eancia ou de calamidade p\u00fablica decretados.<\/p>\n<p>Para a entidade municipalista, a IN funcionaria como um mecanismo de inger\u00eancia nas administra\u00e7\u00f5es municipais.<\/p>\n","protected":false},"excerpt":{"rendered":"<p>A Comiss\u00e3o de Constitui\u00e7\u00e3o e Justi\u00e7a da Assembleia Legislativa do Maranh\u00e3o, em reuni\u00e3o realizada nesta ter\u00e7a-feira (6), aprovou, por unanimidade, [&hellip;]<\/p>\n","protected":false},"author":0,"featured_media":0,"comment_status":"open","ping_status":"open","sticky":false,"template":"","format":"standard","meta":{"site-sidebar-layout":"default","site-content-layout":"","ast-site-content-layout":"default","site-content-style":"default","site-sidebar-style":"default","ast-global-header-display":"","ast-banner-title-visibility":"","ast-main-header-display":"","ast-hfb-above-header-display":"","ast-hfb-below-header-display":"","ast-hfb-mobile-header-display":"","site-post-title":"","ast-breadcrumbs-content":"","ast-featured-img":"","footer-sml-layout":"","ast-disable-related-posts":"","theme-transparent-header-meta":"","adv-header-id-meta":"","stick-header-meta":"","header-above-stick-meta":"","header-main-stick-meta":"","header-below-stick-meta":"","astra-migrate-meta-layouts":"default","ast-page-background-enabled":"default","ast-page-background-meta":{"desktop":{"background-color":"var(--ast-global-color-5)","background-image":"","background-repeat":"repeat","background-position":"center center","background-size":"auto","background-attachment":"scroll","background-type":"","background-media":"","overlay-type":"","overlay-color":"","overlay-opacity":"","overlay-gradient":""},"tablet":{"background-color":"","background-image":"","background-repeat":"repeat","background-position":"center center","background-size":"auto","background-attachment":"scroll","background-type":"","background-media":"","overlay-type":"","overlay-color":"","overlay-opacity":"","overlay-gradient":""},"mobile":{"background-color":"","background-image":"","background-repeat":"repeat","background-position":"center center","background-size":"auto","background-attachment":"scroll","background-type":"","background-media":"","overlay-type":"","overlay-color":"","overlay-opacity":"","overlay-gradient":""}},"ast-content-background-meta":{"desktop":{"background-color":"var(--ast-global-color-4)","background-image":"","background-repeat":"repeat","background-position":"center center","background-size":"auto","background-attachment":"scroll","background-type":"","background-media":"","overlay-type":"","overlay-color":"","overlay-opacity":"","overlay-gradient":""},"tablet":{"background-color":"var(--ast-global-color-4)","background-image":"","background-repeat":"repeat","background-position":"center center","background-size":"auto","background-attachment":"scroll","background-type":"","background-media":"","overlay-type":"","overlay-color":"","overlay-opacity":"","overlay-gradient":""},"mobile":{"background-color":"var(--ast-global-color-4)","background-image":"","background-repeat":"repeat","background-position":"center center","background-size":"auto","background-attachment":"scroll","background-type":"","background-media":"","overlay-type":"","overlay-color":"","overlay-opacity":"","overlay-gradient":""}},"footnotes":""},"categories":[1],"tags":[],"class_list":["post-49159","post","type-post","status-publish","format-standard","hentry","category-sem-categoria"],"yoast_head":"<!-- This site is optimized with the Yoast SEO plugin v26.6 - https:\/\/yoast.com\/wordpress\/plugins\/seo\/ -->\n<title>CCJ aprova PEC que limita compet\u00eancia do Tribunal de Contas - Daniel Matos<\/title>\n<meta name=\"robots\" content=\"index, follow, max-snippet:-1, max-image-preview:large, max-video-preview:-1\" \/>\n<link rel=\"canonical\" href=\"https:\/\/www.blogsoestado.com\/danielmatos\/ccj-aprova-pec-que-limita-competencia-do-tribunal-de-contas\/\" \/>\n<meta property=\"og:locale\" content=\"pt_BR\" \/>\n<meta property=\"og:type\" content=\"article\" \/>\n<meta property=\"og:title\" content=\"CCJ aprova PEC que limita compet\u00eancia do Tribunal de Contas - Daniel Matos\" \/>\n<meta property=\"og:description\" content=\"A Comiss\u00e3o de Constitui\u00e7\u00e3o e Justi\u00e7a da Assembleia Legislativa do Maranh\u00e3o, em reuni\u00e3o realizada nesta ter\u00e7a-feira (6), aprovou, por unanimidade, [&hellip;]\" \/>\n<meta property=\"og:url\" content=\"https:\/\/www.blogsoestado.com\/danielmatos\/ccj-aprova-pec-que-limita-competencia-do-tribunal-de-contas\/\" \/>\n<meta property=\"og:site_name\" content=\"Daniel Matos\" \/>\n<meta property=\"article:published_time\" content=\"2018-03-07T11:22:01+00:00\" \/>\n<meta property=\"og:image\" content=\"https:\/\/www.blogsoestado.com\/danielmatos\/files\/2018\/03\/famem-pec.jpg\" \/>\n<meta name=\"twitter:card\" content=\"summary_large_image\" \/>\n<meta name=\"twitter:label1\" content=\"Est. tempo de leitura\" \/>\n\t<meta name=\"twitter:data1\" content=\"1 minuto\" \/>\n<script type=\"application\/ld+json\" class=\"yoast-schema-graph\">{\"@context\":\"https:\/\/schema.org\",\"@graph\":[{\"@type\":\"WebPage\",\"@id\":\"https:\/\/www.blogsoestado.com\/danielmatos\/ccj-aprova-pec-que-limita-competencia-do-tribunal-de-contas\/\",\"url\":\"https:\/\/www.blogsoestado.com\/danielmatos\/ccj-aprova-pec-que-limita-competencia-do-tribunal-de-contas\/\",\"name\":\"CCJ aprova PEC que limita compet\u00eancia do Tribunal de Contas - Daniel Matos\",\"isPartOf\":{\"@id\":\"https:\/\/www.blogsoestado.com\/danielmatos\/#website\"},\"primaryImageOfPage\":{\"@id\":\"https:\/\/www.blogsoestado.com\/danielmatos\/ccj-aprova-pec-que-limita-competencia-do-tribunal-de-contas\/#primaryimage\"},\"image\":{\"@id\":\"https:\/\/www.blogsoestado.com\/danielmatos\/ccj-aprova-pec-que-limita-competencia-do-tribunal-de-contas\/#primaryimage\"},\"thumbnailUrl\":\"https:\/\/www.blogsoestado.com\/danielmatos\/files\/2018\/03\/famem-pec.jpg\",\"datePublished\":\"2018-03-07T11:22:01+00:00\",\"author\":{\"@id\":\"\"},\"breadcrumb\":{\"@id\":\"https:\/\/www.blogsoestado.com\/danielmatos\/ccj-aprova-pec-que-limita-competencia-do-tribunal-de-contas\/#breadcrumb\"},\"inLanguage\":\"pt-BR\",\"potentialAction\":[{\"@type\":\"ReadAction\",\"target\":[\"https:\/\/www.blogsoestado.com\/danielmatos\/ccj-aprova-pec-que-limita-competencia-do-tribunal-de-contas\/\"]}]},{\"@type\":\"ImageObject\",\"inLanguage\":\"pt-BR\",\"@id\":\"https:\/\/www.blogsoestado.com\/danielmatos\/ccj-aprova-pec-que-limita-competencia-do-tribunal-de-contas\/#primaryimage\",\"url\":\"https:\/\/www.blogsoestado.com\/danielmatos\/files\/2018\/03\/famem-pec.jpg\",\"contentUrl\":\"https:\/\/www.blogsoestado.com\/danielmatos\/files\/2018\/03\/famem-pec.jpg\"},{\"@type\":\"BreadcrumbList\",\"@id\":\"https:\/\/www.blogsoestado.com\/danielmatos\/ccj-aprova-pec-que-limita-competencia-do-tribunal-de-contas\/#breadcrumb\",\"itemListElement\":[{\"@type\":\"ListItem\",\"position\":1,\"name\":\"In\u00edcio\",\"item\":\"https:\/\/www.blogsoestado.com\/danielmatos\/\"},{\"@type\":\"ListItem\",\"position\":2,\"name\":\"CCJ aprova PEC que limita compet\u00eancia do Tribunal de Contas\"}]},{\"@type\":\"WebSite\",\"@id\":\"https:\/\/www.blogsoestado.com\/danielmatos\/#website\",\"url\":\"https:\/\/www.blogsoestado.com\/danielmatos\/\",\"name\":\"Daniel Matos\",\"description\":\"\",\"potentialAction\":[{\"@type\":\"SearchAction\",\"target\":{\"@type\":\"EntryPoint\",\"urlTemplate\":\"https:\/\/www.blogsoestado.com\/danielmatos\/?s={search_term_string}\"},\"query-input\":{\"@type\":\"PropertyValueSpecification\",\"valueRequired\":true,\"valueName\":\"search_term_string\"}}],\"inLanguage\":\"pt-BR\"}]}<\/script>\n<!-- \/ Yoast SEO plugin. -->","yoast_head_json":{"title":"CCJ aprova PEC que limita compet\u00eancia do Tribunal de Contas - Daniel Matos","robots":{"index":"index","follow":"follow","max-snippet":"max-snippet:-1","max-image-preview":"max-image-preview:large","max-video-preview":"max-video-preview:-1"},"canonical":"https:\/\/www.blogsoestado.com\/danielmatos\/ccj-aprova-pec-que-limita-competencia-do-tribunal-de-contas\/","og_locale":"pt_BR","og_type":"article","og_title":"CCJ aprova PEC que limita compet\u00eancia do Tribunal de Contas - Daniel Matos","og_description":"A Comiss\u00e3o de Constitui\u00e7\u00e3o e Justi\u00e7a da Assembleia Legislativa do Maranh\u00e3o, em reuni\u00e3o realizada nesta ter\u00e7a-feira (6), aprovou, por unanimidade, [&hellip;]","og_url":"https:\/\/www.blogsoestado.com\/danielmatos\/ccj-aprova-pec-que-limita-competencia-do-tribunal-de-contas\/","og_site_name":"Daniel Matos","article_published_time":"2018-03-07T11:22:01+00:00","og_image":[{"url":"https:\/\/www.blogsoestado.com\/danielmatos\/files\/2018\/03\/famem-pec.jpg","type":"","width":"","height":""}],"twitter_card":"summary_large_image","twitter_misc":{"Est. tempo de leitura":"1 minuto"},"schema":{"@context":"https:\/\/schema.org","@graph":[{"@type":"WebPage","@id":"https:\/\/www.blogsoestado.com\/danielmatos\/ccj-aprova-pec-que-limita-competencia-do-tribunal-de-contas\/","url":"https:\/\/www.blogsoestado.com\/danielmatos\/ccj-aprova-pec-que-limita-competencia-do-tribunal-de-contas\/","name":"CCJ aprova PEC que limita compet\u00eancia do Tribunal de Contas - Daniel Matos","isPartOf":{"@id":"https:\/\/www.blogsoestado.com\/danielmatos\/#website"},"primaryImageOfPage":{"@id":"https:\/\/www.blogsoestado.com\/danielmatos\/ccj-aprova-pec-que-limita-competencia-do-tribunal-de-contas\/#primaryimage"},"image":{"@id":"https:\/\/www.blogsoestado.com\/danielmatos\/ccj-aprova-pec-que-limita-competencia-do-tribunal-de-contas\/#primaryimage"},"thumbnailUrl":"https:\/\/www.blogsoestado.com\/danielmatos\/files\/2018\/03\/famem-pec.jpg","datePublished":"2018-03-07T11:22:01+00:00","author":{"@id":""},"breadcrumb":{"@id":"https:\/\/www.blogsoestado.com\/danielmatos\/ccj-aprova-pec-que-limita-competencia-do-tribunal-de-contas\/#breadcrumb"},"inLanguage":"pt-BR","potentialAction":[{"@type":"ReadAction","target":["https:\/\/www.blogsoestado.com\/danielmatos\/ccj-aprova-pec-que-limita-competencia-do-tribunal-de-contas\/"]}]},{"@type":"ImageObject","inLanguage":"pt-BR","@id":"https:\/\/www.blogsoestado.com\/danielmatos\/ccj-aprova-pec-que-limita-competencia-do-tribunal-de-contas\/#primaryimage","url":"https:\/\/www.blogsoestado.com\/danielmatos\/files\/2018\/03\/famem-pec.jpg","contentUrl":"https:\/\/www.blogsoestado.com\/danielmatos\/files\/2018\/03\/famem-pec.jpg"},{"@type":"BreadcrumbList","@id":"https:\/\/www.blogsoestado.com\/danielmatos\/ccj-aprova-pec-que-limita-competencia-do-tribunal-de-contas\/#breadcrumb","itemListElement":[{"@type":"ListItem","position":1,"name":"In\u00edcio","item":"https:\/\/www.blogsoestado.com\/danielmatos\/"},{"@type":"ListItem","position":2,"name":"CCJ aprova PEC que limita compet\u00eancia do Tribunal de Contas"}]},{"@type":"WebSite","@id":"https:\/\/www.blogsoestado.com\/danielmatos\/#website","url":"https:\/\/www.blogsoestado.com\/danielmatos\/","name":"Daniel Matos","description":"","potentialAction":[{"@type":"SearchAction","target":{"@type":"EntryPoint","urlTemplate":"https:\/\/www.blogsoestado.com\/danielmatos\/?s={search_term_string}"},"query-input":{"@type":"PropertyValueSpecification","valueRequired":true,"valueName":"search_term_string"}}],"inLanguage":"pt-BR"}]}},"jetpack_featured_media_url":"","_links":{"self":[{"href":"https:\/\/www.blogsoestado.com\/danielmatos\/wp-json\/wp\/v2\/posts\/49159","targetHints":{"allow":["GET"]}}],"collection":[{"href":"https:\/\/www.blogsoestado.com\/danielmatos\/wp-json\/wp\/v2\/posts"}],"about":[{"href":"https:\/\/www.blogsoestado.com\/danielmatos\/wp-json\/wp\/v2\/types\/post"}],"replies":[{"embeddable":true,"href":"https:\/\/www.blogsoestado.com\/danielmatos\/wp-json\/wp\/v2\/comments?post=49159"}],"version-history":[{"count":0,"href":"https:\/\/www.blogsoestado.com\/danielmatos\/wp-json\/wp\/v2\/posts\/49159\/revisions"}],"wp:attachment":[{"href":"https:\/\/www.blogsoestado.com\/danielmatos\/wp-json\/wp\/v2\/media?parent=49159"}],"wp:term":[{"taxonomy":"category","embeddable":true,"href":"https:\/\/www.blogsoestado.com\/danielmatos\/wp-json\/wp\/v2\/categories?post=49159"},{"taxonomy":"post_tag","embeddable":true,"href":"https:\/\/www.blogsoestado.com\/danielmatos\/wp-json\/wp\/v2\/tags?post=49159"}],"curies":[{"name":"wp","href":"https:\/\/api.w.org\/{rel}","templated":true}]}}