{"id":49162,"date":"2018-03-07T08:32:39","date_gmt":"2018-03-07T11:32:39","guid":{"rendered":"https:\/\/www.blogsoestado.com\/danielmatos\/?p=49162"},"modified":"2018-03-07T08:32:39","modified_gmt":"2018-03-07T11:32:39","slug":"adriano-sarney-investiga-denuncia-de-calote-do-governo-flavio-dino","status":"publish","type":"post","link":"https:\/\/www.blogsoestado.com\/danielmatos\/adriano-sarney-investiga-denuncia-de-calote-do-governo-flavio-dino\/","title":{"rendered":"Adriano Sarney investiga den\u00fancia de calote do governo Fl\u00e1vio Dino"},"content":{"rendered":"<figure id=\"attachment_47530\" aria-describedby=\"caption-attachment-47530\" style=\"width: 448px\" class=\"wp-caption alignright\"><img fetchpriority=\"high\" decoding=\"async\" class=\"size-full wp-image-47530\" src=\"https:\/\/www.blogsoestado.com\/danielmatos\/files\/2017\/12\/adriano-contradiz.jpeg\" alt=\"\" width=\"448\" height=\"299\" \/><figcaption id=\"caption-attachment-47530\" class=\"wp-caption-text\">Adriano Sarney exige transpar\u00eancia do governo comunista<\/figcaption><\/figure>\n<p>O deputado estadual Adriano Sarney (PV) est\u00e1 apurando den\u00fancias de que a Secretaria de Estado do Planejamento e Or\u00e7amento do Maranh\u00e3o (SEPLAN) estaria mobilizando as demais secretarias estaduais, no intuito de cancelar todos restos a pagar empenhados de 2017, o que seria uma forma de for\u00e7ar um super\u00e1vit e disfar\u00e7ar o rombo or\u00e7ament\u00e1rio de R$ 1,1 bilh\u00e3o, denunciado pelo deputado recentemente.<\/p>\n<p>\u201cEssa den\u00fancia circula por redes sociais e deve ser apurada com todo o rigor. Se constatada, considero que esta atitude s\u00f3 vem a confirmar o que eu j\u00e1 havia denunciado na Assembleia. Entretanto, vai ser muito dif\u00edcil o governo reverter o d\u00e9ficit bilion\u00e1rio no or\u00e7amento de 2017. O que est\u00e3o tentando fazer agora \u00e9 liquidar empenhos para que o resultado da economia no trimestre n\u00e3o pare\u00e7a ser t\u00e3o cr\u00edtico. Precisamos saber que empenhos s\u00e3o esses, se s\u00e3o de obras em execu\u00e7\u00e3o ou de obras que ainda n\u00e3o foram executadas\u201d, avalia Adriano.<\/p>\n<p>O deputado exige transpar\u00eancia do governo. \u201cVamos ingressar com um pedido de informa\u00e7\u00f5es \u00e0 Seplan, com base na Lei de Acesso \u00e0 Informa\u00e7\u00e3o, para saber que contratos s\u00e3o esses que ser\u00e3o cancelados. Precisamos dar transpar\u00eancia a todo esse processo e posteriormente levar o fato ao Minist\u00e9rio P\u00fablico, o Tribunal de Contas do Estado e demais \u00f3rg\u00e3os fiscalizadores para apurar o caso\u201d, declara Adriano.<\/p>\n<p><strong>Ou\u00e7a entrevista do deputado Adriano Sarney sobre o assunto:\u00a0<\/strong><\/p>\n<div class=\"ast-oembed-container \" style=\"height: 100%;\"><iframe title=\"Adriano reafirma que Maranh\u00e3o est\u00e1 quebrado\" width=\"500\" height=\"281\" src=\"https:\/\/www.youtube.com\/embed\/2yF1dwNTh2U?feature=oembed\" frameborder=\"0\" allow=\"accelerometer; autoplay; clipboard-write; encrypted-media; gyroscope; picture-in-picture; web-share\" referrerpolicy=\"strict-origin-when-cross-origin\" allowfullscreen><\/iframe><\/div>\n","protected":false},"excerpt":{"rendered":"<p>O deputado estadual Adriano Sarney (PV) est\u00e1 apurando den\u00fancias de que a Secretaria de Estado do Planejamento e Or\u00e7amento do [&hellip;]<\/p>\n","protected":false},"author":0,"featured_media":0,"comment_status":"open","ping_status":"open","sticky":false,"template":"","format":"standard","meta":{"site-sidebar-layout":"default","site-content-layout":"","ast-site-content-layout":"default","site-content-style":"default","site-sidebar-style":"default","ast-global-header-display":"","ast-banner-title-visibility":"","ast-main-header-display":"","ast-hfb-above-header-display":"","ast-hfb-below-header-display":"","ast-hfb-mobile-header-display":"","site-post-title":"","ast-breadcrumbs-content":"","ast-featured-img":"","footer-sml-layout":"","ast-disable-related-posts":"","theme-transparent-header-meta":"","adv-header-id-meta":"","stick-header-meta":"","header-above-stick-meta":"","header-main-stick-meta":"","header-below-stick-meta":"","astra-migrate-meta-layouts":"default","ast-page-background-enabled":"default","ast-page-background-meta":{"desktop":{"background-color":"var(--ast-global-color-5)","background-image":"","background-repeat":"repeat","background-position":"center center","background-size":"auto","background-attachment":"scroll","background-type":"","background-media":"","overlay-type":"","overlay-color":"","overlay-opacity":"","overlay-gradient":""},"tablet":{"background-color":"","background-image":"","background-repeat":"repeat","background-position":"center center","background-size":"auto","background-attachment":"scroll","background-type":"","background-media":"","overlay-type":"","overlay-color":"","overlay-opacity":"","overlay-gradient":""},"mobile":{"background-color":"","background-image":"","background-repeat":"repeat","background-position":"center center","background-size":"auto","background-attachment":"scroll","background-type":"","background-media":"","overlay-type":"","overlay-color":"","overlay-opacity":"","overlay-gradient":""}},"ast-content-background-meta":{"desktop":{"background-color":"var(--ast-global-color-4)","background-image":"","background-repeat":"repeat","background-position":"center center","background-size":"auto","background-attachment":"scroll","background-type":"","background-media":"","overlay-type":"","overlay-color":"","overlay-opacity":"","overlay-gradient":""},"tablet":{"background-color":"var(--ast-global-color-4)","background-image":"","background-repeat":"repeat","background-position":"center center","background-size":"auto","background-attachment":"scroll","background-type":"","background-media":"","overlay-type":"","overlay-color":"","overlay-opacity":"","overlay-gradient":""},"mobile":{"background-color":"var(--ast-global-color-4)","background-image":"","background-repeat":"repeat","background-position":"center center","background-size":"auto","background-attachment":"scroll","background-type":"","background-media":"","overlay-type":"","overlay-color":"","overlay-opacity":"","overlay-gradient":""}},"footnotes":""},"categories":[1],"tags":[],"class_list":["post-49162","post","type-post","status-publish","format-standard","hentry","category-sem-categoria"],"yoast_head":"<!-- This site is optimized with the Yoast SEO plugin v26.6 - https:\/\/yoast.com\/wordpress\/plugins\/seo\/ -->\n<title>Adriano Sarney investiga den\u00fancia de calote do governo Fl\u00e1vio Dino - Daniel Matos<\/title>\n<meta name=\"robots\" content=\"index, follow, max-snippet:-1, max-image-preview:large, max-video-preview:-1\" \/>\n<link rel=\"canonical\" href=\"https:\/\/www.blogsoestado.com\/danielmatos\/adriano-sarney-investiga-denuncia-de-calote-do-governo-flavio-dino\/\" \/>\n<meta property=\"og:locale\" content=\"pt_BR\" \/>\n<meta property=\"og:type\" content=\"article\" \/>\n<meta property=\"og:title\" content=\"Adriano Sarney investiga den\u00fancia de calote do governo Fl\u00e1vio Dino - Daniel Matos\" \/>\n<meta property=\"og:description\" content=\"O deputado estadual Adriano Sarney (PV) est\u00e1 apurando den\u00fancias de que a Secretaria de Estado do Planejamento e Or\u00e7amento do [&hellip;]\" \/>\n<meta property=\"og:url\" content=\"https:\/\/www.blogsoestado.com\/danielmatos\/adriano-sarney-investiga-denuncia-de-calote-do-governo-flavio-dino\/\" \/>\n<meta property=\"og:site_name\" content=\"Daniel Matos\" \/>\n<meta property=\"article:published_time\" content=\"2018-03-07T11:32:39+00:00\" \/>\n<meta property=\"og:image\" content=\"https:\/\/www.blogsoestado.com\/danielmatos\/files\/2017\/12\/adriano-contradiz.jpeg\" \/>\n<meta name=\"twitter:card\" content=\"summary_large_image\" \/>\n<meta name=\"twitter:label1\" content=\"Est. tempo de leitura\" \/>\n\t<meta name=\"twitter:data1\" content=\"1 minuto\" \/>\n<script type=\"application\/ld+json\" class=\"yoast-schema-graph\">{\"@context\":\"https:\/\/schema.org\",\"@graph\":[{\"@type\":\"WebPage\",\"@id\":\"https:\/\/www.blogsoestado.com\/danielmatos\/adriano-sarney-investiga-denuncia-de-calote-do-governo-flavio-dino\/\",\"url\":\"https:\/\/www.blogsoestado.com\/danielmatos\/adriano-sarney-investiga-denuncia-de-calote-do-governo-flavio-dino\/\",\"name\":\"Adriano Sarney investiga den\u00fancia de calote do governo Fl\u00e1vio Dino - Daniel Matos\",\"isPartOf\":{\"@id\":\"https:\/\/www.blogsoestado.com\/danielmatos\/#website\"},\"primaryImageOfPage\":{\"@id\":\"https:\/\/www.blogsoestado.com\/danielmatos\/adriano-sarney-investiga-denuncia-de-calote-do-governo-flavio-dino\/#primaryimage\"},\"image\":{\"@id\":\"https:\/\/www.blogsoestado.com\/danielmatos\/adriano-sarney-investiga-denuncia-de-calote-do-governo-flavio-dino\/#primaryimage\"},\"thumbnailUrl\":\"https:\/\/www.blogsoestado.com\/danielmatos\/files\/2017\/12\/adriano-contradiz.jpeg\",\"datePublished\":\"2018-03-07T11:32:39+00:00\",\"author\":{\"@id\":\"\"},\"breadcrumb\":{\"@id\":\"https:\/\/www.blogsoestado.com\/danielmatos\/adriano-sarney-investiga-denuncia-de-calote-do-governo-flavio-dino\/#breadcrumb\"},\"inLanguage\":\"pt-BR\",\"potentialAction\":[{\"@type\":\"ReadAction\",\"target\":[\"https:\/\/www.blogsoestado.com\/danielmatos\/adriano-sarney-investiga-denuncia-de-calote-do-governo-flavio-dino\/\"]}]},{\"@type\":\"ImageObject\",\"inLanguage\":\"pt-BR\",\"@id\":\"https:\/\/www.blogsoestado.com\/danielmatos\/adriano-sarney-investiga-denuncia-de-calote-do-governo-flavio-dino\/#primaryimage\",\"url\":\"https:\/\/www.blogsoestado.com\/danielmatos\/files\/2017\/12\/adriano-contradiz.jpeg\",\"contentUrl\":\"https:\/\/www.blogsoestado.com\/danielmatos\/files\/2017\/12\/adriano-contradiz.jpeg\"},{\"@type\":\"BreadcrumbList\",\"@id\":\"https:\/\/www.blogsoestado.com\/danielmatos\/adriano-sarney-investiga-denuncia-de-calote-do-governo-flavio-dino\/#breadcrumb\",\"itemListElement\":[{\"@type\":\"ListItem\",\"position\":1,\"name\":\"In\u00edcio\",\"item\":\"https:\/\/www.blogsoestado.com\/danielmatos\/\"},{\"@type\":\"ListItem\",\"position\":2,\"name\":\"Adriano Sarney investiga den\u00fancia de calote do governo Fl\u00e1vio Dino\"}]},{\"@type\":\"WebSite\",\"@id\":\"https:\/\/www.blogsoestado.com\/danielmatos\/#website\",\"url\":\"https:\/\/www.blogsoestado.com\/danielmatos\/\",\"name\":\"Daniel Matos\",\"description\":\"\",\"potentialAction\":[{\"@type\":\"SearchAction\",\"target\":{\"@type\":\"EntryPoint\",\"urlTemplate\":\"https:\/\/www.blogsoestado.com\/danielmatos\/?s={search_term_string}\"},\"query-input\":{\"@type\":\"PropertyValueSpecification\",\"valueRequired\":true,\"valueName\":\"search_term_string\"}}],\"inLanguage\":\"pt-BR\"}]}<\/script>\n<!-- \/ Yoast SEO plugin. -->","yoast_head_json":{"title":"Adriano Sarney investiga den\u00fancia de calote do governo Fl\u00e1vio Dino - Daniel Matos","robots":{"index":"index","follow":"follow","max-snippet":"max-snippet:-1","max-image-preview":"max-image-preview:large","max-video-preview":"max-video-preview:-1"},"canonical":"https:\/\/www.blogsoestado.com\/danielmatos\/adriano-sarney-investiga-denuncia-de-calote-do-governo-flavio-dino\/","og_locale":"pt_BR","og_type":"article","og_title":"Adriano Sarney investiga den\u00fancia de calote do governo Fl\u00e1vio Dino - Daniel Matos","og_description":"O deputado estadual Adriano Sarney (PV) est\u00e1 apurando den\u00fancias de que a Secretaria de Estado do Planejamento e Or\u00e7amento do [&hellip;]","og_url":"https:\/\/www.blogsoestado.com\/danielmatos\/adriano-sarney-investiga-denuncia-de-calote-do-governo-flavio-dino\/","og_site_name":"Daniel Matos","article_published_time":"2018-03-07T11:32:39+00:00","og_image":[{"url":"https:\/\/www.blogsoestado.com\/danielmatos\/files\/2017\/12\/adriano-contradiz.jpeg","type":"","width":"","height":""}],"twitter_card":"summary_large_image","twitter_misc":{"Est. tempo de leitura":"1 minuto"},"schema":{"@context":"https:\/\/schema.org","@graph":[{"@type":"WebPage","@id":"https:\/\/www.blogsoestado.com\/danielmatos\/adriano-sarney-investiga-denuncia-de-calote-do-governo-flavio-dino\/","url":"https:\/\/www.blogsoestado.com\/danielmatos\/adriano-sarney-investiga-denuncia-de-calote-do-governo-flavio-dino\/","name":"Adriano Sarney investiga den\u00fancia de calote do governo Fl\u00e1vio Dino - Daniel Matos","isPartOf":{"@id":"https:\/\/www.blogsoestado.com\/danielmatos\/#website"},"primaryImageOfPage":{"@id":"https:\/\/www.blogsoestado.com\/danielmatos\/adriano-sarney-investiga-denuncia-de-calote-do-governo-flavio-dino\/#primaryimage"},"image":{"@id":"https:\/\/www.blogsoestado.com\/danielmatos\/adriano-sarney-investiga-denuncia-de-calote-do-governo-flavio-dino\/#primaryimage"},"thumbnailUrl":"https:\/\/www.blogsoestado.com\/danielmatos\/files\/2017\/12\/adriano-contradiz.jpeg","datePublished":"2018-03-07T11:32:39+00:00","author":{"@id":""},"breadcrumb":{"@id":"https:\/\/www.blogsoestado.com\/danielmatos\/adriano-sarney-investiga-denuncia-de-calote-do-governo-flavio-dino\/#breadcrumb"},"inLanguage":"pt-BR","potentialAction":[{"@type":"ReadAction","target":["https:\/\/www.blogsoestado.com\/danielmatos\/adriano-sarney-investiga-denuncia-de-calote-do-governo-flavio-dino\/"]}]},{"@type":"ImageObject","inLanguage":"pt-BR","@id":"https:\/\/www.blogsoestado.com\/danielmatos\/adriano-sarney-investiga-denuncia-de-calote-do-governo-flavio-dino\/#primaryimage","url":"https:\/\/www.blogsoestado.com\/danielmatos\/files\/2017\/12\/adriano-contradiz.jpeg","contentUrl":"https:\/\/www.blogsoestado.com\/danielmatos\/files\/2017\/12\/adriano-contradiz.jpeg"},{"@type":"BreadcrumbList","@id":"https:\/\/www.blogsoestado.com\/danielmatos\/adriano-sarney-investiga-denuncia-de-calote-do-governo-flavio-dino\/#breadcrumb","itemListElement":[{"@type":"ListItem","position":1,"name":"In\u00edcio","item":"https:\/\/www.blogsoestado.com\/danielmatos\/"},{"@type":"ListItem","position":2,"name":"Adriano Sarney investiga den\u00fancia de calote do governo Fl\u00e1vio Dino"}]},{"@type":"WebSite","@id":"https:\/\/www.blogsoestado.com\/danielmatos\/#website","url":"https:\/\/www.blogsoestado.com\/danielmatos\/","name":"Daniel Matos","description":"","potentialAction":[{"@type":"SearchAction","target":{"@type":"EntryPoint","urlTemplate":"https:\/\/www.blogsoestado.com\/danielmatos\/?s={search_term_string}"},"query-input":{"@type":"PropertyValueSpecification","valueRequired":true,"valueName":"search_term_string"}}],"inLanguage":"pt-BR"}]}},"jetpack_featured_media_url":"","_links":{"self":[{"href":"https:\/\/www.blogsoestado.com\/danielmatos\/wp-json\/wp\/v2\/posts\/49162","targetHints":{"allow":["GET"]}}],"collection":[{"href":"https:\/\/www.blogsoestado.com\/danielmatos\/wp-json\/wp\/v2\/posts"}],"about":[{"href":"https:\/\/www.blogsoestado.com\/danielmatos\/wp-json\/wp\/v2\/types\/post"}],"replies":[{"embeddable":true,"href":"https:\/\/www.blogsoestado.com\/danielmatos\/wp-json\/wp\/v2\/comments?post=49162"}],"version-history":[{"count":0,"href":"https:\/\/www.blogsoestado.com\/danielmatos\/wp-json\/wp\/v2\/posts\/49162\/revisions"}],"wp:attachment":[{"href":"https:\/\/www.blogsoestado.com\/danielmatos\/wp-json\/wp\/v2\/media?parent=49162"}],"wp:term":[{"taxonomy":"category","embeddable":true,"href":"https:\/\/www.blogsoestado.com\/danielmatos\/wp-json\/wp\/v2\/categories?post=49162"},{"taxonomy":"post_tag","embeddable":true,"href":"https:\/\/www.blogsoestado.com\/danielmatos\/wp-json\/wp\/v2\/tags?post=49162"}],"curies":[{"name":"wp","href":"https:\/\/api.w.org\/{rel}","templated":true}]}}