{"id":49164,"date":"2018-03-07T08:45:56","date_gmt":"2018-03-07T11:45:56","guid":{"rendered":"https:\/\/www.blogsoestado.com\/danielmatos\/?p=49164"},"modified":"2018-03-07T08:45:56","modified_gmt":"2018-03-07T11:45:56","slug":"wellington-se-reune-com-mp-para-tratar-sobre-acao-em-defesa-de-aprovados-no-concurso-de-matoes-do-norte","status":"publish","type":"post","link":"https:\/\/www.blogsoestado.com\/danielmatos\/wellington-se-reune-com-mp-para-tratar-sobre-acao-em-defesa-de-aprovados-no-concurso-de-matoes-do-norte\/","title":{"rendered":"Wellington se re\u00fane com MP para tratar sobre a\u00e7\u00e3o em defesa de aprovados no concurso de Mat\u00f5es do Norte"},"content":{"rendered":"<figure id=\"attachment_49165\" aria-describedby=\"caption-attachment-49165\" style=\"width: 640px\" class=\"wp-caption aligncenter\"><img fetchpriority=\"high\" decoding=\"async\" class=\"size-full wp-image-49165\" src=\"https:\/\/www.blogsoestado.com\/danielmatos\/files\/2018\/03\/w-matoes.jpg\" alt=\"\" width=\"640\" height=\"480\" \/><figcaption id=\"caption-attachment-49165\" class=\"wp-caption-text\">Wellington discutiu a quest\u00e3o com o promotor de justi\u00e7a da Comarca de Cantanhede, Tiago Carvalho Rohrr<\/figcaption><\/figure>\n<p>O deputado estadual progressista Wellington do Curso utilizou a tribuna da Assembleia Legislativa do Maranh\u00e3o, na tarde da \u00faltima segunda-feira (5), para fazer refer\u00eancia \u00e0 reuni\u00e3o que teve com o promotor de justi\u00e7a da Comarca de Cantanhede, Tiago Carvalho Rohrr. O objetivo foi tratar sobre as provid\u00eancias j\u00e1 adotadas pelo Minist\u00e9rio P\u00fablico quanto aos aprovados no concurso realizado pela Prefeitura de Mat\u00f5es do Norte, que at\u00e9 hoje aguardam nomea\u00e7\u00e3o.<\/p>\n<p>No dia 13 de julho de 2017, o deputado Wellington realizou uma audi\u00eancia no munic\u00edpio em defesa dos concursados e um dos encaminhamentos foi solicitar que o Minist\u00e9rio P\u00fablico atuasse no caso.<\/p>\n<p>\u201cRealizamos audi\u00eancia p\u00fablica em 2017 na cidade de Mat\u00f5es do Norte e recebemos in\u00fameras den\u00fancias como a pr\u00e1tica de nepotismo, contrata\u00e7\u00f5es tempor\u00e1rias prec\u00e1rias, entre outras. Formalizamos todas as den\u00fancias e entregamos na Promotoria de Cantanhede, que atende a cidade de Mat\u00f5es do Norte tamb\u00e9m. Os aprovados no concurso estudaram, se dedicaram e obtiveram aprova\u00e7\u00e3o. Por isso, continuamos nessa luta pela nomea\u00e7\u00e3o imediata\u201d, disse o professor e deputado Wellington.<\/p>\n","protected":false},"excerpt":{"rendered":"<p>O deputado estadual progressista Wellington do Curso utilizou a tribuna da Assembleia Legislativa do Maranh\u00e3o, na tarde da \u00faltima segunda-feira [&hellip;]<\/p>\n","protected":false},"author":0,"featured_media":0,"comment_status":"open","ping_status":"open","sticky":false,"template":"","format":"standard","meta":{"site-sidebar-layout":"default","site-content-layout":"","ast-site-content-layout":"default","site-content-style":"default","site-sidebar-style":"default","ast-global-header-display":"","ast-banner-title-visibility":"","ast-main-header-display":"","ast-hfb-above-header-display":"","ast-hfb-below-header-display":"","ast-hfb-mobile-header-display":"","site-post-title":"","ast-breadcrumbs-content":"","ast-featured-img":"","footer-sml-layout":"","ast-disable-related-posts":"","theme-transparent-header-meta":"","adv-header-id-meta":"","stick-header-meta":"","header-above-stick-meta":"","header-main-stick-meta":"","header-below-stick-meta":"","astra-migrate-meta-layouts":"default","ast-page-background-enabled":"default","ast-page-background-meta":{"desktop":{"background-color":"var(--ast-global-color-5)","background-image":"","background-repeat":"repeat","background-position":"center center","background-size":"auto","background-attachment":"scroll","background-type":"","background-media":"","overlay-type":"","overlay-color":"","overlay-opacity":"","overlay-gradient":""},"tablet":{"background-color":"","background-image":"","background-repeat":"repeat","background-position":"center center","background-size":"auto","background-attachment":"scroll","background-type":"","background-media":"","overlay-type":"","overlay-color":"","overlay-opacity":"","overlay-gradient":""},"mobile":{"background-color":"","background-image":"","background-repeat":"repeat","background-position":"center center","background-size":"auto","background-attachment":"scroll","background-type":"","background-media":"","overlay-type":"","overlay-color":"","overlay-opacity":"","overlay-gradient":""}},"ast-content-background-meta":{"desktop":{"background-color":"var(--ast-global-color-4)","background-image":"","background-repeat":"repeat","background-position":"center center","background-size":"auto","background-attachment":"scroll","background-type":"","background-media":"","overlay-type":"","overlay-color":"","overlay-opacity":"","overlay-gradient":""},"tablet":{"background-color":"var(--ast-global-color-4)","background-image":"","background-repeat":"repeat","background-position":"center center","background-size":"auto","background-attachment":"scroll","background-type":"","background-media":"","overlay-type":"","overlay-color":"","overlay-opacity":"","overlay-gradient":""},"mobile":{"background-color":"var(--ast-global-color-4)","background-image":"","background-repeat":"repeat","background-position":"center center","background-size":"auto","background-attachment":"scroll","background-type":"","background-media":"","overlay-type":"","overlay-color":"","overlay-opacity":"","overlay-gradient":""}},"footnotes":""},"categories":[1],"tags":[],"class_list":["post-49164","post","type-post","status-publish","format-standard","hentry","category-sem-categoria"],"yoast_head":"<!-- This site is optimized with the Yoast SEO plugin v26.6 - https:\/\/yoast.com\/wordpress\/plugins\/seo\/ -->\n<title>Wellington se re\u00fane com MP para tratar sobre a\u00e7\u00e3o em defesa de aprovados no concurso de Mat\u00f5es do Norte - Daniel Matos<\/title>\n<meta name=\"robots\" content=\"index, follow, max-snippet:-1, max-image-preview:large, max-video-preview:-1\" \/>\n<link rel=\"canonical\" href=\"https:\/\/www.blogsoestado.com\/danielmatos\/wellington-se-reune-com-mp-para-tratar-sobre-acao-em-defesa-de-aprovados-no-concurso-de-matoes-do-norte\/\" \/>\n<meta property=\"og:locale\" content=\"pt_BR\" \/>\n<meta property=\"og:type\" content=\"article\" \/>\n<meta property=\"og:title\" content=\"Wellington se re\u00fane com MP para tratar sobre a\u00e7\u00e3o em defesa de aprovados no concurso de Mat\u00f5es do Norte - Daniel Matos\" \/>\n<meta property=\"og:description\" content=\"O deputado estadual progressista Wellington do Curso utilizou a tribuna da Assembleia Legislativa do Maranh\u00e3o, na tarde da \u00faltima segunda-feira [&hellip;]\" \/>\n<meta property=\"og:url\" content=\"https:\/\/www.blogsoestado.com\/danielmatos\/wellington-se-reune-com-mp-para-tratar-sobre-acao-em-defesa-de-aprovados-no-concurso-de-matoes-do-norte\/\" \/>\n<meta property=\"og:site_name\" content=\"Daniel Matos\" \/>\n<meta property=\"article:published_time\" content=\"2018-03-07T11:45:56+00:00\" \/>\n<meta property=\"og:image\" content=\"https:\/\/www.blogsoestado.com\/danielmatos\/files\/2018\/03\/w-matoes.jpg\" \/>\n<meta name=\"twitter:card\" content=\"summary_large_image\" \/>\n<meta name=\"twitter:label1\" content=\"Est. tempo de leitura\" \/>\n\t<meta name=\"twitter:data1\" content=\"1 minuto\" \/>\n<script type=\"application\/ld+json\" class=\"yoast-schema-graph\">{\"@context\":\"https:\/\/schema.org\",\"@graph\":[{\"@type\":\"WebPage\",\"@id\":\"https:\/\/www.blogsoestado.com\/danielmatos\/wellington-se-reune-com-mp-para-tratar-sobre-acao-em-defesa-de-aprovados-no-concurso-de-matoes-do-norte\/\",\"url\":\"https:\/\/www.blogsoestado.com\/danielmatos\/wellington-se-reune-com-mp-para-tratar-sobre-acao-em-defesa-de-aprovados-no-concurso-de-matoes-do-norte\/\",\"name\":\"Wellington se re\u00fane com MP para tratar sobre a\u00e7\u00e3o em defesa de aprovados no concurso de Mat\u00f5es do Norte - Daniel Matos\",\"isPartOf\":{\"@id\":\"https:\/\/www.blogsoestado.com\/danielmatos\/#website\"},\"primaryImageOfPage\":{\"@id\":\"https:\/\/www.blogsoestado.com\/danielmatos\/wellington-se-reune-com-mp-para-tratar-sobre-acao-em-defesa-de-aprovados-no-concurso-de-matoes-do-norte\/#primaryimage\"},\"image\":{\"@id\":\"https:\/\/www.blogsoestado.com\/danielmatos\/wellington-se-reune-com-mp-para-tratar-sobre-acao-em-defesa-de-aprovados-no-concurso-de-matoes-do-norte\/#primaryimage\"},\"thumbnailUrl\":\"https:\/\/www.blogsoestado.com\/danielmatos\/files\/2018\/03\/w-matoes.jpg\",\"datePublished\":\"2018-03-07T11:45:56+00:00\",\"author\":{\"@id\":\"\"},\"breadcrumb\":{\"@id\":\"https:\/\/www.blogsoestado.com\/danielmatos\/wellington-se-reune-com-mp-para-tratar-sobre-acao-em-defesa-de-aprovados-no-concurso-de-matoes-do-norte\/#breadcrumb\"},\"inLanguage\":\"pt-BR\",\"potentialAction\":[{\"@type\":\"ReadAction\",\"target\":[\"https:\/\/www.blogsoestado.com\/danielmatos\/wellington-se-reune-com-mp-para-tratar-sobre-acao-em-defesa-de-aprovados-no-concurso-de-matoes-do-norte\/\"]}]},{\"@type\":\"ImageObject\",\"inLanguage\":\"pt-BR\",\"@id\":\"https:\/\/www.blogsoestado.com\/danielmatos\/wellington-se-reune-com-mp-para-tratar-sobre-acao-em-defesa-de-aprovados-no-concurso-de-matoes-do-norte\/#primaryimage\",\"url\":\"https:\/\/www.blogsoestado.com\/danielmatos\/files\/2018\/03\/w-matoes.jpg\",\"contentUrl\":\"https:\/\/www.blogsoestado.com\/danielmatos\/files\/2018\/03\/w-matoes.jpg\"},{\"@type\":\"BreadcrumbList\",\"@id\":\"https:\/\/www.blogsoestado.com\/danielmatos\/wellington-se-reune-com-mp-para-tratar-sobre-acao-em-defesa-de-aprovados-no-concurso-de-matoes-do-norte\/#breadcrumb\",\"itemListElement\":[{\"@type\":\"ListItem\",\"position\":1,\"name\":\"In\u00edcio\",\"item\":\"https:\/\/www.blogsoestado.com\/danielmatos\/\"},{\"@type\":\"ListItem\",\"position\":2,\"name\":\"Wellington se re\u00fane com MP para tratar sobre a\u00e7\u00e3o em defesa de aprovados no concurso de Mat\u00f5es do Norte\"}]},{\"@type\":\"WebSite\",\"@id\":\"https:\/\/www.blogsoestado.com\/danielmatos\/#website\",\"url\":\"https:\/\/www.blogsoestado.com\/danielmatos\/\",\"name\":\"Daniel Matos\",\"description\":\"\",\"potentialAction\":[{\"@type\":\"SearchAction\",\"target\":{\"@type\":\"EntryPoint\",\"urlTemplate\":\"https:\/\/www.blogsoestado.com\/danielmatos\/?s={search_term_string}\"},\"query-input\":{\"@type\":\"PropertyValueSpecification\",\"valueRequired\":true,\"valueName\":\"search_term_string\"}}],\"inLanguage\":\"pt-BR\"}]}<\/script>\n<!-- \/ Yoast SEO plugin. -->","yoast_head_json":{"title":"Wellington se re\u00fane com MP para tratar sobre a\u00e7\u00e3o em defesa de aprovados no concurso de Mat\u00f5es do Norte - Daniel Matos","robots":{"index":"index","follow":"follow","max-snippet":"max-snippet:-1","max-image-preview":"max-image-preview:large","max-video-preview":"max-video-preview:-1"},"canonical":"https:\/\/www.blogsoestado.com\/danielmatos\/wellington-se-reune-com-mp-para-tratar-sobre-acao-em-defesa-de-aprovados-no-concurso-de-matoes-do-norte\/","og_locale":"pt_BR","og_type":"article","og_title":"Wellington se re\u00fane com MP para tratar sobre a\u00e7\u00e3o em defesa de aprovados no concurso de Mat\u00f5es do Norte - Daniel Matos","og_description":"O deputado estadual progressista Wellington do Curso utilizou a tribuna da Assembleia Legislativa do Maranh\u00e3o, na tarde da \u00faltima segunda-feira [&hellip;]","og_url":"https:\/\/www.blogsoestado.com\/danielmatos\/wellington-se-reune-com-mp-para-tratar-sobre-acao-em-defesa-de-aprovados-no-concurso-de-matoes-do-norte\/","og_site_name":"Daniel Matos","article_published_time":"2018-03-07T11:45:56+00:00","og_image":[{"url":"https:\/\/www.blogsoestado.com\/danielmatos\/files\/2018\/03\/w-matoes.jpg","type":"","width":"","height":""}],"twitter_card":"summary_large_image","twitter_misc":{"Est. tempo de leitura":"1 minuto"},"schema":{"@context":"https:\/\/schema.org","@graph":[{"@type":"WebPage","@id":"https:\/\/www.blogsoestado.com\/danielmatos\/wellington-se-reune-com-mp-para-tratar-sobre-acao-em-defesa-de-aprovados-no-concurso-de-matoes-do-norte\/","url":"https:\/\/www.blogsoestado.com\/danielmatos\/wellington-se-reune-com-mp-para-tratar-sobre-acao-em-defesa-de-aprovados-no-concurso-de-matoes-do-norte\/","name":"Wellington se re\u00fane com MP para tratar sobre a\u00e7\u00e3o em defesa de aprovados no concurso de Mat\u00f5es do Norte - Daniel Matos","isPartOf":{"@id":"https:\/\/www.blogsoestado.com\/danielmatos\/#website"},"primaryImageOfPage":{"@id":"https:\/\/www.blogsoestado.com\/danielmatos\/wellington-se-reune-com-mp-para-tratar-sobre-acao-em-defesa-de-aprovados-no-concurso-de-matoes-do-norte\/#primaryimage"},"image":{"@id":"https:\/\/www.blogsoestado.com\/danielmatos\/wellington-se-reune-com-mp-para-tratar-sobre-acao-em-defesa-de-aprovados-no-concurso-de-matoes-do-norte\/#primaryimage"},"thumbnailUrl":"https:\/\/www.blogsoestado.com\/danielmatos\/files\/2018\/03\/w-matoes.jpg","datePublished":"2018-03-07T11:45:56+00:00","author":{"@id":""},"breadcrumb":{"@id":"https:\/\/www.blogsoestado.com\/danielmatos\/wellington-se-reune-com-mp-para-tratar-sobre-acao-em-defesa-de-aprovados-no-concurso-de-matoes-do-norte\/#breadcrumb"},"inLanguage":"pt-BR","potentialAction":[{"@type":"ReadAction","target":["https:\/\/www.blogsoestado.com\/danielmatos\/wellington-se-reune-com-mp-para-tratar-sobre-acao-em-defesa-de-aprovados-no-concurso-de-matoes-do-norte\/"]}]},{"@type":"ImageObject","inLanguage":"pt-BR","@id":"https:\/\/www.blogsoestado.com\/danielmatos\/wellington-se-reune-com-mp-para-tratar-sobre-acao-em-defesa-de-aprovados-no-concurso-de-matoes-do-norte\/#primaryimage","url":"https:\/\/www.blogsoestado.com\/danielmatos\/files\/2018\/03\/w-matoes.jpg","contentUrl":"https:\/\/www.blogsoestado.com\/danielmatos\/files\/2018\/03\/w-matoes.jpg"},{"@type":"BreadcrumbList","@id":"https:\/\/www.blogsoestado.com\/danielmatos\/wellington-se-reune-com-mp-para-tratar-sobre-acao-em-defesa-de-aprovados-no-concurso-de-matoes-do-norte\/#breadcrumb","itemListElement":[{"@type":"ListItem","position":1,"name":"In\u00edcio","item":"https:\/\/www.blogsoestado.com\/danielmatos\/"},{"@type":"ListItem","position":2,"name":"Wellington se re\u00fane com MP para tratar sobre a\u00e7\u00e3o em defesa de aprovados no concurso de Mat\u00f5es do Norte"}]},{"@type":"WebSite","@id":"https:\/\/www.blogsoestado.com\/danielmatos\/#website","url":"https:\/\/www.blogsoestado.com\/danielmatos\/","name":"Daniel Matos","description":"","potentialAction":[{"@type":"SearchAction","target":{"@type":"EntryPoint","urlTemplate":"https:\/\/www.blogsoestado.com\/danielmatos\/?s={search_term_string}"},"query-input":{"@type":"PropertyValueSpecification","valueRequired":true,"valueName":"search_term_string"}}],"inLanguage":"pt-BR"}]}},"jetpack_featured_media_url":"","_links":{"self":[{"href":"https:\/\/www.blogsoestado.com\/danielmatos\/wp-json\/wp\/v2\/posts\/49164","targetHints":{"allow":["GET"]}}],"collection":[{"href":"https:\/\/www.blogsoestado.com\/danielmatos\/wp-json\/wp\/v2\/posts"}],"about":[{"href":"https:\/\/www.blogsoestado.com\/danielmatos\/wp-json\/wp\/v2\/types\/post"}],"replies":[{"embeddable":true,"href":"https:\/\/www.blogsoestado.com\/danielmatos\/wp-json\/wp\/v2\/comments?post=49164"}],"version-history":[{"count":0,"href":"https:\/\/www.blogsoestado.com\/danielmatos\/wp-json\/wp\/v2\/posts\/49164\/revisions"}],"wp:attachment":[{"href":"https:\/\/www.blogsoestado.com\/danielmatos\/wp-json\/wp\/v2\/media?parent=49164"}],"wp:term":[{"taxonomy":"category","embeddable":true,"href":"https:\/\/www.blogsoestado.com\/danielmatos\/wp-json\/wp\/v2\/categories?post=49164"},{"taxonomy":"post_tag","embeddable":true,"href":"https:\/\/www.blogsoestado.com\/danielmatos\/wp-json\/wp\/v2\/tags?post=49164"}],"curies":[{"name":"wp","href":"https:\/\/api.w.org\/{rel}","templated":true}]}}