{"id":49168,"date":"2018-03-07T09:00:14","date_gmt":"2018-03-07T12:00:14","guid":{"rendered":"https:\/\/www.blogsoestado.com\/danielmatos\/?p=49168"},"modified":"2018-03-07T09:00:14","modified_gmt":"2018-03-07T12:00:14","slug":"panfleto-distribuido-pela-oposicao-de-paco-do-lumiar-nao-diz-verdade-afirma-dutra","status":"publish","type":"post","link":"https:\/\/www.blogsoestado.com\/danielmatos\/panfleto-distribuido-pela-oposicao-de-paco-do-lumiar-nao-diz-verdade-afirma-dutra\/","title":{"rendered":"Panfleto distribu\u00eddo pela oposi\u00e7\u00e3o de Pa\u00e7o do Lumiar n\u00e3o diz a verdade, afirma Dutra"},"content":{"rendered":"<figure id=\"attachment_49169\" aria-describedby=\"caption-attachment-49169\" style=\"width: 448px\" class=\"wp-caption alignleft\"><img fetchpriority=\"high\" decoding=\"async\" class=\"size-full wp-image-49169\" src=\"https:\/\/www.blogsoestado.com\/danielmatos\/files\/2018\/03\/dutra-asfalto.jpeg\" alt=\"\" width=\"448\" height=\"252\" \/><figcaption id=\"caption-attachment-49169\" class=\"wp-caption-text\">Obra de asfaltamento executada pela prefeitura no conjunto Maiob\u00e3o<\/figcaption><\/figure>\n<p>O panfleto que foi distribu\u00eddo na semana passada por conhecidos opositores do prefeito Domingos Dutra (PCdoB) em Pa\u00e7o do Lumiar informando que o Munic\u00edpio recebeu recursos federais e estaduais e nada foi investido em melhoria para a popula\u00e7\u00e3o n\u00e3o informa a verdade. A declara\u00e7\u00e3o \u00e9 do prefeito Domingos Dutra, ao explicar que, mesmo com a crise que reduziu os repasses para o munic\u00edpio e com mais de R$ 60 milh\u00f5es de d\u00edvidas herdadas de gest\u00f5es anteriores (com INSS, Cemar, precat\u00f3rios e Prevpa\u00e7o), cujos pagamentos comprometem boa parte dos investimentos, ele realizou em pouco mais de um ano de governo o que os prefeitos anteriores n\u00e3o realizaram em 35 anos em Pa\u00e7o do Lumiar.<\/p>\n<p>\u201cEsse panfleto foi distribu\u00eddo pelas vi\u00favas dos Arosos e do ex-prefeito Josemar, que, desesperadas, criam fact\u00f3ides e fazem den\u00fancias ao Minist\u00e9rio P\u00fablico, C\u00e2mara Municipal, redes sociais, mas n\u00e3o conseguem reunir meia d\u00fazia nos protestos\u201d, resumiu o prefeito Domingos Dutra.<\/p>\n<p>O prefeito lamenta a atitude da oposi\u00e7\u00e3o e lembra que, pela primeira vez, Pa\u00e7o do Lumiar tem escola e creche de tempo integral, abrigos nas paradas de \u00f4nibus, bancos nas pra\u00e7as, sinaliza\u00e7\u00e3o de tr\u00e2nsito, recupera\u00e7\u00e3o da Estrada do S\u00edtio Grande, recupera\u00e7\u00e3o da estrada do Pinda\u00ed a Igua\u00edba, po\u00e7os artesianos em comunidades que sofriam com a falta de \u00e1gua, \u00f4nibus interligando a zona rural com a zona urbana, um mercado do peixe em ambiente limpo e organizado, um Batalh\u00e3o da Pol\u00edcia Militar, uma companhia do Corpo de Bombeiros, uma ag\u00eancia do INSS, tr\u00e2nsito municipalizado, aulas de rob\u00f3tica para 7 mil alunos da rede municipal, uma Universidade da Terceira Idade, desconto de 50% em cursos de gradua\u00e7\u00e3o e p\u00f3s-gradua\u00e7\u00e3o para os servidores municipais e seus dependentes, entre outras obras e a\u00e7\u00f5es que nenhum prefeito anterior se preocupou em fazer.<\/p>\n<p>No momento, mais de 15 ruas do Maiob\u00e3o j\u00e1 foram asfaltadas e mais 15 dever\u00e3o ser pavimentadas nas pr\u00f3ximas semanas. Mais de 30 escolas municipais est\u00e3o sendo recuperadas para o ano letivo de 2018.<\/p>\n<p>\u201c\u00c9 do conhecimento de toda a popula\u00e7\u00e3o que recebemos Pa\u00e7o do Lumiar destru\u00eddo e que muito temos feito ao longo destes 14 meses, mas que muito mais precisa ser realizado. Para recuperar todas as vias e fazer todo o servi\u00e7o de infraestrutura do qual o munic\u00edpio precisa ser\u00e3o necess\u00e1rias v\u00e1rias gest\u00f5es depois da nossa. \u00c9 um trabalho iniciado por mim e que ter\u00e1 de ser continuado pelos prefeitos que vierem depois\u201d, explicou Dutra.<\/p>\n<p>Com rela\u00e7\u00e3o ao que foi citado pela oposi\u00e7\u00e3o no panfleto &#8211; UPA, Maternidade, Feira do Maiob\u00e3o, Portal da Transpar\u00eancia, recursos do IPTU, taxa de ilumina\u00e7\u00e3o p\u00fablica e limpeza -, o prefeito falou sobre cada item:<\/p>\n<p><strong>UPA:\u00a0<\/strong>H\u00e1 uma briga na Justi\u00e7a entre as empresas que ficaram em 1\u00ba e 2\u00ba lugar na licita\u00e7\u00e3o. A Prefeitura de Pa\u00e7o do Lumiar aguarda o parecer da Procuradoria Geral do Estado para saber se ser\u00e1 necess\u00e1ria nova licita\u00e7\u00e3o ou se a segunda colocada continuar\u00e1 com a obra, que s\u00f3 tem 30% dos servi\u00e7os feitos.<\/p>\n<p><strong>Maternidade:<\/strong> A Unidade Mista do Maiob\u00e3o, desativada pelo ex-secret\u00e1rio estadual da Sa\u00fade Ricardo Murad, vai se transformar no hospital-maternidade de Pa\u00e7o do Lumiar. O governador Fl\u00e1vio Dino concluiu a licita\u00e7\u00e3o do hospital no in\u00edcio deste m\u00eas e dever\u00e1 nas pr\u00f3ximas semanas assinar a Ordem de Servi\u00e7o para o in\u00edcio das obras.<\/p>\n<p><strong>Portal da Transpar\u00eancia:<\/strong> Est\u00e1 regular, inclusive com certid\u00e3o do Tribunal de Contas do Estado.<\/p>\n<p><strong>Recursos do IPTU:<\/strong> est\u00e3o sendo utilizados em diversas obras e servi\u00e7os no munic\u00edpio, como j\u00e1 foram enumerados.<\/p>\n<p><strong>Taxa de ilumina\u00e7\u00e3o:<\/strong> Est\u00e1 em andamento a licita\u00e7\u00e3o para a escolha de uma nova empresa. No momento, est\u00e3o sendo feitos servi\u00e7os de forma emergencial pela pr\u00f3pria Prefeitura.<\/p>\n<p><strong>Limpeza:<\/strong> Houve licita\u00e7\u00e3o e a empresa vencedora j\u00e1 est\u00e1 realizando a limpeza. Houve problema com ve\u00edculos na semana passada, o que comprometeu a limpeza em alguns bairros, mas a coleta j\u00e1 est\u00e1 voltando ao normal.<\/p>\n","protected":false},"excerpt":{"rendered":"<p>O panfleto que foi distribu\u00eddo na semana passada por conhecidos opositores do prefeito Domingos Dutra (PCdoB) em Pa\u00e7o do Lumiar [&hellip;]<\/p>\n","protected":false},"author":0,"featured_media":0,"comment_status":"open","ping_status":"open","sticky":false,"template":"","format":"standard","meta":{"site-sidebar-layout":"default","site-content-layout":"","ast-site-content-layout":"default","site-content-style":"default","site-sidebar-style":"default","ast-global-header-display":"","ast-banner-title-visibility":"","ast-main-header-display":"","ast-hfb-above-header-display":"","ast-hfb-below-header-display":"","ast-hfb-mobile-header-display":"","site-post-title":"","ast-breadcrumbs-content":"","ast-featured-img":"","footer-sml-layout":"","ast-disable-related-posts":"","theme-transparent-header-meta":"","adv-header-id-meta":"","stick-header-meta":"","header-above-stick-meta":"","header-main-stick-meta":"","header-below-stick-meta":"","astra-migrate-meta-layouts":"default","ast-page-background-enabled":"default","ast-page-background-meta":{"desktop":{"background-color":"var(--ast-global-color-5)","background-image":"","background-repeat":"repeat","background-position":"center center","background-size":"auto","background-attachment":"scroll","background-type":"","background-media":"","overlay-type":"","overlay-color":"","overlay-opacity":"","overlay-gradient":""},"tablet":{"background-color":"","background-image":"","background-repeat":"repeat","background-position":"center center","background-size":"auto","background-attachment":"scroll","background-type":"","background-media":"","overlay-type":"","overlay-color":"","overlay-opacity":"","overlay-gradient":""},"mobile":{"background-color":"","background-image":"","background-repeat":"repeat","background-position":"center center","background-size":"auto","background-attachment":"scroll","background-type":"","background-media":"","overlay-type":"","overlay-color":"","overlay-opacity":"","overlay-gradient":""}},"ast-content-background-meta":{"desktop":{"background-color":"var(--ast-global-color-4)","background-image":"","background-repeat":"repeat","background-position":"center center","background-size":"auto","background-attachment":"scroll","background-type":"","background-media":"","overlay-type":"","overlay-color":"","overlay-opacity":"","overlay-gradient":""},"tablet":{"background-color":"var(--ast-global-color-4)","background-image":"","background-repeat":"repeat","background-position":"center center","background-size":"auto","background-attachment":"scroll","background-type":"","background-media":"","overlay-type":"","overlay-color":"","overlay-opacity":"","overlay-gradient":""},"mobile":{"background-color":"var(--ast-global-color-4)","background-image":"","background-repeat":"repeat","background-position":"center center","background-size":"auto","background-attachment":"scroll","background-type":"","background-media":"","overlay-type":"","overlay-color":"","overlay-opacity":"","overlay-gradient":""}},"footnotes":""},"categories":[1],"tags":[],"class_list":["post-49168","post","type-post","status-publish","format-standard","hentry","category-sem-categoria"],"yoast_head":"<!-- This site is optimized with the Yoast SEO plugin v26.6 - https:\/\/yoast.com\/wordpress\/plugins\/seo\/ -->\n<title>Panfleto distribu\u00eddo pela oposi\u00e7\u00e3o de Pa\u00e7o do Lumiar n\u00e3o diz a verdade, afirma Dutra - Daniel Matos<\/title>\n<meta name=\"robots\" content=\"index, follow, max-snippet:-1, max-image-preview:large, max-video-preview:-1\" \/>\n<link rel=\"canonical\" href=\"https:\/\/www.blogsoestado.com\/danielmatos\/panfleto-distribuido-pela-oposicao-de-paco-do-lumiar-nao-diz-verdade-afirma-dutra\/\" \/>\n<meta property=\"og:locale\" content=\"pt_BR\" \/>\n<meta property=\"og:type\" content=\"article\" \/>\n<meta property=\"og:title\" content=\"Panfleto distribu\u00eddo pela oposi\u00e7\u00e3o de Pa\u00e7o do Lumiar n\u00e3o diz a verdade, afirma Dutra - Daniel Matos\" \/>\n<meta property=\"og:description\" content=\"O panfleto que foi distribu\u00eddo na semana passada por conhecidos opositores do prefeito Domingos Dutra (PCdoB) em Pa\u00e7o do Lumiar [&hellip;]\" \/>\n<meta property=\"og:url\" content=\"https:\/\/www.blogsoestado.com\/danielmatos\/panfleto-distribuido-pela-oposicao-de-paco-do-lumiar-nao-diz-verdade-afirma-dutra\/\" \/>\n<meta property=\"og:site_name\" content=\"Daniel Matos\" \/>\n<meta property=\"article:published_time\" content=\"2018-03-07T12:00:14+00:00\" \/>\n<meta property=\"og:image\" content=\"https:\/\/www.blogsoestado.com\/danielmatos\/files\/2018\/03\/dutra-asfalto.jpeg\" \/>\n<meta name=\"twitter:card\" content=\"summary_large_image\" \/>\n<meta name=\"twitter:label1\" content=\"Est. tempo de leitura\" \/>\n\t<meta name=\"twitter:data1\" content=\"4 minutos\" \/>\n<script type=\"application\/ld+json\" class=\"yoast-schema-graph\">{\"@context\":\"https:\/\/schema.org\",\"@graph\":[{\"@type\":\"WebPage\",\"@id\":\"https:\/\/www.blogsoestado.com\/danielmatos\/panfleto-distribuido-pela-oposicao-de-paco-do-lumiar-nao-diz-verdade-afirma-dutra\/\",\"url\":\"https:\/\/www.blogsoestado.com\/danielmatos\/panfleto-distribuido-pela-oposicao-de-paco-do-lumiar-nao-diz-verdade-afirma-dutra\/\",\"name\":\"Panfleto distribu\u00eddo pela oposi\u00e7\u00e3o de Pa\u00e7o do Lumiar n\u00e3o diz a verdade, afirma Dutra - Daniel Matos\",\"isPartOf\":{\"@id\":\"https:\/\/www.blogsoestado.com\/danielmatos\/#website\"},\"primaryImageOfPage\":{\"@id\":\"https:\/\/www.blogsoestado.com\/danielmatos\/panfleto-distribuido-pela-oposicao-de-paco-do-lumiar-nao-diz-verdade-afirma-dutra\/#primaryimage\"},\"image\":{\"@id\":\"https:\/\/www.blogsoestado.com\/danielmatos\/panfleto-distribuido-pela-oposicao-de-paco-do-lumiar-nao-diz-verdade-afirma-dutra\/#primaryimage\"},\"thumbnailUrl\":\"https:\/\/www.blogsoestado.com\/danielmatos\/files\/2018\/03\/dutra-asfalto.jpeg\",\"datePublished\":\"2018-03-07T12:00:14+00:00\",\"author\":{\"@id\":\"\"},\"breadcrumb\":{\"@id\":\"https:\/\/www.blogsoestado.com\/danielmatos\/panfleto-distribuido-pela-oposicao-de-paco-do-lumiar-nao-diz-verdade-afirma-dutra\/#breadcrumb\"},\"inLanguage\":\"pt-BR\",\"potentialAction\":[{\"@type\":\"ReadAction\",\"target\":[\"https:\/\/www.blogsoestado.com\/danielmatos\/panfleto-distribuido-pela-oposicao-de-paco-do-lumiar-nao-diz-verdade-afirma-dutra\/\"]}]},{\"@type\":\"ImageObject\",\"inLanguage\":\"pt-BR\",\"@id\":\"https:\/\/www.blogsoestado.com\/danielmatos\/panfleto-distribuido-pela-oposicao-de-paco-do-lumiar-nao-diz-verdade-afirma-dutra\/#primaryimage\",\"url\":\"https:\/\/www.blogsoestado.com\/danielmatos\/files\/2018\/03\/dutra-asfalto.jpeg\",\"contentUrl\":\"https:\/\/www.blogsoestado.com\/danielmatos\/files\/2018\/03\/dutra-asfalto.jpeg\"},{\"@type\":\"BreadcrumbList\",\"@id\":\"https:\/\/www.blogsoestado.com\/danielmatos\/panfleto-distribuido-pela-oposicao-de-paco-do-lumiar-nao-diz-verdade-afirma-dutra\/#breadcrumb\",\"itemListElement\":[{\"@type\":\"ListItem\",\"position\":1,\"name\":\"In\u00edcio\",\"item\":\"https:\/\/www.blogsoestado.com\/danielmatos\/\"},{\"@type\":\"ListItem\",\"position\":2,\"name\":\"Panfleto distribu\u00eddo pela oposi\u00e7\u00e3o de Pa\u00e7o do Lumiar n\u00e3o diz a verdade, afirma Dutra\"}]},{\"@type\":\"WebSite\",\"@id\":\"https:\/\/www.blogsoestado.com\/danielmatos\/#website\",\"url\":\"https:\/\/www.blogsoestado.com\/danielmatos\/\",\"name\":\"Daniel Matos\",\"description\":\"\",\"potentialAction\":[{\"@type\":\"SearchAction\",\"target\":{\"@type\":\"EntryPoint\",\"urlTemplate\":\"https:\/\/www.blogsoestado.com\/danielmatos\/?s={search_term_string}\"},\"query-input\":{\"@type\":\"PropertyValueSpecification\",\"valueRequired\":true,\"valueName\":\"search_term_string\"}}],\"inLanguage\":\"pt-BR\"}]}<\/script>\n<!-- \/ Yoast SEO plugin. -->","yoast_head_json":{"title":"Panfleto distribu\u00eddo pela oposi\u00e7\u00e3o de Pa\u00e7o do Lumiar n\u00e3o diz a verdade, afirma Dutra - Daniel Matos","robots":{"index":"index","follow":"follow","max-snippet":"max-snippet:-1","max-image-preview":"max-image-preview:large","max-video-preview":"max-video-preview:-1"},"canonical":"https:\/\/www.blogsoestado.com\/danielmatos\/panfleto-distribuido-pela-oposicao-de-paco-do-lumiar-nao-diz-verdade-afirma-dutra\/","og_locale":"pt_BR","og_type":"article","og_title":"Panfleto distribu\u00eddo pela oposi\u00e7\u00e3o de Pa\u00e7o do Lumiar n\u00e3o diz a verdade, afirma Dutra - Daniel Matos","og_description":"O panfleto que foi distribu\u00eddo na semana passada por conhecidos opositores do prefeito Domingos Dutra (PCdoB) em Pa\u00e7o do Lumiar [&hellip;]","og_url":"https:\/\/www.blogsoestado.com\/danielmatos\/panfleto-distribuido-pela-oposicao-de-paco-do-lumiar-nao-diz-verdade-afirma-dutra\/","og_site_name":"Daniel Matos","article_published_time":"2018-03-07T12:00:14+00:00","og_image":[{"url":"https:\/\/www.blogsoestado.com\/danielmatos\/files\/2018\/03\/dutra-asfalto.jpeg","type":"","width":"","height":""}],"twitter_card":"summary_large_image","twitter_misc":{"Est. tempo de leitura":"4 minutos"},"schema":{"@context":"https:\/\/schema.org","@graph":[{"@type":"WebPage","@id":"https:\/\/www.blogsoestado.com\/danielmatos\/panfleto-distribuido-pela-oposicao-de-paco-do-lumiar-nao-diz-verdade-afirma-dutra\/","url":"https:\/\/www.blogsoestado.com\/danielmatos\/panfleto-distribuido-pela-oposicao-de-paco-do-lumiar-nao-diz-verdade-afirma-dutra\/","name":"Panfleto distribu\u00eddo pela oposi\u00e7\u00e3o de Pa\u00e7o do Lumiar n\u00e3o diz a verdade, afirma Dutra - Daniel Matos","isPartOf":{"@id":"https:\/\/www.blogsoestado.com\/danielmatos\/#website"},"primaryImageOfPage":{"@id":"https:\/\/www.blogsoestado.com\/danielmatos\/panfleto-distribuido-pela-oposicao-de-paco-do-lumiar-nao-diz-verdade-afirma-dutra\/#primaryimage"},"image":{"@id":"https:\/\/www.blogsoestado.com\/danielmatos\/panfleto-distribuido-pela-oposicao-de-paco-do-lumiar-nao-diz-verdade-afirma-dutra\/#primaryimage"},"thumbnailUrl":"https:\/\/www.blogsoestado.com\/danielmatos\/files\/2018\/03\/dutra-asfalto.jpeg","datePublished":"2018-03-07T12:00:14+00:00","author":{"@id":""},"breadcrumb":{"@id":"https:\/\/www.blogsoestado.com\/danielmatos\/panfleto-distribuido-pela-oposicao-de-paco-do-lumiar-nao-diz-verdade-afirma-dutra\/#breadcrumb"},"inLanguage":"pt-BR","potentialAction":[{"@type":"ReadAction","target":["https:\/\/www.blogsoestado.com\/danielmatos\/panfleto-distribuido-pela-oposicao-de-paco-do-lumiar-nao-diz-verdade-afirma-dutra\/"]}]},{"@type":"ImageObject","inLanguage":"pt-BR","@id":"https:\/\/www.blogsoestado.com\/danielmatos\/panfleto-distribuido-pela-oposicao-de-paco-do-lumiar-nao-diz-verdade-afirma-dutra\/#primaryimage","url":"https:\/\/www.blogsoestado.com\/danielmatos\/files\/2018\/03\/dutra-asfalto.jpeg","contentUrl":"https:\/\/www.blogsoestado.com\/danielmatos\/files\/2018\/03\/dutra-asfalto.jpeg"},{"@type":"BreadcrumbList","@id":"https:\/\/www.blogsoestado.com\/danielmatos\/panfleto-distribuido-pela-oposicao-de-paco-do-lumiar-nao-diz-verdade-afirma-dutra\/#breadcrumb","itemListElement":[{"@type":"ListItem","position":1,"name":"In\u00edcio","item":"https:\/\/www.blogsoestado.com\/danielmatos\/"},{"@type":"ListItem","position":2,"name":"Panfleto distribu\u00eddo pela oposi\u00e7\u00e3o de Pa\u00e7o do Lumiar n\u00e3o diz a verdade, afirma Dutra"}]},{"@type":"WebSite","@id":"https:\/\/www.blogsoestado.com\/danielmatos\/#website","url":"https:\/\/www.blogsoestado.com\/danielmatos\/","name":"Daniel Matos","description":"","potentialAction":[{"@type":"SearchAction","target":{"@type":"EntryPoint","urlTemplate":"https:\/\/www.blogsoestado.com\/danielmatos\/?s={search_term_string}"},"query-input":{"@type":"PropertyValueSpecification","valueRequired":true,"valueName":"search_term_string"}}],"inLanguage":"pt-BR"}]}},"jetpack_featured_media_url":"","_links":{"self":[{"href":"https:\/\/www.blogsoestado.com\/danielmatos\/wp-json\/wp\/v2\/posts\/49168","targetHints":{"allow":["GET"]}}],"collection":[{"href":"https:\/\/www.blogsoestado.com\/danielmatos\/wp-json\/wp\/v2\/posts"}],"about":[{"href":"https:\/\/www.blogsoestado.com\/danielmatos\/wp-json\/wp\/v2\/types\/post"}],"replies":[{"embeddable":true,"href":"https:\/\/www.blogsoestado.com\/danielmatos\/wp-json\/wp\/v2\/comments?post=49168"}],"version-history":[{"count":0,"href":"https:\/\/www.blogsoestado.com\/danielmatos\/wp-json\/wp\/v2\/posts\/49168\/revisions"}],"wp:attachment":[{"href":"https:\/\/www.blogsoestado.com\/danielmatos\/wp-json\/wp\/v2\/media?parent=49168"}],"wp:term":[{"taxonomy":"category","embeddable":true,"href":"https:\/\/www.blogsoestado.com\/danielmatos\/wp-json\/wp\/v2\/categories?post=49168"},{"taxonomy":"post_tag","embeddable":true,"href":"https:\/\/www.blogsoestado.com\/danielmatos\/wp-json\/wp\/v2\/tags?post=49168"}],"curies":[{"name":"wp","href":"https:\/\/api.w.org\/{rel}","templated":true}]}}