{"id":49171,"date":"2018-03-07T09:08:27","date_gmt":"2018-03-07T12:08:27","guid":{"rendered":"https:\/\/www.blogsoestado.com\/danielmatos\/?p=49171"},"modified":"2018-03-07T09:08:27","modified_gmt":"2018-03-07T12:08:27","slug":"vereador-cezar-bombeiro-realizara-painel-na-camara-municipal-sobre-futebol-profissional-e-amador","status":"publish","type":"post","link":"https:\/\/www.blogsoestado.com\/danielmatos\/vereador-cezar-bombeiro-realizara-painel-na-camara-municipal-sobre-futebol-profissional-e-amador\/","title":{"rendered":"Vereador C\u00e9zar Bombeiro realizar\u00e1 painel na C\u00e2mara Municipal sobre futebol profissional e amador"},"content":{"rendered":"<figure id=\"attachment_49172\" aria-describedby=\"caption-attachment-49172\" style=\"width: 448px\" class=\"wp-caption alignright\"><img fetchpriority=\"high\" decoding=\"async\" class=\"size-full wp-image-49172\" src=\"https:\/\/www.blogsoestado.com\/danielmatos\/files\/2018\/03\/bombeiro-requer.jpg\" alt=\"\" width=\"448\" height=\"252\" \/><figcaption id=\"caption-attachment-49172\" class=\"wp-caption-text\">C\u00e9zar Bombeiro lembra que o futebol amador foi muito importante em S\u00e3o Lu\u00eds por muitos anos<\/figcaption><\/figure>\n<p>A C\u00e2mara Municipal de S\u00e3o Lu\u00eds aprovou ontem (05), requerimento do vereador C\u00e9zar Bombeiro (PSD), que solicita a realiza\u00e7\u00e3o de um painel no plen\u00e1rio do legislativo municipal para debater o Futebol Profissional e Amador.<\/p>\n<p>A iniciativa do vereador \u00e9 importante sobre diversos aspectos, haja vista que o futebol profissional pode crescer e alcan\u00e7ar importantes patamares, desde que tenha jovens e adolescentes do esporte amador para a inser\u00e7\u00e3o no mercado profissional e logo no nacional e internacional. Hoje temos uma realidade de muitos talentos maranhenses no cen\u00e1rio nacional que vieram das v\u00e1rzeas, por n\u00e3o terem condi\u00e7\u00f5es de frequentar escolinhas diz C\u00e9zar Bombeiro.<\/p>\n<p>&#8220;O esporte amador em S\u00e3o Lu\u00eds foi muito importante e durante muitos anos foram suportes para os clubes da primeira divis\u00e3o com atletas formados em suas bases. Hoje, n\u00e3o podemos pensar apenas no futebol, mas no futebol de sal\u00e3o, no v\u00f4lei, no basquete, handebol e outras modalidades em que possam ser inseridos as mulheres e os homens. Precisamos criar oportunidades para os jovens das nossas periferias, onde temos importantes talentos, que precisam apenas de oportunidades&#8221;, afirmou o vereador.<\/p>\n<p>Para o painel dever\u00e3o ser convidados dirigentes de clubes profissionais e amadores, Associa\u00e7\u00f5es, Federa\u00e7\u00f5es Esportivas, Ligas Amadoras, Secretaria de Esporte e Lazer do Munic\u00edpio e do Estado e a ACLEM, respons\u00e1vel por colocar o esporte maranhense em ascens\u00e3o permanente, destacou C\u00e9zar Bombeiro.<\/p>\n","protected":false},"excerpt":{"rendered":"<p>A C\u00e2mara Municipal de S\u00e3o Lu\u00eds aprovou ontem (05), requerimento do vereador C\u00e9zar Bombeiro (PSD), que solicita a realiza\u00e7\u00e3o de [&hellip;]<\/p>\n","protected":false},"author":0,"featured_media":0,"comment_status":"open","ping_status":"open","sticky":false,"template":"","format":"standard","meta":{"site-sidebar-layout":"default","site-content-layout":"","ast-site-content-layout":"default","site-content-style":"default","site-sidebar-style":"default","ast-global-header-display":"","ast-banner-title-visibility":"","ast-main-header-display":"","ast-hfb-above-header-display":"","ast-hfb-below-header-display":"","ast-hfb-mobile-header-display":"","site-post-title":"","ast-breadcrumbs-content":"","ast-featured-img":"","footer-sml-layout":"","ast-disable-related-posts":"","theme-transparent-header-meta":"","adv-header-id-meta":"","stick-header-meta":"","header-above-stick-meta":"","header-main-stick-meta":"","header-below-stick-meta":"","astra-migrate-meta-layouts":"default","ast-page-background-enabled":"default","ast-page-background-meta":{"desktop":{"background-color":"var(--ast-global-color-5)","background-image":"","background-repeat":"repeat","background-position":"center center","background-size":"auto","background-attachment":"scroll","background-type":"","background-media":"","overlay-type":"","overlay-color":"","overlay-opacity":"","overlay-gradient":""},"tablet":{"background-color":"","background-image":"","background-repeat":"repeat","background-position":"center center","background-size":"auto","background-attachment":"scroll","background-type":"","background-media":"","overlay-type":"","overlay-color":"","overlay-opacity":"","overlay-gradient":""},"mobile":{"background-color":"","background-image":"","background-repeat":"repeat","background-position":"center center","background-size":"auto","background-attachment":"scroll","background-type":"","background-media":"","overlay-type":"","overlay-color":"","overlay-opacity":"","overlay-gradient":""}},"ast-content-background-meta":{"desktop":{"background-color":"var(--ast-global-color-4)","background-image":"","background-repeat":"repeat","background-position":"center center","background-size":"auto","background-attachment":"scroll","background-type":"","background-media":"","overlay-type":"","overlay-color":"","overlay-opacity":"","overlay-gradient":""},"tablet":{"background-color":"var(--ast-global-color-4)","background-image":"","background-repeat":"repeat","background-position":"center center","background-size":"auto","background-attachment":"scroll","background-type":"","background-media":"","overlay-type":"","overlay-color":"","overlay-opacity":"","overlay-gradient":""},"mobile":{"background-color":"var(--ast-global-color-4)","background-image":"","background-repeat":"repeat","background-position":"center center","background-size":"auto","background-attachment":"scroll","background-type":"","background-media":"","overlay-type":"","overlay-color":"","overlay-opacity":"","overlay-gradient":""}},"footnotes":""},"categories":[1],"tags":[],"class_list":["post-49171","post","type-post","status-publish","format-standard","hentry","category-sem-categoria"],"yoast_head":"<!-- This site is optimized with the Yoast SEO plugin v26.6 - https:\/\/yoast.com\/wordpress\/plugins\/seo\/ -->\n<title>Vereador C\u00e9zar Bombeiro realizar\u00e1 painel na C\u00e2mara Municipal sobre futebol profissional e amador - Daniel Matos<\/title>\n<meta name=\"robots\" content=\"index, follow, max-snippet:-1, max-image-preview:large, max-video-preview:-1\" \/>\n<link rel=\"canonical\" href=\"https:\/\/www.blogsoestado.com\/danielmatos\/vereador-cezar-bombeiro-realizara-painel-na-camara-municipal-sobre-futebol-profissional-e-amador\/\" \/>\n<meta property=\"og:locale\" content=\"pt_BR\" \/>\n<meta property=\"og:type\" content=\"article\" \/>\n<meta property=\"og:title\" content=\"Vereador C\u00e9zar Bombeiro realizar\u00e1 painel na C\u00e2mara Municipal sobre futebol profissional e amador - Daniel Matos\" \/>\n<meta property=\"og:description\" content=\"A C\u00e2mara Municipal de S\u00e3o Lu\u00eds aprovou ontem (05), requerimento do vereador C\u00e9zar Bombeiro (PSD), que solicita a realiza\u00e7\u00e3o de [&hellip;]\" \/>\n<meta property=\"og:url\" content=\"https:\/\/www.blogsoestado.com\/danielmatos\/vereador-cezar-bombeiro-realizara-painel-na-camara-municipal-sobre-futebol-profissional-e-amador\/\" \/>\n<meta property=\"og:site_name\" content=\"Daniel Matos\" \/>\n<meta property=\"article:published_time\" content=\"2018-03-07T12:08:27+00:00\" \/>\n<meta property=\"og:image\" content=\"https:\/\/www.blogsoestado.com\/danielmatos\/files\/2018\/03\/bombeiro-requer.jpg\" \/>\n<meta name=\"twitter:card\" content=\"summary_large_image\" \/>\n<meta name=\"twitter:label1\" content=\"Est. tempo de leitura\" \/>\n\t<meta name=\"twitter:data1\" content=\"1 minuto\" \/>\n<script type=\"application\/ld+json\" class=\"yoast-schema-graph\">{\"@context\":\"https:\/\/schema.org\",\"@graph\":[{\"@type\":\"WebPage\",\"@id\":\"https:\/\/www.blogsoestado.com\/danielmatos\/vereador-cezar-bombeiro-realizara-painel-na-camara-municipal-sobre-futebol-profissional-e-amador\/\",\"url\":\"https:\/\/www.blogsoestado.com\/danielmatos\/vereador-cezar-bombeiro-realizara-painel-na-camara-municipal-sobre-futebol-profissional-e-amador\/\",\"name\":\"Vereador C\u00e9zar Bombeiro realizar\u00e1 painel na C\u00e2mara Municipal sobre futebol profissional e amador - Daniel Matos\",\"isPartOf\":{\"@id\":\"https:\/\/www.blogsoestado.com\/danielmatos\/#website\"},\"primaryImageOfPage\":{\"@id\":\"https:\/\/www.blogsoestado.com\/danielmatos\/vereador-cezar-bombeiro-realizara-painel-na-camara-municipal-sobre-futebol-profissional-e-amador\/#primaryimage\"},\"image\":{\"@id\":\"https:\/\/www.blogsoestado.com\/danielmatos\/vereador-cezar-bombeiro-realizara-painel-na-camara-municipal-sobre-futebol-profissional-e-amador\/#primaryimage\"},\"thumbnailUrl\":\"https:\/\/www.blogsoestado.com\/danielmatos\/files\/2018\/03\/bombeiro-requer.jpg\",\"datePublished\":\"2018-03-07T12:08:27+00:00\",\"author\":{\"@id\":\"\"},\"breadcrumb\":{\"@id\":\"https:\/\/www.blogsoestado.com\/danielmatos\/vereador-cezar-bombeiro-realizara-painel-na-camara-municipal-sobre-futebol-profissional-e-amador\/#breadcrumb\"},\"inLanguage\":\"pt-BR\",\"potentialAction\":[{\"@type\":\"ReadAction\",\"target\":[\"https:\/\/www.blogsoestado.com\/danielmatos\/vereador-cezar-bombeiro-realizara-painel-na-camara-municipal-sobre-futebol-profissional-e-amador\/\"]}]},{\"@type\":\"ImageObject\",\"inLanguage\":\"pt-BR\",\"@id\":\"https:\/\/www.blogsoestado.com\/danielmatos\/vereador-cezar-bombeiro-realizara-painel-na-camara-municipal-sobre-futebol-profissional-e-amador\/#primaryimage\",\"url\":\"https:\/\/www.blogsoestado.com\/danielmatos\/files\/2018\/03\/bombeiro-requer.jpg\",\"contentUrl\":\"https:\/\/www.blogsoestado.com\/danielmatos\/files\/2018\/03\/bombeiro-requer.jpg\"},{\"@type\":\"BreadcrumbList\",\"@id\":\"https:\/\/www.blogsoestado.com\/danielmatos\/vereador-cezar-bombeiro-realizara-painel-na-camara-municipal-sobre-futebol-profissional-e-amador\/#breadcrumb\",\"itemListElement\":[{\"@type\":\"ListItem\",\"position\":1,\"name\":\"In\u00edcio\",\"item\":\"https:\/\/www.blogsoestado.com\/danielmatos\/\"},{\"@type\":\"ListItem\",\"position\":2,\"name\":\"Vereador C\u00e9zar Bombeiro realizar\u00e1 painel na C\u00e2mara Municipal sobre futebol profissional e amador\"}]},{\"@type\":\"WebSite\",\"@id\":\"https:\/\/www.blogsoestado.com\/danielmatos\/#website\",\"url\":\"https:\/\/www.blogsoestado.com\/danielmatos\/\",\"name\":\"Daniel Matos\",\"description\":\"\",\"potentialAction\":[{\"@type\":\"SearchAction\",\"target\":{\"@type\":\"EntryPoint\",\"urlTemplate\":\"https:\/\/www.blogsoestado.com\/danielmatos\/?s={search_term_string}\"},\"query-input\":{\"@type\":\"PropertyValueSpecification\",\"valueRequired\":true,\"valueName\":\"search_term_string\"}}],\"inLanguage\":\"pt-BR\"}]}<\/script>\n<!-- \/ Yoast SEO plugin. -->","yoast_head_json":{"title":"Vereador C\u00e9zar Bombeiro realizar\u00e1 painel na C\u00e2mara Municipal sobre futebol profissional e amador - Daniel Matos","robots":{"index":"index","follow":"follow","max-snippet":"max-snippet:-1","max-image-preview":"max-image-preview:large","max-video-preview":"max-video-preview:-1"},"canonical":"https:\/\/www.blogsoestado.com\/danielmatos\/vereador-cezar-bombeiro-realizara-painel-na-camara-municipal-sobre-futebol-profissional-e-amador\/","og_locale":"pt_BR","og_type":"article","og_title":"Vereador C\u00e9zar Bombeiro realizar\u00e1 painel na C\u00e2mara Municipal sobre futebol profissional e amador - Daniel Matos","og_description":"A C\u00e2mara Municipal de S\u00e3o Lu\u00eds aprovou ontem (05), requerimento do vereador C\u00e9zar Bombeiro (PSD), que solicita a realiza\u00e7\u00e3o de [&hellip;]","og_url":"https:\/\/www.blogsoestado.com\/danielmatos\/vereador-cezar-bombeiro-realizara-painel-na-camara-municipal-sobre-futebol-profissional-e-amador\/","og_site_name":"Daniel Matos","article_published_time":"2018-03-07T12:08:27+00:00","og_image":[{"url":"https:\/\/www.blogsoestado.com\/danielmatos\/files\/2018\/03\/bombeiro-requer.jpg","type":"","width":"","height":""}],"twitter_card":"summary_large_image","twitter_misc":{"Est. tempo de leitura":"1 minuto"},"schema":{"@context":"https:\/\/schema.org","@graph":[{"@type":"WebPage","@id":"https:\/\/www.blogsoestado.com\/danielmatos\/vereador-cezar-bombeiro-realizara-painel-na-camara-municipal-sobre-futebol-profissional-e-amador\/","url":"https:\/\/www.blogsoestado.com\/danielmatos\/vereador-cezar-bombeiro-realizara-painel-na-camara-municipal-sobre-futebol-profissional-e-amador\/","name":"Vereador C\u00e9zar Bombeiro realizar\u00e1 painel na C\u00e2mara Municipal sobre futebol profissional e amador - Daniel Matos","isPartOf":{"@id":"https:\/\/www.blogsoestado.com\/danielmatos\/#website"},"primaryImageOfPage":{"@id":"https:\/\/www.blogsoestado.com\/danielmatos\/vereador-cezar-bombeiro-realizara-painel-na-camara-municipal-sobre-futebol-profissional-e-amador\/#primaryimage"},"image":{"@id":"https:\/\/www.blogsoestado.com\/danielmatos\/vereador-cezar-bombeiro-realizara-painel-na-camara-municipal-sobre-futebol-profissional-e-amador\/#primaryimage"},"thumbnailUrl":"https:\/\/www.blogsoestado.com\/danielmatos\/files\/2018\/03\/bombeiro-requer.jpg","datePublished":"2018-03-07T12:08:27+00:00","author":{"@id":""},"breadcrumb":{"@id":"https:\/\/www.blogsoestado.com\/danielmatos\/vereador-cezar-bombeiro-realizara-painel-na-camara-municipal-sobre-futebol-profissional-e-amador\/#breadcrumb"},"inLanguage":"pt-BR","potentialAction":[{"@type":"ReadAction","target":["https:\/\/www.blogsoestado.com\/danielmatos\/vereador-cezar-bombeiro-realizara-painel-na-camara-municipal-sobre-futebol-profissional-e-amador\/"]}]},{"@type":"ImageObject","inLanguage":"pt-BR","@id":"https:\/\/www.blogsoestado.com\/danielmatos\/vereador-cezar-bombeiro-realizara-painel-na-camara-municipal-sobre-futebol-profissional-e-amador\/#primaryimage","url":"https:\/\/www.blogsoestado.com\/danielmatos\/files\/2018\/03\/bombeiro-requer.jpg","contentUrl":"https:\/\/www.blogsoestado.com\/danielmatos\/files\/2018\/03\/bombeiro-requer.jpg"},{"@type":"BreadcrumbList","@id":"https:\/\/www.blogsoestado.com\/danielmatos\/vereador-cezar-bombeiro-realizara-painel-na-camara-municipal-sobre-futebol-profissional-e-amador\/#breadcrumb","itemListElement":[{"@type":"ListItem","position":1,"name":"In\u00edcio","item":"https:\/\/www.blogsoestado.com\/danielmatos\/"},{"@type":"ListItem","position":2,"name":"Vereador C\u00e9zar Bombeiro realizar\u00e1 painel na C\u00e2mara Municipal sobre futebol profissional e amador"}]},{"@type":"WebSite","@id":"https:\/\/www.blogsoestado.com\/danielmatos\/#website","url":"https:\/\/www.blogsoestado.com\/danielmatos\/","name":"Daniel Matos","description":"","potentialAction":[{"@type":"SearchAction","target":{"@type":"EntryPoint","urlTemplate":"https:\/\/www.blogsoestado.com\/danielmatos\/?s={search_term_string}"},"query-input":{"@type":"PropertyValueSpecification","valueRequired":true,"valueName":"search_term_string"}}],"inLanguage":"pt-BR"}]}},"jetpack_featured_media_url":"","_links":{"self":[{"href":"https:\/\/www.blogsoestado.com\/danielmatos\/wp-json\/wp\/v2\/posts\/49171","targetHints":{"allow":["GET"]}}],"collection":[{"href":"https:\/\/www.blogsoestado.com\/danielmatos\/wp-json\/wp\/v2\/posts"}],"about":[{"href":"https:\/\/www.blogsoestado.com\/danielmatos\/wp-json\/wp\/v2\/types\/post"}],"replies":[{"embeddable":true,"href":"https:\/\/www.blogsoestado.com\/danielmatos\/wp-json\/wp\/v2\/comments?post=49171"}],"version-history":[{"count":0,"href":"https:\/\/www.blogsoestado.com\/danielmatos\/wp-json\/wp\/v2\/posts\/49171\/revisions"}],"wp:attachment":[{"href":"https:\/\/www.blogsoestado.com\/danielmatos\/wp-json\/wp\/v2\/media?parent=49171"}],"wp:term":[{"taxonomy":"category","embeddable":true,"href":"https:\/\/www.blogsoestado.com\/danielmatos\/wp-json\/wp\/v2\/categories?post=49171"},{"taxonomy":"post_tag","embeddable":true,"href":"https:\/\/www.blogsoestado.com\/danielmatos\/wp-json\/wp\/v2\/tags?post=49171"}],"curies":[{"name":"wp","href":"https:\/\/api.w.org\/{rel}","templated":true}]}}