{"id":49180,"date":"2018-03-07T16:00:50","date_gmt":"2018-03-07T19:00:50","guid":{"rendered":"https:\/\/www.blogsoestado.com\/danielmatos\/?p=49180"},"modified":"2018-03-07T16:00:50","modified_gmt":"2018-03-07T19:00:50","slug":"ministro-lanca-programa-internet-para-todos-no-maranhao-nesta-sexta-9","status":"publish","type":"post","link":"https:\/\/www.blogsoestado.com\/danielmatos\/ministro-lanca-programa-internet-para-todos-no-maranhao-nesta-sexta-9\/","title":{"rendered":"Ministro lan\u00e7a programa Internet para Todos no Maranh\u00e3o nesta sexta, 9"},"content":{"rendered":"<p><img fetchpriority=\"high\" decoding=\"async\" class=\"aligncenter size-full wp-image-49181\" src=\"https:\/\/www.blogsoestado.com\/danielmatos\/files\/2018\/03\/kassab-mendes.jpg\" alt=\"\" width=\"480\" height=\"480\" \/><br \/>\nO ministro da Ci\u00eancia, Tecnologia, Inova\u00e7\u00f5es e Comunica\u00e7\u00f5es, Gilberto Kassab, lan\u00e7a nesta sexta-feira, (9), no Maranh\u00e3o, o programa Internet para Todos. O lan\u00e7amento acontece nos munic\u00edpios de Chapadinha e Graja\u00fa.<br \/>\nEm Chapadinha, o lan\u00e7amento ocorre \u00e0s 10h, no audit\u00f3rio da UFMA. J\u00e1 em Graja\u00fa, o evento ser\u00e1 realizado \u00e0s 14h30, no audit\u00f3rio do IFMA. Os eventos ter\u00e3o a presen\u00e7a do deputado federal Victor Mendes (PSD\/MA), reunindo prefeitos e lideran\u00e7as do Baixo Parna\u00edba e sul maranhense.<\/p>\n<p>O programa vai levar acesso \u00e0 banda larga a munic\u00edpios sem conectividade de todo o pa\u00eds. Para isso, ser\u00e3o firmados conv\u00eanios com as prefeituras viabilizando conex\u00f5es de internet por meio do Sat\u00e9lite Geoestacion\u00e1rio de Defesa e Comunica\u00e7\u00f5es Estrat\u00e9gicas (SGDC), que recebeu R$ 3 bilh\u00f5es de investimentos do governo federal e tem vida \u00fatil de 18 anos.<\/p>\n<p>No lan\u00e7amento, as prefeituras de Chapadinha e Graj\u00e1u manifestam a ades\u00e3o ao programa. Ap\u00f3s esta etapa, antenas ser\u00e3o instaladas nas \u00e1reas indicadas pelas prefeituras para fornecer internet a custo reduzido para os usu\u00e1rios. Al\u00e9m de comunidades sem acesso ou com acesso prec\u00e1rio \u00e0 banda larga, escolas p\u00fablicas, hospitais e postos de sa\u00fade tamb\u00e9m ser\u00e3o beneficiados pelo Internet para Todos, sem custos.<\/p>\n<p>\u201cO programa vai beneficiar toda a sociedade, especialmente os setores da educa\u00e7\u00e3o, sa\u00fade e seguran\u00e7a, que poder\u00e3o se utilizar da internet para dinamizar o ensino, marcar consultas e acompanhar diagn\u00f3sticos e melhor acompanhar as a\u00e7\u00f5es visando a seguran\u00e7a da popula\u00e7\u00e3o\u201d, explica o ministro Gilberto Kassab.<\/p>\n<p><strong>PROGRAMA \u201cINTERNET PARA TODOS\u201d<\/strong><\/p>\n<p>&#8211; Assegura internet banda larga de alta velocidade at\u00e9 20 megabytes sem custos para escolas, hospitais e \u00f3rg\u00e3os p\u00fablicos ou a pre\u00e7o reduzido (popula\u00e7\u00e3o) para quem n\u00e3o tem acesso.<\/p>\n<p>&#8211; O sinal \u00e9 enviado por um moderno Sat\u00e9lite Geoestacion\u00e1rio que custou quase 3 bilh\u00f5es ao governo federal.<\/p>\n<p>&#8211; Munic\u00edpios beneficiados: todos os que se interessarem e cumprirem as condi\u00e7\u00f5es m\u00ednimas: n\u00e3o ter conectividade e dispor de um im\u00f3vel para abrigar a antena receptora do sinal do sat\u00e9lite.<\/p>\n<p>&#8211; O programa \u00e9 executado a partir de conv\u00eanios com as prefeituras que ser\u00e3o respons\u00e1veis pelos equipamentos e manuten\u00e7\u00e3o.<\/p>\n<p>&#8211; Prefeituras indicam as localidades a receberem o servi\u00e7o e assinam o termo de ades\u00e3o.<\/p>\n<p>&#8211; As inscri\u00e7\u00f5es s\u00e3o feitas junto ao Minist\u00e9rio da Ci\u00eancia, Tecnologia, Inova\u00e7\u00f5es e Comunica\u00e7\u00f5es.<\/p>\n<p><strong>Servi\u00e7o<\/strong><\/p>\n<p>Evento: Lan\u00e7amento do Programa Internet para Todos no Maranh\u00e3o<br \/>\nData:9 de mar\u00e7o de 2018<br \/>\nHor\u00e1rio: 10h (Munic\u00edpio de Chapadinha) e 14h30 (Munic\u00edpio de Graja\u00fa)<br \/>\nLocal: Em Chapadinha &#8211; Audit\u00f3rio da UFMA (MA 230, Km 4, bairro Boa Vista \u2013 Chapadinha\/MA). Em Graja\u00fa &#8211; Audit\u00f3rio do IFMA (Campus do IFMA BR 226, Graja\u00fa\/MA).<\/p>\n","protected":false},"excerpt":{"rendered":"<p>O ministro da Ci\u00eancia, Tecnologia, Inova\u00e7\u00f5es e Comunica\u00e7\u00f5es, Gilberto Kassab, lan\u00e7a nesta sexta-feira, (9), no Maranh\u00e3o, o programa Internet para [&hellip;]<\/p>\n","protected":false},"author":0,"featured_media":0,"comment_status":"open","ping_status":"open","sticky":false,"template":"","format":"standard","meta":{"site-sidebar-layout":"default","site-content-layout":"","ast-site-content-layout":"default","site-content-style":"default","site-sidebar-style":"default","ast-global-header-display":"","ast-banner-title-visibility":"","ast-main-header-display":"","ast-hfb-above-header-display":"","ast-hfb-below-header-display":"","ast-hfb-mobile-header-display":"","site-post-title":"","ast-breadcrumbs-content":"","ast-featured-img":"","footer-sml-layout":"","ast-disable-related-posts":"","theme-transparent-header-meta":"","adv-header-id-meta":"","stick-header-meta":"","header-above-stick-meta":"","header-main-stick-meta":"","header-below-stick-meta":"","astra-migrate-meta-layouts":"default","ast-page-background-enabled":"default","ast-page-background-meta":{"desktop":{"background-color":"var(--ast-global-color-5)","background-image":"","background-repeat":"repeat","background-position":"center center","background-size":"auto","background-attachment":"scroll","background-type":"","background-media":"","overlay-type":"","overlay-color":"","overlay-opacity":"","overlay-gradient":""},"tablet":{"background-color":"","background-image":"","background-repeat":"repeat","background-position":"center center","background-size":"auto","background-attachment":"scroll","background-type":"","background-media":"","overlay-type":"","overlay-color":"","overlay-opacity":"","overlay-gradient":""},"mobile":{"background-color":"","background-image":"","background-repeat":"repeat","background-position":"center center","background-size":"auto","background-attachment":"scroll","background-type":"","background-media":"","overlay-type":"","overlay-color":"","overlay-opacity":"","overlay-gradient":""}},"ast-content-background-meta":{"desktop":{"background-color":"var(--ast-global-color-4)","background-image":"","background-repeat":"repeat","background-position":"center center","background-size":"auto","background-attachment":"scroll","background-type":"","background-media":"","overlay-type":"","overlay-color":"","overlay-opacity":"","overlay-gradient":""},"tablet":{"background-color":"var(--ast-global-color-4)","background-image":"","background-repeat":"repeat","background-position":"center center","background-size":"auto","background-attachment":"scroll","background-type":"","background-media":"","overlay-type":"","overlay-color":"","overlay-opacity":"","overlay-gradient":""},"mobile":{"background-color":"var(--ast-global-color-4)","background-image":"","background-repeat":"repeat","background-position":"center center","background-size":"auto","background-attachment":"scroll","background-type":"","background-media":"","overlay-type":"","overlay-color":"","overlay-opacity":"","overlay-gradient":""}},"footnotes":""},"categories":[1],"tags":[],"class_list":["post-49180","post","type-post","status-publish","format-standard","hentry","category-sem-categoria"],"yoast_head":"<!-- This site is optimized with the Yoast SEO plugin v26.6 - https:\/\/yoast.com\/wordpress\/plugins\/seo\/ -->\n<title>Ministro lan\u00e7a programa Internet para Todos no Maranh\u00e3o nesta sexta, 9 - Daniel Matos<\/title>\n<meta name=\"robots\" content=\"index, follow, max-snippet:-1, max-image-preview:large, max-video-preview:-1\" \/>\n<link rel=\"canonical\" href=\"https:\/\/www.blogsoestado.com\/danielmatos\/ministro-lanca-programa-internet-para-todos-no-maranhao-nesta-sexta-9\/\" \/>\n<meta property=\"og:locale\" content=\"pt_BR\" \/>\n<meta property=\"og:type\" content=\"article\" \/>\n<meta property=\"og:title\" content=\"Ministro lan\u00e7a programa Internet para Todos no Maranh\u00e3o nesta sexta, 9 - Daniel Matos\" \/>\n<meta property=\"og:description\" content=\"O ministro da Ci\u00eancia, Tecnologia, Inova\u00e7\u00f5es e Comunica\u00e7\u00f5es, Gilberto Kassab, lan\u00e7a nesta sexta-feira, (9), no Maranh\u00e3o, o programa Internet para [&hellip;]\" \/>\n<meta property=\"og:url\" content=\"https:\/\/www.blogsoestado.com\/danielmatos\/ministro-lanca-programa-internet-para-todos-no-maranhao-nesta-sexta-9\/\" \/>\n<meta property=\"og:site_name\" content=\"Daniel Matos\" \/>\n<meta property=\"article:published_time\" content=\"2018-03-07T19:00:50+00:00\" \/>\n<meta property=\"og:image\" content=\"https:\/\/www.blogsoestado.com\/danielmatos\/files\/2018\/03\/kassab-mendes.jpg\" \/>\n<meta name=\"twitter:card\" content=\"summary_large_image\" \/>\n<meta name=\"twitter:label1\" content=\"Est. tempo de leitura\" \/>\n\t<meta name=\"twitter:data1\" content=\"2 minutos\" \/>\n<script type=\"application\/ld+json\" class=\"yoast-schema-graph\">{\"@context\":\"https:\/\/schema.org\",\"@graph\":[{\"@type\":\"WebPage\",\"@id\":\"https:\/\/www.blogsoestado.com\/danielmatos\/ministro-lanca-programa-internet-para-todos-no-maranhao-nesta-sexta-9\/\",\"url\":\"https:\/\/www.blogsoestado.com\/danielmatos\/ministro-lanca-programa-internet-para-todos-no-maranhao-nesta-sexta-9\/\",\"name\":\"Ministro lan\u00e7a programa Internet para Todos no Maranh\u00e3o nesta sexta, 9 - Daniel Matos\",\"isPartOf\":{\"@id\":\"https:\/\/www.blogsoestado.com\/danielmatos\/#website\"},\"primaryImageOfPage\":{\"@id\":\"https:\/\/www.blogsoestado.com\/danielmatos\/ministro-lanca-programa-internet-para-todos-no-maranhao-nesta-sexta-9\/#primaryimage\"},\"image\":{\"@id\":\"https:\/\/www.blogsoestado.com\/danielmatos\/ministro-lanca-programa-internet-para-todos-no-maranhao-nesta-sexta-9\/#primaryimage\"},\"thumbnailUrl\":\"https:\/\/www.blogsoestado.com\/danielmatos\/files\/2018\/03\/kassab-mendes.jpg\",\"datePublished\":\"2018-03-07T19:00:50+00:00\",\"author\":{\"@id\":\"\"},\"breadcrumb\":{\"@id\":\"https:\/\/www.blogsoestado.com\/danielmatos\/ministro-lanca-programa-internet-para-todos-no-maranhao-nesta-sexta-9\/#breadcrumb\"},\"inLanguage\":\"pt-BR\",\"potentialAction\":[{\"@type\":\"ReadAction\",\"target\":[\"https:\/\/www.blogsoestado.com\/danielmatos\/ministro-lanca-programa-internet-para-todos-no-maranhao-nesta-sexta-9\/\"]}]},{\"@type\":\"ImageObject\",\"inLanguage\":\"pt-BR\",\"@id\":\"https:\/\/www.blogsoestado.com\/danielmatos\/ministro-lanca-programa-internet-para-todos-no-maranhao-nesta-sexta-9\/#primaryimage\",\"url\":\"https:\/\/www.blogsoestado.com\/danielmatos\/files\/2018\/03\/kassab-mendes.jpg\",\"contentUrl\":\"https:\/\/www.blogsoestado.com\/danielmatos\/files\/2018\/03\/kassab-mendes.jpg\"},{\"@type\":\"BreadcrumbList\",\"@id\":\"https:\/\/www.blogsoestado.com\/danielmatos\/ministro-lanca-programa-internet-para-todos-no-maranhao-nesta-sexta-9\/#breadcrumb\",\"itemListElement\":[{\"@type\":\"ListItem\",\"position\":1,\"name\":\"In\u00edcio\",\"item\":\"https:\/\/www.blogsoestado.com\/danielmatos\/\"},{\"@type\":\"ListItem\",\"position\":2,\"name\":\"Ministro lan\u00e7a programa Internet para Todos no Maranh\u00e3o nesta sexta, 9\"}]},{\"@type\":\"WebSite\",\"@id\":\"https:\/\/www.blogsoestado.com\/danielmatos\/#website\",\"url\":\"https:\/\/www.blogsoestado.com\/danielmatos\/\",\"name\":\"Daniel Matos\",\"description\":\"\",\"potentialAction\":[{\"@type\":\"SearchAction\",\"target\":{\"@type\":\"EntryPoint\",\"urlTemplate\":\"https:\/\/www.blogsoestado.com\/danielmatos\/?s={search_term_string}\"},\"query-input\":{\"@type\":\"PropertyValueSpecification\",\"valueRequired\":true,\"valueName\":\"search_term_string\"}}],\"inLanguage\":\"pt-BR\"}]}<\/script>\n<!-- \/ Yoast SEO plugin. -->","yoast_head_json":{"title":"Ministro lan\u00e7a programa Internet para Todos no Maranh\u00e3o nesta sexta, 9 - Daniel Matos","robots":{"index":"index","follow":"follow","max-snippet":"max-snippet:-1","max-image-preview":"max-image-preview:large","max-video-preview":"max-video-preview:-1"},"canonical":"https:\/\/www.blogsoestado.com\/danielmatos\/ministro-lanca-programa-internet-para-todos-no-maranhao-nesta-sexta-9\/","og_locale":"pt_BR","og_type":"article","og_title":"Ministro lan\u00e7a programa Internet para Todos no Maranh\u00e3o nesta sexta, 9 - Daniel Matos","og_description":"O ministro da Ci\u00eancia, Tecnologia, Inova\u00e7\u00f5es e Comunica\u00e7\u00f5es, Gilberto Kassab, lan\u00e7a nesta sexta-feira, (9), no Maranh\u00e3o, o programa Internet para [&hellip;]","og_url":"https:\/\/www.blogsoestado.com\/danielmatos\/ministro-lanca-programa-internet-para-todos-no-maranhao-nesta-sexta-9\/","og_site_name":"Daniel Matos","article_published_time":"2018-03-07T19:00:50+00:00","og_image":[{"url":"https:\/\/www.blogsoestado.com\/danielmatos\/files\/2018\/03\/kassab-mendes.jpg","type":"","width":"","height":""}],"twitter_card":"summary_large_image","twitter_misc":{"Est. tempo de leitura":"2 minutos"},"schema":{"@context":"https:\/\/schema.org","@graph":[{"@type":"WebPage","@id":"https:\/\/www.blogsoestado.com\/danielmatos\/ministro-lanca-programa-internet-para-todos-no-maranhao-nesta-sexta-9\/","url":"https:\/\/www.blogsoestado.com\/danielmatos\/ministro-lanca-programa-internet-para-todos-no-maranhao-nesta-sexta-9\/","name":"Ministro lan\u00e7a programa Internet para Todos no Maranh\u00e3o nesta sexta, 9 - Daniel Matos","isPartOf":{"@id":"https:\/\/www.blogsoestado.com\/danielmatos\/#website"},"primaryImageOfPage":{"@id":"https:\/\/www.blogsoestado.com\/danielmatos\/ministro-lanca-programa-internet-para-todos-no-maranhao-nesta-sexta-9\/#primaryimage"},"image":{"@id":"https:\/\/www.blogsoestado.com\/danielmatos\/ministro-lanca-programa-internet-para-todos-no-maranhao-nesta-sexta-9\/#primaryimage"},"thumbnailUrl":"https:\/\/www.blogsoestado.com\/danielmatos\/files\/2018\/03\/kassab-mendes.jpg","datePublished":"2018-03-07T19:00:50+00:00","author":{"@id":""},"breadcrumb":{"@id":"https:\/\/www.blogsoestado.com\/danielmatos\/ministro-lanca-programa-internet-para-todos-no-maranhao-nesta-sexta-9\/#breadcrumb"},"inLanguage":"pt-BR","potentialAction":[{"@type":"ReadAction","target":["https:\/\/www.blogsoestado.com\/danielmatos\/ministro-lanca-programa-internet-para-todos-no-maranhao-nesta-sexta-9\/"]}]},{"@type":"ImageObject","inLanguage":"pt-BR","@id":"https:\/\/www.blogsoestado.com\/danielmatos\/ministro-lanca-programa-internet-para-todos-no-maranhao-nesta-sexta-9\/#primaryimage","url":"https:\/\/www.blogsoestado.com\/danielmatos\/files\/2018\/03\/kassab-mendes.jpg","contentUrl":"https:\/\/www.blogsoestado.com\/danielmatos\/files\/2018\/03\/kassab-mendes.jpg"},{"@type":"BreadcrumbList","@id":"https:\/\/www.blogsoestado.com\/danielmatos\/ministro-lanca-programa-internet-para-todos-no-maranhao-nesta-sexta-9\/#breadcrumb","itemListElement":[{"@type":"ListItem","position":1,"name":"In\u00edcio","item":"https:\/\/www.blogsoestado.com\/danielmatos\/"},{"@type":"ListItem","position":2,"name":"Ministro lan\u00e7a programa Internet para Todos no Maranh\u00e3o nesta sexta, 9"}]},{"@type":"WebSite","@id":"https:\/\/www.blogsoestado.com\/danielmatos\/#website","url":"https:\/\/www.blogsoestado.com\/danielmatos\/","name":"Daniel Matos","description":"","potentialAction":[{"@type":"SearchAction","target":{"@type":"EntryPoint","urlTemplate":"https:\/\/www.blogsoestado.com\/danielmatos\/?s={search_term_string}"},"query-input":{"@type":"PropertyValueSpecification","valueRequired":true,"valueName":"search_term_string"}}],"inLanguage":"pt-BR"}]}},"jetpack_featured_media_url":"","_links":{"self":[{"href":"https:\/\/www.blogsoestado.com\/danielmatos\/wp-json\/wp\/v2\/posts\/49180","targetHints":{"allow":["GET"]}}],"collection":[{"href":"https:\/\/www.blogsoestado.com\/danielmatos\/wp-json\/wp\/v2\/posts"}],"about":[{"href":"https:\/\/www.blogsoestado.com\/danielmatos\/wp-json\/wp\/v2\/types\/post"}],"replies":[{"embeddable":true,"href":"https:\/\/www.blogsoestado.com\/danielmatos\/wp-json\/wp\/v2\/comments?post=49180"}],"version-history":[{"count":0,"href":"https:\/\/www.blogsoestado.com\/danielmatos\/wp-json\/wp\/v2\/posts\/49180\/revisions"}],"wp:attachment":[{"href":"https:\/\/www.blogsoestado.com\/danielmatos\/wp-json\/wp\/v2\/media?parent=49180"}],"wp:term":[{"taxonomy":"category","embeddable":true,"href":"https:\/\/www.blogsoestado.com\/danielmatos\/wp-json\/wp\/v2\/categories?post=49180"},{"taxonomy":"post_tag","embeddable":true,"href":"https:\/\/www.blogsoestado.com\/danielmatos\/wp-json\/wp\/v2\/tags?post=49180"}],"curies":[{"name":"wp","href":"https:\/\/api.w.org\/{rel}","templated":true}]}}