{"id":49195,"date":"2018-03-07T19:00:20","date_gmt":"2018-03-07T22:00:20","guid":{"rendered":"https:\/\/www.blogsoestado.com\/danielmatos\/?p=49195"},"modified":"2018-03-07T19:00:20","modified_gmt":"2018-03-07T22:00:20","slug":"goncalves-dias-em-nota-secretario-de-saude-esclarece-que-deixou-cargo-por-nao-compactuar-com-erros-do-prefeito","status":"publish","type":"post","link":"https:\/\/www.blogsoestado.com\/danielmatos\/goncalves-dias-em-nota-secretario-de-saude-esclarece-que-deixou-cargo-por-nao-compactuar-com-erros-do-prefeito\/","title":{"rendered":"Gon\u00e7alves Dias: em nota, secret\u00e1rio de Sa\u00fade esclarece que deixou cargo por n\u00e3o compactuar com erros do prefeito"},"content":{"rendered":"<figure id=\"attachment_49196\" aria-describedby=\"caption-attachment-49196\" style=\"width: 357px\" class=\"wp-caption alignright\"><img fetchpriority=\"high\" decoding=\"async\" class=\"size-full wp-image-49196\" src=\"https:\/\/www.blogsoestado.com\/danielmatos\/files\/2018\/03\/secretario-gd.jpg\" alt=\"\" width=\"357\" height=\"336\" \/><figcaption id=\"caption-attachment-49196\" class=\"wp-caption-text\">Felipe Gon\u00e7alves disse que deixa o cargo com a consci\u00eancia tranquila de que lutou incansavelmente<\/figcaption><\/figure>\n<p>O secret\u00e1rio municipal de Sa\u00fade do munic\u00edpio de Gon\u00e7alves Dias, Felipe Gon\u00e7alves, se posicionou em suas redes sociais sobre sua sa\u00edda da pasta.<\/p>\n<p>Em nota, Felipe, que mudou a cara da sa\u00fade no munic\u00edpio, declarou que deixa o cargo com a consci\u00eancia tranquila e a garantia de que fez o melhor pela sa\u00fade p\u00fablica da cidade.<\/p>\n<p>&#8220;Estou deixando essa cadeira com a consci\u00eancia tranquila de que lutei incansavelmente por todos n\u00f3s Gon\u00e7alvinos, para que pud\u00e9ssemos ter um atendimento p\u00fablico de sa\u00fade com a qualidade que merecemos&#8221;, disse.<\/p>\n<p>Ao justificar sua sa\u00edda, o secret\u00e1rio fez refer\u00eancia \u00e0s persegui\u00e7\u00f5es que vinha sofrendo por n\u00e3o compactuar com os erros do prefeito Toinho da Patioba (PSDB).<\/p>\n<p>Confira na \u00edntegra a nota do secret\u00e1rio de Sa\u00fade, Felipe Gon\u00e7alves:<\/p>\n<p><em>Estou deixando essa cadeira com a consci\u00eancia tranquila de que lutei incansavelmente por todos n\u00f3s, Gon\u00e7alvinos, para que pud\u00e9ssemos ter um atendimento p\u00fablico de sa\u00fade com a qualidade que merecemos.<\/em><\/p>\n<p><em>Ao longo desses 14 meses que estive Secret\u00e1rio Municipal de Sa\u00fade, sempre respeitei a popula\u00e7\u00e3o, nunca fiz diferen\u00e7a entre as pessoas e nunca fiz pol\u00edtica com a sa\u00fade. Continuei com os meus princ\u00edpios, valores e convic\u00e7\u00f5es. Nenhum cargo p\u00fablico vai mudar a minha ess\u00eancia, e talvez por isso eu tenha incomodado tanto a atual gest\u00e3o.<\/em><\/p>\n<p><em>As persegui\u00e7\u00f5es e o desgaste, alimentados e influenciados por meia d\u00fazia de pessoas que rodeiam o prefeito, deram um ponto final na nossa caminhada juntos, mas jamais conseguir\u00e3o dar um ponto final no amor que eu tenho pelas pessoas. Eles n\u00e3o ir\u00e3o conseguir me parar, pelo contr\u00e1rio, eu continuarei trabalhando pela nossa cidade como eu me determinei.<\/em><\/p>\n<p><em>Estou desembarcando dessa gest\u00e3o levando apenas o que eu trouxe quando comecei a ser Secret\u00e1rio: uma caneta azul da bic. Depositei toda minha confian\u00e7a nessa gest\u00e3o, entreguei o meu nome para que eles pudessem gerir os recursos da sa\u00fade, mas infelizmente chegou a hora de entregar o cargo de &#8220;desconfian\u00e7a&#8221; que recebi do prefeito. Sem autonomia e respeito, nenhuma rela\u00e7\u00e3o p\u00fablica se sustenta.<\/em><\/p>\n<p><em>Me despe\u00e7o dessa administra\u00e7\u00e3o por n\u00e3o compactuar com os erros constantemente cometidos, mas jamais irei me despedir do meu munic\u00edpio e das pessoas. Tenho a certeza de que agora trabalharei muito mais por todos n\u00f3s.<\/em><\/p>\n<p><em>Um abra\u00e7o do amigo, <\/em><br \/>\n<em>Felipe Gon\u00e7alves.<\/em><\/p>\n","protected":false},"excerpt":{"rendered":"<p>O secret\u00e1rio municipal de Sa\u00fade do munic\u00edpio de Gon\u00e7alves Dias, Felipe Gon\u00e7alves, se posicionou em suas redes sociais sobre sua [&hellip;]<\/p>\n","protected":false},"author":0,"featured_media":0,"comment_status":"open","ping_status":"open","sticky":false,"template":"","format":"standard","meta":{"site-sidebar-layout":"default","site-content-layout":"","ast-site-content-layout":"default","site-content-style":"default","site-sidebar-style":"default","ast-global-header-display":"","ast-banner-title-visibility":"","ast-main-header-display":"","ast-hfb-above-header-display":"","ast-hfb-below-header-display":"","ast-hfb-mobile-header-display":"","site-post-title":"","ast-breadcrumbs-content":"","ast-featured-img":"","footer-sml-layout":"","ast-disable-related-posts":"","theme-transparent-header-meta":"","adv-header-id-meta":"","stick-header-meta":"","header-above-stick-meta":"","header-main-stick-meta":"","header-below-stick-meta":"","astra-migrate-meta-layouts":"default","ast-page-background-enabled":"default","ast-page-background-meta":{"desktop":{"background-color":"var(--ast-global-color-5)","background-image":"","background-repeat":"repeat","background-position":"center center","background-size":"auto","background-attachment":"scroll","background-type":"","background-media":"","overlay-type":"","overlay-color":"","overlay-opacity":"","overlay-gradient":""},"tablet":{"background-color":"","background-image":"","background-repeat":"repeat","background-position":"center center","background-size":"auto","background-attachment":"scroll","background-type":"","background-media":"","overlay-type":"","overlay-color":"","overlay-opacity":"","overlay-gradient":""},"mobile":{"background-color":"","background-image":"","background-repeat":"repeat","background-position":"center center","background-size":"auto","background-attachment":"scroll","background-type":"","background-media":"","overlay-type":"","overlay-color":"","overlay-opacity":"","overlay-gradient":""}},"ast-content-background-meta":{"desktop":{"background-color":"var(--ast-global-color-4)","background-image":"","background-repeat":"repeat","background-position":"center center","background-size":"auto","background-attachment":"scroll","background-type":"","background-media":"","overlay-type":"","overlay-color":"","overlay-opacity":"","overlay-gradient":""},"tablet":{"background-color":"var(--ast-global-color-4)","background-image":"","background-repeat":"repeat","background-position":"center center","background-size":"auto","background-attachment":"scroll","background-type":"","background-media":"","overlay-type":"","overlay-color":"","overlay-opacity":"","overlay-gradient":""},"mobile":{"background-color":"var(--ast-global-color-4)","background-image":"","background-repeat":"repeat","background-position":"center center","background-size":"auto","background-attachment":"scroll","background-type":"","background-media":"","overlay-type":"","overlay-color":"","overlay-opacity":"","overlay-gradient":""}},"footnotes":""},"categories":[1],"tags":[],"class_list":["post-49195","post","type-post","status-publish","format-standard","hentry","category-sem-categoria"],"yoast_head":"<!-- This site is optimized with the Yoast SEO plugin v26.6 - https:\/\/yoast.com\/wordpress\/plugins\/seo\/ -->\n<title>Gon\u00e7alves Dias: em nota, secret\u00e1rio de Sa\u00fade esclarece que deixou cargo por n\u00e3o compactuar com erros do prefeito - Daniel Matos<\/title>\n<meta name=\"robots\" content=\"index, follow, max-snippet:-1, max-image-preview:large, max-video-preview:-1\" \/>\n<link rel=\"canonical\" href=\"https:\/\/www.blogsoestado.com\/danielmatos\/goncalves-dias-em-nota-secretario-de-saude-esclarece-que-deixou-cargo-por-nao-compactuar-com-erros-do-prefeito\/\" \/>\n<meta property=\"og:locale\" content=\"pt_BR\" \/>\n<meta property=\"og:type\" content=\"article\" \/>\n<meta property=\"og:title\" content=\"Gon\u00e7alves Dias: em nota, secret\u00e1rio de Sa\u00fade esclarece que deixou cargo por n\u00e3o compactuar com erros do prefeito - Daniel Matos\" \/>\n<meta property=\"og:description\" content=\"O secret\u00e1rio municipal de Sa\u00fade do munic\u00edpio de Gon\u00e7alves Dias, Felipe Gon\u00e7alves, se posicionou em suas redes sociais sobre sua [&hellip;]\" \/>\n<meta property=\"og:url\" content=\"https:\/\/www.blogsoestado.com\/danielmatos\/goncalves-dias-em-nota-secretario-de-saude-esclarece-que-deixou-cargo-por-nao-compactuar-com-erros-do-prefeito\/\" \/>\n<meta property=\"og:site_name\" content=\"Daniel Matos\" \/>\n<meta property=\"article:published_time\" content=\"2018-03-07T22:00:20+00:00\" \/>\n<meta property=\"og:image\" content=\"https:\/\/www.blogsoestado.com\/danielmatos\/files\/2018\/03\/secretario-gd.jpg\" \/>\n<meta name=\"twitter:card\" content=\"summary_large_image\" \/>\n<meta name=\"twitter:label1\" content=\"Est. tempo de leitura\" \/>\n\t<meta name=\"twitter:data1\" content=\"2 minutos\" \/>\n<script type=\"application\/ld+json\" class=\"yoast-schema-graph\">{\"@context\":\"https:\/\/schema.org\",\"@graph\":[{\"@type\":\"WebPage\",\"@id\":\"https:\/\/www.blogsoestado.com\/danielmatos\/goncalves-dias-em-nota-secretario-de-saude-esclarece-que-deixou-cargo-por-nao-compactuar-com-erros-do-prefeito\/\",\"url\":\"https:\/\/www.blogsoestado.com\/danielmatos\/goncalves-dias-em-nota-secretario-de-saude-esclarece-que-deixou-cargo-por-nao-compactuar-com-erros-do-prefeito\/\",\"name\":\"Gon\u00e7alves Dias: em nota, secret\u00e1rio de Sa\u00fade esclarece que deixou cargo por n\u00e3o compactuar com erros do prefeito - Daniel Matos\",\"isPartOf\":{\"@id\":\"https:\/\/www.blogsoestado.com\/danielmatos\/#website\"},\"primaryImageOfPage\":{\"@id\":\"https:\/\/www.blogsoestado.com\/danielmatos\/goncalves-dias-em-nota-secretario-de-saude-esclarece-que-deixou-cargo-por-nao-compactuar-com-erros-do-prefeito\/#primaryimage\"},\"image\":{\"@id\":\"https:\/\/www.blogsoestado.com\/danielmatos\/goncalves-dias-em-nota-secretario-de-saude-esclarece-que-deixou-cargo-por-nao-compactuar-com-erros-do-prefeito\/#primaryimage\"},\"thumbnailUrl\":\"https:\/\/www.blogsoestado.com\/danielmatos\/files\/2018\/03\/secretario-gd.jpg\",\"datePublished\":\"2018-03-07T22:00:20+00:00\",\"author\":{\"@id\":\"\"},\"breadcrumb\":{\"@id\":\"https:\/\/www.blogsoestado.com\/danielmatos\/goncalves-dias-em-nota-secretario-de-saude-esclarece-que-deixou-cargo-por-nao-compactuar-com-erros-do-prefeito\/#breadcrumb\"},\"inLanguage\":\"pt-BR\",\"potentialAction\":[{\"@type\":\"ReadAction\",\"target\":[\"https:\/\/www.blogsoestado.com\/danielmatos\/goncalves-dias-em-nota-secretario-de-saude-esclarece-que-deixou-cargo-por-nao-compactuar-com-erros-do-prefeito\/\"]}]},{\"@type\":\"ImageObject\",\"inLanguage\":\"pt-BR\",\"@id\":\"https:\/\/www.blogsoestado.com\/danielmatos\/goncalves-dias-em-nota-secretario-de-saude-esclarece-que-deixou-cargo-por-nao-compactuar-com-erros-do-prefeito\/#primaryimage\",\"url\":\"https:\/\/www.blogsoestado.com\/danielmatos\/files\/2018\/03\/secretario-gd.jpg\",\"contentUrl\":\"https:\/\/www.blogsoestado.com\/danielmatos\/files\/2018\/03\/secretario-gd.jpg\"},{\"@type\":\"BreadcrumbList\",\"@id\":\"https:\/\/www.blogsoestado.com\/danielmatos\/goncalves-dias-em-nota-secretario-de-saude-esclarece-que-deixou-cargo-por-nao-compactuar-com-erros-do-prefeito\/#breadcrumb\",\"itemListElement\":[{\"@type\":\"ListItem\",\"position\":1,\"name\":\"In\u00edcio\",\"item\":\"https:\/\/www.blogsoestado.com\/danielmatos\/\"},{\"@type\":\"ListItem\",\"position\":2,\"name\":\"Gon\u00e7alves Dias: em nota, secret\u00e1rio de Sa\u00fade esclarece que deixou cargo por n\u00e3o compactuar com erros do prefeito\"}]},{\"@type\":\"WebSite\",\"@id\":\"https:\/\/www.blogsoestado.com\/danielmatos\/#website\",\"url\":\"https:\/\/www.blogsoestado.com\/danielmatos\/\",\"name\":\"Daniel Matos\",\"description\":\"\",\"potentialAction\":[{\"@type\":\"SearchAction\",\"target\":{\"@type\":\"EntryPoint\",\"urlTemplate\":\"https:\/\/www.blogsoestado.com\/danielmatos\/?s={search_term_string}\"},\"query-input\":{\"@type\":\"PropertyValueSpecification\",\"valueRequired\":true,\"valueName\":\"search_term_string\"}}],\"inLanguage\":\"pt-BR\"}]}<\/script>\n<!-- \/ Yoast SEO plugin. -->","yoast_head_json":{"title":"Gon\u00e7alves Dias: em nota, secret\u00e1rio de Sa\u00fade esclarece que deixou cargo por n\u00e3o compactuar com erros do prefeito - Daniel Matos","robots":{"index":"index","follow":"follow","max-snippet":"max-snippet:-1","max-image-preview":"max-image-preview:large","max-video-preview":"max-video-preview:-1"},"canonical":"https:\/\/www.blogsoestado.com\/danielmatos\/goncalves-dias-em-nota-secretario-de-saude-esclarece-que-deixou-cargo-por-nao-compactuar-com-erros-do-prefeito\/","og_locale":"pt_BR","og_type":"article","og_title":"Gon\u00e7alves Dias: em nota, secret\u00e1rio de Sa\u00fade esclarece que deixou cargo por n\u00e3o compactuar com erros do prefeito - Daniel Matos","og_description":"O secret\u00e1rio municipal de Sa\u00fade do munic\u00edpio de Gon\u00e7alves Dias, Felipe Gon\u00e7alves, se posicionou em suas redes sociais sobre sua [&hellip;]","og_url":"https:\/\/www.blogsoestado.com\/danielmatos\/goncalves-dias-em-nota-secretario-de-saude-esclarece-que-deixou-cargo-por-nao-compactuar-com-erros-do-prefeito\/","og_site_name":"Daniel Matos","article_published_time":"2018-03-07T22:00:20+00:00","og_image":[{"url":"https:\/\/www.blogsoestado.com\/danielmatos\/files\/2018\/03\/secretario-gd.jpg","type":"","width":"","height":""}],"twitter_card":"summary_large_image","twitter_misc":{"Est. tempo de leitura":"2 minutos"},"schema":{"@context":"https:\/\/schema.org","@graph":[{"@type":"WebPage","@id":"https:\/\/www.blogsoestado.com\/danielmatos\/goncalves-dias-em-nota-secretario-de-saude-esclarece-que-deixou-cargo-por-nao-compactuar-com-erros-do-prefeito\/","url":"https:\/\/www.blogsoestado.com\/danielmatos\/goncalves-dias-em-nota-secretario-de-saude-esclarece-que-deixou-cargo-por-nao-compactuar-com-erros-do-prefeito\/","name":"Gon\u00e7alves Dias: em nota, secret\u00e1rio de Sa\u00fade esclarece que deixou cargo por n\u00e3o compactuar com erros do prefeito - Daniel Matos","isPartOf":{"@id":"https:\/\/www.blogsoestado.com\/danielmatos\/#website"},"primaryImageOfPage":{"@id":"https:\/\/www.blogsoestado.com\/danielmatos\/goncalves-dias-em-nota-secretario-de-saude-esclarece-que-deixou-cargo-por-nao-compactuar-com-erros-do-prefeito\/#primaryimage"},"image":{"@id":"https:\/\/www.blogsoestado.com\/danielmatos\/goncalves-dias-em-nota-secretario-de-saude-esclarece-que-deixou-cargo-por-nao-compactuar-com-erros-do-prefeito\/#primaryimage"},"thumbnailUrl":"https:\/\/www.blogsoestado.com\/danielmatos\/files\/2018\/03\/secretario-gd.jpg","datePublished":"2018-03-07T22:00:20+00:00","author":{"@id":""},"breadcrumb":{"@id":"https:\/\/www.blogsoestado.com\/danielmatos\/goncalves-dias-em-nota-secretario-de-saude-esclarece-que-deixou-cargo-por-nao-compactuar-com-erros-do-prefeito\/#breadcrumb"},"inLanguage":"pt-BR","potentialAction":[{"@type":"ReadAction","target":["https:\/\/www.blogsoestado.com\/danielmatos\/goncalves-dias-em-nota-secretario-de-saude-esclarece-que-deixou-cargo-por-nao-compactuar-com-erros-do-prefeito\/"]}]},{"@type":"ImageObject","inLanguage":"pt-BR","@id":"https:\/\/www.blogsoestado.com\/danielmatos\/goncalves-dias-em-nota-secretario-de-saude-esclarece-que-deixou-cargo-por-nao-compactuar-com-erros-do-prefeito\/#primaryimage","url":"https:\/\/www.blogsoestado.com\/danielmatos\/files\/2018\/03\/secretario-gd.jpg","contentUrl":"https:\/\/www.blogsoestado.com\/danielmatos\/files\/2018\/03\/secretario-gd.jpg"},{"@type":"BreadcrumbList","@id":"https:\/\/www.blogsoestado.com\/danielmatos\/goncalves-dias-em-nota-secretario-de-saude-esclarece-que-deixou-cargo-por-nao-compactuar-com-erros-do-prefeito\/#breadcrumb","itemListElement":[{"@type":"ListItem","position":1,"name":"In\u00edcio","item":"https:\/\/www.blogsoestado.com\/danielmatos\/"},{"@type":"ListItem","position":2,"name":"Gon\u00e7alves Dias: em nota, secret\u00e1rio de Sa\u00fade esclarece que deixou cargo por n\u00e3o compactuar com erros do prefeito"}]},{"@type":"WebSite","@id":"https:\/\/www.blogsoestado.com\/danielmatos\/#website","url":"https:\/\/www.blogsoestado.com\/danielmatos\/","name":"Daniel Matos","description":"","potentialAction":[{"@type":"SearchAction","target":{"@type":"EntryPoint","urlTemplate":"https:\/\/www.blogsoestado.com\/danielmatos\/?s={search_term_string}"},"query-input":{"@type":"PropertyValueSpecification","valueRequired":true,"valueName":"search_term_string"}}],"inLanguage":"pt-BR"}]}},"jetpack_featured_media_url":"","_links":{"self":[{"href":"https:\/\/www.blogsoestado.com\/danielmatos\/wp-json\/wp\/v2\/posts\/49195","targetHints":{"allow":["GET"]}}],"collection":[{"href":"https:\/\/www.blogsoestado.com\/danielmatos\/wp-json\/wp\/v2\/posts"}],"about":[{"href":"https:\/\/www.blogsoestado.com\/danielmatos\/wp-json\/wp\/v2\/types\/post"}],"replies":[{"embeddable":true,"href":"https:\/\/www.blogsoestado.com\/danielmatos\/wp-json\/wp\/v2\/comments?post=49195"}],"version-history":[{"count":0,"href":"https:\/\/www.blogsoestado.com\/danielmatos\/wp-json\/wp\/v2\/posts\/49195\/revisions"}],"wp:attachment":[{"href":"https:\/\/www.blogsoestado.com\/danielmatos\/wp-json\/wp\/v2\/media?parent=49195"}],"wp:term":[{"taxonomy":"category","embeddable":true,"href":"https:\/\/www.blogsoestado.com\/danielmatos\/wp-json\/wp\/v2\/categories?post=49195"},{"taxonomy":"post_tag","embeddable":true,"href":"https:\/\/www.blogsoestado.com\/danielmatos\/wp-json\/wp\/v2\/tags?post=49195"}],"curies":[{"name":"wp","href":"https:\/\/api.w.org\/{rel}","templated":true}]}}