{"id":49198,"date":"2018-03-07T19:12:00","date_gmt":"2018-03-07T22:12:00","guid":{"rendered":"https:\/\/www.blogsoestado.com\/danielmatos\/?p=49198"},"modified":"2018-03-07T19:12:00","modified_gmt":"2018-03-07T22:12:00","slug":"governo-tira-recursos-da-educacao-para-cobrir-rombo-na-previdencia-denuncia-adriano-sarney","status":"publish","type":"post","link":"https:\/\/www.blogsoestado.com\/danielmatos\/governo-tira-recursos-da-educacao-para-cobrir-rombo-na-previdencia-denuncia-adriano-sarney\/","title":{"rendered":"&#8220;Governo tira recursos da Educa\u00e7\u00e3o para cobrir rombo na Previd\u00eancia&#8221;, denuncia Adriano Sarney"},"content":{"rendered":"<figure id=\"attachment_49199\" aria-describedby=\"caption-attachment-49199\" style=\"width: 448px\" class=\"wp-caption alignleft\"><img fetchpriority=\"high\" decoding=\"async\" class=\"size-full wp-image-49199\" src=\"https:\/\/www.blogsoestado.com\/danielmatos\/files\/2018\/03\/adriano-demonstra.jpg\" alt=\"\" width=\"448\" height=\"299\" \/><figcaption id=\"caption-attachment-49199\" class=\"wp-caption-text\">No in\u00edcio da semana, Adriano revelou outra manobra do governo para disfar\u00e7ar rombo na Previd\u00eancia<\/figcaption><\/figure>\n<p>O deputado estadual Adriano Sarney (PV) denunciou que o governo Fl\u00e1vio Dino (PCdoB) realocou recursos que seriam para a Educa\u00e7\u00e3o para cobrir o rombo na Previd\u00eancia estadual. Em discurso na Assembleia nesta quarta-feira (7), o parlamentar disse que o d\u00e9ficit projetado para os pr\u00f3ximos anos pode chegar a R$ 10 bilh\u00f5es. Os dados foram obtidos da Lei de Diretrizes Or\u00e7ament\u00e1rias (LDO) 2018 e do Relat\u00f3rio Resumido de Execu\u00e7\u00e3o Or\u00e7ament\u00e1ria (REO), ou seja, fontes oficiais do governo.<\/p>\n<p>\u201cA Previd\u00eancia est\u00e1 quebrada, como eu j\u00e1 disse anteriormente e volto a afirmar nesta tribuna. Isto quer dizer que em muito pouco tempo o governo n\u00e3o ter\u00e1 como pagar as aposentadorias das servidoras e servidores do Estado. E tem mais: vale lembrar da manobra do Governo, desde o ano passado, para vender o S\u00edtio Santa Eul\u00e1lia, que pertence aos aposentados e pensionistas do Estado do Maranh\u00e3o, tamb\u00e9m para cobrir um rombo previdenci\u00e1rio. Previd\u00eancia n\u00e3o \u00e9 brincadeira, precisa de planejamento. O dinheiro que entra hoje, retirado da contribui\u00e7\u00e3o do servidor, \u00e9 para o futuro, \u00e9 para que ele receba na aposentadoria\u201d, declara Adriano.<\/p>\n<p>Ressalte-se ainda que, no in\u00edcio desta semana, Adriano havia revelado outra manobra do governo para disfar\u00e7ar o rombo na Previd\u00eancia. Segundo den\u00fancias em redes sociais, a Secretaria de Estado do Planejamento e Or\u00e7amento do Maranh\u00e3o (SEPLAN) estaria mobilizando as demais secretarias estaduais, no intuito de cancelar todos restos a pagar empenhados de 2017, o que seria uma forma de for\u00e7ar um super\u00e1vit e disfar\u00e7ar o rombo or\u00e7ament\u00e1rio de R$ 1,1 bilh\u00e3o, que foi denunciado pelo deputado anteriormente.<\/p>\n<p><strong>Assista ao discurso do deputado Adriano Sarney:<\/strong><\/p>\n<div class=\"ast-oembed-container \" style=\"height: 100%;\"><iframe title=\"Discurso do deputado Adriano Sarney 07 03 2018\" width=\"500\" height=\"281\" src=\"https:\/\/www.youtube.com\/embed\/vUYxRZPZeGo?feature=oembed\" frameborder=\"0\" allow=\"accelerometer; autoplay; clipboard-write; encrypted-media; gyroscope; picture-in-picture; web-share\" referrerpolicy=\"strict-origin-when-cross-origin\" allowfullscreen><\/iframe><\/div>\n","protected":false},"excerpt":{"rendered":"<p>O deputado estadual Adriano Sarney (PV) denunciou que o governo Fl\u00e1vio Dino (PCdoB) realocou recursos que seriam para a Educa\u00e7\u00e3o [&hellip;]<\/p>\n","protected":false},"author":0,"featured_media":0,"comment_status":"open","ping_status":"open","sticky":false,"template":"","format":"standard","meta":{"site-sidebar-layout":"default","site-content-layout":"","ast-site-content-layout":"default","site-content-style":"default","site-sidebar-style":"default","ast-global-header-display":"","ast-banner-title-visibility":"","ast-main-header-display":"","ast-hfb-above-header-display":"","ast-hfb-below-header-display":"","ast-hfb-mobile-header-display":"","site-post-title":"","ast-breadcrumbs-content":"","ast-featured-img":"","footer-sml-layout":"","ast-disable-related-posts":"","theme-transparent-header-meta":"","adv-header-id-meta":"","stick-header-meta":"","header-above-stick-meta":"","header-main-stick-meta":"","header-below-stick-meta":"","astra-migrate-meta-layouts":"default","ast-page-background-enabled":"default","ast-page-background-meta":{"desktop":{"background-color":"var(--ast-global-color-5)","background-image":"","background-repeat":"repeat","background-position":"center center","background-size":"auto","background-attachment":"scroll","background-type":"","background-media":"","overlay-type":"","overlay-color":"","overlay-opacity":"","overlay-gradient":""},"tablet":{"background-color":"","background-image":"","background-repeat":"repeat","background-position":"center center","background-size":"auto","background-attachment":"scroll","background-type":"","background-media":"","overlay-type":"","overlay-color":"","overlay-opacity":"","overlay-gradient":""},"mobile":{"background-color":"","background-image":"","background-repeat":"repeat","background-position":"center center","background-size":"auto","background-attachment":"scroll","background-type":"","background-media":"","overlay-type":"","overlay-color":"","overlay-opacity":"","overlay-gradient":""}},"ast-content-background-meta":{"desktop":{"background-color":"var(--ast-global-color-4)","background-image":"","background-repeat":"repeat","background-position":"center center","background-size":"auto","background-attachment":"scroll","background-type":"","background-media":"","overlay-type":"","overlay-color":"","overlay-opacity":"","overlay-gradient":""},"tablet":{"background-color":"var(--ast-global-color-4)","background-image":"","background-repeat":"repeat","background-position":"center center","background-size":"auto","background-attachment":"scroll","background-type":"","background-media":"","overlay-type":"","overlay-color":"","overlay-opacity":"","overlay-gradient":""},"mobile":{"background-color":"var(--ast-global-color-4)","background-image":"","background-repeat":"repeat","background-position":"center center","background-size":"auto","background-attachment":"scroll","background-type":"","background-media":"","overlay-type":"","overlay-color":"","overlay-opacity":"","overlay-gradient":""}},"footnotes":""},"categories":[1],"tags":[],"class_list":["post-49198","post","type-post","status-publish","format-standard","hentry","category-sem-categoria"],"yoast_head":"<!-- This site is optimized with the Yoast SEO plugin v26.6 - https:\/\/yoast.com\/wordpress\/plugins\/seo\/ -->\n<title>&quot;Governo tira recursos da Educa\u00e7\u00e3o para cobrir rombo na Previd\u00eancia&quot;, denuncia Adriano Sarney - Daniel Matos<\/title>\n<meta name=\"robots\" content=\"index, follow, max-snippet:-1, max-image-preview:large, max-video-preview:-1\" \/>\n<link rel=\"canonical\" href=\"https:\/\/www.blogsoestado.com\/danielmatos\/governo-tira-recursos-da-educacao-para-cobrir-rombo-na-previdencia-denuncia-adriano-sarney\/\" \/>\n<meta property=\"og:locale\" content=\"pt_BR\" \/>\n<meta property=\"og:type\" content=\"article\" \/>\n<meta property=\"og:title\" content=\"&quot;Governo tira recursos da Educa\u00e7\u00e3o para cobrir rombo na Previd\u00eancia&quot;, denuncia Adriano Sarney - Daniel Matos\" \/>\n<meta property=\"og:description\" content=\"O deputado estadual Adriano Sarney (PV) denunciou que o governo Fl\u00e1vio Dino (PCdoB) realocou recursos que seriam para a Educa\u00e7\u00e3o [&hellip;]\" \/>\n<meta property=\"og:url\" content=\"https:\/\/www.blogsoestado.com\/danielmatos\/governo-tira-recursos-da-educacao-para-cobrir-rombo-na-previdencia-denuncia-adriano-sarney\/\" \/>\n<meta property=\"og:site_name\" content=\"Daniel Matos\" \/>\n<meta property=\"article:published_time\" content=\"2018-03-07T22:12:00+00:00\" \/>\n<meta property=\"og:image\" content=\"https:\/\/www.blogsoestado.com\/danielmatos\/files\/2018\/03\/adriano-demonstra.jpg\" \/>\n<meta name=\"twitter:card\" content=\"summary_large_image\" \/>\n<meta name=\"twitter:label1\" content=\"Est. tempo de leitura\" \/>\n\t<meta name=\"twitter:data1\" content=\"2 minutos\" \/>\n<script type=\"application\/ld+json\" class=\"yoast-schema-graph\">{\"@context\":\"https:\/\/schema.org\",\"@graph\":[{\"@type\":\"WebPage\",\"@id\":\"https:\/\/www.blogsoestado.com\/danielmatos\/governo-tira-recursos-da-educacao-para-cobrir-rombo-na-previdencia-denuncia-adriano-sarney\/\",\"url\":\"https:\/\/www.blogsoestado.com\/danielmatos\/governo-tira-recursos-da-educacao-para-cobrir-rombo-na-previdencia-denuncia-adriano-sarney\/\",\"name\":\"\\\"Governo tira recursos da Educa\u00e7\u00e3o para cobrir rombo na Previd\u00eancia\\\", denuncia Adriano Sarney - Daniel Matos\",\"isPartOf\":{\"@id\":\"https:\/\/www.blogsoestado.com\/danielmatos\/#website\"},\"primaryImageOfPage\":{\"@id\":\"https:\/\/www.blogsoestado.com\/danielmatos\/governo-tira-recursos-da-educacao-para-cobrir-rombo-na-previdencia-denuncia-adriano-sarney\/#primaryimage\"},\"image\":{\"@id\":\"https:\/\/www.blogsoestado.com\/danielmatos\/governo-tira-recursos-da-educacao-para-cobrir-rombo-na-previdencia-denuncia-adriano-sarney\/#primaryimage\"},\"thumbnailUrl\":\"https:\/\/www.blogsoestado.com\/danielmatos\/files\/2018\/03\/adriano-demonstra.jpg\",\"datePublished\":\"2018-03-07T22:12:00+00:00\",\"author\":{\"@id\":\"\"},\"breadcrumb\":{\"@id\":\"https:\/\/www.blogsoestado.com\/danielmatos\/governo-tira-recursos-da-educacao-para-cobrir-rombo-na-previdencia-denuncia-adriano-sarney\/#breadcrumb\"},\"inLanguage\":\"pt-BR\",\"potentialAction\":[{\"@type\":\"ReadAction\",\"target\":[\"https:\/\/www.blogsoestado.com\/danielmatos\/governo-tira-recursos-da-educacao-para-cobrir-rombo-na-previdencia-denuncia-adriano-sarney\/\"]}]},{\"@type\":\"ImageObject\",\"inLanguage\":\"pt-BR\",\"@id\":\"https:\/\/www.blogsoestado.com\/danielmatos\/governo-tira-recursos-da-educacao-para-cobrir-rombo-na-previdencia-denuncia-adriano-sarney\/#primaryimage\",\"url\":\"https:\/\/www.blogsoestado.com\/danielmatos\/files\/2018\/03\/adriano-demonstra.jpg\",\"contentUrl\":\"https:\/\/www.blogsoestado.com\/danielmatos\/files\/2018\/03\/adriano-demonstra.jpg\"},{\"@type\":\"BreadcrumbList\",\"@id\":\"https:\/\/www.blogsoestado.com\/danielmatos\/governo-tira-recursos-da-educacao-para-cobrir-rombo-na-previdencia-denuncia-adriano-sarney\/#breadcrumb\",\"itemListElement\":[{\"@type\":\"ListItem\",\"position\":1,\"name\":\"In\u00edcio\",\"item\":\"https:\/\/www.blogsoestado.com\/danielmatos\/\"},{\"@type\":\"ListItem\",\"position\":2,\"name\":\"&#8220;Governo tira recursos da Educa\u00e7\u00e3o para cobrir rombo na Previd\u00eancia&#8221;, denuncia Adriano Sarney\"}]},{\"@type\":\"WebSite\",\"@id\":\"https:\/\/www.blogsoestado.com\/danielmatos\/#website\",\"url\":\"https:\/\/www.blogsoestado.com\/danielmatos\/\",\"name\":\"Daniel Matos\",\"description\":\"\",\"potentialAction\":[{\"@type\":\"SearchAction\",\"target\":{\"@type\":\"EntryPoint\",\"urlTemplate\":\"https:\/\/www.blogsoestado.com\/danielmatos\/?s={search_term_string}\"},\"query-input\":{\"@type\":\"PropertyValueSpecification\",\"valueRequired\":true,\"valueName\":\"search_term_string\"}}],\"inLanguage\":\"pt-BR\"}]}<\/script>\n<!-- \/ Yoast SEO plugin. -->","yoast_head_json":{"title":"\"Governo tira recursos da Educa\u00e7\u00e3o para cobrir rombo na Previd\u00eancia\", denuncia Adriano Sarney - Daniel Matos","robots":{"index":"index","follow":"follow","max-snippet":"max-snippet:-1","max-image-preview":"max-image-preview:large","max-video-preview":"max-video-preview:-1"},"canonical":"https:\/\/www.blogsoestado.com\/danielmatos\/governo-tira-recursos-da-educacao-para-cobrir-rombo-na-previdencia-denuncia-adriano-sarney\/","og_locale":"pt_BR","og_type":"article","og_title":"\"Governo tira recursos da Educa\u00e7\u00e3o para cobrir rombo na Previd\u00eancia\", denuncia Adriano Sarney - Daniel Matos","og_description":"O deputado estadual Adriano Sarney (PV) denunciou que o governo Fl\u00e1vio Dino (PCdoB) realocou recursos que seriam para a Educa\u00e7\u00e3o [&hellip;]","og_url":"https:\/\/www.blogsoestado.com\/danielmatos\/governo-tira-recursos-da-educacao-para-cobrir-rombo-na-previdencia-denuncia-adriano-sarney\/","og_site_name":"Daniel Matos","article_published_time":"2018-03-07T22:12:00+00:00","og_image":[{"url":"https:\/\/www.blogsoestado.com\/danielmatos\/files\/2018\/03\/adriano-demonstra.jpg","type":"","width":"","height":""}],"twitter_card":"summary_large_image","twitter_misc":{"Est. tempo de leitura":"2 minutos"},"schema":{"@context":"https:\/\/schema.org","@graph":[{"@type":"WebPage","@id":"https:\/\/www.blogsoestado.com\/danielmatos\/governo-tira-recursos-da-educacao-para-cobrir-rombo-na-previdencia-denuncia-adriano-sarney\/","url":"https:\/\/www.blogsoestado.com\/danielmatos\/governo-tira-recursos-da-educacao-para-cobrir-rombo-na-previdencia-denuncia-adriano-sarney\/","name":"\"Governo tira recursos da Educa\u00e7\u00e3o para cobrir rombo na Previd\u00eancia\", denuncia Adriano Sarney - Daniel Matos","isPartOf":{"@id":"https:\/\/www.blogsoestado.com\/danielmatos\/#website"},"primaryImageOfPage":{"@id":"https:\/\/www.blogsoestado.com\/danielmatos\/governo-tira-recursos-da-educacao-para-cobrir-rombo-na-previdencia-denuncia-adriano-sarney\/#primaryimage"},"image":{"@id":"https:\/\/www.blogsoestado.com\/danielmatos\/governo-tira-recursos-da-educacao-para-cobrir-rombo-na-previdencia-denuncia-adriano-sarney\/#primaryimage"},"thumbnailUrl":"https:\/\/www.blogsoestado.com\/danielmatos\/files\/2018\/03\/adriano-demonstra.jpg","datePublished":"2018-03-07T22:12:00+00:00","author":{"@id":""},"breadcrumb":{"@id":"https:\/\/www.blogsoestado.com\/danielmatos\/governo-tira-recursos-da-educacao-para-cobrir-rombo-na-previdencia-denuncia-adriano-sarney\/#breadcrumb"},"inLanguage":"pt-BR","potentialAction":[{"@type":"ReadAction","target":["https:\/\/www.blogsoestado.com\/danielmatos\/governo-tira-recursos-da-educacao-para-cobrir-rombo-na-previdencia-denuncia-adriano-sarney\/"]}]},{"@type":"ImageObject","inLanguage":"pt-BR","@id":"https:\/\/www.blogsoestado.com\/danielmatos\/governo-tira-recursos-da-educacao-para-cobrir-rombo-na-previdencia-denuncia-adriano-sarney\/#primaryimage","url":"https:\/\/www.blogsoestado.com\/danielmatos\/files\/2018\/03\/adriano-demonstra.jpg","contentUrl":"https:\/\/www.blogsoestado.com\/danielmatos\/files\/2018\/03\/adriano-demonstra.jpg"},{"@type":"BreadcrumbList","@id":"https:\/\/www.blogsoestado.com\/danielmatos\/governo-tira-recursos-da-educacao-para-cobrir-rombo-na-previdencia-denuncia-adriano-sarney\/#breadcrumb","itemListElement":[{"@type":"ListItem","position":1,"name":"In\u00edcio","item":"https:\/\/www.blogsoestado.com\/danielmatos\/"},{"@type":"ListItem","position":2,"name":"&#8220;Governo tira recursos da Educa\u00e7\u00e3o para cobrir rombo na Previd\u00eancia&#8221;, denuncia Adriano Sarney"}]},{"@type":"WebSite","@id":"https:\/\/www.blogsoestado.com\/danielmatos\/#website","url":"https:\/\/www.blogsoestado.com\/danielmatos\/","name":"Daniel Matos","description":"","potentialAction":[{"@type":"SearchAction","target":{"@type":"EntryPoint","urlTemplate":"https:\/\/www.blogsoestado.com\/danielmatos\/?s={search_term_string}"},"query-input":{"@type":"PropertyValueSpecification","valueRequired":true,"valueName":"search_term_string"}}],"inLanguage":"pt-BR"}]}},"jetpack_featured_media_url":"","_links":{"self":[{"href":"https:\/\/www.blogsoestado.com\/danielmatos\/wp-json\/wp\/v2\/posts\/49198","targetHints":{"allow":["GET"]}}],"collection":[{"href":"https:\/\/www.blogsoestado.com\/danielmatos\/wp-json\/wp\/v2\/posts"}],"about":[{"href":"https:\/\/www.blogsoestado.com\/danielmatos\/wp-json\/wp\/v2\/types\/post"}],"replies":[{"embeddable":true,"href":"https:\/\/www.blogsoestado.com\/danielmatos\/wp-json\/wp\/v2\/comments?post=49198"}],"version-history":[{"count":0,"href":"https:\/\/www.blogsoestado.com\/danielmatos\/wp-json\/wp\/v2\/posts\/49198\/revisions"}],"wp:attachment":[{"href":"https:\/\/www.blogsoestado.com\/danielmatos\/wp-json\/wp\/v2\/media?parent=49198"}],"wp:term":[{"taxonomy":"category","embeddable":true,"href":"https:\/\/www.blogsoestado.com\/danielmatos\/wp-json\/wp\/v2\/categories?post=49198"},{"taxonomy":"post_tag","embeddable":true,"href":"https:\/\/www.blogsoestado.com\/danielmatos\/wp-json\/wp\/v2\/tags?post=49198"}],"curies":[{"name":"wp","href":"https:\/\/api.w.org\/{rel}","templated":true}]}}