{"id":49204,"date":"2018-03-07T21:00:42","date_gmt":"2018-03-08T00:00:42","guid":{"rendered":"https:\/\/www.blogsoestado.com\/danielmatos\/?p=49204"},"modified":"2018-03-07T21:00:42","modified_gmt":"2018-03-08T00:00:42","slug":"deputado-wellington-se-reune-com-moradores-prejudicados-no-caso-cyrela","status":"publish","type":"post","link":"https:\/\/www.blogsoestado.com\/danielmatos\/deputado-wellington-se-reune-com-moradores-prejudicados-no-caso-cyrela\/","title":{"rendered":"Deputado Wellington se re\u00fane com moradores prejudicados no \u201cCaso Cyrela\u201d"},"content":{"rendered":"<figure id=\"attachment_49205\" aria-describedby=\"caption-attachment-49205\" style=\"width: 640px\" class=\"wp-caption aligncenter\"><img fetchpriority=\"high\" decoding=\"async\" class=\"size-full wp-image-49205\" src=\"https:\/\/www.blogsoestado.com\/danielmatos\/files\/2018\/03\/w-cyrella.jpg\" alt=\"\" width=\"640\" height=\"410\" \/><figcaption id=\"caption-attachment-49205\" class=\"wp-caption-text\">Wellington colocou seu gabinete \u00e0 disposi\u00e7\u00e3o para ajudar os moradores dentro dos limites de suas atribui\u00e7\u00f5es<\/figcaption><\/figure>\n<p>Uma comiss\u00e3o de moradores prejudicados dos condom\u00ednios que foram entregues pela construtora Cyrela procurou e se reuniu com o deputado estadual progressista Wellington do Curso, na manh\u00e3 dessa ter\u00e7a-feira (6). O objetivo dos moradores foi apresentar ao Deputado Wellington den\u00fancias que mostram os v\u00edcios construtivos que j\u00e1 fizeram at\u00e9 mesmo com que moradores do Jardins de Provence deixassem o pr\u00e9dio \u00e0s pressas porque havia vazamento de g\u00e1s por falhas no sistema. Na ocasi\u00e3o, os moradores solicitaram que o deputado Wellington realizasse uma audi\u00eancia a fim de encontrar uma solu\u00e7\u00e3o efetiva para esse problema.<\/p>\n<p>Ao receber os moradores, Wellington destacou que o gabinete est\u00e1 \u00e0 disposi\u00e7\u00e3o para que, nos limites de suas atribui\u00e7\u00f5es, possa intermediar esse conflito e encontrar uma solu\u00e7\u00e3o para o problema.<\/p>\n<p>\u201cOs moradores dos condom\u00ednios que foram entregues pela Cyrela nos apresentaram in\u00fameras den\u00fancias que mostram viola\u00e7\u00f5es de direito. Enquanto deputado estadual, o que podemos fazer \u00e9 intermediar nesse conflito para que tenhamos uma a\u00e7\u00e3o efetiva. Os moradores pagaram e, agora, est\u00e3o sofrendo consequ\u00eancias negativas que exp\u00f5em a pr\u00f3pria vida a risco. Essa audi\u00eancia \u00e9 para que tenhamos uma a\u00e7\u00e3o efetiva. Afinal, os transtornos enfrentados por eles j\u00e1 foram muitos\u201d, afirmou Wellington.<\/p>\n","protected":false},"excerpt":{"rendered":"<p>Uma comiss\u00e3o de moradores prejudicados dos condom\u00ednios que foram entregues pela construtora Cyrela procurou e se reuniu com o deputado [&hellip;]<\/p>\n","protected":false},"author":0,"featured_media":0,"comment_status":"open","ping_status":"open","sticky":false,"template":"","format":"standard","meta":{"site-sidebar-layout":"default","site-content-layout":"","ast-site-content-layout":"default","site-content-style":"default","site-sidebar-style":"default","ast-global-header-display":"","ast-banner-title-visibility":"","ast-main-header-display":"","ast-hfb-above-header-display":"","ast-hfb-below-header-display":"","ast-hfb-mobile-header-display":"","site-post-title":"","ast-breadcrumbs-content":"","ast-featured-img":"","footer-sml-layout":"","ast-disable-related-posts":"","theme-transparent-header-meta":"","adv-header-id-meta":"","stick-header-meta":"","header-above-stick-meta":"","header-main-stick-meta":"","header-below-stick-meta":"","astra-migrate-meta-layouts":"default","ast-page-background-enabled":"default","ast-page-background-meta":{"desktop":{"background-color":"var(--ast-global-color-5)","background-image":"","background-repeat":"repeat","background-position":"center center","background-size":"auto","background-attachment":"scroll","background-type":"","background-media":"","overlay-type":"","overlay-color":"","overlay-opacity":"","overlay-gradient":""},"tablet":{"background-color":"","background-image":"","background-repeat":"repeat","background-position":"center center","background-size":"auto","background-attachment":"scroll","background-type":"","background-media":"","overlay-type":"","overlay-color":"","overlay-opacity":"","overlay-gradient":""},"mobile":{"background-color":"","background-image":"","background-repeat":"repeat","background-position":"center center","background-size":"auto","background-attachment":"scroll","background-type":"","background-media":"","overlay-type":"","overlay-color":"","overlay-opacity":"","overlay-gradient":""}},"ast-content-background-meta":{"desktop":{"background-color":"var(--ast-global-color-4)","background-image":"","background-repeat":"repeat","background-position":"center center","background-size":"auto","background-attachment":"scroll","background-type":"","background-media":"","overlay-type":"","overlay-color":"","overlay-opacity":"","overlay-gradient":""},"tablet":{"background-color":"var(--ast-global-color-4)","background-image":"","background-repeat":"repeat","background-position":"center center","background-size":"auto","background-attachment":"scroll","background-type":"","background-media":"","overlay-type":"","overlay-color":"","overlay-opacity":"","overlay-gradient":""},"mobile":{"background-color":"var(--ast-global-color-4)","background-image":"","background-repeat":"repeat","background-position":"center center","background-size":"auto","background-attachment":"scroll","background-type":"","background-media":"","overlay-type":"","overlay-color":"","overlay-opacity":"","overlay-gradient":""}},"footnotes":""},"categories":[1],"tags":[],"class_list":["post-49204","post","type-post","status-publish","format-standard","hentry","category-sem-categoria"],"yoast_head":"<!-- This site is optimized with the Yoast SEO plugin v26.6 - https:\/\/yoast.com\/wordpress\/plugins\/seo\/ -->\n<title>Deputado Wellington se re\u00fane com moradores prejudicados no \u201cCaso Cyrela\u201d - Daniel Matos<\/title>\n<meta name=\"robots\" content=\"index, follow, max-snippet:-1, max-image-preview:large, max-video-preview:-1\" \/>\n<link rel=\"canonical\" href=\"https:\/\/www.blogsoestado.com\/danielmatos\/deputado-wellington-se-reune-com-moradores-prejudicados-no-caso-cyrela\/\" \/>\n<meta property=\"og:locale\" content=\"pt_BR\" \/>\n<meta property=\"og:type\" content=\"article\" \/>\n<meta property=\"og:title\" content=\"Deputado Wellington se re\u00fane com moradores prejudicados no \u201cCaso Cyrela\u201d - Daniel Matos\" \/>\n<meta property=\"og:description\" content=\"Uma comiss\u00e3o de moradores prejudicados dos condom\u00ednios que foram entregues pela construtora Cyrela procurou e se reuniu com o deputado [&hellip;]\" \/>\n<meta property=\"og:url\" content=\"https:\/\/www.blogsoestado.com\/danielmatos\/deputado-wellington-se-reune-com-moradores-prejudicados-no-caso-cyrela\/\" \/>\n<meta property=\"og:site_name\" content=\"Daniel Matos\" \/>\n<meta property=\"article:published_time\" content=\"2018-03-08T00:00:42+00:00\" \/>\n<meta property=\"og:image\" content=\"https:\/\/www.blogsoestado.com\/danielmatos\/files\/2018\/03\/w-cyrella.jpg\" \/>\n<meta name=\"twitter:card\" content=\"summary_large_image\" \/>\n<meta name=\"twitter:label1\" content=\"Est. tempo de leitura\" \/>\n\t<meta name=\"twitter:data1\" content=\"1 minuto\" \/>\n<script type=\"application\/ld+json\" class=\"yoast-schema-graph\">{\"@context\":\"https:\/\/schema.org\",\"@graph\":[{\"@type\":\"WebPage\",\"@id\":\"https:\/\/www.blogsoestado.com\/danielmatos\/deputado-wellington-se-reune-com-moradores-prejudicados-no-caso-cyrela\/\",\"url\":\"https:\/\/www.blogsoestado.com\/danielmatos\/deputado-wellington-se-reune-com-moradores-prejudicados-no-caso-cyrela\/\",\"name\":\"Deputado Wellington se re\u00fane com moradores prejudicados no \u201cCaso Cyrela\u201d - Daniel Matos\",\"isPartOf\":{\"@id\":\"https:\/\/www.blogsoestado.com\/danielmatos\/#website\"},\"primaryImageOfPage\":{\"@id\":\"https:\/\/www.blogsoestado.com\/danielmatos\/deputado-wellington-se-reune-com-moradores-prejudicados-no-caso-cyrela\/#primaryimage\"},\"image\":{\"@id\":\"https:\/\/www.blogsoestado.com\/danielmatos\/deputado-wellington-se-reune-com-moradores-prejudicados-no-caso-cyrela\/#primaryimage\"},\"thumbnailUrl\":\"https:\/\/www.blogsoestado.com\/danielmatos\/files\/2018\/03\/w-cyrella.jpg\",\"datePublished\":\"2018-03-08T00:00:42+00:00\",\"author\":{\"@id\":\"\"},\"breadcrumb\":{\"@id\":\"https:\/\/www.blogsoestado.com\/danielmatos\/deputado-wellington-se-reune-com-moradores-prejudicados-no-caso-cyrela\/#breadcrumb\"},\"inLanguage\":\"pt-BR\",\"potentialAction\":[{\"@type\":\"ReadAction\",\"target\":[\"https:\/\/www.blogsoestado.com\/danielmatos\/deputado-wellington-se-reune-com-moradores-prejudicados-no-caso-cyrela\/\"]}]},{\"@type\":\"ImageObject\",\"inLanguage\":\"pt-BR\",\"@id\":\"https:\/\/www.blogsoestado.com\/danielmatos\/deputado-wellington-se-reune-com-moradores-prejudicados-no-caso-cyrela\/#primaryimage\",\"url\":\"https:\/\/www.blogsoestado.com\/danielmatos\/files\/2018\/03\/w-cyrella.jpg\",\"contentUrl\":\"https:\/\/www.blogsoestado.com\/danielmatos\/files\/2018\/03\/w-cyrella.jpg\"},{\"@type\":\"BreadcrumbList\",\"@id\":\"https:\/\/www.blogsoestado.com\/danielmatos\/deputado-wellington-se-reune-com-moradores-prejudicados-no-caso-cyrela\/#breadcrumb\",\"itemListElement\":[{\"@type\":\"ListItem\",\"position\":1,\"name\":\"In\u00edcio\",\"item\":\"https:\/\/www.blogsoestado.com\/danielmatos\/\"},{\"@type\":\"ListItem\",\"position\":2,\"name\":\"Deputado Wellington se re\u00fane com moradores prejudicados no \u201cCaso Cyrela\u201d\"}]},{\"@type\":\"WebSite\",\"@id\":\"https:\/\/www.blogsoestado.com\/danielmatos\/#website\",\"url\":\"https:\/\/www.blogsoestado.com\/danielmatos\/\",\"name\":\"Daniel Matos\",\"description\":\"\",\"potentialAction\":[{\"@type\":\"SearchAction\",\"target\":{\"@type\":\"EntryPoint\",\"urlTemplate\":\"https:\/\/www.blogsoestado.com\/danielmatos\/?s={search_term_string}\"},\"query-input\":{\"@type\":\"PropertyValueSpecification\",\"valueRequired\":true,\"valueName\":\"search_term_string\"}}],\"inLanguage\":\"pt-BR\"}]}<\/script>\n<!-- \/ Yoast SEO plugin. -->","yoast_head_json":{"title":"Deputado Wellington se re\u00fane com moradores prejudicados no \u201cCaso Cyrela\u201d - Daniel Matos","robots":{"index":"index","follow":"follow","max-snippet":"max-snippet:-1","max-image-preview":"max-image-preview:large","max-video-preview":"max-video-preview:-1"},"canonical":"https:\/\/www.blogsoestado.com\/danielmatos\/deputado-wellington-se-reune-com-moradores-prejudicados-no-caso-cyrela\/","og_locale":"pt_BR","og_type":"article","og_title":"Deputado Wellington se re\u00fane com moradores prejudicados no \u201cCaso Cyrela\u201d - Daniel Matos","og_description":"Uma comiss\u00e3o de moradores prejudicados dos condom\u00ednios que foram entregues pela construtora Cyrela procurou e se reuniu com o deputado [&hellip;]","og_url":"https:\/\/www.blogsoestado.com\/danielmatos\/deputado-wellington-se-reune-com-moradores-prejudicados-no-caso-cyrela\/","og_site_name":"Daniel Matos","article_published_time":"2018-03-08T00:00:42+00:00","og_image":[{"url":"https:\/\/www.blogsoestado.com\/danielmatos\/files\/2018\/03\/w-cyrella.jpg","type":"","width":"","height":""}],"twitter_card":"summary_large_image","twitter_misc":{"Est. tempo de leitura":"1 minuto"},"schema":{"@context":"https:\/\/schema.org","@graph":[{"@type":"WebPage","@id":"https:\/\/www.blogsoestado.com\/danielmatos\/deputado-wellington-se-reune-com-moradores-prejudicados-no-caso-cyrela\/","url":"https:\/\/www.blogsoestado.com\/danielmatos\/deputado-wellington-se-reune-com-moradores-prejudicados-no-caso-cyrela\/","name":"Deputado Wellington se re\u00fane com moradores prejudicados no \u201cCaso Cyrela\u201d - Daniel Matos","isPartOf":{"@id":"https:\/\/www.blogsoestado.com\/danielmatos\/#website"},"primaryImageOfPage":{"@id":"https:\/\/www.blogsoestado.com\/danielmatos\/deputado-wellington-se-reune-com-moradores-prejudicados-no-caso-cyrela\/#primaryimage"},"image":{"@id":"https:\/\/www.blogsoestado.com\/danielmatos\/deputado-wellington-se-reune-com-moradores-prejudicados-no-caso-cyrela\/#primaryimage"},"thumbnailUrl":"https:\/\/www.blogsoestado.com\/danielmatos\/files\/2018\/03\/w-cyrella.jpg","datePublished":"2018-03-08T00:00:42+00:00","author":{"@id":""},"breadcrumb":{"@id":"https:\/\/www.blogsoestado.com\/danielmatos\/deputado-wellington-se-reune-com-moradores-prejudicados-no-caso-cyrela\/#breadcrumb"},"inLanguage":"pt-BR","potentialAction":[{"@type":"ReadAction","target":["https:\/\/www.blogsoestado.com\/danielmatos\/deputado-wellington-se-reune-com-moradores-prejudicados-no-caso-cyrela\/"]}]},{"@type":"ImageObject","inLanguage":"pt-BR","@id":"https:\/\/www.blogsoestado.com\/danielmatos\/deputado-wellington-se-reune-com-moradores-prejudicados-no-caso-cyrela\/#primaryimage","url":"https:\/\/www.blogsoestado.com\/danielmatos\/files\/2018\/03\/w-cyrella.jpg","contentUrl":"https:\/\/www.blogsoestado.com\/danielmatos\/files\/2018\/03\/w-cyrella.jpg"},{"@type":"BreadcrumbList","@id":"https:\/\/www.blogsoestado.com\/danielmatos\/deputado-wellington-se-reune-com-moradores-prejudicados-no-caso-cyrela\/#breadcrumb","itemListElement":[{"@type":"ListItem","position":1,"name":"In\u00edcio","item":"https:\/\/www.blogsoestado.com\/danielmatos\/"},{"@type":"ListItem","position":2,"name":"Deputado Wellington se re\u00fane com moradores prejudicados no \u201cCaso Cyrela\u201d"}]},{"@type":"WebSite","@id":"https:\/\/www.blogsoestado.com\/danielmatos\/#website","url":"https:\/\/www.blogsoestado.com\/danielmatos\/","name":"Daniel Matos","description":"","potentialAction":[{"@type":"SearchAction","target":{"@type":"EntryPoint","urlTemplate":"https:\/\/www.blogsoestado.com\/danielmatos\/?s={search_term_string}"},"query-input":{"@type":"PropertyValueSpecification","valueRequired":true,"valueName":"search_term_string"}}],"inLanguage":"pt-BR"}]}},"jetpack_featured_media_url":"","_links":{"self":[{"href":"https:\/\/www.blogsoestado.com\/danielmatos\/wp-json\/wp\/v2\/posts\/49204","targetHints":{"allow":["GET"]}}],"collection":[{"href":"https:\/\/www.blogsoestado.com\/danielmatos\/wp-json\/wp\/v2\/posts"}],"about":[{"href":"https:\/\/www.blogsoestado.com\/danielmatos\/wp-json\/wp\/v2\/types\/post"}],"replies":[{"embeddable":true,"href":"https:\/\/www.blogsoestado.com\/danielmatos\/wp-json\/wp\/v2\/comments?post=49204"}],"version-history":[{"count":0,"href":"https:\/\/www.blogsoestado.com\/danielmatos\/wp-json\/wp\/v2\/posts\/49204\/revisions"}],"wp:attachment":[{"href":"https:\/\/www.blogsoestado.com\/danielmatos\/wp-json\/wp\/v2\/media?parent=49204"}],"wp:term":[{"taxonomy":"category","embeddable":true,"href":"https:\/\/www.blogsoestado.com\/danielmatos\/wp-json\/wp\/v2\/categories?post=49204"},{"taxonomy":"post_tag","embeddable":true,"href":"https:\/\/www.blogsoestado.com\/danielmatos\/wp-json\/wp\/v2\/tags?post=49204"}],"curies":[{"name":"wp","href":"https:\/\/api.w.org\/{rel}","templated":true}]}}