{"id":49247,"date":"2018-03-08T21:03:44","date_gmt":"2018-03-09T00:03:44","guid":{"rendered":"https:\/\/www.blogsoestado.com\/danielmatos\/?p=49247"},"modified":"2018-03-08T21:03:44","modified_gmt":"2018-03-09T00:03:44","slug":"em-santa-ines-roseana-diz-que-flavio-dino-nao-tem-competencia-para-governar-o-maranhao","status":"publish","type":"post","link":"https:\/\/www.blogsoestado.com\/danielmatos\/em-santa-ines-roseana-diz-que-flavio-dino-nao-tem-competencia-para-governar-o-maranhao\/","title":{"rendered":"Em Santa In\u00eas, Roseana diz que Fl\u00e1vio Dino n\u00e3o tem compet\u00eancia para governar o Maranh\u00e3o"},"content":{"rendered":"<figure id=\"attachment_49248\" aria-describedby=\"caption-attachment-49248\" style=\"width: 640px\" class=\"wp-caption aligncenter\"><img fetchpriority=\"high\" decoding=\"async\" class=\"size-full wp-image-49248\" src=\"https:\/\/www.blogsoestado.com\/danielmatos\/files\/2018\/03\/roseana-ato2.jpg\" alt=\"\" width=\"640\" height=\"480\" \/><figcaption id=\"caption-attachment-49248\" class=\"wp-caption-text\">Ao lado do senador Lob\u00e3o, na chegada ao ato, Roseana foi homenageada com flores pelo Dia Internacional da Mulher<\/figcaption><\/figure>\n<p>A ex-governadora Roseana Sarney (MDB) demonstrou, nesta quinta-feira (8), em Santa In\u00eas, sua for\u00e7a pol\u00edtica e eleitoral em ato pol\u00edtico que deu a largada na caravana que lidera por 30 munic\u00edpios maranhenses, at\u00e9 o pr\u00f3ximo dia 17. Milhares de pessoas, entre representantes da classe pol\u00edtica, l\u00edderes populares e cidad\u00e3os do povo, prestigiaram a emedebista, que criticou duramente a m\u00e1 gest\u00e3o do governador Fl\u00e1vio Dino (PCdoB) e condenou a falta de obras estruturantes, apesar de o Estado ter dinheiro em caixa, adquirido por meio de empr\u00e9stimos contra\u00eddos na administra\u00e7\u00e3o passada junto ao Governo Federal.<\/p>\n<figure id=\"attachment_49249\" aria-describedby=\"caption-attachment-49249\" style=\"width: 640px\" class=\"wp-caption aligncenter\"><img decoding=\"async\" class=\"size-full wp-image-49249\" src=\"https:\/\/www.blogsoestado.com\/danielmatos\/files\/2018\/03\/roseana-ato3.jpg\" alt=\"\" width=\"640\" height=\"480\" \/><figcaption id=\"caption-attachment-49249\" class=\"wp-caption-text\">Roseana no palanque com o senador Lob\u00e3o, o suplente Lob\u00e3o Filho, o presidente do PSD, Cl\u00e1udio Trinch\u00e3o, o ex-prefeito de Santa In\u00eas, Valdevino Cabral e outros representantes da classe pol\u00edtica<\/figcaption><\/figure>\n<p>&#8220;Organizei o Estado, coloquei as finan\u00e7as em dias e consegui um recurso, atrav\u00e9s de um empr\u00e9stimo no BNDES (Banco Nacional de Desenvolvimento Econ\u00f4mico e Social)&#8221;, recordou, em meio a aplausos, acenos e outras manifesta\u00e7\u00f5es de apoio da multid\u00e3o presente. Relembrou, ainda, que ano passado, j\u00e1 no governo do presidente Michel Temer, o Maranh\u00e3o obteve uma verba de R$ 780 milh\u00f5es, viabilizada gra\u00e7as \u00e0 lei estadual que autorizou o a gest\u00e3o local a captar dinheiro fora. &#8220;Onde est\u00e1 esse dinheiro?&#8221;, indagou.<\/p>\n<p>Roseana disse n\u00e3o ver uma \u00fanica obra estruturante no Maranh\u00e3o e perguntou \u00e0s pessoas que acompanhavam seu discurso se algu\u00e9m constatou alguma a\u00e7\u00e3o importante do atual governo em Santa In\u00eas ou em qualquer outra cidade maranhense, capaz de mudar a vida do povo. A resposta negativa foi un\u00e2nime. &#8220;Quero que digam se foi executada alguma obra estruturante&#8221;, desafiou a ex-governadora.<\/p>\n<figure id=\"attachment_49250\" aria-describedby=\"caption-attachment-49250\" style=\"width: 640px\" class=\"wp-caption aligncenter\"><img decoding=\"async\" class=\"size-full wp-image-49250\" src=\"https:\/\/www.blogsoestado.com\/danielmatos\/files\/2018\/03\/roseana-ato4.jpg\" alt=\"\" width=\"640\" height=\"480\" \/><figcaption id=\"caption-attachment-49250\" class=\"wp-caption-text\">Multid\u00e3o de bra\u00e7os erguidos em sinal de apoio \u00e0 pr\u00e9-candidatura de Roseana ao governo<\/figcaption><\/figure>\n<p>Quanto a vers\u00e3o de falta de recursos alardeada por Fl\u00e1vio Dino, a emedebista classificou como mera desculpa. &#8220;Tinha dinheiro, tem dinheiro. O que precisa \u00e9 ter administra\u00e7\u00e3o e ser competente para gerenciar este Estado&#8221;, assinalou.<\/p>\n<p>Entusiasmada com a presen\u00e7a maci\u00e7a do povo no ato pol\u00edtico do seu grupo em Santa In\u00eas, Roseana declarou ser ser um sinal de muita sorte em sua nova caminhada rumo ao Pal\u00e1cios dos Le\u00f5es. <strong>Assista:<\/strong><\/p>\n<div class=\"ast-oembed-container \" style=\"height: 100%;\"><iframe title=\"Roseana discursa em Santa In\u00eas\" width=\"500\" height=\"281\" src=\"https:\/\/www.youtube.com\/embed\/KkxKNXHVqhQ?feature=oembed\" frameborder=\"0\" allow=\"accelerometer; autoplay; clipboard-write; encrypted-media; gyroscope; picture-in-picture; web-share\" referrerpolicy=\"strict-origin-when-cross-origin\" allowfullscreen><\/iframe><\/div>\n","protected":false},"excerpt":{"rendered":"<p>A ex-governadora Roseana Sarney (MDB) demonstrou, nesta quinta-feira (8), em Santa In\u00eas, sua for\u00e7a pol\u00edtica e eleitoral em ato pol\u00edtico [&hellip;]<\/p>\n","protected":false},"author":0,"featured_media":0,"comment_status":"open","ping_status":"open","sticky":false,"template":"","format":"standard","meta":{"site-sidebar-layout":"default","site-content-layout":"","ast-site-content-layout":"default","site-content-style":"default","site-sidebar-style":"default","ast-global-header-display":"","ast-banner-title-visibility":"","ast-main-header-display":"","ast-hfb-above-header-display":"","ast-hfb-below-header-display":"","ast-hfb-mobile-header-display":"","site-post-title":"","ast-breadcrumbs-content":"","ast-featured-img":"","footer-sml-layout":"","ast-disable-related-posts":"","theme-transparent-header-meta":"","adv-header-id-meta":"","stick-header-meta":"","header-above-stick-meta":"","header-main-stick-meta":"","header-below-stick-meta":"","astra-migrate-meta-layouts":"default","ast-page-background-enabled":"default","ast-page-background-meta":{"desktop":{"background-color":"var(--ast-global-color-5)","background-image":"","background-repeat":"repeat","background-position":"center center","background-size":"auto","background-attachment":"scroll","background-type":"","background-media":"","overlay-type":"","overlay-color":"","overlay-opacity":"","overlay-gradient":""},"tablet":{"background-color":"","background-image":"","background-repeat":"repeat","background-position":"center center","background-size":"auto","background-attachment":"scroll","background-type":"","background-media":"","overlay-type":"","overlay-color":"","overlay-opacity":"","overlay-gradient":""},"mobile":{"background-color":"","background-image":"","background-repeat":"repeat","background-position":"center center","background-size":"auto","background-attachment":"scroll","background-type":"","background-media":"","overlay-type":"","overlay-color":"","overlay-opacity":"","overlay-gradient":""}},"ast-content-background-meta":{"desktop":{"background-color":"var(--ast-global-color-4)","background-image":"","background-repeat":"repeat","background-position":"center center","background-size":"auto","background-attachment":"scroll","background-type":"","background-media":"","overlay-type":"","overlay-color":"","overlay-opacity":"","overlay-gradient":""},"tablet":{"background-color":"var(--ast-global-color-4)","background-image":"","background-repeat":"repeat","background-position":"center center","background-size":"auto","background-attachment":"scroll","background-type":"","background-media":"","overlay-type":"","overlay-color":"","overlay-opacity":"","overlay-gradient":""},"mobile":{"background-color":"var(--ast-global-color-4)","background-image":"","background-repeat":"repeat","background-position":"center center","background-size":"auto","background-attachment":"scroll","background-type":"","background-media":"","overlay-type":"","overlay-color":"","overlay-opacity":"","overlay-gradient":""}},"footnotes":""},"categories":[1],"tags":[],"class_list":["post-49247","post","type-post","status-publish","format-standard","hentry","category-sem-categoria"],"yoast_head":"<!-- This site is optimized with the Yoast SEO plugin v26.6 - https:\/\/yoast.com\/wordpress\/plugins\/seo\/ -->\n<title>Em Santa In\u00eas, Roseana diz que Fl\u00e1vio Dino n\u00e3o tem compet\u00eancia para governar o Maranh\u00e3o - Daniel Matos<\/title>\n<meta name=\"robots\" content=\"index, follow, max-snippet:-1, max-image-preview:large, max-video-preview:-1\" \/>\n<link rel=\"canonical\" href=\"https:\/\/www.blogsoestado.com\/danielmatos\/em-santa-ines-roseana-diz-que-flavio-dino-nao-tem-competencia-para-governar-o-maranhao\/\" \/>\n<meta property=\"og:locale\" content=\"pt_BR\" \/>\n<meta property=\"og:type\" content=\"article\" \/>\n<meta property=\"og:title\" content=\"Em Santa In\u00eas, Roseana diz que Fl\u00e1vio Dino n\u00e3o tem compet\u00eancia para governar o Maranh\u00e3o - Daniel Matos\" \/>\n<meta property=\"og:description\" content=\"A ex-governadora Roseana Sarney (MDB) demonstrou, nesta quinta-feira (8), em Santa In\u00eas, sua for\u00e7a pol\u00edtica e eleitoral em ato pol\u00edtico [&hellip;]\" \/>\n<meta property=\"og:url\" content=\"https:\/\/www.blogsoestado.com\/danielmatos\/em-santa-ines-roseana-diz-que-flavio-dino-nao-tem-competencia-para-governar-o-maranhao\/\" \/>\n<meta property=\"og:site_name\" content=\"Daniel Matos\" \/>\n<meta property=\"article:published_time\" content=\"2018-03-09T00:03:44+00:00\" \/>\n<meta property=\"og:image\" content=\"https:\/\/www.blogsoestado.com\/danielmatos\/files\/2018\/03\/roseana-ato2.jpg\" \/>\n<meta name=\"twitter:card\" content=\"summary_large_image\" \/>\n<meta name=\"twitter:label1\" content=\"Est. tempo de leitura\" \/>\n\t<meta name=\"twitter:data1\" content=\"2 minutos\" \/>\n<script type=\"application\/ld+json\" class=\"yoast-schema-graph\">{\"@context\":\"https:\/\/schema.org\",\"@graph\":[{\"@type\":\"WebPage\",\"@id\":\"https:\/\/www.blogsoestado.com\/danielmatos\/em-santa-ines-roseana-diz-que-flavio-dino-nao-tem-competencia-para-governar-o-maranhao\/\",\"url\":\"https:\/\/www.blogsoestado.com\/danielmatos\/em-santa-ines-roseana-diz-que-flavio-dino-nao-tem-competencia-para-governar-o-maranhao\/\",\"name\":\"Em Santa In\u00eas, Roseana diz que Fl\u00e1vio Dino n\u00e3o tem compet\u00eancia para governar o Maranh\u00e3o - Daniel Matos\",\"isPartOf\":{\"@id\":\"https:\/\/www.blogsoestado.com\/danielmatos\/#website\"},\"primaryImageOfPage\":{\"@id\":\"https:\/\/www.blogsoestado.com\/danielmatos\/em-santa-ines-roseana-diz-que-flavio-dino-nao-tem-competencia-para-governar-o-maranhao\/#primaryimage\"},\"image\":{\"@id\":\"https:\/\/www.blogsoestado.com\/danielmatos\/em-santa-ines-roseana-diz-que-flavio-dino-nao-tem-competencia-para-governar-o-maranhao\/#primaryimage\"},\"thumbnailUrl\":\"https:\/\/www.blogsoestado.com\/danielmatos\/files\/2018\/03\/roseana-ato2.jpg\",\"datePublished\":\"2018-03-09T00:03:44+00:00\",\"author\":{\"@id\":\"\"},\"breadcrumb\":{\"@id\":\"https:\/\/www.blogsoestado.com\/danielmatos\/em-santa-ines-roseana-diz-que-flavio-dino-nao-tem-competencia-para-governar-o-maranhao\/#breadcrumb\"},\"inLanguage\":\"pt-BR\",\"potentialAction\":[{\"@type\":\"ReadAction\",\"target\":[\"https:\/\/www.blogsoestado.com\/danielmatos\/em-santa-ines-roseana-diz-que-flavio-dino-nao-tem-competencia-para-governar-o-maranhao\/\"]}]},{\"@type\":\"ImageObject\",\"inLanguage\":\"pt-BR\",\"@id\":\"https:\/\/www.blogsoestado.com\/danielmatos\/em-santa-ines-roseana-diz-que-flavio-dino-nao-tem-competencia-para-governar-o-maranhao\/#primaryimage\",\"url\":\"https:\/\/www.blogsoestado.com\/danielmatos\/files\/2018\/03\/roseana-ato2.jpg\",\"contentUrl\":\"https:\/\/www.blogsoestado.com\/danielmatos\/files\/2018\/03\/roseana-ato2.jpg\"},{\"@type\":\"BreadcrumbList\",\"@id\":\"https:\/\/www.blogsoestado.com\/danielmatos\/em-santa-ines-roseana-diz-que-flavio-dino-nao-tem-competencia-para-governar-o-maranhao\/#breadcrumb\",\"itemListElement\":[{\"@type\":\"ListItem\",\"position\":1,\"name\":\"In\u00edcio\",\"item\":\"https:\/\/www.blogsoestado.com\/danielmatos\/\"},{\"@type\":\"ListItem\",\"position\":2,\"name\":\"Em Santa In\u00eas, Roseana diz que Fl\u00e1vio Dino n\u00e3o tem compet\u00eancia para governar o Maranh\u00e3o\"}]},{\"@type\":\"WebSite\",\"@id\":\"https:\/\/www.blogsoestado.com\/danielmatos\/#website\",\"url\":\"https:\/\/www.blogsoestado.com\/danielmatos\/\",\"name\":\"Daniel Matos\",\"description\":\"\",\"potentialAction\":[{\"@type\":\"SearchAction\",\"target\":{\"@type\":\"EntryPoint\",\"urlTemplate\":\"https:\/\/www.blogsoestado.com\/danielmatos\/?s={search_term_string}\"},\"query-input\":{\"@type\":\"PropertyValueSpecification\",\"valueRequired\":true,\"valueName\":\"search_term_string\"}}],\"inLanguage\":\"pt-BR\"}]}<\/script>\n<!-- \/ Yoast SEO plugin. -->","yoast_head_json":{"title":"Em Santa In\u00eas, Roseana diz que Fl\u00e1vio Dino n\u00e3o tem compet\u00eancia para governar o Maranh\u00e3o - Daniel Matos","robots":{"index":"index","follow":"follow","max-snippet":"max-snippet:-1","max-image-preview":"max-image-preview:large","max-video-preview":"max-video-preview:-1"},"canonical":"https:\/\/www.blogsoestado.com\/danielmatos\/em-santa-ines-roseana-diz-que-flavio-dino-nao-tem-competencia-para-governar-o-maranhao\/","og_locale":"pt_BR","og_type":"article","og_title":"Em Santa In\u00eas, Roseana diz que Fl\u00e1vio Dino n\u00e3o tem compet\u00eancia para governar o Maranh\u00e3o - Daniel Matos","og_description":"A ex-governadora Roseana Sarney (MDB) demonstrou, nesta quinta-feira (8), em Santa In\u00eas, sua for\u00e7a pol\u00edtica e eleitoral em ato pol\u00edtico [&hellip;]","og_url":"https:\/\/www.blogsoestado.com\/danielmatos\/em-santa-ines-roseana-diz-que-flavio-dino-nao-tem-competencia-para-governar-o-maranhao\/","og_site_name":"Daniel Matos","article_published_time":"2018-03-09T00:03:44+00:00","og_image":[{"url":"https:\/\/www.blogsoestado.com\/danielmatos\/files\/2018\/03\/roseana-ato2.jpg","type":"","width":"","height":""}],"twitter_card":"summary_large_image","twitter_misc":{"Est. tempo de leitura":"2 minutos"},"schema":{"@context":"https:\/\/schema.org","@graph":[{"@type":"WebPage","@id":"https:\/\/www.blogsoestado.com\/danielmatos\/em-santa-ines-roseana-diz-que-flavio-dino-nao-tem-competencia-para-governar-o-maranhao\/","url":"https:\/\/www.blogsoestado.com\/danielmatos\/em-santa-ines-roseana-diz-que-flavio-dino-nao-tem-competencia-para-governar-o-maranhao\/","name":"Em Santa In\u00eas, Roseana diz que Fl\u00e1vio Dino n\u00e3o tem compet\u00eancia para governar o Maranh\u00e3o - Daniel Matos","isPartOf":{"@id":"https:\/\/www.blogsoestado.com\/danielmatos\/#website"},"primaryImageOfPage":{"@id":"https:\/\/www.blogsoestado.com\/danielmatos\/em-santa-ines-roseana-diz-que-flavio-dino-nao-tem-competencia-para-governar-o-maranhao\/#primaryimage"},"image":{"@id":"https:\/\/www.blogsoestado.com\/danielmatos\/em-santa-ines-roseana-diz-que-flavio-dino-nao-tem-competencia-para-governar-o-maranhao\/#primaryimage"},"thumbnailUrl":"https:\/\/www.blogsoestado.com\/danielmatos\/files\/2018\/03\/roseana-ato2.jpg","datePublished":"2018-03-09T00:03:44+00:00","author":{"@id":""},"breadcrumb":{"@id":"https:\/\/www.blogsoestado.com\/danielmatos\/em-santa-ines-roseana-diz-que-flavio-dino-nao-tem-competencia-para-governar-o-maranhao\/#breadcrumb"},"inLanguage":"pt-BR","potentialAction":[{"@type":"ReadAction","target":["https:\/\/www.blogsoestado.com\/danielmatos\/em-santa-ines-roseana-diz-que-flavio-dino-nao-tem-competencia-para-governar-o-maranhao\/"]}]},{"@type":"ImageObject","inLanguage":"pt-BR","@id":"https:\/\/www.blogsoestado.com\/danielmatos\/em-santa-ines-roseana-diz-que-flavio-dino-nao-tem-competencia-para-governar-o-maranhao\/#primaryimage","url":"https:\/\/www.blogsoestado.com\/danielmatos\/files\/2018\/03\/roseana-ato2.jpg","contentUrl":"https:\/\/www.blogsoestado.com\/danielmatos\/files\/2018\/03\/roseana-ato2.jpg"},{"@type":"BreadcrumbList","@id":"https:\/\/www.blogsoestado.com\/danielmatos\/em-santa-ines-roseana-diz-que-flavio-dino-nao-tem-competencia-para-governar-o-maranhao\/#breadcrumb","itemListElement":[{"@type":"ListItem","position":1,"name":"In\u00edcio","item":"https:\/\/www.blogsoestado.com\/danielmatos\/"},{"@type":"ListItem","position":2,"name":"Em Santa In\u00eas, Roseana diz que Fl\u00e1vio Dino n\u00e3o tem compet\u00eancia para governar o Maranh\u00e3o"}]},{"@type":"WebSite","@id":"https:\/\/www.blogsoestado.com\/danielmatos\/#website","url":"https:\/\/www.blogsoestado.com\/danielmatos\/","name":"Daniel Matos","description":"","potentialAction":[{"@type":"SearchAction","target":{"@type":"EntryPoint","urlTemplate":"https:\/\/www.blogsoestado.com\/danielmatos\/?s={search_term_string}"},"query-input":{"@type":"PropertyValueSpecification","valueRequired":true,"valueName":"search_term_string"}}],"inLanguage":"pt-BR"}]}},"jetpack_featured_media_url":"","_links":{"self":[{"href":"https:\/\/www.blogsoestado.com\/danielmatos\/wp-json\/wp\/v2\/posts\/49247","targetHints":{"allow":["GET"]}}],"collection":[{"href":"https:\/\/www.blogsoestado.com\/danielmatos\/wp-json\/wp\/v2\/posts"}],"about":[{"href":"https:\/\/www.blogsoestado.com\/danielmatos\/wp-json\/wp\/v2\/types\/post"}],"replies":[{"embeddable":true,"href":"https:\/\/www.blogsoestado.com\/danielmatos\/wp-json\/wp\/v2\/comments?post=49247"}],"version-history":[{"count":0,"href":"https:\/\/www.blogsoestado.com\/danielmatos\/wp-json\/wp\/v2\/posts\/49247\/revisions"}],"wp:attachment":[{"href":"https:\/\/www.blogsoestado.com\/danielmatos\/wp-json\/wp\/v2\/media?parent=49247"}],"wp:term":[{"taxonomy":"category","embeddable":true,"href":"https:\/\/www.blogsoestado.com\/danielmatos\/wp-json\/wp\/v2\/categories?post=49247"},{"taxonomy":"post_tag","embeddable":true,"href":"https:\/\/www.blogsoestado.com\/danielmatos\/wp-json\/wp\/v2\/tags?post=49247"}],"curies":[{"name":"wp","href":"https:\/\/api.w.org\/{rel}","templated":true}]}}