{"id":49258,"date":"2018-03-08T22:36:04","date_gmt":"2018-03-09T01:36:04","guid":{"rendered":"https:\/\/www.blogsoestado.com\/danielmatos\/?p=49258"},"modified":"2018-03-08T22:36:04","modified_gmt":"2018-03-09T01:36:04","slug":"ao-lado-de-roseana-adriano-sarney-volta-condenar-altos-impostos-e-acusa-flavio-dino-de-roubo-eleitoral","status":"publish","type":"post","link":"https:\/\/www.blogsoestado.com\/danielmatos\/ao-lado-de-roseana-adriano-sarney-volta-condenar-altos-impostos-e-acusa-flavio-dino-de-roubo-eleitoral\/","title":{"rendered":"Ao lado de Roseana, Adriano Sarney volta a condenar altos impostos e acusa Fl\u00e1vio Dino de &#8220;roubo eleitoral&#8221;"},"content":{"rendered":"<figure id=\"attachment_49260\" aria-describedby=\"caption-attachment-49260\" style=\"width: 640px\" class=\"wp-caption aligncenter\"><img fetchpriority=\"high\" decoding=\"async\" class=\"size-full wp-image-49260\" src=\"https:\/\/www.blogsoestado.com\/danielmatos\/files\/2018\/03\/adriano-santa-ines.png\" alt=\"\" width=\"640\" height=\"353\" \/><figcaption id=\"caption-attachment-49260\" class=\"wp-caption-text\">Adriano Sarney exaltou benfeitorias que Roseana, Lob\u00e3o e deputados do seu grupo fizeram por Santa In\u00eas<\/figcaption><\/figure>\n<p>Em discurso incisivo no primeiro ato pol\u00edtico da caravana liderada pela ex-governadora e pr\u00e9-candidata \u00e0 sucess\u00e3o estadual, Roseana Sarney (MDB), em Santa In\u00eas, o deputado Adriano Sarney (PV) voltou a condenar os sucessivos aumentos de impostos no governo Fl\u00e1vio Dino (PCdoB) e acusou o comunista de &#8220;roubo eleitoral&#8221;. O parlamentar, que disputar\u00e1 a reelei\u00e7\u00e3o a reelei\u00e7\u00e3o \u00e0 Assembleia Legislativa, afirmou que o Maranh\u00e3o s\u00f3 retomar\u00e1 o caminho do desenvolvimento se Roseana sair vitoriosa nas urnas.<\/p>\n<p>&#8220;Chega de aumentar impostos, chega de apreender motos e outros ve\u00edculos para arrecadar mais. N\u00f3s n\u00e3o aguentamos mais&#8221;, desabafou.<\/p>\n<p>Adriano voltou a afirmar que o Estado est\u00e1 falido e alertou que os funcion\u00e1rios p\u00fablicos vivem sob a amea\u00e7a de n\u00e3o receber suas aposentadorias. &#8220;\u00c9 uma irresponsabilidade, uma propaganda barata, uma mentira atr\u00e1s da outra&#8221;, detonou.<\/p>\n<p>O deputado lembrou que quem trabalhou por Santa In\u00eas foi Roseana. &#8220;\u00c9 inadmiss\u00edvel a ex-governadora construir um hospital macrorregional e vem aqui o bonit\u00e3o inaugurar. Isso \u00e9 um roubo eleitoral&#8221;, acusou.<\/p>\n<p>O parlamentar adiantou que Roseana vai listar todas as obras e demais a\u00e7\u00f5es que fez por Santa In\u00eas quando governou o Maranh\u00e3o, assim como fez o senador Edison Lob\u00e3o e os deputados do grupo pol\u00edtico da ex-governadora, entre os quais Sarney Filho, que destinou emendas expressivas ao munic\u00edpio na gest\u00e3o do ex-prefeito Valdevino Cabral e nas administra\u00e7\u00f5es que o sucederam, sem levar em conta a quest\u00e3o pol\u00edtica, mas sim, pensando no povo do Maranh\u00e3o.<\/p>\n<p><strong>Assista ao discurso de<\/strong> <strong>Adriano Sarney:<\/strong><\/p>\n<div class=\"ast-oembed-container \" style=\"height: 100%;\"><iframe title=\"Adriano Sarney detona Fl\u00e1vio Dino em Santa In\u00eas\" width=\"500\" height=\"281\" src=\"https:\/\/www.youtube.com\/embed\/nYcOlKs0Yzw?feature=oembed\" frameborder=\"0\" allow=\"accelerometer; autoplay; clipboard-write; encrypted-media; gyroscope; picture-in-picture; web-share\" referrerpolicy=\"strict-origin-when-cross-origin\" allowfullscreen><\/iframe><\/div>\n","protected":false},"excerpt":{"rendered":"<p>Em discurso incisivo no primeiro ato pol\u00edtico da caravana liderada pela ex-governadora e pr\u00e9-candidata \u00e0 sucess\u00e3o estadual, Roseana Sarney (MDB), [&hellip;]<\/p>\n","protected":false},"author":0,"featured_media":0,"comment_status":"open","ping_status":"open","sticky":false,"template":"","format":"standard","meta":{"site-sidebar-layout":"default","site-content-layout":"","ast-site-content-layout":"default","site-content-style":"default","site-sidebar-style":"default","ast-global-header-display":"","ast-banner-title-visibility":"","ast-main-header-display":"","ast-hfb-above-header-display":"","ast-hfb-below-header-display":"","ast-hfb-mobile-header-display":"","site-post-title":"","ast-breadcrumbs-content":"","ast-featured-img":"","footer-sml-layout":"","ast-disable-related-posts":"","theme-transparent-header-meta":"","adv-header-id-meta":"","stick-header-meta":"","header-above-stick-meta":"","header-main-stick-meta":"","header-below-stick-meta":"","astra-migrate-meta-layouts":"default","ast-page-background-enabled":"default","ast-page-background-meta":{"desktop":{"background-color":"var(--ast-global-color-5)","background-image":"","background-repeat":"repeat","background-position":"center center","background-size":"auto","background-attachment":"scroll","background-type":"","background-media":"","overlay-type":"","overlay-color":"","overlay-opacity":"","overlay-gradient":""},"tablet":{"background-color":"","background-image":"","background-repeat":"repeat","background-position":"center center","background-size":"auto","background-attachment":"scroll","background-type":"","background-media":"","overlay-type":"","overlay-color":"","overlay-opacity":"","overlay-gradient":""},"mobile":{"background-color":"","background-image":"","background-repeat":"repeat","background-position":"center center","background-size":"auto","background-attachment":"scroll","background-type":"","background-media":"","overlay-type":"","overlay-color":"","overlay-opacity":"","overlay-gradient":""}},"ast-content-background-meta":{"desktop":{"background-color":"var(--ast-global-color-4)","background-image":"","background-repeat":"repeat","background-position":"center center","background-size":"auto","background-attachment":"scroll","background-type":"","background-media":"","overlay-type":"","overlay-color":"","overlay-opacity":"","overlay-gradient":""},"tablet":{"background-color":"var(--ast-global-color-4)","background-image":"","background-repeat":"repeat","background-position":"center center","background-size":"auto","background-attachment":"scroll","background-type":"","background-media":"","overlay-type":"","overlay-color":"","overlay-opacity":"","overlay-gradient":""},"mobile":{"background-color":"var(--ast-global-color-4)","background-image":"","background-repeat":"repeat","background-position":"center center","background-size":"auto","background-attachment":"scroll","background-type":"","background-media":"","overlay-type":"","overlay-color":"","overlay-opacity":"","overlay-gradient":""}},"footnotes":""},"categories":[1],"tags":[],"class_list":["post-49258","post","type-post","status-publish","format-standard","hentry","category-sem-categoria"],"yoast_head":"<!-- This site is optimized with the Yoast SEO plugin v26.6 - https:\/\/yoast.com\/wordpress\/plugins\/seo\/ -->\n<title>Ao lado de Roseana, Adriano Sarney volta a condenar altos impostos e acusa Fl\u00e1vio Dino de &quot;roubo eleitoral&quot; - Daniel Matos<\/title>\n<meta name=\"robots\" content=\"index, follow, max-snippet:-1, max-image-preview:large, max-video-preview:-1\" \/>\n<link rel=\"canonical\" href=\"https:\/\/www.blogsoestado.com\/danielmatos\/ao-lado-de-roseana-adriano-sarney-volta-condenar-altos-impostos-e-acusa-flavio-dino-de-roubo-eleitoral\/\" \/>\n<meta property=\"og:locale\" content=\"pt_BR\" \/>\n<meta property=\"og:type\" content=\"article\" \/>\n<meta property=\"og:title\" content=\"Ao lado de Roseana, Adriano Sarney volta a condenar altos impostos e acusa Fl\u00e1vio Dino de &quot;roubo eleitoral&quot; - Daniel Matos\" \/>\n<meta property=\"og:description\" content=\"Em discurso incisivo no primeiro ato pol\u00edtico da caravana liderada pela ex-governadora e pr\u00e9-candidata \u00e0 sucess\u00e3o estadual, Roseana Sarney (MDB), [&hellip;]\" \/>\n<meta property=\"og:url\" content=\"https:\/\/www.blogsoestado.com\/danielmatos\/ao-lado-de-roseana-adriano-sarney-volta-condenar-altos-impostos-e-acusa-flavio-dino-de-roubo-eleitoral\/\" \/>\n<meta property=\"og:site_name\" content=\"Daniel Matos\" \/>\n<meta property=\"article:published_time\" content=\"2018-03-09T01:36:04+00:00\" \/>\n<meta property=\"og:image\" content=\"https:\/\/www.blogsoestado.com\/danielmatos\/files\/2018\/03\/adriano-santa-ines.png\" \/>\n<meta name=\"twitter:card\" content=\"summary_large_image\" \/>\n<meta name=\"twitter:label1\" content=\"Est. tempo de leitura\" \/>\n\t<meta name=\"twitter:data1\" content=\"1 minuto\" \/>\n<script type=\"application\/ld+json\" class=\"yoast-schema-graph\">{\"@context\":\"https:\/\/schema.org\",\"@graph\":[{\"@type\":\"WebPage\",\"@id\":\"https:\/\/www.blogsoestado.com\/danielmatos\/ao-lado-de-roseana-adriano-sarney-volta-condenar-altos-impostos-e-acusa-flavio-dino-de-roubo-eleitoral\/\",\"url\":\"https:\/\/www.blogsoestado.com\/danielmatos\/ao-lado-de-roseana-adriano-sarney-volta-condenar-altos-impostos-e-acusa-flavio-dino-de-roubo-eleitoral\/\",\"name\":\"Ao lado de Roseana, Adriano Sarney volta a condenar altos impostos e acusa Fl\u00e1vio Dino de \\\"roubo eleitoral\\\" - Daniel Matos\",\"isPartOf\":{\"@id\":\"https:\/\/www.blogsoestado.com\/danielmatos\/#website\"},\"primaryImageOfPage\":{\"@id\":\"https:\/\/www.blogsoestado.com\/danielmatos\/ao-lado-de-roseana-adriano-sarney-volta-condenar-altos-impostos-e-acusa-flavio-dino-de-roubo-eleitoral\/#primaryimage\"},\"image\":{\"@id\":\"https:\/\/www.blogsoestado.com\/danielmatos\/ao-lado-de-roseana-adriano-sarney-volta-condenar-altos-impostos-e-acusa-flavio-dino-de-roubo-eleitoral\/#primaryimage\"},\"thumbnailUrl\":\"https:\/\/www.blogsoestado.com\/danielmatos\/files\/2018\/03\/adriano-santa-ines.png\",\"datePublished\":\"2018-03-09T01:36:04+00:00\",\"author\":{\"@id\":\"\"},\"breadcrumb\":{\"@id\":\"https:\/\/www.blogsoestado.com\/danielmatos\/ao-lado-de-roseana-adriano-sarney-volta-condenar-altos-impostos-e-acusa-flavio-dino-de-roubo-eleitoral\/#breadcrumb\"},\"inLanguage\":\"pt-BR\",\"potentialAction\":[{\"@type\":\"ReadAction\",\"target\":[\"https:\/\/www.blogsoestado.com\/danielmatos\/ao-lado-de-roseana-adriano-sarney-volta-condenar-altos-impostos-e-acusa-flavio-dino-de-roubo-eleitoral\/\"]}]},{\"@type\":\"ImageObject\",\"inLanguage\":\"pt-BR\",\"@id\":\"https:\/\/www.blogsoestado.com\/danielmatos\/ao-lado-de-roseana-adriano-sarney-volta-condenar-altos-impostos-e-acusa-flavio-dino-de-roubo-eleitoral\/#primaryimage\",\"url\":\"https:\/\/www.blogsoestado.com\/danielmatos\/files\/2018\/03\/adriano-santa-ines.png\",\"contentUrl\":\"https:\/\/www.blogsoestado.com\/danielmatos\/files\/2018\/03\/adriano-santa-ines.png\"},{\"@type\":\"BreadcrumbList\",\"@id\":\"https:\/\/www.blogsoestado.com\/danielmatos\/ao-lado-de-roseana-adriano-sarney-volta-condenar-altos-impostos-e-acusa-flavio-dino-de-roubo-eleitoral\/#breadcrumb\",\"itemListElement\":[{\"@type\":\"ListItem\",\"position\":1,\"name\":\"In\u00edcio\",\"item\":\"https:\/\/www.blogsoestado.com\/danielmatos\/\"},{\"@type\":\"ListItem\",\"position\":2,\"name\":\"Ao lado de Roseana, Adriano Sarney volta a condenar altos impostos e acusa Fl\u00e1vio Dino de &#8220;roubo eleitoral&#8221;\"}]},{\"@type\":\"WebSite\",\"@id\":\"https:\/\/www.blogsoestado.com\/danielmatos\/#website\",\"url\":\"https:\/\/www.blogsoestado.com\/danielmatos\/\",\"name\":\"Daniel Matos\",\"description\":\"\",\"potentialAction\":[{\"@type\":\"SearchAction\",\"target\":{\"@type\":\"EntryPoint\",\"urlTemplate\":\"https:\/\/www.blogsoestado.com\/danielmatos\/?s={search_term_string}\"},\"query-input\":{\"@type\":\"PropertyValueSpecification\",\"valueRequired\":true,\"valueName\":\"search_term_string\"}}],\"inLanguage\":\"pt-BR\"}]}<\/script>\n<!-- \/ Yoast SEO plugin. -->","yoast_head_json":{"title":"Ao lado de Roseana, Adriano Sarney volta a condenar altos impostos e acusa Fl\u00e1vio Dino de \"roubo eleitoral\" - Daniel Matos","robots":{"index":"index","follow":"follow","max-snippet":"max-snippet:-1","max-image-preview":"max-image-preview:large","max-video-preview":"max-video-preview:-1"},"canonical":"https:\/\/www.blogsoestado.com\/danielmatos\/ao-lado-de-roseana-adriano-sarney-volta-condenar-altos-impostos-e-acusa-flavio-dino-de-roubo-eleitoral\/","og_locale":"pt_BR","og_type":"article","og_title":"Ao lado de Roseana, Adriano Sarney volta a condenar altos impostos e acusa Fl\u00e1vio Dino de \"roubo eleitoral\" - Daniel Matos","og_description":"Em discurso incisivo no primeiro ato pol\u00edtico da caravana liderada pela ex-governadora e pr\u00e9-candidata \u00e0 sucess\u00e3o estadual, Roseana Sarney (MDB), [&hellip;]","og_url":"https:\/\/www.blogsoestado.com\/danielmatos\/ao-lado-de-roseana-adriano-sarney-volta-condenar-altos-impostos-e-acusa-flavio-dino-de-roubo-eleitoral\/","og_site_name":"Daniel Matos","article_published_time":"2018-03-09T01:36:04+00:00","og_image":[{"url":"https:\/\/www.blogsoestado.com\/danielmatos\/files\/2018\/03\/adriano-santa-ines.png","type":"","width":"","height":""}],"twitter_card":"summary_large_image","twitter_misc":{"Est. tempo de leitura":"1 minuto"},"schema":{"@context":"https:\/\/schema.org","@graph":[{"@type":"WebPage","@id":"https:\/\/www.blogsoestado.com\/danielmatos\/ao-lado-de-roseana-adriano-sarney-volta-condenar-altos-impostos-e-acusa-flavio-dino-de-roubo-eleitoral\/","url":"https:\/\/www.blogsoestado.com\/danielmatos\/ao-lado-de-roseana-adriano-sarney-volta-condenar-altos-impostos-e-acusa-flavio-dino-de-roubo-eleitoral\/","name":"Ao lado de Roseana, Adriano Sarney volta a condenar altos impostos e acusa Fl\u00e1vio Dino de \"roubo eleitoral\" - Daniel Matos","isPartOf":{"@id":"https:\/\/www.blogsoestado.com\/danielmatos\/#website"},"primaryImageOfPage":{"@id":"https:\/\/www.blogsoestado.com\/danielmatos\/ao-lado-de-roseana-adriano-sarney-volta-condenar-altos-impostos-e-acusa-flavio-dino-de-roubo-eleitoral\/#primaryimage"},"image":{"@id":"https:\/\/www.blogsoestado.com\/danielmatos\/ao-lado-de-roseana-adriano-sarney-volta-condenar-altos-impostos-e-acusa-flavio-dino-de-roubo-eleitoral\/#primaryimage"},"thumbnailUrl":"https:\/\/www.blogsoestado.com\/danielmatos\/files\/2018\/03\/adriano-santa-ines.png","datePublished":"2018-03-09T01:36:04+00:00","author":{"@id":""},"breadcrumb":{"@id":"https:\/\/www.blogsoestado.com\/danielmatos\/ao-lado-de-roseana-adriano-sarney-volta-condenar-altos-impostos-e-acusa-flavio-dino-de-roubo-eleitoral\/#breadcrumb"},"inLanguage":"pt-BR","potentialAction":[{"@type":"ReadAction","target":["https:\/\/www.blogsoestado.com\/danielmatos\/ao-lado-de-roseana-adriano-sarney-volta-condenar-altos-impostos-e-acusa-flavio-dino-de-roubo-eleitoral\/"]}]},{"@type":"ImageObject","inLanguage":"pt-BR","@id":"https:\/\/www.blogsoestado.com\/danielmatos\/ao-lado-de-roseana-adriano-sarney-volta-condenar-altos-impostos-e-acusa-flavio-dino-de-roubo-eleitoral\/#primaryimage","url":"https:\/\/www.blogsoestado.com\/danielmatos\/files\/2018\/03\/adriano-santa-ines.png","contentUrl":"https:\/\/www.blogsoestado.com\/danielmatos\/files\/2018\/03\/adriano-santa-ines.png"},{"@type":"BreadcrumbList","@id":"https:\/\/www.blogsoestado.com\/danielmatos\/ao-lado-de-roseana-adriano-sarney-volta-condenar-altos-impostos-e-acusa-flavio-dino-de-roubo-eleitoral\/#breadcrumb","itemListElement":[{"@type":"ListItem","position":1,"name":"In\u00edcio","item":"https:\/\/www.blogsoestado.com\/danielmatos\/"},{"@type":"ListItem","position":2,"name":"Ao lado de Roseana, Adriano Sarney volta a condenar altos impostos e acusa Fl\u00e1vio Dino de &#8220;roubo eleitoral&#8221;"}]},{"@type":"WebSite","@id":"https:\/\/www.blogsoestado.com\/danielmatos\/#website","url":"https:\/\/www.blogsoestado.com\/danielmatos\/","name":"Daniel Matos","description":"","potentialAction":[{"@type":"SearchAction","target":{"@type":"EntryPoint","urlTemplate":"https:\/\/www.blogsoestado.com\/danielmatos\/?s={search_term_string}"},"query-input":{"@type":"PropertyValueSpecification","valueRequired":true,"valueName":"search_term_string"}}],"inLanguage":"pt-BR"}]}},"jetpack_featured_media_url":"","_links":{"self":[{"href":"https:\/\/www.blogsoestado.com\/danielmatos\/wp-json\/wp\/v2\/posts\/49258","targetHints":{"allow":["GET"]}}],"collection":[{"href":"https:\/\/www.blogsoestado.com\/danielmatos\/wp-json\/wp\/v2\/posts"}],"about":[{"href":"https:\/\/www.blogsoestado.com\/danielmatos\/wp-json\/wp\/v2\/types\/post"}],"replies":[{"embeddable":true,"href":"https:\/\/www.blogsoestado.com\/danielmatos\/wp-json\/wp\/v2\/comments?post=49258"}],"version-history":[{"count":0,"href":"https:\/\/www.blogsoestado.com\/danielmatos\/wp-json\/wp\/v2\/posts\/49258\/revisions"}],"wp:attachment":[{"href":"https:\/\/www.blogsoestado.com\/danielmatos\/wp-json\/wp\/v2\/media?parent=49258"}],"wp:term":[{"taxonomy":"category","embeddable":true,"href":"https:\/\/www.blogsoestado.com\/danielmatos\/wp-json\/wp\/v2\/categories?post=49258"},{"taxonomy":"post_tag","embeddable":true,"href":"https:\/\/www.blogsoestado.com\/danielmatos\/wp-json\/wp\/v2\/tags?post=49258"}],"curies":[{"name":"wp","href":"https:\/\/api.w.org\/{rel}","templated":true}]}}