{"id":49281,"date":"2018-03-10T09:15:19","date_gmt":"2018-03-10T12:15:19","guid":{"rendered":"https:\/\/www.blogsoestado.com\/danielmatos\/?p=49281"},"modified":"2018-03-10T09:15:19","modified_gmt":"2018-03-10T12:15:19","slug":"wellington-se-reune-com-contratados-do-biosaude-que-reclamam-de-atrasos-nos-salarios","status":"publish","type":"post","link":"https:\/\/www.blogsoestado.com\/danielmatos\/wellington-se-reune-com-contratados-do-biosaude-que-reclamam-de-atrasos-nos-salarios\/","title":{"rendered":"Wellington se re\u00fane com contratados do Biosa\u00fade que reclamam de atrasos nos sal\u00e1rios"},"content":{"rendered":"<figure id=\"attachment_49282\" aria-describedby=\"caption-attachment-49282\" style=\"width: 640px\" class=\"wp-caption aligncenter\"><img fetchpriority=\"high\" decoding=\"async\" class=\"size-full wp-image-49282\" src=\"https:\/\/www.blogsoestado.com\/danielmatos\/files\/2018\/03\/w-biosaude.jpg\" alt=\"\" width=\"640\" height=\"480\" \/><figcaption id=\"caption-attachment-49282\" class=\"wp-caption-text\">Wellington explicou que a d\u00edvida salarial \u00e9 de responsabilidade do Instituto Biosa\u00fade e da EMSERH, ligada ao Governo do Estado<\/figcaption><\/figure>\n<p>O deputado estadual progressista Wellington do Curso se reuniu, na Assembleia Legislativa do Maranh\u00e3o, com uma comiss\u00e3o dos empregados do Instituto Biosa\u00fade, empresa prestadora de servi\u00e7os hospitalares nas unidades de sa\u00fade do Estado do Maranh\u00e3o, atrav\u00e9s de contrato firmado com a EMSERH. De acordo com relatos dos empregados, eles est\u00e3o com parte da 2\u00aa parcela do 13\u00ba sal\u00e1rio, e os sal\u00e1rios do m\u00eas de janeiro e fevereiro de 2018, em atraso.<\/p>\n<p>Wellington explicou que em rela\u00e7\u00e3o ao atraso nos sal\u00e1rios, a responsabilidade entre o Instituto Biosa\u00fade e EMSERH, ligada ao Governo, \u00e9 solid\u00e1ria, isto \u00e9, a responsabilidade pela d\u00edvida contra\u00edda ou outro compromisso \u00e9 partilhada por ambas as partes.<\/p>\n<p>\u201cRecebemos as reclama\u00e7\u00f5es de homens e mulheres, trabalhadores da \u00e1rea da sa\u00fade, que est\u00e3o com os sal\u00e1rios atrasados. Levando-se em conta a responsabilidade solid\u00e1ria, solicito ao Governo que adote as devidas provid\u00eancias e, caso n\u00e3o seja feito coisa alguma, estaremos articulando um meio nessa discuss\u00e3o para que os envolvidos encontrem uma solu\u00e7\u00e3o\u201d, disse Wellington.<\/p>\n<p>Ao final da reuni\u00e3o, os empregados do Instituto Biosa\u00fade solicitaram ao deputado Wellington que realizasse uma audi\u00eancia p\u00fablica, que j\u00e1 est\u00e1 previamente marcada para o dia 21 de mar\u00e7o, \u00e0s 14h, na Assembleia Legislativa.<\/p>\n","protected":false},"excerpt":{"rendered":"<p>O deputado estadual progressista Wellington do Curso se reuniu, na Assembleia Legislativa do Maranh\u00e3o, com uma comiss\u00e3o dos empregados do [&hellip;]<\/p>\n","protected":false},"author":0,"featured_media":0,"comment_status":"open","ping_status":"open","sticky":false,"template":"","format":"standard","meta":{"site-sidebar-layout":"default","site-content-layout":"","ast-site-content-layout":"default","site-content-style":"default","site-sidebar-style":"default","ast-global-header-display":"","ast-banner-title-visibility":"","ast-main-header-display":"","ast-hfb-above-header-display":"","ast-hfb-below-header-display":"","ast-hfb-mobile-header-display":"","site-post-title":"","ast-breadcrumbs-content":"","ast-featured-img":"","footer-sml-layout":"","ast-disable-related-posts":"","theme-transparent-header-meta":"","adv-header-id-meta":"","stick-header-meta":"","header-above-stick-meta":"","header-main-stick-meta":"","header-below-stick-meta":"","astra-migrate-meta-layouts":"default","ast-page-background-enabled":"default","ast-page-background-meta":{"desktop":{"background-color":"var(--ast-global-color-5)","background-image":"","background-repeat":"repeat","background-position":"center center","background-size":"auto","background-attachment":"scroll","background-type":"","background-media":"","overlay-type":"","overlay-color":"","overlay-opacity":"","overlay-gradient":""},"tablet":{"background-color":"","background-image":"","background-repeat":"repeat","background-position":"center center","background-size":"auto","background-attachment":"scroll","background-type":"","background-media":"","overlay-type":"","overlay-color":"","overlay-opacity":"","overlay-gradient":""},"mobile":{"background-color":"","background-image":"","background-repeat":"repeat","background-position":"center center","background-size":"auto","background-attachment":"scroll","background-type":"","background-media":"","overlay-type":"","overlay-color":"","overlay-opacity":"","overlay-gradient":""}},"ast-content-background-meta":{"desktop":{"background-color":"var(--ast-global-color-4)","background-image":"","background-repeat":"repeat","background-position":"center center","background-size":"auto","background-attachment":"scroll","background-type":"","background-media":"","overlay-type":"","overlay-color":"","overlay-opacity":"","overlay-gradient":""},"tablet":{"background-color":"var(--ast-global-color-4)","background-image":"","background-repeat":"repeat","background-position":"center center","background-size":"auto","background-attachment":"scroll","background-type":"","background-media":"","overlay-type":"","overlay-color":"","overlay-opacity":"","overlay-gradient":""},"mobile":{"background-color":"var(--ast-global-color-4)","background-image":"","background-repeat":"repeat","background-position":"center center","background-size":"auto","background-attachment":"scroll","background-type":"","background-media":"","overlay-type":"","overlay-color":"","overlay-opacity":"","overlay-gradient":""}},"footnotes":""},"categories":[1],"tags":[],"class_list":["post-49281","post","type-post","status-publish","format-standard","hentry","category-sem-categoria"],"yoast_head":"<!-- This site is optimized with the Yoast SEO plugin v26.6 - https:\/\/yoast.com\/wordpress\/plugins\/seo\/ -->\n<title>Wellington se re\u00fane com contratados do Biosa\u00fade que reclamam de atrasos nos sal\u00e1rios - Daniel Matos<\/title>\n<meta name=\"robots\" content=\"index, follow, max-snippet:-1, max-image-preview:large, max-video-preview:-1\" \/>\n<link rel=\"canonical\" href=\"https:\/\/www.blogsoestado.com\/danielmatos\/wellington-se-reune-com-contratados-do-biosaude-que-reclamam-de-atrasos-nos-salarios\/\" \/>\n<meta property=\"og:locale\" content=\"pt_BR\" \/>\n<meta property=\"og:type\" content=\"article\" \/>\n<meta property=\"og:title\" content=\"Wellington se re\u00fane com contratados do Biosa\u00fade que reclamam de atrasos nos sal\u00e1rios - Daniel Matos\" \/>\n<meta property=\"og:description\" content=\"O deputado estadual progressista Wellington do Curso se reuniu, na Assembleia Legislativa do Maranh\u00e3o, com uma comiss\u00e3o dos empregados do [&hellip;]\" \/>\n<meta property=\"og:url\" content=\"https:\/\/www.blogsoestado.com\/danielmatos\/wellington-se-reune-com-contratados-do-biosaude-que-reclamam-de-atrasos-nos-salarios\/\" \/>\n<meta property=\"og:site_name\" content=\"Daniel Matos\" \/>\n<meta property=\"article:published_time\" content=\"2018-03-10T12:15:19+00:00\" \/>\n<meta property=\"og:image\" content=\"https:\/\/www.blogsoestado.com\/danielmatos\/files\/2018\/03\/w-biosaude.jpg\" \/>\n<meta name=\"twitter:card\" content=\"summary_large_image\" \/>\n<meta name=\"twitter:label1\" content=\"Est. tempo de leitura\" \/>\n\t<meta name=\"twitter:data1\" content=\"1 minuto\" \/>\n<script type=\"application\/ld+json\" class=\"yoast-schema-graph\">{\"@context\":\"https:\/\/schema.org\",\"@graph\":[{\"@type\":\"WebPage\",\"@id\":\"https:\/\/www.blogsoestado.com\/danielmatos\/wellington-se-reune-com-contratados-do-biosaude-que-reclamam-de-atrasos-nos-salarios\/\",\"url\":\"https:\/\/www.blogsoestado.com\/danielmatos\/wellington-se-reune-com-contratados-do-biosaude-que-reclamam-de-atrasos-nos-salarios\/\",\"name\":\"Wellington se re\u00fane com contratados do Biosa\u00fade que reclamam de atrasos nos sal\u00e1rios - Daniel Matos\",\"isPartOf\":{\"@id\":\"https:\/\/www.blogsoestado.com\/danielmatos\/#website\"},\"primaryImageOfPage\":{\"@id\":\"https:\/\/www.blogsoestado.com\/danielmatos\/wellington-se-reune-com-contratados-do-biosaude-que-reclamam-de-atrasos-nos-salarios\/#primaryimage\"},\"image\":{\"@id\":\"https:\/\/www.blogsoestado.com\/danielmatos\/wellington-se-reune-com-contratados-do-biosaude-que-reclamam-de-atrasos-nos-salarios\/#primaryimage\"},\"thumbnailUrl\":\"https:\/\/www.blogsoestado.com\/danielmatos\/files\/2018\/03\/w-biosaude.jpg\",\"datePublished\":\"2018-03-10T12:15:19+00:00\",\"author\":{\"@id\":\"\"},\"breadcrumb\":{\"@id\":\"https:\/\/www.blogsoestado.com\/danielmatos\/wellington-se-reune-com-contratados-do-biosaude-que-reclamam-de-atrasos-nos-salarios\/#breadcrumb\"},\"inLanguage\":\"pt-BR\",\"potentialAction\":[{\"@type\":\"ReadAction\",\"target\":[\"https:\/\/www.blogsoestado.com\/danielmatos\/wellington-se-reune-com-contratados-do-biosaude-que-reclamam-de-atrasos-nos-salarios\/\"]}]},{\"@type\":\"ImageObject\",\"inLanguage\":\"pt-BR\",\"@id\":\"https:\/\/www.blogsoestado.com\/danielmatos\/wellington-se-reune-com-contratados-do-biosaude-que-reclamam-de-atrasos-nos-salarios\/#primaryimage\",\"url\":\"https:\/\/www.blogsoestado.com\/danielmatos\/files\/2018\/03\/w-biosaude.jpg\",\"contentUrl\":\"https:\/\/www.blogsoestado.com\/danielmatos\/files\/2018\/03\/w-biosaude.jpg\"},{\"@type\":\"BreadcrumbList\",\"@id\":\"https:\/\/www.blogsoestado.com\/danielmatos\/wellington-se-reune-com-contratados-do-biosaude-que-reclamam-de-atrasos-nos-salarios\/#breadcrumb\",\"itemListElement\":[{\"@type\":\"ListItem\",\"position\":1,\"name\":\"In\u00edcio\",\"item\":\"https:\/\/www.blogsoestado.com\/danielmatos\/\"},{\"@type\":\"ListItem\",\"position\":2,\"name\":\"Wellington se re\u00fane com contratados do Biosa\u00fade que reclamam de atrasos nos sal\u00e1rios\"}]},{\"@type\":\"WebSite\",\"@id\":\"https:\/\/www.blogsoestado.com\/danielmatos\/#website\",\"url\":\"https:\/\/www.blogsoestado.com\/danielmatos\/\",\"name\":\"Daniel Matos\",\"description\":\"\",\"potentialAction\":[{\"@type\":\"SearchAction\",\"target\":{\"@type\":\"EntryPoint\",\"urlTemplate\":\"https:\/\/www.blogsoestado.com\/danielmatos\/?s={search_term_string}\"},\"query-input\":{\"@type\":\"PropertyValueSpecification\",\"valueRequired\":true,\"valueName\":\"search_term_string\"}}],\"inLanguage\":\"pt-BR\"}]}<\/script>\n<!-- \/ Yoast SEO plugin. -->","yoast_head_json":{"title":"Wellington se re\u00fane com contratados do Biosa\u00fade que reclamam de atrasos nos sal\u00e1rios - Daniel Matos","robots":{"index":"index","follow":"follow","max-snippet":"max-snippet:-1","max-image-preview":"max-image-preview:large","max-video-preview":"max-video-preview:-1"},"canonical":"https:\/\/www.blogsoestado.com\/danielmatos\/wellington-se-reune-com-contratados-do-biosaude-que-reclamam-de-atrasos-nos-salarios\/","og_locale":"pt_BR","og_type":"article","og_title":"Wellington se re\u00fane com contratados do Biosa\u00fade que reclamam de atrasos nos sal\u00e1rios - Daniel Matos","og_description":"O deputado estadual progressista Wellington do Curso se reuniu, na Assembleia Legislativa do Maranh\u00e3o, com uma comiss\u00e3o dos empregados do [&hellip;]","og_url":"https:\/\/www.blogsoestado.com\/danielmatos\/wellington-se-reune-com-contratados-do-biosaude-que-reclamam-de-atrasos-nos-salarios\/","og_site_name":"Daniel Matos","article_published_time":"2018-03-10T12:15:19+00:00","og_image":[{"url":"https:\/\/www.blogsoestado.com\/danielmatos\/files\/2018\/03\/w-biosaude.jpg","type":"","width":"","height":""}],"twitter_card":"summary_large_image","twitter_misc":{"Est. tempo de leitura":"1 minuto"},"schema":{"@context":"https:\/\/schema.org","@graph":[{"@type":"WebPage","@id":"https:\/\/www.blogsoestado.com\/danielmatos\/wellington-se-reune-com-contratados-do-biosaude-que-reclamam-de-atrasos-nos-salarios\/","url":"https:\/\/www.blogsoestado.com\/danielmatos\/wellington-se-reune-com-contratados-do-biosaude-que-reclamam-de-atrasos-nos-salarios\/","name":"Wellington se re\u00fane com contratados do Biosa\u00fade que reclamam de atrasos nos sal\u00e1rios - Daniel Matos","isPartOf":{"@id":"https:\/\/www.blogsoestado.com\/danielmatos\/#website"},"primaryImageOfPage":{"@id":"https:\/\/www.blogsoestado.com\/danielmatos\/wellington-se-reune-com-contratados-do-biosaude-que-reclamam-de-atrasos-nos-salarios\/#primaryimage"},"image":{"@id":"https:\/\/www.blogsoestado.com\/danielmatos\/wellington-se-reune-com-contratados-do-biosaude-que-reclamam-de-atrasos-nos-salarios\/#primaryimage"},"thumbnailUrl":"https:\/\/www.blogsoestado.com\/danielmatos\/files\/2018\/03\/w-biosaude.jpg","datePublished":"2018-03-10T12:15:19+00:00","author":{"@id":""},"breadcrumb":{"@id":"https:\/\/www.blogsoestado.com\/danielmatos\/wellington-se-reune-com-contratados-do-biosaude-que-reclamam-de-atrasos-nos-salarios\/#breadcrumb"},"inLanguage":"pt-BR","potentialAction":[{"@type":"ReadAction","target":["https:\/\/www.blogsoestado.com\/danielmatos\/wellington-se-reune-com-contratados-do-biosaude-que-reclamam-de-atrasos-nos-salarios\/"]}]},{"@type":"ImageObject","inLanguage":"pt-BR","@id":"https:\/\/www.blogsoestado.com\/danielmatos\/wellington-se-reune-com-contratados-do-biosaude-que-reclamam-de-atrasos-nos-salarios\/#primaryimage","url":"https:\/\/www.blogsoestado.com\/danielmatos\/files\/2018\/03\/w-biosaude.jpg","contentUrl":"https:\/\/www.blogsoestado.com\/danielmatos\/files\/2018\/03\/w-biosaude.jpg"},{"@type":"BreadcrumbList","@id":"https:\/\/www.blogsoestado.com\/danielmatos\/wellington-se-reune-com-contratados-do-biosaude-que-reclamam-de-atrasos-nos-salarios\/#breadcrumb","itemListElement":[{"@type":"ListItem","position":1,"name":"In\u00edcio","item":"https:\/\/www.blogsoestado.com\/danielmatos\/"},{"@type":"ListItem","position":2,"name":"Wellington se re\u00fane com contratados do Biosa\u00fade que reclamam de atrasos nos sal\u00e1rios"}]},{"@type":"WebSite","@id":"https:\/\/www.blogsoestado.com\/danielmatos\/#website","url":"https:\/\/www.blogsoestado.com\/danielmatos\/","name":"Daniel Matos","description":"","potentialAction":[{"@type":"SearchAction","target":{"@type":"EntryPoint","urlTemplate":"https:\/\/www.blogsoestado.com\/danielmatos\/?s={search_term_string}"},"query-input":{"@type":"PropertyValueSpecification","valueRequired":true,"valueName":"search_term_string"}}],"inLanguage":"pt-BR"}]}},"jetpack_featured_media_url":"","_links":{"self":[{"href":"https:\/\/www.blogsoestado.com\/danielmatos\/wp-json\/wp\/v2\/posts\/49281","targetHints":{"allow":["GET"]}}],"collection":[{"href":"https:\/\/www.blogsoestado.com\/danielmatos\/wp-json\/wp\/v2\/posts"}],"about":[{"href":"https:\/\/www.blogsoestado.com\/danielmatos\/wp-json\/wp\/v2\/types\/post"}],"replies":[{"embeddable":true,"href":"https:\/\/www.blogsoestado.com\/danielmatos\/wp-json\/wp\/v2\/comments?post=49281"}],"version-history":[{"count":0,"href":"https:\/\/www.blogsoestado.com\/danielmatos\/wp-json\/wp\/v2\/posts\/49281\/revisions"}],"wp:attachment":[{"href":"https:\/\/www.blogsoestado.com\/danielmatos\/wp-json\/wp\/v2\/media?parent=49281"}],"wp:term":[{"taxonomy":"category","embeddable":true,"href":"https:\/\/www.blogsoestado.com\/danielmatos\/wp-json\/wp\/v2\/categories?post=49281"},{"taxonomy":"post_tag","embeddable":true,"href":"https:\/\/www.blogsoestado.com\/danielmatos\/wp-json\/wp\/v2\/tags?post=49281"}],"curies":[{"name":"wp","href":"https:\/\/api.w.org\/{rel}","templated":true}]}}