{"id":49284,"date":"2018-03-10T10:30:06","date_gmt":"2018-03-10T13:30:06","guid":{"rendered":"https:\/\/www.blogsoestado.com\/danielmatos\/?p=49284"},"modified":"2018-03-10T10:30:06","modified_gmt":"2018-03-10T13:30:06","slug":"prefeitura-de-santa-rita-celebra-parceria-com-incra-para-apoiar-mulheres","status":"publish","type":"post","link":"https:\/\/www.blogsoestado.com\/danielmatos\/prefeitura-de-santa-rita-celebra-parceria-com-incra-para-apoiar-mulheres\/","title":{"rendered":"Prefeitura de Santa Rita celebra parceria com INCRA para apoiar mulheres"},"content":{"rendered":"<figure id=\"attachment_49285\" aria-describedby=\"caption-attachment-49285\" style=\"width: 570px\" class=\"wp-caption aligncenter\"><img fetchpriority=\"high\" decoding=\"async\" class=\"size-full wp-image-49285\" src=\"https:\/\/www.blogsoestado.com\/danielmatos\/files\/2018\/03\/santa-rita-mulher.jpg\" alt=\"\" width=\"570\" height=\"471\" \/><figcaption id=\"caption-attachment-49285\" class=\"wp-caption-text\">Prefeitura firmou importante parceria com INCRA em favor das mulheres de Santa Rita<\/figcaption><\/figure>\n<p>A Prefeitura de Santa Rita, por interm\u00e9dio da secret\u00e1ria municipal da Mulher (SEMU) reafirmou uma importante parceria com INCRA em favor das mulheres de Santa Rita. Trata-se do benef\u00edcio chamado Fomento Mulher, compromisso firmado pelo prefeito Hilton Gon\u00e7alo no dia 25 de janeiro de 2018.<\/p>\n<p>O cr\u00e9dito Fomento Mulher \u00e9 concedido pelo Incra para mulheres assentadas que s\u00e3o atendidas pelas a\u00e7\u00f5es de assist\u00eancia t\u00e9cnica da autarquia. \u00c9 necess\u00e1rio ter o cadastro atualizado no Incra, estar inscrita no Cad\u00danico e n\u00e3o ter recebido cr\u00e9dito Apoio Mulher anteriormente.<\/p>\n<p>&#8220;A SEMU informar\u00e1 posteriormente o in\u00edcio do projeto, bem como os crit\u00e9rios adotados \u00e0s interessadas. Essa not\u00edcia surge como um presente para muitas mulheres de nossa cidade que precisam de um aux\u00edlio. N\u00f3s da SEMU nos sentimos felizes em contribuir com nossas mun\u00edcipes. Gostaria tamb\u00e9m de desejar a todas mulheres da nossa querida Santa Rita&#8221;, declarou Luiza Karla Calvet, secret\u00e1ria municipal da Mulher.<\/p>\n","protected":false},"excerpt":{"rendered":"<p>A Prefeitura de Santa Rita, por interm\u00e9dio da secret\u00e1ria municipal da Mulher (SEMU) reafirmou uma importante parceria com INCRA em [&hellip;]<\/p>\n","protected":false},"author":0,"featured_media":0,"comment_status":"open","ping_status":"open","sticky":false,"template":"","format":"standard","meta":{"site-sidebar-layout":"default","site-content-layout":"","ast-site-content-layout":"default","site-content-style":"default","site-sidebar-style":"default","ast-global-header-display":"","ast-banner-title-visibility":"","ast-main-header-display":"","ast-hfb-above-header-display":"","ast-hfb-below-header-display":"","ast-hfb-mobile-header-display":"","site-post-title":"","ast-breadcrumbs-content":"","ast-featured-img":"","footer-sml-layout":"","ast-disable-related-posts":"","theme-transparent-header-meta":"","adv-header-id-meta":"","stick-header-meta":"","header-above-stick-meta":"","header-main-stick-meta":"","header-below-stick-meta":"","astra-migrate-meta-layouts":"default","ast-page-background-enabled":"default","ast-page-background-meta":{"desktop":{"background-color":"var(--ast-global-color-5)","background-image":"","background-repeat":"repeat","background-position":"center center","background-size":"auto","background-attachment":"scroll","background-type":"","background-media":"","overlay-type":"","overlay-color":"","overlay-opacity":"","overlay-gradient":""},"tablet":{"background-color":"","background-image":"","background-repeat":"repeat","background-position":"center center","background-size":"auto","background-attachment":"scroll","background-type":"","background-media":"","overlay-type":"","overlay-color":"","overlay-opacity":"","overlay-gradient":""},"mobile":{"background-color":"","background-image":"","background-repeat":"repeat","background-position":"center center","background-size":"auto","background-attachment":"scroll","background-type":"","background-media":"","overlay-type":"","overlay-color":"","overlay-opacity":"","overlay-gradient":""}},"ast-content-background-meta":{"desktop":{"background-color":"var(--ast-global-color-4)","background-image":"","background-repeat":"repeat","background-position":"center center","background-size":"auto","background-attachment":"scroll","background-type":"","background-media":"","overlay-type":"","overlay-color":"","overlay-opacity":"","overlay-gradient":""},"tablet":{"background-color":"var(--ast-global-color-4)","background-image":"","background-repeat":"repeat","background-position":"center center","background-size":"auto","background-attachment":"scroll","background-type":"","background-media":"","overlay-type":"","overlay-color":"","overlay-opacity":"","overlay-gradient":""},"mobile":{"background-color":"var(--ast-global-color-4)","background-image":"","background-repeat":"repeat","background-position":"center center","background-size":"auto","background-attachment":"scroll","background-type":"","background-media":"","overlay-type":"","overlay-color":"","overlay-opacity":"","overlay-gradient":""}},"footnotes":""},"categories":[1],"tags":[],"class_list":["post-49284","post","type-post","status-publish","format-standard","hentry","category-sem-categoria"],"yoast_head":"<!-- This site is optimized with the Yoast SEO plugin v26.6 - https:\/\/yoast.com\/wordpress\/plugins\/seo\/ -->\n<title>Prefeitura de Santa Rita celebra parceria com INCRA para apoiar mulheres - Daniel Matos<\/title>\n<meta name=\"robots\" content=\"index, follow, max-snippet:-1, max-image-preview:large, max-video-preview:-1\" \/>\n<link rel=\"canonical\" href=\"https:\/\/www.blogsoestado.com\/danielmatos\/prefeitura-de-santa-rita-celebra-parceria-com-incra-para-apoiar-mulheres\/\" \/>\n<meta property=\"og:locale\" content=\"pt_BR\" \/>\n<meta property=\"og:type\" content=\"article\" \/>\n<meta property=\"og:title\" content=\"Prefeitura de Santa Rita celebra parceria com INCRA para apoiar mulheres - Daniel Matos\" \/>\n<meta property=\"og:description\" content=\"A Prefeitura de Santa Rita, por interm\u00e9dio da secret\u00e1ria municipal da Mulher (SEMU) reafirmou uma importante parceria com INCRA em [&hellip;]\" \/>\n<meta property=\"og:url\" content=\"https:\/\/www.blogsoestado.com\/danielmatos\/prefeitura-de-santa-rita-celebra-parceria-com-incra-para-apoiar-mulheres\/\" \/>\n<meta property=\"og:site_name\" content=\"Daniel Matos\" \/>\n<meta property=\"article:published_time\" content=\"2018-03-10T13:30:06+00:00\" \/>\n<meta property=\"og:image\" content=\"https:\/\/www.blogsoestado.com\/danielmatos\/files\/2018\/03\/santa-rita-mulher.jpg\" \/>\n<meta name=\"twitter:card\" content=\"summary_large_image\" \/>\n<meta name=\"twitter:label1\" content=\"Est. tempo de leitura\" \/>\n\t<meta name=\"twitter:data1\" content=\"1 minuto\" \/>\n<script type=\"application\/ld+json\" class=\"yoast-schema-graph\">{\"@context\":\"https:\/\/schema.org\",\"@graph\":[{\"@type\":\"WebPage\",\"@id\":\"https:\/\/www.blogsoestado.com\/danielmatos\/prefeitura-de-santa-rita-celebra-parceria-com-incra-para-apoiar-mulheres\/\",\"url\":\"https:\/\/www.blogsoestado.com\/danielmatos\/prefeitura-de-santa-rita-celebra-parceria-com-incra-para-apoiar-mulheres\/\",\"name\":\"Prefeitura de Santa Rita celebra parceria com INCRA para apoiar mulheres - Daniel Matos\",\"isPartOf\":{\"@id\":\"https:\/\/www.blogsoestado.com\/danielmatos\/#website\"},\"primaryImageOfPage\":{\"@id\":\"https:\/\/www.blogsoestado.com\/danielmatos\/prefeitura-de-santa-rita-celebra-parceria-com-incra-para-apoiar-mulheres\/#primaryimage\"},\"image\":{\"@id\":\"https:\/\/www.blogsoestado.com\/danielmatos\/prefeitura-de-santa-rita-celebra-parceria-com-incra-para-apoiar-mulheres\/#primaryimage\"},\"thumbnailUrl\":\"https:\/\/www.blogsoestado.com\/danielmatos\/files\/2018\/03\/santa-rita-mulher.jpg\",\"datePublished\":\"2018-03-10T13:30:06+00:00\",\"author\":{\"@id\":\"\"},\"breadcrumb\":{\"@id\":\"https:\/\/www.blogsoestado.com\/danielmatos\/prefeitura-de-santa-rita-celebra-parceria-com-incra-para-apoiar-mulheres\/#breadcrumb\"},\"inLanguage\":\"pt-BR\",\"potentialAction\":[{\"@type\":\"ReadAction\",\"target\":[\"https:\/\/www.blogsoestado.com\/danielmatos\/prefeitura-de-santa-rita-celebra-parceria-com-incra-para-apoiar-mulheres\/\"]}]},{\"@type\":\"ImageObject\",\"inLanguage\":\"pt-BR\",\"@id\":\"https:\/\/www.blogsoestado.com\/danielmatos\/prefeitura-de-santa-rita-celebra-parceria-com-incra-para-apoiar-mulheres\/#primaryimage\",\"url\":\"https:\/\/www.blogsoestado.com\/danielmatos\/files\/2018\/03\/santa-rita-mulher.jpg\",\"contentUrl\":\"https:\/\/www.blogsoestado.com\/danielmatos\/files\/2018\/03\/santa-rita-mulher.jpg\"},{\"@type\":\"BreadcrumbList\",\"@id\":\"https:\/\/www.blogsoestado.com\/danielmatos\/prefeitura-de-santa-rita-celebra-parceria-com-incra-para-apoiar-mulheres\/#breadcrumb\",\"itemListElement\":[{\"@type\":\"ListItem\",\"position\":1,\"name\":\"In\u00edcio\",\"item\":\"https:\/\/www.blogsoestado.com\/danielmatos\/\"},{\"@type\":\"ListItem\",\"position\":2,\"name\":\"Prefeitura de Santa Rita celebra parceria com INCRA para apoiar mulheres\"}]},{\"@type\":\"WebSite\",\"@id\":\"https:\/\/www.blogsoestado.com\/danielmatos\/#website\",\"url\":\"https:\/\/www.blogsoestado.com\/danielmatos\/\",\"name\":\"Daniel Matos\",\"description\":\"\",\"potentialAction\":[{\"@type\":\"SearchAction\",\"target\":{\"@type\":\"EntryPoint\",\"urlTemplate\":\"https:\/\/www.blogsoestado.com\/danielmatos\/?s={search_term_string}\"},\"query-input\":{\"@type\":\"PropertyValueSpecification\",\"valueRequired\":true,\"valueName\":\"search_term_string\"}}],\"inLanguage\":\"pt-BR\"}]}<\/script>\n<!-- \/ Yoast SEO plugin. -->","yoast_head_json":{"title":"Prefeitura de Santa Rita celebra parceria com INCRA para apoiar mulheres - Daniel Matos","robots":{"index":"index","follow":"follow","max-snippet":"max-snippet:-1","max-image-preview":"max-image-preview:large","max-video-preview":"max-video-preview:-1"},"canonical":"https:\/\/www.blogsoestado.com\/danielmatos\/prefeitura-de-santa-rita-celebra-parceria-com-incra-para-apoiar-mulheres\/","og_locale":"pt_BR","og_type":"article","og_title":"Prefeitura de Santa Rita celebra parceria com INCRA para apoiar mulheres - Daniel Matos","og_description":"A Prefeitura de Santa Rita, por interm\u00e9dio da secret\u00e1ria municipal da Mulher (SEMU) reafirmou uma importante parceria com INCRA em [&hellip;]","og_url":"https:\/\/www.blogsoestado.com\/danielmatos\/prefeitura-de-santa-rita-celebra-parceria-com-incra-para-apoiar-mulheres\/","og_site_name":"Daniel Matos","article_published_time":"2018-03-10T13:30:06+00:00","og_image":[{"url":"https:\/\/www.blogsoestado.com\/danielmatos\/files\/2018\/03\/santa-rita-mulher.jpg","type":"","width":"","height":""}],"twitter_card":"summary_large_image","twitter_misc":{"Est. tempo de leitura":"1 minuto"},"schema":{"@context":"https:\/\/schema.org","@graph":[{"@type":"WebPage","@id":"https:\/\/www.blogsoestado.com\/danielmatos\/prefeitura-de-santa-rita-celebra-parceria-com-incra-para-apoiar-mulheres\/","url":"https:\/\/www.blogsoestado.com\/danielmatos\/prefeitura-de-santa-rita-celebra-parceria-com-incra-para-apoiar-mulheres\/","name":"Prefeitura de Santa Rita celebra parceria com INCRA para apoiar mulheres - Daniel Matos","isPartOf":{"@id":"https:\/\/www.blogsoestado.com\/danielmatos\/#website"},"primaryImageOfPage":{"@id":"https:\/\/www.blogsoestado.com\/danielmatos\/prefeitura-de-santa-rita-celebra-parceria-com-incra-para-apoiar-mulheres\/#primaryimage"},"image":{"@id":"https:\/\/www.blogsoestado.com\/danielmatos\/prefeitura-de-santa-rita-celebra-parceria-com-incra-para-apoiar-mulheres\/#primaryimage"},"thumbnailUrl":"https:\/\/www.blogsoestado.com\/danielmatos\/files\/2018\/03\/santa-rita-mulher.jpg","datePublished":"2018-03-10T13:30:06+00:00","author":{"@id":""},"breadcrumb":{"@id":"https:\/\/www.blogsoestado.com\/danielmatos\/prefeitura-de-santa-rita-celebra-parceria-com-incra-para-apoiar-mulheres\/#breadcrumb"},"inLanguage":"pt-BR","potentialAction":[{"@type":"ReadAction","target":["https:\/\/www.blogsoestado.com\/danielmatos\/prefeitura-de-santa-rita-celebra-parceria-com-incra-para-apoiar-mulheres\/"]}]},{"@type":"ImageObject","inLanguage":"pt-BR","@id":"https:\/\/www.blogsoestado.com\/danielmatos\/prefeitura-de-santa-rita-celebra-parceria-com-incra-para-apoiar-mulheres\/#primaryimage","url":"https:\/\/www.blogsoestado.com\/danielmatos\/files\/2018\/03\/santa-rita-mulher.jpg","contentUrl":"https:\/\/www.blogsoestado.com\/danielmatos\/files\/2018\/03\/santa-rita-mulher.jpg"},{"@type":"BreadcrumbList","@id":"https:\/\/www.blogsoestado.com\/danielmatos\/prefeitura-de-santa-rita-celebra-parceria-com-incra-para-apoiar-mulheres\/#breadcrumb","itemListElement":[{"@type":"ListItem","position":1,"name":"In\u00edcio","item":"https:\/\/www.blogsoestado.com\/danielmatos\/"},{"@type":"ListItem","position":2,"name":"Prefeitura de Santa Rita celebra parceria com INCRA para apoiar mulheres"}]},{"@type":"WebSite","@id":"https:\/\/www.blogsoestado.com\/danielmatos\/#website","url":"https:\/\/www.blogsoestado.com\/danielmatos\/","name":"Daniel Matos","description":"","potentialAction":[{"@type":"SearchAction","target":{"@type":"EntryPoint","urlTemplate":"https:\/\/www.blogsoestado.com\/danielmatos\/?s={search_term_string}"},"query-input":{"@type":"PropertyValueSpecification","valueRequired":true,"valueName":"search_term_string"}}],"inLanguage":"pt-BR"}]}},"jetpack_featured_media_url":"","_links":{"self":[{"href":"https:\/\/www.blogsoestado.com\/danielmatos\/wp-json\/wp\/v2\/posts\/49284","targetHints":{"allow":["GET"]}}],"collection":[{"href":"https:\/\/www.blogsoestado.com\/danielmatos\/wp-json\/wp\/v2\/posts"}],"about":[{"href":"https:\/\/www.blogsoestado.com\/danielmatos\/wp-json\/wp\/v2\/types\/post"}],"replies":[{"embeddable":true,"href":"https:\/\/www.blogsoestado.com\/danielmatos\/wp-json\/wp\/v2\/comments?post=49284"}],"version-history":[{"count":0,"href":"https:\/\/www.blogsoestado.com\/danielmatos\/wp-json\/wp\/v2\/posts\/49284\/revisions"}],"wp:attachment":[{"href":"https:\/\/www.blogsoestado.com\/danielmatos\/wp-json\/wp\/v2\/media?parent=49284"}],"wp:term":[{"taxonomy":"category","embeddable":true,"href":"https:\/\/www.blogsoestado.com\/danielmatos\/wp-json\/wp\/v2\/categories?post=49284"},{"taxonomy":"post_tag","embeddable":true,"href":"https:\/\/www.blogsoestado.com\/danielmatos\/wp-json\/wp\/v2\/tags?post=49284"}],"curies":[{"name":"wp","href":"https:\/\/api.w.org\/{rel}","templated":true}]}}