{"id":49287,"date":"2018-03-10T11:15:26","date_gmt":"2018-03-10T14:15:26","guid":{"rendered":"https:\/\/www.blogsoestado.com\/danielmatos\/?p=49287"},"modified":"2018-03-10T11:15:26","modified_gmt":"2018-03-10T14:15:26","slug":"cezar-bombeiro-quer-discutir-precariedade-de-feiras-e-mercados-em-audiencia-na-camara","status":"publish","type":"post","link":"https:\/\/www.blogsoestado.com\/danielmatos\/cezar-bombeiro-quer-discutir-precariedade-de-feiras-e-mercados-em-audiencia-na-camara\/","title":{"rendered":"C\u00e9zar Bombeiro quer discutir precariedade  de feiras e mercados em audi\u00eancia na C\u00e2mara"},"content":{"rendered":"<figure id=\"attachment_49288\" aria-describedby=\"caption-attachment-49288\" style=\"width: 448px\" class=\"wp-caption alignright\"><img fetchpriority=\"high\" decoding=\"async\" class=\"size-full wp-image-49288\" src=\"https:\/\/www.blogsoestado.com\/danielmatos\/files\/2018\/03\/bombeiro-feiras.jpg\" alt=\"\" width=\"448\" height=\"252\" \/><figcaption id=\"caption-attachment-49288\" class=\"wp-caption-text\">C\u00e9zar Bombeiro quer envolver parlamento e sociedade em discuss\u00e3o sobre situa\u00e7\u00e3o de feiras e mercados da capital<\/figcaption><\/figure>\n<p>Tendo em vista a situa\u00e7\u00e3o de precariedade em que se encontra a grande maioria das feiras e mercados da capital maranhense, o vereador C\u00e9zar Bombeiro (PSD) est\u00e1 levando o assunto para ser debatido na C\u00e2mara Municipal de S\u00e3o Lu\u00eds, envolvendo os parlamentares e a sociedade, notadamente por meio de seus representantes de entidades.<\/p>\n<p>Para tanto, o representante da social democracia no Legislativo j\u00e1 est\u00e1 com uma proposi\u00e7\u00e3o pronta, para ser apreciada em plen\u00e1rio, objetivando o agendamento de uma audi\u00eancia p\u00fablica com vistas a tratar sobre o seguinte tema: \u201cAs Feiras e os Mercados de S\u00e3o Lu\u00eds\/MA\u201d.<\/p>\n<p>\u201cEm visitas realizadas \u00e0s feiras do Bacanga, da Liberdade, Raimundo Correia do Monte Castelo, Vila Maranh\u00e3o, dentre outras se constata que muito ainda deve ser feito para que se busque melhorias tanto no sentido da infraestrutura quanto no de fornecer meios aos feirantes de se instalarem nos mercados para desenvolvimento de sua renda\u201d, afirma o vereador do PSD.<\/p>\n<p>Segundo ele, \u201ctendo em vista a atual situa\u00e7\u00e3o dos mercados e feiras da nossa cidade, que encontram-se em estado de p\u00e9ssima conserva\u00e7\u00e3o, necessitando de uma reforma urgente que possa lhe devolver a devida estrutura, promovendo assim o conforto das pessoas que realizam suas compras nesses locais\u201d.<\/p>\n<p><strong>TRABALHO DE RECUPERA\u00c7\u00c3O<\/strong><\/p>\n<p>Como alternativa para encontrar uma solu\u00e7\u00e3o para o problema, C\u00e9zar Bombeiro enfatiza que \u201ctendo em vista que a prefeitura, atrav\u00e9s da SEMAPA vem realizando um magn\u00edfico trabalho na recupera\u00e7\u00e3o de diversas feiras de S\u00e3o Lu\u00eds, apresenta-se este requerimento\u201d. Acrescenta ele que para a audi\u00eancia tem o objetivo de \u201cconvidar todos os atores p\u00fablicos envolvidos para buscar melhores solu\u00e7\u00f5es sobre o que pode ser feito, atingindo assim o fim maior que \u00e9 de prestar o bom servi\u00e7o p\u00fablico \u00e0 comunidade\u201d.<\/p>\n<p>Para finalizar, C\u00e9zar Bombeiro acentua que por meio de sua propositura \u201cse demonstra o sentimento do povo que vivencia diariamente essa situa\u00e7\u00e3o\u201d. Logo em seguida ele completa que \u201cnesse momento requer um posicionamento das autoridades p\u00fablicas, \u00e9 de extrema relev\u00e2ncia a promo\u00e7\u00e3o desta audi\u00eancia p\u00fablica\u201d.<\/p>\n","protected":false},"excerpt":{"rendered":"<p>Tendo em vista a situa\u00e7\u00e3o de precariedade em que se encontra a grande maioria das feiras e mercados da capital [&hellip;]<\/p>\n","protected":false},"author":0,"featured_media":0,"comment_status":"open","ping_status":"open","sticky":false,"template":"","format":"standard","meta":{"site-sidebar-layout":"default","site-content-layout":"","ast-site-content-layout":"default","site-content-style":"default","site-sidebar-style":"default","ast-global-header-display":"","ast-banner-title-visibility":"","ast-main-header-display":"","ast-hfb-above-header-display":"","ast-hfb-below-header-display":"","ast-hfb-mobile-header-display":"","site-post-title":"","ast-breadcrumbs-content":"","ast-featured-img":"","footer-sml-layout":"","ast-disable-related-posts":"","theme-transparent-header-meta":"","adv-header-id-meta":"","stick-header-meta":"","header-above-stick-meta":"","header-main-stick-meta":"","header-below-stick-meta":"","astra-migrate-meta-layouts":"default","ast-page-background-enabled":"default","ast-page-background-meta":{"desktop":{"background-color":"var(--ast-global-color-5)","background-image":"","background-repeat":"repeat","background-position":"center center","background-size":"auto","background-attachment":"scroll","background-type":"","background-media":"","overlay-type":"","overlay-color":"","overlay-opacity":"","overlay-gradient":""},"tablet":{"background-color":"","background-image":"","background-repeat":"repeat","background-position":"center center","background-size":"auto","background-attachment":"scroll","background-type":"","background-media":"","overlay-type":"","overlay-color":"","overlay-opacity":"","overlay-gradient":""},"mobile":{"background-color":"","background-image":"","background-repeat":"repeat","background-position":"center center","background-size":"auto","background-attachment":"scroll","background-type":"","background-media":"","overlay-type":"","overlay-color":"","overlay-opacity":"","overlay-gradient":""}},"ast-content-background-meta":{"desktop":{"background-color":"var(--ast-global-color-4)","background-image":"","background-repeat":"repeat","background-position":"center center","background-size":"auto","background-attachment":"scroll","background-type":"","background-media":"","overlay-type":"","overlay-color":"","overlay-opacity":"","overlay-gradient":""},"tablet":{"background-color":"var(--ast-global-color-4)","background-image":"","background-repeat":"repeat","background-position":"center center","background-size":"auto","background-attachment":"scroll","background-type":"","background-media":"","overlay-type":"","overlay-color":"","overlay-opacity":"","overlay-gradient":""},"mobile":{"background-color":"var(--ast-global-color-4)","background-image":"","background-repeat":"repeat","background-position":"center center","background-size":"auto","background-attachment":"scroll","background-type":"","background-media":"","overlay-type":"","overlay-color":"","overlay-opacity":"","overlay-gradient":""}},"footnotes":""},"categories":[1],"tags":[],"class_list":["post-49287","post","type-post","status-publish","format-standard","hentry","category-sem-categoria"],"yoast_head":"<!-- This site is optimized with the Yoast SEO plugin v26.6 - https:\/\/yoast.com\/wordpress\/plugins\/seo\/ -->\n<title>C\u00e9zar Bombeiro quer discutir precariedade de feiras e mercados em audi\u00eancia na C\u00e2mara - Daniel Matos<\/title>\n<meta name=\"robots\" content=\"index, follow, max-snippet:-1, max-image-preview:large, max-video-preview:-1\" \/>\n<link rel=\"canonical\" href=\"https:\/\/www.blogsoestado.com\/danielmatos\/cezar-bombeiro-quer-discutir-precariedade-de-feiras-e-mercados-em-audiencia-na-camara\/\" \/>\n<meta property=\"og:locale\" content=\"pt_BR\" \/>\n<meta property=\"og:type\" content=\"article\" \/>\n<meta property=\"og:title\" content=\"C\u00e9zar Bombeiro quer discutir precariedade de feiras e mercados em audi\u00eancia na C\u00e2mara - Daniel Matos\" \/>\n<meta property=\"og:description\" content=\"Tendo em vista a situa\u00e7\u00e3o de precariedade em que se encontra a grande maioria das feiras e mercados da capital [&hellip;]\" \/>\n<meta property=\"og:url\" content=\"https:\/\/www.blogsoestado.com\/danielmatos\/cezar-bombeiro-quer-discutir-precariedade-de-feiras-e-mercados-em-audiencia-na-camara\/\" \/>\n<meta property=\"og:site_name\" content=\"Daniel Matos\" \/>\n<meta property=\"article:published_time\" content=\"2018-03-10T14:15:26+00:00\" \/>\n<meta property=\"og:image\" content=\"https:\/\/www.blogsoestado.com\/danielmatos\/files\/2018\/03\/bombeiro-feiras.jpg\" \/>\n<meta name=\"twitter:card\" content=\"summary_large_image\" \/>\n<meta name=\"twitter:label1\" content=\"Est. tempo de leitura\" \/>\n\t<meta name=\"twitter:data1\" content=\"2 minutos\" \/>\n<script type=\"application\/ld+json\" class=\"yoast-schema-graph\">{\"@context\":\"https:\/\/schema.org\",\"@graph\":[{\"@type\":\"WebPage\",\"@id\":\"https:\/\/www.blogsoestado.com\/danielmatos\/cezar-bombeiro-quer-discutir-precariedade-de-feiras-e-mercados-em-audiencia-na-camara\/\",\"url\":\"https:\/\/www.blogsoestado.com\/danielmatos\/cezar-bombeiro-quer-discutir-precariedade-de-feiras-e-mercados-em-audiencia-na-camara\/\",\"name\":\"C\u00e9zar Bombeiro quer discutir precariedade de feiras e mercados em audi\u00eancia na C\u00e2mara - Daniel Matos\",\"isPartOf\":{\"@id\":\"https:\/\/www.blogsoestado.com\/danielmatos\/#website\"},\"primaryImageOfPage\":{\"@id\":\"https:\/\/www.blogsoestado.com\/danielmatos\/cezar-bombeiro-quer-discutir-precariedade-de-feiras-e-mercados-em-audiencia-na-camara\/#primaryimage\"},\"image\":{\"@id\":\"https:\/\/www.blogsoestado.com\/danielmatos\/cezar-bombeiro-quer-discutir-precariedade-de-feiras-e-mercados-em-audiencia-na-camara\/#primaryimage\"},\"thumbnailUrl\":\"https:\/\/www.blogsoestado.com\/danielmatos\/files\/2018\/03\/bombeiro-feiras.jpg\",\"datePublished\":\"2018-03-10T14:15:26+00:00\",\"author\":{\"@id\":\"\"},\"breadcrumb\":{\"@id\":\"https:\/\/www.blogsoestado.com\/danielmatos\/cezar-bombeiro-quer-discutir-precariedade-de-feiras-e-mercados-em-audiencia-na-camara\/#breadcrumb\"},\"inLanguage\":\"pt-BR\",\"potentialAction\":[{\"@type\":\"ReadAction\",\"target\":[\"https:\/\/www.blogsoestado.com\/danielmatos\/cezar-bombeiro-quer-discutir-precariedade-de-feiras-e-mercados-em-audiencia-na-camara\/\"]}]},{\"@type\":\"ImageObject\",\"inLanguage\":\"pt-BR\",\"@id\":\"https:\/\/www.blogsoestado.com\/danielmatos\/cezar-bombeiro-quer-discutir-precariedade-de-feiras-e-mercados-em-audiencia-na-camara\/#primaryimage\",\"url\":\"https:\/\/www.blogsoestado.com\/danielmatos\/files\/2018\/03\/bombeiro-feiras.jpg\",\"contentUrl\":\"https:\/\/www.blogsoestado.com\/danielmatos\/files\/2018\/03\/bombeiro-feiras.jpg\"},{\"@type\":\"BreadcrumbList\",\"@id\":\"https:\/\/www.blogsoestado.com\/danielmatos\/cezar-bombeiro-quer-discutir-precariedade-de-feiras-e-mercados-em-audiencia-na-camara\/#breadcrumb\",\"itemListElement\":[{\"@type\":\"ListItem\",\"position\":1,\"name\":\"In\u00edcio\",\"item\":\"https:\/\/www.blogsoestado.com\/danielmatos\/\"},{\"@type\":\"ListItem\",\"position\":2,\"name\":\"C\u00e9zar Bombeiro quer discutir precariedade de feiras e mercados em audi\u00eancia na C\u00e2mara\"}]},{\"@type\":\"WebSite\",\"@id\":\"https:\/\/www.blogsoestado.com\/danielmatos\/#website\",\"url\":\"https:\/\/www.blogsoestado.com\/danielmatos\/\",\"name\":\"Daniel Matos\",\"description\":\"\",\"potentialAction\":[{\"@type\":\"SearchAction\",\"target\":{\"@type\":\"EntryPoint\",\"urlTemplate\":\"https:\/\/www.blogsoestado.com\/danielmatos\/?s={search_term_string}\"},\"query-input\":{\"@type\":\"PropertyValueSpecification\",\"valueRequired\":true,\"valueName\":\"search_term_string\"}}],\"inLanguage\":\"pt-BR\"}]}<\/script>\n<!-- \/ Yoast SEO plugin. -->","yoast_head_json":{"title":"C\u00e9zar Bombeiro quer discutir precariedade de feiras e mercados em audi\u00eancia na C\u00e2mara - Daniel Matos","robots":{"index":"index","follow":"follow","max-snippet":"max-snippet:-1","max-image-preview":"max-image-preview:large","max-video-preview":"max-video-preview:-1"},"canonical":"https:\/\/www.blogsoestado.com\/danielmatos\/cezar-bombeiro-quer-discutir-precariedade-de-feiras-e-mercados-em-audiencia-na-camara\/","og_locale":"pt_BR","og_type":"article","og_title":"C\u00e9zar Bombeiro quer discutir precariedade de feiras e mercados em audi\u00eancia na C\u00e2mara - Daniel Matos","og_description":"Tendo em vista a situa\u00e7\u00e3o de precariedade em que se encontra a grande maioria das feiras e mercados da capital [&hellip;]","og_url":"https:\/\/www.blogsoestado.com\/danielmatos\/cezar-bombeiro-quer-discutir-precariedade-de-feiras-e-mercados-em-audiencia-na-camara\/","og_site_name":"Daniel Matos","article_published_time":"2018-03-10T14:15:26+00:00","og_image":[{"url":"https:\/\/www.blogsoestado.com\/danielmatos\/files\/2018\/03\/bombeiro-feiras.jpg","type":"","width":"","height":""}],"twitter_card":"summary_large_image","twitter_misc":{"Est. tempo de leitura":"2 minutos"},"schema":{"@context":"https:\/\/schema.org","@graph":[{"@type":"WebPage","@id":"https:\/\/www.blogsoestado.com\/danielmatos\/cezar-bombeiro-quer-discutir-precariedade-de-feiras-e-mercados-em-audiencia-na-camara\/","url":"https:\/\/www.blogsoestado.com\/danielmatos\/cezar-bombeiro-quer-discutir-precariedade-de-feiras-e-mercados-em-audiencia-na-camara\/","name":"C\u00e9zar Bombeiro quer discutir precariedade de feiras e mercados em audi\u00eancia na C\u00e2mara - Daniel Matos","isPartOf":{"@id":"https:\/\/www.blogsoestado.com\/danielmatos\/#website"},"primaryImageOfPage":{"@id":"https:\/\/www.blogsoestado.com\/danielmatos\/cezar-bombeiro-quer-discutir-precariedade-de-feiras-e-mercados-em-audiencia-na-camara\/#primaryimage"},"image":{"@id":"https:\/\/www.blogsoestado.com\/danielmatos\/cezar-bombeiro-quer-discutir-precariedade-de-feiras-e-mercados-em-audiencia-na-camara\/#primaryimage"},"thumbnailUrl":"https:\/\/www.blogsoestado.com\/danielmatos\/files\/2018\/03\/bombeiro-feiras.jpg","datePublished":"2018-03-10T14:15:26+00:00","author":{"@id":""},"breadcrumb":{"@id":"https:\/\/www.blogsoestado.com\/danielmatos\/cezar-bombeiro-quer-discutir-precariedade-de-feiras-e-mercados-em-audiencia-na-camara\/#breadcrumb"},"inLanguage":"pt-BR","potentialAction":[{"@type":"ReadAction","target":["https:\/\/www.blogsoestado.com\/danielmatos\/cezar-bombeiro-quer-discutir-precariedade-de-feiras-e-mercados-em-audiencia-na-camara\/"]}]},{"@type":"ImageObject","inLanguage":"pt-BR","@id":"https:\/\/www.blogsoestado.com\/danielmatos\/cezar-bombeiro-quer-discutir-precariedade-de-feiras-e-mercados-em-audiencia-na-camara\/#primaryimage","url":"https:\/\/www.blogsoestado.com\/danielmatos\/files\/2018\/03\/bombeiro-feiras.jpg","contentUrl":"https:\/\/www.blogsoestado.com\/danielmatos\/files\/2018\/03\/bombeiro-feiras.jpg"},{"@type":"BreadcrumbList","@id":"https:\/\/www.blogsoestado.com\/danielmatos\/cezar-bombeiro-quer-discutir-precariedade-de-feiras-e-mercados-em-audiencia-na-camara\/#breadcrumb","itemListElement":[{"@type":"ListItem","position":1,"name":"In\u00edcio","item":"https:\/\/www.blogsoestado.com\/danielmatos\/"},{"@type":"ListItem","position":2,"name":"C\u00e9zar Bombeiro quer discutir precariedade de feiras e mercados em audi\u00eancia na C\u00e2mara"}]},{"@type":"WebSite","@id":"https:\/\/www.blogsoestado.com\/danielmatos\/#website","url":"https:\/\/www.blogsoestado.com\/danielmatos\/","name":"Daniel Matos","description":"","potentialAction":[{"@type":"SearchAction","target":{"@type":"EntryPoint","urlTemplate":"https:\/\/www.blogsoestado.com\/danielmatos\/?s={search_term_string}"},"query-input":{"@type":"PropertyValueSpecification","valueRequired":true,"valueName":"search_term_string"}}],"inLanguage":"pt-BR"}]}},"jetpack_featured_media_url":"","_links":{"self":[{"href":"https:\/\/www.blogsoestado.com\/danielmatos\/wp-json\/wp\/v2\/posts\/49287","targetHints":{"allow":["GET"]}}],"collection":[{"href":"https:\/\/www.blogsoestado.com\/danielmatos\/wp-json\/wp\/v2\/posts"}],"about":[{"href":"https:\/\/www.blogsoestado.com\/danielmatos\/wp-json\/wp\/v2\/types\/post"}],"replies":[{"embeddable":true,"href":"https:\/\/www.blogsoestado.com\/danielmatos\/wp-json\/wp\/v2\/comments?post=49287"}],"version-history":[{"count":0,"href":"https:\/\/www.blogsoestado.com\/danielmatos\/wp-json\/wp\/v2\/posts\/49287\/revisions"}],"wp:attachment":[{"href":"https:\/\/www.blogsoestado.com\/danielmatos\/wp-json\/wp\/v2\/media?parent=49287"}],"wp:term":[{"taxonomy":"category","embeddable":true,"href":"https:\/\/www.blogsoestado.com\/danielmatos\/wp-json\/wp\/v2\/categories?post=49287"},{"taxonomy":"post_tag","embeddable":true,"href":"https:\/\/www.blogsoestado.com\/danielmatos\/wp-json\/wp\/v2\/tags?post=49287"}],"curies":[{"name":"wp","href":"https:\/\/api.w.org\/{rel}","templated":true}]}}