{"id":49299,"date":"2018-03-10T19:01:16","date_gmt":"2018-03-10T22:01:16","guid":{"rendered":"https:\/\/www.blogsoestado.com\/danielmatos\/?p=49299"},"modified":"2018-03-10T19:01:16","modified_gmt":"2018-03-10T22:01:16","slug":"roseana-nos-bracos-do-povo-em-imperatriz","status":"publish","type":"post","link":"https:\/\/www.blogsoestado.com\/danielmatos\/roseana-nos-bracos-do-povo-em-imperatriz\/","title":{"rendered":"Roseana nos bra\u00e7os do povo em Imperatriz"},"content":{"rendered":"<figure id=\"attachment_49302\" aria-describedby=\"caption-attachment-49302\" style=\"width: 600px\" class=\"wp-caption aligncenter\"><img fetchpriority=\"high\" decoding=\"async\" class=\"wp-image-49302\" src=\"https:\/\/www.blogsoestado.com\/danielmatos\/files\/2018\/03\/IMG-20180310-WA0043.jpg\" alt=\"\" width=\"600\" height=\"450\" \/><figcaption id=\"caption-attachment-49302\" class=\"wp-caption-text\">Lob\u00e3o, Roseana, Assis Ramos, Sarney Filho e a multid\u00e3o ao fundo<\/figcaption><\/figure>\n<p>A ex-governadora e pr\u00e9-candidata \u00e0 sucess\u00e3o estadual, Roseana Sarney (MDB), teve uma recep\u00e7\u00e3o calorosa neste s\u00e1bado, em Imperatriz. Acompanhada do senador Edison Lob\u00e3o (MDB), candIdato \u00e0 reelei\u00e7\u00e3o, e do ministro do Meio Ambiente, Sarney Filho, que tamb\u00e9m disputa cadeira no Senado, Roseana foi alvo de in\u00fameras manifesta\u00e7\u00f5es de reconhecimento por suas realiza\u00e7\u00f5es em prol do povo imperatrizense quando governou o estado.<\/p>\n<figure id=\"attachment_49303\" aria-describedby=\"caption-attachment-49303\" style=\"width: 600px\" class=\"wp-caption aligncenter\"><img decoding=\"async\" class=\"wp-image-49303\" src=\"https:\/\/www.blogsoestado.com\/danielmatos\/files\/2018\/03\/IMG-20180310-WA0059-300x200.jpg\" alt=\"\" width=\"600\" height=\"399\" \/><figcaption id=\"caption-attachment-49303\" class=\"wp-caption-text\">Roseana e aliados de.bra\u00e7os dados demonstrando confian\u00e7a na vit\u00f3ria nas urnas<\/figcaption><\/figure>\n<p>Uma multid\u00e3o participou do ato pol\u00edtico liderado por Roseana em Imperatriz. O entusiasmo popular com a pr\u00e9-candidatura da emedebista registrado em Santa In\u00eas, Santa Luzia e Buriticupu, nos dois primeiros dias da caravana que se estender\u00e1 at\u00e9 o pr\u00f3ximo dia 17, foi ainda mais evidente na segunda maior cidade do Maranh\u00e3o.<\/p>\n<figure id=\"attachment_49304\" aria-describedby=\"caption-attachment-49304\" style=\"width: 600px\" class=\"wp-caption aligncenter\"><img decoding=\"async\" class=\"wp-image-49304\" src=\"https:\/\/www.blogsoestado.com\/danielmatos\/files\/2018\/03\/IMG-20180310-WA0061-300x300.jpg\" alt=\"\" width=\"600\" height=\"600\" \/><figcaption id=\"caption-attachment-49304\" class=\"wp-caption-text\">Ato.politico liderado por Roseana em Imperatriz registrou presen\u00e7a maci\u00e7a do povo, da classe pol\u00edtica e de manifesta\u00e7\u00f5es folcl\u00f3ricas<\/figcaption><\/figure>\n<p>Coube ao prefeito Assis Ramos (MDB) dar as boas vindas a Roseana em Imperatriz. A plateia numerosa fez coro ao discurso do gestor, que enumerou as benfeitorias que o munic\u00edpio.recebeu nos governos da.aliada.<\/p>\n<p>Um dos feitos de Roseana em favor de Imperatriz mais lembrados foi a cria\u00e7\u00e3o das condi\u00e7\u00f5es favor\u00e1veis \u00e0 instala\u00e7\u00e3o de uma f\u00e1brica da Suzano Papel e Celulose na regi\u00e3o, respons\u00e1vel pela gera\u00e7\u00e3o de milhares de empregos diretos e indiretos.<\/p>\n<figure id=\"attachment_49305\" aria-describedby=\"caption-attachment-49305\" style=\"width: 600px\" class=\"wp-caption aligncenter\"><img loading=\"lazy\" decoding=\"async\" class=\"wp-image-49305\" src=\"https:\/\/www.blogsoestado.com\/danielmatos\/files\/2018\/03\/IMG-20180310-WA0046.jpg\" alt=\"\" width=\"600\" height=\"294\" \/><figcaption id=\"caption-attachment-49305\" class=\"wp-caption-text\">Multid\u00e3o prestigiou Roseana,.que.teve recep\u00e7\u00e3o calorosa em reconhecimento ao seu trabalho por ImperatrizO<\/figcaption><\/figure>\n<p>O destaque negativo foi a recente inaugura\u00e7\u00e3o da urbaniza\u00e7\u00e3o da Beira-Rio, obra apontada como de m\u00e1 qualidade e que j\u00e1 apresenta falhas t\u00e9cnicas graves, apenas tr\u00eas meses ap\u00f3s ter sido entregue pelo governador Fl\u00e1vio Dino (PCdoB).<\/p>\n<p>Roseana agradeceu o carinho do povo, fez quest\u00e3o de mencionar a vit\u00f3ria do seu grupo pol\u00edtico na ultima elei\u00e7\u00e3o a prefeito no munic\u00edpio, em 2016, e prometeu muito trabalho para corrigir os erros do presente, caso seja eleita novamente para governar o estado.<\/p>\n","protected":false},"excerpt":{"rendered":"<p>A ex-governadora e pr\u00e9-candidata \u00e0 sucess\u00e3o estadual, Roseana Sarney (MDB), teve uma recep\u00e7\u00e3o calorosa neste s\u00e1bado, em Imperatriz. Acompanhada do [&hellip;]<\/p>\n","protected":false},"author":0,"featured_media":0,"comment_status":"open","ping_status":"open","sticky":false,"template":"","format":"standard","meta":{"site-sidebar-layout":"default","site-content-layout":"","ast-site-content-layout":"default","site-content-style":"default","site-sidebar-style":"default","ast-global-header-display":"","ast-banner-title-visibility":"","ast-main-header-display":"","ast-hfb-above-header-display":"","ast-hfb-below-header-display":"","ast-hfb-mobile-header-display":"","site-post-title":"","ast-breadcrumbs-content":"","ast-featured-img":"","footer-sml-layout":"","ast-disable-related-posts":"","theme-transparent-header-meta":"","adv-header-id-meta":"","stick-header-meta":"","header-above-stick-meta":"","header-main-stick-meta":"","header-below-stick-meta":"","astra-migrate-meta-layouts":"default","ast-page-background-enabled":"default","ast-page-background-meta":{"desktop":{"background-color":"var(--ast-global-color-5)","background-image":"","background-repeat":"repeat","background-position":"center center","background-size":"auto","background-attachment":"scroll","background-type":"","background-media":"","overlay-type":"","overlay-color":"","overlay-opacity":"","overlay-gradient":""},"tablet":{"background-color":"","background-image":"","background-repeat":"repeat","background-position":"center center","background-size":"auto","background-attachment":"scroll","background-type":"","background-media":"","overlay-type":"","overlay-color":"","overlay-opacity":"","overlay-gradient":""},"mobile":{"background-color":"","background-image":"","background-repeat":"repeat","background-position":"center center","background-size":"auto","background-attachment":"scroll","background-type":"","background-media":"","overlay-type":"","overlay-color":"","overlay-opacity":"","overlay-gradient":""}},"ast-content-background-meta":{"desktop":{"background-color":"var(--ast-global-color-4)","background-image":"","background-repeat":"repeat","background-position":"center center","background-size":"auto","background-attachment":"scroll","background-type":"","background-media":"","overlay-type":"","overlay-color":"","overlay-opacity":"","overlay-gradient":""},"tablet":{"background-color":"var(--ast-global-color-4)","background-image":"","background-repeat":"repeat","background-position":"center center","background-size":"auto","background-attachment":"scroll","background-type":"","background-media":"","overlay-type":"","overlay-color":"","overlay-opacity":"","overlay-gradient":""},"mobile":{"background-color":"var(--ast-global-color-4)","background-image":"","background-repeat":"repeat","background-position":"center center","background-size":"auto","background-attachment":"scroll","background-type":"","background-media":"","overlay-type":"","overlay-color":"","overlay-opacity":"","overlay-gradient":""}},"footnotes":""},"categories":[1],"tags":[],"class_list":["post-49299","post","type-post","status-publish","format-standard","hentry","category-sem-categoria"],"yoast_head":"<!-- This site is optimized with the Yoast SEO plugin v26.6 - https:\/\/yoast.com\/wordpress\/plugins\/seo\/ -->\n<title>Roseana nos bra\u00e7os do povo em Imperatriz - Daniel Matos<\/title>\n<meta name=\"robots\" content=\"index, follow, max-snippet:-1, max-image-preview:large, max-video-preview:-1\" \/>\n<link rel=\"canonical\" href=\"https:\/\/www.blogsoestado.com\/danielmatos\/roseana-nos-bracos-do-povo-em-imperatriz\/\" \/>\n<meta property=\"og:locale\" content=\"pt_BR\" \/>\n<meta property=\"og:type\" content=\"article\" \/>\n<meta property=\"og:title\" content=\"Roseana nos bra\u00e7os do povo em Imperatriz - Daniel Matos\" \/>\n<meta property=\"og:description\" content=\"A ex-governadora e pr\u00e9-candidata \u00e0 sucess\u00e3o estadual, Roseana Sarney (MDB), teve uma recep\u00e7\u00e3o calorosa neste s\u00e1bado, em Imperatriz. Acompanhada do [&hellip;]\" \/>\n<meta property=\"og:url\" content=\"https:\/\/www.blogsoestado.com\/danielmatos\/roseana-nos-bracos-do-povo-em-imperatriz\/\" \/>\n<meta property=\"og:site_name\" content=\"Daniel Matos\" \/>\n<meta property=\"article:published_time\" content=\"2018-03-10T22:01:16+00:00\" \/>\n<meta property=\"og:image\" content=\"https:\/\/www.blogsoestado.com\/danielmatos\/files\/2018\/03\/IMG-20180310-WA0043.jpg\" \/>\n<meta name=\"twitter:card\" content=\"summary_large_image\" \/>\n<meta name=\"twitter:label1\" content=\"Est. tempo de leitura\" \/>\n\t<meta name=\"twitter:data1\" content=\"2 minutos\" \/>\n<script type=\"application\/ld+json\" class=\"yoast-schema-graph\">{\"@context\":\"https:\/\/schema.org\",\"@graph\":[{\"@type\":\"WebPage\",\"@id\":\"https:\/\/www.blogsoestado.com\/danielmatos\/roseana-nos-bracos-do-povo-em-imperatriz\/\",\"url\":\"https:\/\/www.blogsoestado.com\/danielmatos\/roseana-nos-bracos-do-povo-em-imperatriz\/\",\"name\":\"Roseana nos bra\u00e7os do povo em Imperatriz - Daniel Matos\",\"isPartOf\":{\"@id\":\"https:\/\/www.blogsoestado.com\/danielmatos\/#website\"},\"primaryImageOfPage\":{\"@id\":\"https:\/\/www.blogsoestado.com\/danielmatos\/roseana-nos-bracos-do-povo-em-imperatriz\/#primaryimage\"},\"image\":{\"@id\":\"https:\/\/www.blogsoestado.com\/danielmatos\/roseana-nos-bracos-do-povo-em-imperatriz\/#primaryimage\"},\"thumbnailUrl\":\"https:\/\/www.blogsoestado.com\/danielmatos\/files\/2018\/03\/IMG-20180310-WA0043.jpg\",\"datePublished\":\"2018-03-10T22:01:16+00:00\",\"author\":{\"@id\":\"\"},\"breadcrumb\":{\"@id\":\"https:\/\/www.blogsoestado.com\/danielmatos\/roseana-nos-bracos-do-povo-em-imperatriz\/#breadcrumb\"},\"inLanguage\":\"pt-BR\",\"potentialAction\":[{\"@type\":\"ReadAction\",\"target\":[\"https:\/\/www.blogsoestado.com\/danielmatos\/roseana-nos-bracos-do-povo-em-imperatriz\/\"]}]},{\"@type\":\"ImageObject\",\"inLanguage\":\"pt-BR\",\"@id\":\"https:\/\/www.blogsoestado.com\/danielmatos\/roseana-nos-bracos-do-povo-em-imperatriz\/#primaryimage\",\"url\":\"https:\/\/www.blogsoestado.com\/danielmatos\/files\/2018\/03\/IMG-20180310-WA0043.jpg\",\"contentUrl\":\"https:\/\/www.blogsoestado.com\/danielmatos\/files\/2018\/03\/IMG-20180310-WA0043.jpg\"},{\"@type\":\"BreadcrumbList\",\"@id\":\"https:\/\/www.blogsoestado.com\/danielmatos\/roseana-nos-bracos-do-povo-em-imperatriz\/#breadcrumb\",\"itemListElement\":[{\"@type\":\"ListItem\",\"position\":1,\"name\":\"In\u00edcio\",\"item\":\"https:\/\/www.blogsoestado.com\/danielmatos\/\"},{\"@type\":\"ListItem\",\"position\":2,\"name\":\"Roseana nos bra\u00e7os do povo em Imperatriz\"}]},{\"@type\":\"WebSite\",\"@id\":\"https:\/\/www.blogsoestado.com\/danielmatos\/#website\",\"url\":\"https:\/\/www.blogsoestado.com\/danielmatos\/\",\"name\":\"Daniel Matos\",\"description\":\"\",\"potentialAction\":[{\"@type\":\"SearchAction\",\"target\":{\"@type\":\"EntryPoint\",\"urlTemplate\":\"https:\/\/www.blogsoestado.com\/danielmatos\/?s={search_term_string}\"},\"query-input\":{\"@type\":\"PropertyValueSpecification\",\"valueRequired\":true,\"valueName\":\"search_term_string\"}}],\"inLanguage\":\"pt-BR\"}]}<\/script>\n<!-- \/ Yoast SEO plugin. -->","yoast_head_json":{"title":"Roseana nos bra\u00e7os do povo em Imperatriz - Daniel Matos","robots":{"index":"index","follow":"follow","max-snippet":"max-snippet:-1","max-image-preview":"max-image-preview:large","max-video-preview":"max-video-preview:-1"},"canonical":"https:\/\/www.blogsoestado.com\/danielmatos\/roseana-nos-bracos-do-povo-em-imperatriz\/","og_locale":"pt_BR","og_type":"article","og_title":"Roseana nos bra\u00e7os do povo em Imperatriz - Daniel Matos","og_description":"A ex-governadora e pr\u00e9-candidata \u00e0 sucess\u00e3o estadual, Roseana Sarney (MDB), teve uma recep\u00e7\u00e3o calorosa neste s\u00e1bado, em Imperatriz. Acompanhada do [&hellip;]","og_url":"https:\/\/www.blogsoestado.com\/danielmatos\/roseana-nos-bracos-do-povo-em-imperatriz\/","og_site_name":"Daniel Matos","article_published_time":"2018-03-10T22:01:16+00:00","og_image":[{"url":"https:\/\/www.blogsoestado.com\/danielmatos\/files\/2018\/03\/IMG-20180310-WA0043.jpg","type":"","width":"","height":""}],"twitter_card":"summary_large_image","twitter_misc":{"Est. tempo de leitura":"2 minutos"},"schema":{"@context":"https:\/\/schema.org","@graph":[{"@type":"WebPage","@id":"https:\/\/www.blogsoestado.com\/danielmatos\/roseana-nos-bracos-do-povo-em-imperatriz\/","url":"https:\/\/www.blogsoestado.com\/danielmatos\/roseana-nos-bracos-do-povo-em-imperatriz\/","name":"Roseana nos bra\u00e7os do povo em Imperatriz - Daniel Matos","isPartOf":{"@id":"https:\/\/www.blogsoestado.com\/danielmatos\/#website"},"primaryImageOfPage":{"@id":"https:\/\/www.blogsoestado.com\/danielmatos\/roseana-nos-bracos-do-povo-em-imperatriz\/#primaryimage"},"image":{"@id":"https:\/\/www.blogsoestado.com\/danielmatos\/roseana-nos-bracos-do-povo-em-imperatriz\/#primaryimage"},"thumbnailUrl":"https:\/\/www.blogsoestado.com\/danielmatos\/files\/2018\/03\/IMG-20180310-WA0043.jpg","datePublished":"2018-03-10T22:01:16+00:00","author":{"@id":""},"breadcrumb":{"@id":"https:\/\/www.blogsoestado.com\/danielmatos\/roseana-nos-bracos-do-povo-em-imperatriz\/#breadcrumb"},"inLanguage":"pt-BR","potentialAction":[{"@type":"ReadAction","target":["https:\/\/www.blogsoestado.com\/danielmatos\/roseana-nos-bracos-do-povo-em-imperatriz\/"]}]},{"@type":"ImageObject","inLanguage":"pt-BR","@id":"https:\/\/www.blogsoestado.com\/danielmatos\/roseana-nos-bracos-do-povo-em-imperatriz\/#primaryimage","url":"https:\/\/www.blogsoestado.com\/danielmatos\/files\/2018\/03\/IMG-20180310-WA0043.jpg","contentUrl":"https:\/\/www.blogsoestado.com\/danielmatos\/files\/2018\/03\/IMG-20180310-WA0043.jpg"},{"@type":"BreadcrumbList","@id":"https:\/\/www.blogsoestado.com\/danielmatos\/roseana-nos-bracos-do-povo-em-imperatriz\/#breadcrumb","itemListElement":[{"@type":"ListItem","position":1,"name":"In\u00edcio","item":"https:\/\/www.blogsoestado.com\/danielmatos\/"},{"@type":"ListItem","position":2,"name":"Roseana nos bra\u00e7os do povo em Imperatriz"}]},{"@type":"WebSite","@id":"https:\/\/www.blogsoestado.com\/danielmatos\/#website","url":"https:\/\/www.blogsoestado.com\/danielmatos\/","name":"Daniel Matos","description":"","potentialAction":[{"@type":"SearchAction","target":{"@type":"EntryPoint","urlTemplate":"https:\/\/www.blogsoestado.com\/danielmatos\/?s={search_term_string}"},"query-input":{"@type":"PropertyValueSpecification","valueRequired":true,"valueName":"search_term_string"}}],"inLanguage":"pt-BR"}]}},"jetpack_featured_media_url":"","_links":{"self":[{"href":"https:\/\/www.blogsoestado.com\/danielmatos\/wp-json\/wp\/v2\/posts\/49299","targetHints":{"allow":["GET"]}}],"collection":[{"href":"https:\/\/www.blogsoestado.com\/danielmatos\/wp-json\/wp\/v2\/posts"}],"about":[{"href":"https:\/\/www.blogsoestado.com\/danielmatos\/wp-json\/wp\/v2\/types\/post"}],"replies":[{"embeddable":true,"href":"https:\/\/www.blogsoestado.com\/danielmatos\/wp-json\/wp\/v2\/comments?post=49299"}],"version-history":[{"count":0,"href":"https:\/\/www.blogsoestado.com\/danielmatos\/wp-json\/wp\/v2\/posts\/49299\/revisions"}],"wp:attachment":[{"href":"https:\/\/www.blogsoestado.com\/danielmatos\/wp-json\/wp\/v2\/media?parent=49299"}],"wp:term":[{"taxonomy":"category","embeddable":true,"href":"https:\/\/www.blogsoestado.com\/danielmatos\/wp-json\/wp\/v2\/categories?post=49299"},{"taxonomy":"post_tag","embeddable":true,"href":"https:\/\/www.blogsoestado.com\/danielmatos\/wp-json\/wp\/v2\/tags?post=49299"}],"curies":[{"name":"wp","href":"https:\/\/api.w.org\/{rel}","templated":true}]}}