{"id":49310,"date":"2018-03-11T09:51:20","date_gmt":"2018-03-11T12:51:20","guid":{"rendered":"https:\/\/www.blogsoestado.com\/danielmatos\/?p=49310"},"modified":"2018-03-11T09:51:20","modified_gmt":"2018-03-11T12:51:20","slug":"futuro-dos-servidores-estaduais-em-risco","status":"publish","type":"post","link":"https:\/\/www.blogsoestado.com\/danielmatos\/futuro-dos-servidores-estaduais-em-risco\/","title":{"rendered":"Futuro dos servidores estaduais em risco"},"content":{"rendered":"<p><strong>Adriano Sarney*<\/strong><\/p>\n<figure id=\"attachment_48670\" aria-describedby=\"caption-attachment-48670\" style=\"width: 300px\" class=\"wp-caption alignright\"><img fetchpriority=\"high\" decoding=\"async\" class=\"size-medium wp-image-48670\" src=\"https:\/\/www.blogsoestado.com\/danielmatos\/files\/2018\/02\/adriano-amarante-300x200.jpg\" alt=\"\" width=\"300\" height=\"200\" \/><figcaption id=\"caption-attachment-48670\" class=\"wp-caption-text\">Adriano diz que o governo \u00e9 sabedor do desequil\u00edbrio, mas n\u00e3o tornou efetivamente p\u00fablico o assunto<\/figcaption><\/figure>\n<p>O Regime Pr\u00f3prio de Previd\u00eancia dos Servidores (RPPS) do Maranh\u00e3o se encontra em situa\u00e7\u00e3o de desequil\u00edbrio atuarial e financeiro, contrariando dispositivos constitucionais e legais. Isto significa que os servidores estaduais correm o risco de n\u00e3o terem as suas aposentadorias asseguradas no futuro.<\/p>\n<p>O rombo na previd\u00eancia estadual \u00e9 estimado, na melhor das hip\u00f3teses, em mais de R$ 10 bilh\u00f5es de 2018 a 2027 (10 anos), conforme demonstra o relat\u00f3rio &#8220;Proje\u00e7\u00e3o Atuarial do Regime Pr\u00f3prio de Previd\u00eancia dos Servidores&#8221;, na p\u00e1gina 37 do Anexo de Metas Fiscais na Lei de Diretrizes Or\u00e7ament\u00e1rias 2018 (LDO 2018), que pode ser acessado no site da Secretaria de Planejamento do Maranh\u00e3o (Seplan) &#8211; <a href=\"http:\/\/bit.ly\/2FpXlgM\">http:\/\/bit.ly\/2FpXlgM<\/a>. J\u00e1 o desequil\u00edbrio financeiro, tamb\u00e9m na melhor das hip\u00f3teses, \u00e9 de R$ 4,7 bilh\u00f5es no mesmo per\u00edodo. A probabilidade desse desequil\u00edbrio financeiro ser muito superior a esse volume \u00e9 alta, considerando-se a disparidade das informa\u00e7\u00f5es entre o Anexo da LDO e os Relat\u00f3rios Resumidos de Execu\u00e7\u00e3o Or\u00e7ament\u00e1ria publicados at\u00e9 2017.<\/p>\n<p>O Governo do Estado \u00e9 sabedor desse desequil\u00edbrio e n\u00e3o tornou efetivamente p\u00fablico o assunto, pois teria de enfrentar o desgaste pol\u00edtico de ter que discutir o reequil\u00edbrio do Fundo de Previd\u00eancia. Essa situa\u00e7\u00e3o fica mais agravada pelas a\u00e7\u00f5es do Estado que refez toda a regulamenta\u00e7\u00e3o do funcionamento do Conselho do Fundo e, por \u00faltimo, autorizou a avalia\u00e7\u00e3o de um im\u00f3vel, o S\u00edtio Santa Eul\u00e1lia, para ser vendido de forma a abrigar a \u201cCidade do Judici\u00e1rio\u201d. Isso vai alterar a situa\u00e7\u00e3o patrimonial do Fundo sem que se conhe\u00e7a efetivamente a sua real situa\u00e7\u00e3o atuarial, financeira e patrimonial.<\/p>\n<p>Todas as a\u00e7\u00f5es adotadas pelo Estado foram feitas de forma a ludibriar o conhecimento amplo que os funcion\u00e1rios p\u00fablicos e a sociedade maranhense deveria ter do assunto.<\/p>\n<figure id=\"attachment_49311\" aria-describedby=\"caption-attachment-49311\" style=\"width: 720px\" class=\"wp-caption aligncenter\"><img decoding=\"async\" class=\"wp-image-49311 size-full\" src=\"https:\/\/www.blogsoestado.com\/danielmatos\/files\/2018\/03\/adriano-risco.jpg\" alt=\"\" width=\"720\" height=\"860\" \/><figcaption id=\"caption-attachment-49311\" class=\"wp-caption-text\">Relat\u00f3rio &#8220;Proje\u00e7\u00e3o Atuarial do Regime Pr\u00f3prio de Previd\u00eancia dos Servidores&#8221;, dispon\u00edvel no site da Seplan, aponta rombo na previd\u00eancia estadual<\/figcaption><\/figure>\n<p>Para finalizar, e com o intuito de ter recursos financeiros no curto prazo, alocou R$ 145 milh\u00f5es destinados \u00e0 Manuten\u00e7\u00e3o e Desenvolvimento do Ensino (MDE) para cobrir j\u00e1 em 2018 o pagamento de aposentadorias e pens\u00f5es da \u00e1rea educacional, contrariando julgados e o entendimento do Conselho Nacional de Educa\u00e7\u00e3o. Tal a\u00e7\u00e3o retira do sistema educacional a possibilidade de aplica\u00e7\u00e3o em todas as a\u00e7\u00f5es previstas na legisla\u00e7\u00e3o para o MDE como o pagamento dos profissionais ativos da educa\u00e7\u00e3o, manuten\u00e7\u00e3o, constru\u00e7\u00e3o e reformas de escolas, programas de forma\u00e7\u00e3o continuada, implanta\u00e7\u00e3o de bibliotecas e outros. Para se ter uma compara\u00e7\u00e3o exata, prev\u00ea a aplica\u00e7\u00e3o de R$ 30 milh\u00f5es anuais no Programa Escola Digna e retira da Educa\u00e7\u00e3o R$ 145 milh\u00f5es para compor o pagamento de aposentadorias de pens\u00f5es de responsabilidade do Fundo. Isto pode ser verificado nas p\u00e1ginas 423, 424 e 425 da Lei Or\u00e7ament\u00e1ria Anual (LOA) no seguinte endere\u00e7o da Seplan &#8211; http:\/\/bit.ly\/2oWGTdv.<\/p>\n<p>Todo esse emaranhado em que o Governo meteu o Estado merece aten\u00e7\u00e3o por parte de todos os servidores p\u00fablicos estaduais assim como dos \u00f3rg\u00e3os fiscalizadores estaduais e federais. A sociedade n\u00e3o pode deixar os comunistas quebrarem, al\u00e9m das contas do governo, tamb\u00e9m a previd\u00eancia dos servidores.<\/p>\n<p><strong>*Administrador, economista, deputado estadual<\/strong><\/p>\n","protected":false},"excerpt":{"rendered":"<p>Adriano Sarney* O Regime Pr\u00f3prio de Previd\u00eancia dos Servidores (RPPS) do Maranh\u00e3o se encontra em situa\u00e7\u00e3o de desequil\u00edbrio atuarial e [&hellip;]<\/p>\n","protected":false},"author":0,"featured_media":0,"comment_status":"open","ping_status":"open","sticky":false,"template":"","format":"standard","meta":{"site-sidebar-layout":"default","site-content-layout":"","ast-site-content-layout":"default","site-content-style":"default","site-sidebar-style":"default","ast-global-header-display":"","ast-banner-title-visibility":"","ast-main-header-display":"","ast-hfb-above-header-display":"","ast-hfb-below-header-display":"","ast-hfb-mobile-header-display":"","site-post-title":"","ast-breadcrumbs-content":"","ast-featured-img":"","footer-sml-layout":"","ast-disable-related-posts":"","theme-transparent-header-meta":"","adv-header-id-meta":"","stick-header-meta":"","header-above-stick-meta":"","header-main-stick-meta":"","header-below-stick-meta":"","astra-migrate-meta-layouts":"default","ast-page-background-enabled":"default","ast-page-background-meta":{"desktop":{"background-color":"var(--ast-global-color-5)","background-image":"","background-repeat":"repeat","background-position":"center center","background-size":"auto","background-attachment":"scroll","background-type":"","background-media":"","overlay-type":"","overlay-color":"","overlay-opacity":"","overlay-gradient":""},"tablet":{"background-color":"","background-image":"","background-repeat":"repeat","background-position":"center center","background-size":"auto","background-attachment":"scroll","background-type":"","background-media":"","overlay-type":"","overlay-color":"","overlay-opacity":"","overlay-gradient":""},"mobile":{"background-color":"","background-image":"","background-repeat":"repeat","background-position":"center center","background-size":"auto","background-attachment":"scroll","background-type":"","background-media":"","overlay-type":"","overlay-color":"","overlay-opacity":"","overlay-gradient":""}},"ast-content-background-meta":{"desktop":{"background-color":"var(--ast-global-color-4)","background-image":"","background-repeat":"repeat","background-position":"center center","background-size":"auto","background-attachment":"scroll","background-type":"","background-media":"","overlay-type":"","overlay-color":"","overlay-opacity":"","overlay-gradient":""},"tablet":{"background-color":"var(--ast-global-color-4)","background-image":"","background-repeat":"repeat","background-position":"center center","background-size":"auto","background-attachment":"scroll","background-type":"","background-media":"","overlay-type":"","overlay-color":"","overlay-opacity":"","overlay-gradient":""},"mobile":{"background-color":"var(--ast-global-color-4)","background-image":"","background-repeat":"repeat","background-position":"center center","background-size":"auto","background-attachment":"scroll","background-type":"","background-media":"","overlay-type":"","overlay-color":"","overlay-opacity":"","overlay-gradient":""}},"footnotes":""},"categories":[1],"tags":[],"class_list":["post-49310","post","type-post","status-publish","format-standard","hentry","category-sem-categoria"],"yoast_head":"<!-- This site is optimized with the Yoast SEO plugin v26.6 - https:\/\/yoast.com\/wordpress\/plugins\/seo\/ -->\n<title>Futuro dos servidores estaduais em risco - Daniel Matos<\/title>\n<meta name=\"robots\" content=\"index, follow, max-snippet:-1, max-image-preview:large, max-video-preview:-1\" \/>\n<link rel=\"canonical\" href=\"https:\/\/www.blogsoestado.com\/danielmatos\/futuro-dos-servidores-estaduais-em-risco\/\" \/>\n<meta property=\"og:locale\" content=\"pt_BR\" \/>\n<meta property=\"og:type\" content=\"article\" \/>\n<meta property=\"og:title\" content=\"Futuro dos servidores estaduais em risco - Daniel Matos\" \/>\n<meta property=\"og:description\" content=\"Adriano Sarney* O Regime Pr\u00f3prio de Previd\u00eancia dos Servidores (RPPS) do Maranh\u00e3o se encontra em situa\u00e7\u00e3o de desequil\u00edbrio atuarial e [&hellip;]\" \/>\n<meta property=\"og:url\" content=\"https:\/\/www.blogsoestado.com\/danielmatos\/futuro-dos-servidores-estaduais-em-risco\/\" \/>\n<meta property=\"og:site_name\" content=\"Daniel Matos\" \/>\n<meta property=\"article:published_time\" content=\"2018-03-11T12:51:20+00:00\" \/>\n<meta property=\"og:image\" content=\"https:\/\/www.blogsoestado.com\/danielmatos\/files\/2018\/02\/adriano-amarante-300x200.jpg\" \/>\n<meta name=\"twitter:card\" content=\"summary_large_image\" \/>\n<meta name=\"twitter:label1\" content=\"Est. tempo de leitura\" \/>\n\t<meta name=\"twitter:data1\" content=\"3 minutos\" \/>\n<script type=\"application\/ld+json\" class=\"yoast-schema-graph\">{\"@context\":\"https:\/\/schema.org\",\"@graph\":[{\"@type\":\"WebPage\",\"@id\":\"https:\/\/www.blogsoestado.com\/danielmatos\/futuro-dos-servidores-estaduais-em-risco\/\",\"url\":\"https:\/\/www.blogsoestado.com\/danielmatos\/futuro-dos-servidores-estaduais-em-risco\/\",\"name\":\"Futuro dos servidores estaduais em risco - Daniel Matos\",\"isPartOf\":{\"@id\":\"https:\/\/www.blogsoestado.com\/danielmatos\/#website\"},\"primaryImageOfPage\":{\"@id\":\"https:\/\/www.blogsoestado.com\/danielmatos\/futuro-dos-servidores-estaduais-em-risco\/#primaryimage\"},\"image\":{\"@id\":\"https:\/\/www.blogsoestado.com\/danielmatos\/futuro-dos-servidores-estaduais-em-risco\/#primaryimage\"},\"thumbnailUrl\":\"https:\/\/www.blogsoestado.com\/danielmatos\/files\/2018\/02\/adriano-amarante-300x200.jpg\",\"datePublished\":\"2018-03-11T12:51:20+00:00\",\"author\":{\"@id\":\"\"},\"breadcrumb\":{\"@id\":\"https:\/\/www.blogsoestado.com\/danielmatos\/futuro-dos-servidores-estaduais-em-risco\/#breadcrumb\"},\"inLanguage\":\"pt-BR\",\"potentialAction\":[{\"@type\":\"ReadAction\",\"target\":[\"https:\/\/www.blogsoestado.com\/danielmatos\/futuro-dos-servidores-estaduais-em-risco\/\"]}]},{\"@type\":\"ImageObject\",\"inLanguage\":\"pt-BR\",\"@id\":\"https:\/\/www.blogsoestado.com\/danielmatos\/futuro-dos-servidores-estaduais-em-risco\/#primaryimage\",\"url\":\"https:\/\/www.blogsoestado.com\/danielmatos\/files\/2018\/02\/adriano-amarante-300x200.jpg\",\"contentUrl\":\"https:\/\/www.blogsoestado.com\/danielmatos\/files\/2018\/02\/adriano-amarante-300x200.jpg\"},{\"@type\":\"BreadcrumbList\",\"@id\":\"https:\/\/www.blogsoestado.com\/danielmatos\/futuro-dos-servidores-estaduais-em-risco\/#breadcrumb\",\"itemListElement\":[{\"@type\":\"ListItem\",\"position\":1,\"name\":\"In\u00edcio\",\"item\":\"https:\/\/www.blogsoestado.com\/danielmatos\/\"},{\"@type\":\"ListItem\",\"position\":2,\"name\":\"Futuro dos servidores estaduais em risco\"}]},{\"@type\":\"WebSite\",\"@id\":\"https:\/\/www.blogsoestado.com\/danielmatos\/#website\",\"url\":\"https:\/\/www.blogsoestado.com\/danielmatos\/\",\"name\":\"Daniel Matos\",\"description\":\"\",\"potentialAction\":[{\"@type\":\"SearchAction\",\"target\":{\"@type\":\"EntryPoint\",\"urlTemplate\":\"https:\/\/www.blogsoestado.com\/danielmatos\/?s={search_term_string}\"},\"query-input\":{\"@type\":\"PropertyValueSpecification\",\"valueRequired\":true,\"valueName\":\"search_term_string\"}}],\"inLanguage\":\"pt-BR\"}]}<\/script>\n<!-- \/ Yoast SEO plugin. -->","yoast_head_json":{"title":"Futuro dos servidores estaduais em risco - Daniel Matos","robots":{"index":"index","follow":"follow","max-snippet":"max-snippet:-1","max-image-preview":"max-image-preview:large","max-video-preview":"max-video-preview:-1"},"canonical":"https:\/\/www.blogsoestado.com\/danielmatos\/futuro-dos-servidores-estaduais-em-risco\/","og_locale":"pt_BR","og_type":"article","og_title":"Futuro dos servidores estaduais em risco - Daniel Matos","og_description":"Adriano Sarney* O Regime Pr\u00f3prio de Previd\u00eancia dos Servidores (RPPS) do Maranh\u00e3o se encontra em situa\u00e7\u00e3o de desequil\u00edbrio atuarial e [&hellip;]","og_url":"https:\/\/www.blogsoestado.com\/danielmatos\/futuro-dos-servidores-estaduais-em-risco\/","og_site_name":"Daniel Matos","article_published_time":"2018-03-11T12:51:20+00:00","og_image":[{"url":"https:\/\/www.blogsoestado.com\/danielmatos\/files\/2018\/02\/adriano-amarante-300x200.jpg","type":"","width":"","height":""}],"twitter_card":"summary_large_image","twitter_misc":{"Est. tempo de leitura":"3 minutos"},"schema":{"@context":"https:\/\/schema.org","@graph":[{"@type":"WebPage","@id":"https:\/\/www.blogsoestado.com\/danielmatos\/futuro-dos-servidores-estaduais-em-risco\/","url":"https:\/\/www.blogsoestado.com\/danielmatos\/futuro-dos-servidores-estaduais-em-risco\/","name":"Futuro dos servidores estaduais em risco - Daniel Matos","isPartOf":{"@id":"https:\/\/www.blogsoestado.com\/danielmatos\/#website"},"primaryImageOfPage":{"@id":"https:\/\/www.blogsoestado.com\/danielmatos\/futuro-dos-servidores-estaduais-em-risco\/#primaryimage"},"image":{"@id":"https:\/\/www.blogsoestado.com\/danielmatos\/futuro-dos-servidores-estaduais-em-risco\/#primaryimage"},"thumbnailUrl":"https:\/\/www.blogsoestado.com\/danielmatos\/files\/2018\/02\/adriano-amarante-300x200.jpg","datePublished":"2018-03-11T12:51:20+00:00","author":{"@id":""},"breadcrumb":{"@id":"https:\/\/www.blogsoestado.com\/danielmatos\/futuro-dos-servidores-estaduais-em-risco\/#breadcrumb"},"inLanguage":"pt-BR","potentialAction":[{"@type":"ReadAction","target":["https:\/\/www.blogsoestado.com\/danielmatos\/futuro-dos-servidores-estaduais-em-risco\/"]}]},{"@type":"ImageObject","inLanguage":"pt-BR","@id":"https:\/\/www.blogsoestado.com\/danielmatos\/futuro-dos-servidores-estaduais-em-risco\/#primaryimage","url":"https:\/\/www.blogsoestado.com\/danielmatos\/files\/2018\/02\/adriano-amarante-300x200.jpg","contentUrl":"https:\/\/www.blogsoestado.com\/danielmatos\/files\/2018\/02\/adriano-amarante-300x200.jpg"},{"@type":"BreadcrumbList","@id":"https:\/\/www.blogsoestado.com\/danielmatos\/futuro-dos-servidores-estaduais-em-risco\/#breadcrumb","itemListElement":[{"@type":"ListItem","position":1,"name":"In\u00edcio","item":"https:\/\/www.blogsoestado.com\/danielmatos\/"},{"@type":"ListItem","position":2,"name":"Futuro dos servidores estaduais em risco"}]},{"@type":"WebSite","@id":"https:\/\/www.blogsoestado.com\/danielmatos\/#website","url":"https:\/\/www.blogsoestado.com\/danielmatos\/","name":"Daniel Matos","description":"","potentialAction":[{"@type":"SearchAction","target":{"@type":"EntryPoint","urlTemplate":"https:\/\/www.blogsoestado.com\/danielmatos\/?s={search_term_string}"},"query-input":{"@type":"PropertyValueSpecification","valueRequired":true,"valueName":"search_term_string"}}],"inLanguage":"pt-BR"}]}},"jetpack_featured_media_url":"","_links":{"self":[{"href":"https:\/\/www.blogsoestado.com\/danielmatos\/wp-json\/wp\/v2\/posts\/49310","targetHints":{"allow":["GET"]}}],"collection":[{"href":"https:\/\/www.blogsoestado.com\/danielmatos\/wp-json\/wp\/v2\/posts"}],"about":[{"href":"https:\/\/www.blogsoestado.com\/danielmatos\/wp-json\/wp\/v2\/types\/post"}],"replies":[{"embeddable":true,"href":"https:\/\/www.blogsoestado.com\/danielmatos\/wp-json\/wp\/v2\/comments?post=49310"}],"version-history":[{"count":0,"href":"https:\/\/www.blogsoestado.com\/danielmatos\/wp-json\/wp\/v2\/posts\/49310\/revisions"}],"wp:attachment":[{"href":"https:\/\/www.blogsoestado.com\/danielmatos\/wp-json\/wp\/v2\/media?parent=49310"}],"wp:term":[{"taxonomy":"category","embeddable":true,"href":"https:\/\/www.blogsoestado.com\/danielmatos\/wp-json\/wp\/v2\/categories?post=49310"},{"taxonomy":"post_tag","embeddable":true,"href":"https:\/\/www.blogsoestado.com\/danielmatos\/wp-json\/wp\/v2\/tags?post=49310"}],"curies":[{"name":"wp","href":"https:\/\/api.w.org\/{rel}","templated":true}]}}