{"id":49313,"date":"2018-03-11T11:15:58","date_gmt":"2018-03-11T14:15:58","guid":{"rendered":"https:\/\/www.blogsoestado.com\/danielmatos\/?p=49313"},"modified":"2018-03-11T11:15:58","modified_gmt":"2018-03-11T14:15:58","slug":"presidente-da-juventude-democrata-no-maranhao-foi-destaque-na-convencao-nacional-do-partido","status":"publish","type":"post","link":"https:\/\/www.blogsoestado.com\/danielmatos\/presidente-da-juventude-democrata-no-maranhao-foi-destaque-na-convencao-nacional-do-partido\/","title":{"rendered":"Presidente da Juventude Democrata no Maranh\u00e3o foi destaque na Conven\u00e7\u00e3o Nacional do Partido"},"content":{"rendered":"<figure id=\"attachment_49314\" aria-describedby=\"caption-attachment-49314\" style=\"width: 244px\" class=\"wp-caption alignleft\"><img decoding=\"async\" class=\"size-full wp-image-49314\" src=\"https:\/\/www.blogsoestado.com\/danielmatos\/files\/2018\/03\/felipe-dem.png\" alt=\"\" width=\"244\" height=\"163\" \/><figcaption id=\"caption-attachment-49314\" class=\"wp-caption-text\">O presidente nacional do DEM e prefeito de Salvador, ACM Neto, com o l\u00edder jovem do DEM no Maranh\u00e3o<\/figcaption><\/figure>\n<p>Durante a Conven\u00e7\u00e3o Nacional do Democratas realizada em Bras\u00edlia, um maranhense se destacou nos bastidores do audit\u00f3rio Nereu Ramos. Jovem e bem articulado, o presidente estadual da Juventude Democratas do Maranh\u00e3o, Felipe Silva, transitou com desenvoltura e intimidade entre os grandes l\u00edderes partid\u00e1rios, e essas conversas n\u00e3o foram apenas cortesia pelo momento, mas sim apoios ao projeto da pr\u00e9-candidatura a deputado federal do jovem maranhense.<\/p>\n<p>Apesar dos seus 33 anos, Felipe Silva tem 15 anos de filia\u00e7\u00e3o, j\u00e1 faz parte dos quadros do DEM desde o antigo PFL, comanda a juventude do Maranh\u00e3o e j\u00e1 foi conselheiro fiscal, vice-presidente nacional e hoje \u00e9 conselheiro pol\u00edtico da Juventude Nacional do Democratas.<\/p>\n<figure id=\"attachment_49315\" aria-describedby=\"caption-attachment-49315\" style=\"width: 230px\" class=\"wp-caption alignright\"><img decoding=\"async\" class=\"size-full wp-image-49315\" src=\"https:\/\/www.blogsoestado.com\/danielmatos\/files\/2018\/03\/felipe-dem2.png\" alt=\"\" width=\"230\" height=\"155\" \/><figcaption id=\"caption-attachment-49315\" class=\"wp-caption-text\">O ministro da Educa\u00e7\u00e3o, Mendon\u00e7a Filho, com Felipe Silva<\/figcaption><\/figure>\n<p>Formado em Administra\u00e7\u00e3o, o jovem \u00e9 empres\u00e1rio e busca seu primeiro mandato. Durante esse per\u00edodo de filia\u00e7\u00e3o partid\u00e1ria, vem se preparando com cursos de forma\u00e7\u00e3o pol\u00edtica. Vale ressaltar que em seu discurso de posse na presid\u00eancia nacional do Democratas, o prefeito de Salvador, ACM Neto, destacou que iniciou sua carreira pol\u00edtica justamente nos quadros da Juventude do PFL.<\/p>\n<p>Outros nomes oriundos desse grupo de forma\u00e7\u00e3o pol\u00edtica s\u00e3o o deputado federal Efraim Filho, da Para\u00edba, hoje l\u00edder da bancada do Democratas na C\u00e2mara, e o deputado estadual Pedro Lupion, do Paran\u00e1, que foram contempor\u00e2neos de gest\u00e3o de Felipe Silva. O deputado Pedro Lupion, que tamb\u00e9m busca uma vaga na C\u00e2mara Federal, fez quest\u00e3o de gravar um v\u00eddeo declarando apoio ao amigo e correligion\u00e1rio Felipe Silva.<\/p>\n<p>\u00c9 aguardar e conferir se o DEM ir\u00e1 revelar.<\/p>\n","protected":false},"excerpt":{"rendered":"<p>Durante a Conven\u00e7\u00e3o Nacional do Democratas realizada em Bras\u00edlia, um maranhense se destacou nos bastidores do audit\u00f3rio Nereu Ramos. Jovem [&hellip;]<\/p>\n","protected":false},"author":0,"featured_media":0,"comment_status":"open","ping_status":"open","sticky":false,"template":"","format":"standard","meta":{"site-sidebar-layout":"default","site-content-layout":"","ast-site-content-layout":"default","site-content-style":"default","site-sidebar-style":"default","ast-global-header-display":"","ast-banner-title-visibility":"","ast-main-header-display":"","ast-hfb-above-header-display":"","ast-hfb-below-header-display":"","ast-hfb-mobile-header-display":"","site-post-title":"","ast-breadcrumbs-content":"","ast-featured-img":"","footer-sml-layout":"","ast-disable-related-posts":"","theme-transparent-header-meta":"","adv-header-id-meta":"","stick-header-meta":"","header-above-stick-meta":"","header-main-stick-meta":"","header-below-stick-meta":"","astra-migrate-meta-layouts":"default","ast-page-background-enabled":"default","ast-page-background-meta":{"desktop":{"background-color":"var(--ast-global-color-5)","background-image":"","background-repeat":"repeat","background-position":"center center","background-size":"auto","background-attachment":"scroll","background-type":"","background-media":"","overlay-type":"","overlay-color":"","overlay-opacity":"","overlay-gradient":""},"tablet":{"background-color":"","background-image":"","background-repeat":"repeat","background-position":"center center","background-size":"auto","background-attachment":"scroll","background-type":"","background-media":"","overlay-type":"","overlay-color":"","overlay-opacity":"","overlay-gradient":""},"mobile":{"background-color":"","background-image":"","background-repeat":"repeat","background-position":"center center","background-size":"auto","background-attachment":"scroll","background-type":"","background-media":"","overlay-type":"","overlay-color":"","overlay-opacity":"","overlay-gradient":""}},"ast-content-background-meta":{"desktop":{"background-color":"var(--ast-global-color-4)","background-image":"","background-repeat":"repeat","background-position":"center center","background-size":"auto","background-attachment":"scroll","background-type":"","background-media":"","overlay-type":"","overlay-color":"","overlay-opacity":"","overlay-gradient":""},"tablet":{"background-color":"var(--ast-global-color-4)","background-image":"","background-repeat":"repeat","background-position":"center center","background-size":"auto","background-attachment":"scroll","background-type":"","background-media":"","overlay-type":"","overlay-color":"","overlay-opacity":"","overlay-gradient":""},"mobile":{"background-color":"var(--ast-global-color-4)","background-image":"","background-repeat":"repeat","background-position":"center center","background-size":"auto","background-attachment":"scroll","background-type":"","background-media":"","overlay-type":"","overlay-color":"","overlay-opacity":"","overlay-gradient":""}},"footnotes":""},"categories":[1],"tags":[],"class_list":["post-49313","post","type-post","status-publish","format-standard","hentry","category-sem-categoria"],"yoast_head":"<!-- This site is optimized with the Yoast SEO plugin v26.6 - https:\/\/yoast.com\/wordpress\/plugins\/seo\/ -->\n<title>Presidente da Juventude Democrata no Maranh\u00e3o foi destaque na Conven\u00e7\u00e3o Nacional do Partido - Daniel Matos<\/title>\n<meta name=\"robots\" content=\"index, follow, max-snippet:-1, max-image-preview:large, max-video-preview:-1\" \/>\n<link rel=\"canonical\" href=\"https:\/\/www.blogsoestado.com\/danielmatos\/presidente-da-juventude-democrata-no-maranhao-foi-destaque-na-convencao-nacional-do-partido\/\" \/>\n<meta property=\"og:locale\" content=\"pt_BR\" \/>\n<meta property=\"og:type\" content=\"article\" \/>\n<meta property=\"og:title\" content=\"Presidente da Juventude Democrata no Maranh\u00e3o foi destaque na Conven\u00e7\u00e3o Nacional do Partido - Daniel Matos\" \/>\n<meta property=\"og:description\" content=\"Durante a Conven\u00e7\u00e3o Nacional do Democratas realizada em Bras\u00edlia, um maranhense se destacou nos bastidores do audit\u00f3rio Nereu Ramos. Jovem [&hellip;]\" \/>\n<meta property=\"og:url\" content=\"https:\/\/www.blogsoestado.com\/danielmatos\/presidente-da-juventude-democrata-no-maranhao-foi-destaque-na-convencao-nacional-do-partido\/\" \/>\n<meta property=\"og:site_name\" content=\"Daniel Matos\" \/>\n<meta property=\"article:published_time\" content=\"2018-03-11T14:15:58+00:00\" \/>\n<meta property=\"og:image\" content=\"https:\/\/www.blogsoestado.com\/danielmatos\/files\/2018\/03\/felipe-dem.png\" \/>\n<meta name=\"twitter:card\" content=\"summary_large_image\" \/>\n<meta name=\"twitter:label1\" content=\"Est. tempo de leitura\" \/>\n\t<meta name=\"twitter:data1\" content=\"2 minutos\" \/>\n<script type=\"application\/ld+json\" class=\"yoast-schema-graph\">{\"@context\":\"https:\/\/schema.org\",\"@graph\":[{\"@type\":\"WebPage\",\"@id\":\"https:\/\/www.blogsoestado.com\/danielmatos\/presidente-da-juventude-democrata-no-maranhao-foi-destaque-na-convencao-nacional-do-partido\/\",\"url\":\"https:\/\/www.blogsoestado.com\/danielmatos\/presidente-da-juventude-democrata-no-maranhao-foi-destaque-na-convencao-nacional-do-partido\/\",\"name\":\"Presidente da Juventude Democrata no Maranh\u00e3o foi destaque na Conven\u00e7\u00e3o Nacional do Partido - Daniel Matos\",\"isPartOf\":{\"@id\":\"https:\/\/www.blogsoestado.com\/danielmatos\/#website\"},\"primaryImageOfPage\":{\"@id\":\"https:\/\/www.blogsoestado.com\/danielmatos\/presidente-da-juventude-democrata-no-maranhao-foi-destaque-na-convencao-nacional-do-partido\/#primaryimage\"},\"image\":{\"@id\":\"https:\/\/www.blogsoestado.com\/danielmatos\/presidente-da-juventude-democrata-no-maranhao-foi-destaque-na-convencao-nacional-do-partido\/#primaryimage\"},\"thumbnailUrl\":\"https:\/\/www.blogsoestado.com\/danielmatos\/files\/2018\/03\/felipe-dem.png\",\"datePublished\":\"2018-03-11T14:15:58+00:00\",\"author\":{\"@id\":\"\"},\"breadcrumb\":{\"@id\":\"https:\/\/www.blogsoestado.com\/danielmatos\/presidente-da-juventude-democrata-no-maranhao-foi-destaque-na-convencao-nacional-do-partido\/#breadcrumb\"},\"inLanguage\":\"pt-BR\",\"potentialAction\":[{\"@type\":\"ReadAction\",\"target\":[\"https:\/\/www.blogsoestado.com\/danielmatos\/presidente-da-juventude-democrata-no-maranhao-foi-destaque-na-convencao-nacional-do-partido\/\"]}]},{\"@type\":\"ImageObject\",\"inLanguage\":\"pt-BR\",\"@id\":\"https:\/\/www.blogsoestado.com\/danielmatos\/presidente-da-juventude-democrata-no-maranhao-foi-destaque-na-convencao-nacional-do-partido\/#primaryimage\",\"url\":\"https:\/\/www.blogsoestado.com\/danielmatos\/files\/2018\/03\/felipe-dem.png\",\"contentUrl\":\"https:\/\/www.blogsoestado.com\/danielmatos\/files\/2018\/03\/felipe-dem.png\"},{\"@type\":\"BreadcrumbList\",\"@id\":\"https:\/\/www.blogsoestado.com\/danielmatos\/presidente-da-juventude-democrata-no-maranhao-foi-destaque-na-convencao-nacional-do-partido\/#breadcrumb\",\"itemListElement\":[{\"@type\":\"ListItem\",\"position\":1,\"name\":\"In\u00edcio\",\"item\":\"https:\/\/www.blogsoestado.com\/danielmatos\/\"},{\"@type\":\"ListItem\",\"position\":2,\"name\":\"Presidente da Juventude Democrata no Maranh\u00e3o foi destaque na Conven\u00e7\u00e3o Nacional do Partido\"}]},{\"@type\":\"WebSite\",\"@id\":\"https:\/\/www.blogsoestado.com\/danielmatos\/#website\",\"url\":\"https:\/\/www.blogsoestado.com\/danielmatos\/\",\"name\":\"Daniel Matos\",\"description\":\"\",\"potentialAction\":[{\"@type\":\"SearchAction\",\"target\":{\"@type\":\"EntryPoint\",\"urlTemplate\":\"https:\/\/www.blogsoestado.com\/danielmatos\/?s={search_term_string}\"},\"query-input\":{\"@type\":\"PropertyValueSpecification\",\"valueRequired\":true,\"valueName\":\"search_term_string\"}}],\"inLanguage\":\"pt-BR\"}]}<\/script>\n<!-- \/ Yoast SEO plugin. -->","yoast_head_json":{"title":"Presidente da Juventude Democrata no Maranh\u00e3o foi destaque na Conven\u00e7\u00e3o Nacional do Partido - Daniel Matos","robots":{"index":"index","follow":"follow","max-snippet":"max-snippet:-1","max-image-preview":"max-image-preview:large","max-video-preview":"max-video-preview:-1"},"canonical":"https:\/\/www.blogsoestado.com\/danielmatos\/presidente-da-juventude-democrata-no-maranhao-foi-destaque-na-convencao-nacional-do-partido\/","og_locale":"pt_BR","og_type":"article","og_title":"Presidente da Juventude Democrata no Maranh\u00e3o foi destaque na Conven\u00e7\u00e3o Nacional do Partido - Daniel Matos","og_description":"Durante a Conven\u00e7\u00e3o Nacional do Democratas realizada em Bras\u00edlia, um maranhense se destacou nos bastidores do audit\u00f3rio Nereu Ramos. Jovem [&hellip;]","og_url":"https:\/\/www.blogsoestado.com\/danielmatos\/presidente-da-juventude-democrata-no-maranhao-foi-destaque-na-convencao-nacional-do-partido\/","og_site_name":"Daniel Matos","article_published_time":"2018-03-11T14:15:58+00:00","og_image":[{"url":"https:\/\/www.blogsoestado.com\/danielmatos\/files\/2018\/03\/felipe-dem.png","type":"","width":"","height":""}],"twitter_card":"summary_large_image","twitter_misc":{"Est. tempo de leitura":"2 minutos"},"schema":{"@context":"https:\/\/schema.org","@graph":[{"@type":"WebPage","@id":"https:\/\/www.blogsoestado.com\/danielmatos\/presidente-da-juventude-democrata-no-maranhao-foi-destaque-na-convencao-nacional-do-partido\/","url":"https:\/\/www.blogsoestado.com\/danielmatos\/presidente-da-juventude-democrata-no-maranhao-foi-destaque-na-convencao-nacional-do-partido\/","name":"Presidente da Juventude Democrata no Maranh\u00e3o foi destaque na Conven\u00e7\u00e3o Nacional do Partido - Daniel Matos","isPartOf":{"@id":"https:\/\/www.blogsoestado.com\/danielmatos\/#website"},"primaryImageOfPage":{"@id":"https:\/\/www.blogsoestado.com\/danielmatos\/presidente-da-juventude-democrata-no-maranhao-foi-destaque-na-convencao-nacional-do-partido\/#primaryimage"},"image":{"@id":"https:\/\/www.blogsoestado.com\/danielmatos\/presidente-da-juventude-democrata-no-maranhao-foi-destaque-na-convencao-nacional-do-partido\/#primaryimage"},"thumbnailUrl":"https:\/\/www.blogsoestado.com\/danielmatos\/files\/2018\/03\/felipe-dem.png","datePublished":"2018-03-11T14:15:58+00:00","author":{"@id":""},"breadcrumb":{"@id":"https:\/\/www.blogsoestado.com\/danielmatos\/presidente-da-juventude-democrata-no-maranhao-foi-destaque-na-convencao-nacional-do-partido\/#breadcrumb"},"inLanguage":"pt-BR","potentialAction":[{"@type":"ReadAction","target":["https:\/\/www.blogsoestado.com\/danielmatos\/presidente-da-juventude-democrata-no-maranhao-foi-destaque-na-convencao-nacional-do-partido\/"]}]},{"@type":"ImageObject","inLanguage":"pt-BR","@id":"https:\/\/www.blogsoestado.com\/danielmatos\/presidente-da-juventude-democrata-no-maranhao-foi-destaque-na-convencao-nacional-do-partido\/#primaryimage","url":"https:\/\/www.blogsoestado.com\/danielmatos\/files\/2018\/03\/felipe-dem.png","contentUrl":"https:\/\/www.blogsoestado.com\/danielmatos\/files\/2018\/03\/felipe-dem.png"},{"@type":"BreadcrumbList","@id":"https:\/\/www.blogsoestado.com\/danielmatos\/presidente-da-juventude-democrata-no-maranhao-foi-destaque-na-convencao-nacional-do-partido\/#breadcrumb","itemListElement":[{"@type":"ListItem","position":1,"name":"In\u00edcio","item":"https:\/\/www.blogsoestado.com\/danielmatos\/"},{"@type":"ListItem","position":2,"name":"Presidente da Juventude Democrata no Maranh\u00e3o foi destaque na Conven\u00e7\u00e3o Nacional do Partido"}]},{"@type":"WebSite","@id":"https:\/\/www.blogsoestado.com\/danielmatos\/#website","url":"https:\/\/www.blogsoestado.com\/danielmatos\/","name":"Daniel Matos","description":"","potentialAction":[{"@type":"SearchAction","target":{"@type":"EntryPoint","urlTemplate":"https:\/\/www.blogsoestado.com\/danielmatos\/?s={search_term_string}"},"query-input":{"@type":"PropertyValueSpecification","valueRequired":true,"valueName":"search_term_string"}}],"inLanguage":"pt-BR"}]}},"jetpack_featured_media_url":"","_links":{"self":[{"href":"https:\/\/www.blogsoestado.com\/danielmatos\/wp-json\/wp\/v2\/posts\/49313","targetHints":{"allow":["GET"]}}],"collection":[{"href":"https:\/\/www.blogsoestado.com\/danielmatos\/wp-json\/wp\/v2\/posts"}],"about":[{"href":"https:\/\/www.blogsoestado.com\/danielmatos\/wp-json\/wp\/v2\/types\/post"}],"replies":[{"embeddable":true,"href":"https:\/\/www.blogsoestado.com\/danielmatos\/wp-json\/wp\/v2\/comments?post=49313"}],"version-history":[{"count":0,"href":"https:\/\/www.blogsoestado.com\/danielmatos\/wp-json\/wp\/v2\/posts\/49313\/revisions"}],"wp:attachment":[{"href":"https:\/\/www.blogsoestado.com\/danielmatos\/wp-json\/wp\/v2\/media?parent=49313"}],"wp:term":[{"taxonomy":"category","embeddable":true,"href":"https:\/\/www.blogsoestado.com\/danielmatos\/wp-json\/wp\/v2\/categories?post=49313"},{"taxonomy":"post_tag","embeddable":true,"href":"https:\/\/www.blogsoestado.com\/danielmatos\/wp-json\/wp\/v2\/tags?post=49313"}],"curies":[{"name":"wp","href":"https:\/\/api.w.org\/{rel}","templated":true}]}}