{"id":49317,"date":"2018-03-11T10:27:40","date_gmt":"2018-03-11T13:27:40","guid":{"rendered":"https:\/\/www.blogsoestado.com\/danielmatos\/?p=49317"},"modified":"2018-03-11T10:27:40","modified_gmt":"2018-03-11T13:27:40","slug":"marquinhos-recebe-motoristas-de-aplicativos-para-apresentar-sugestoes-sobre-regras-da-atividade","status":"publish","type":"post","link":"https:\/\/www.blogsoestado.com\/danielmatos\/marquinhos-recebe-motoristas-de-aplicativos-para-apresentar-sugestoes-sobre-regras-da-atividade\/","title":{"rendered":"Marquinhos recebe motoristas de aplicativos para apresentar sugest\u00f5es sobre regras da atividade"},"content":{"rendered":"<p><a href=\"http:\/\/radionoticiamaranhao.com.br\/marquinhos-recebe-motoristas-de-aplicativos-para-apresentar-sugestoes-sobre-regras\/\"><strong>Blog R\u00e1dio Not\u00edcia Maranh\u00e3o<\/strong><\/a><\/p>\n<h2><span style=\"color: #ff0000;\">Vereador se reuniu com a categoria para discutir sobre as emendas ao projeto que trata da regulamenta\u00e7\u00e3o da atividade em S\u00e3o Lu\u00eds<\/span><\/h2>\n<figure id=\"attachment_49318\" aria-describedby=\"caption-attachment-49318\" style=\"width: 640px\" class=\"wp-caption aligncenter\"><img fetchpriority=\"high\" decoding=\"async\" class=\"wp-image-49318 size-full\" src=\"https:\/\/www.blogsoestado.com\/danielmatos\/files\/2018\/03\/marquinhos-aplicativo.jpg\" alt=\"\" width=\"640\" height=\"480\" \/><figcaption id=\"caption-attachment-49318\" class=\"wp-caption-text\">Marquinhos debateu com comiss\u00e3o de motoristas mudan\u00e7as no projeto que trata da regulamenta\u00e7\u00e3o das Operadoras de Tecnologia de Transporte Credenciadas (OTTCs), como Uber, Cabify, 99 Pop e outros aplicativos<\/figcaption><\/figure>\n<p>O vereador Ant\u00f4nio Marcos Silva, o Marquinhos (DEM), recebeu, na manh\u00e3 da \u00faltima sexta-feira (09), na Sala VIP da C\u00e2mara Municipal de S\u00e3o Lu\u00eds, uma comiss\u00e3o de motoristas de aplicativos para debater mudan\u00e7as no Projeto de Lei n\u00ba 001\/2017 que trata da regulamenta\u00e7\u00e3o em S\u00e3o Lu\u00eds das Operadoras de Tecnologia de Transporte Credenciadas (OTTCs), como Uber, Cabify, 99 Pop e outros aplicativos que atuam com transporte individual de passageiros.<\/p>\n<p>Al\u00e9m de esclarecer algumas d\u00favidas em rela\u00e7\u00e3o \u00e0s altera\u00e7\u00f5es no projeto, o encontro do parlamentar com os profissionais que trabalham pelo aplicativo, serviu para ouvir sugest\u00f5es da pr\u00f3pria categoria, como a que tratou sobre a proposta de redu\u00e7\u00e3o da taxa que os motoristas pagam a Uber, de 25% para 15%.<\/p>\n<p>\u201cEsta quest\u00e3o j\u00e1 foi definida pelo Congresso. No entanto, algumas cidades j\u00e1 foram favor\u00e1veis e essa regulamenta\u00e7\u00e3o. No m\u00e9rito, vejo que devemos regulamentar, mas discutindo algumas quest\u00f5es como limite para cadastro, valores e agora a redu\u00e7\u00e3o da taxa que os profissionais pagam a Uber, de 25% para 15%\u201d, destaca Marquinhos.<\/p>\n<p><strong>Limite para cadastro<\/strong><\/p>\n<figure id=\"attachment_49319\" aria-describedby=\"caption-attachment-49319\" style=\"width: 640px\" class=\"wp-caption aligncenter\"><img decoding=\"async\" class=\"size-full wp-image-49319\" src=\"https:\/\/www.blogsoestado.com\/danielmatos\/files\/2018\/03\/marquinhos-aplicativo2.jpg\" alt=\"\" width=\"640\" height=\"480\" \/><figcaption id=\"caption-attachment-49319\" class=\"wp-caption-text\">Marquinhos prop\u00f4s discutir quest\u00f5es como limite para cadastro, valores e a redu\u00e7\u00e3o da taxa que os profissionais pagam \u00e0 Uber, de 25% para 15%<\/figcaption><\/figure>\n<p>Durante a reuni\u00e3o, ficou decidido que ser\u00e1 limitado o cadastro para as OTTCs baseado no Censo, mas da seguinte forma: para cada 0,6% da popula\u00e7\u00e3o ludovicense ser\u00e1 liberado um cadastro a cada uma das empresas de aplicativos. Ou seja, cada operadora ter\u00e1 um cadastro limite de 6.900 (seis mil e novecentos) liberados na capital, conforme estimativa atual do IBGE 2017.<\/p>\n<p>A proposta acordada sugere ainda que na medida em que a popula\u00e7\u00e3o aumenta, automaticamente, tamb\u00e9m ser\u00e1 elevado o n\u00famero no cadastro de cada empresa que atua na cidade. O vereador e os motoristas parceiros acordaram ainda que um cadastro em uma empresa n\u00e3o o inviabiliza de realizar o registro em outra operadora. Os cadastros ser\u00e3o realizados pela OTTCs, mas \u00e9 a Secretaria Municipal de Tr\u00e2nsito e Transportes (SMTT) que ir\u00e1 regular essa quantidade.<\/p>\n<p><strong>Projeto para taxistas<\/strong><\/p>\n<figure id=\"attachment_49320\" aria-describedby=\"caption-attachment-49320\" style=\"width: 640px\" class=\"wp-caption aligncenter\"><img decoding=\"async\" class=\"size-full wp-image-49320\" src=\"https:\/\/www.blogsoestado.com\/danielmatos\/files\/2018\/03\/marquinhos-aplicativo3.jpg\" alt=\"\" width=\"640\" height=\"480\" \/><figcaption id=\"caption-attachment-49320\" class=\"wp-caption-text\">Marquinhos estuda a possibilidade de apresentar um projeto para os taxistas para propor a redu\u00e7\u00e3o da vistoria, fim da cobran\u00e7a de taxas para expedi\u00e7\u00e3o de licen\u00e7a anual, de identifica\u00e7\u00e3o, de permiss\u00e3o, de certid\u00e3o e de transfer\u00eancia da permiss\u00e3o<\/figcaption><\/figure>\n<p>Em entrevista \u00e0 imprensa, o vereador Marquinhos argumentou que \u00e9 preciso tamb\u00e9m desregulamentar o servi\u00e7o de t\u00e1xi. Ele declarou que estuda a possibilidade de apresentar um projeto para os taxistas, onde prop\u00f5e a redu\u00e7\u00e3o da vistoria, acabar com a cobran\u00e7a de taxas para a expedi\u00e7\u00e3o da licen\u00e7a anual, de identifica\u00e7\u00e3o, de permiss\u00e3o, de certid\u00e3o e de transfer\u00eancia da permiss\u00e3o.<\/p>\n<p>\u201cNossos projetos partem da premissa da defesa de melhores servi\u00e7os com menores pre\u00e7os. Para que isso ocorra, buscamos incentivar a concorr\u00eancia, desburocratiza\u00e7\u00e3o, livre iniciativa e a diminui\u00e7\u00e3o de custos e impostos\u201d, concluiu.<\/p>\n","protected":false},"excerpt":{"rendered":"<p>Blog R\u00e1dio Not\u00edcia Maranh\u00e3o Vereador se reuniu com a categoria para discutir sobre as emendas ao projeto que trata da [&hellip;]<\/p>\n","protected":false},"author":0,"featured_media":0,"comment_status":"open","ping_status":"open","sticky":false,"template":"","format":"standard","meta":{"site-sidebar-layout":"default","site-content-layout":"","ast-site-content-layout":"default","site-content-style":"default","site-sidebar-style":"default","ast-global-header-display":"","ast-banner-title-visibility":"","ast-main-header-display":"","ast-hfb-above-header-display":"","ast-hfb-below-header-display":"","ast-hfb-mobile-header-display":"","site-post-title":"","ast-breadcrumbs-content":"","ast-featured-img":"","footer-sml-layout":"","ast-disable-related-posts":"","theme-transparent-header-meta":"","adv-header-id-meta":"","stick-header-meta":"","header-above-stick-meta":"","header-main-stick-meta":"","header-below-stick-meta":"","astra-migrate-meta-layouts":"default","ast-page-background-enabled":"default","ast-page-background-meta":{"desktop":{"background-color":"var(--ast-global-color-5)","background-image":"","background-repeat":"repeat","background-position":"center center","background-size":"auto","background-attachment":"scroll","background-type":"","background-media":"","overlay-type":"","overlay-color":"","overlay-opacity":"","overlay-gradient":""},"tablet":{"background-color":"","background-image":"","background-repeat":"repeat","background-position":"center center","background-size":"auto","background-attachment":"scroll","background-type":"","background-media":"","overlay-type":"","overlay-color":"","overlay-opacity":"","overlay-gradient":""},"mobile":{"background-color":"","background-image":"","background-repeat":"repeat","background-position":"center center","background-size":"auto","background-attachment":"scroll","background-type":"","background-media":"","overlay-type":"","overlay-color":"","overlay-opacity":"","overlay-gradient":""}},"ast-content-background-meta":{"desktop":{"background-color":"var(--ast-global-color-4)","background-image":"","background-repeat":"repeat","background-position":"center center","background-size":"auto","background-attachment":"scroll","background-type":"","background-media":"","overlay-type":"","overlay-color":"","overlay-opacity":"","overlay-gradient":""},"tablet":{"background-color":"var(--ast-global-color-4)","background-image":"","background-repeat":"repeat","background-position":"center center","background-size":"auto","background-attachment":"scroll","background-type":"","background-media":"","overlay-type":"","overlay-color":"","overlay-opacity":"","overlay-gradient":""},"mobile":{"background-color":"var(--ast-global-color-4)","background-image":"","background-repeat":"repeat","background-position":"center center","background-size":"auto","background-attachment":"scroll","background-type":"","background-media":"","overlay-type":"","overlay-color":"","overlay-opacity":"","overlay-gradient":""}},"footnotes":""},"categories":[1],"tags":[],"class_list":["post-49317","post","type-post","status-publish","format-standard","hentry","category-sem-categoria"],"yoast_head":"<!-- This site is optimized with the Yoast SEO plugin v26.6 - https:\/\/yoast.com\/wordpress\/plugins\/seo\/ -->\n<title>Marquinhos recebe motoristas de aplicativos para apresentar sugest\u00f5es sobre regras da atividade - Daniel Matos<\/title>\n<meta name=\"robots\" content=\"index, follow, max-snippet:-1, max-image-preview:large, max-video-preview:-1\" \/>\n<link rel=\"canonical\" href=\"https:\/\/www.blogsoestado.com\/danielmatos\/marquinhos-recebe-motoristas-de-aplicativos-para-apresentar-sugestoes-sobre-regras-da-atividade\/\" \/>\n<meta property=\"og:locale\" content=\"pt_BR\" \/>\n<meta property=\"og:type\" content=\"article\" \/>\n<meta property=\"og:title\" content=\"Marquinhos recebe motoristas de aplicativos para apresentar sugest\u00f5es sobre regras da atividade - Daniel Matos\" \/>\n<meta property=\"og:description\" content=\"Blog R\u00e1dio Not\u00edcia Maranh\u00e3o Vereador se reuniu com a categoria para discutir sobre as emendas ao projeto que trata da [&hellip;]\" \/>\n<meta property=\"og:url\" content=\"https:\/\/www.blogsoestado.com\/danielmatos\/marquinhos-recebe-motoristas-de-aplicativos-para-apresentar-sugestoes-sobre-regras-da-atividade\/\" \/>\n<meta property=\"og:site_name\" content=\"Daniel Matos\" \/>\n<meta property=\"article:published_time\" content=\"2018-03-11T13:27:40+00:00\" \/>\n<meta property=\"og:image\" content=\"https:\/\/www.blogsoestado.com\/danielmatos\/files\/2018\/03\/marquinhos-aplicativo.jpg\" \/>\n<meta name=\"twitter:card\" content=\"summary_large_image\" \/>\n<meta name=\"twitter:label1\" content=\"Est. tempo de leitura\" \/>\n\t<meta name=\"twitter:data1\" content=\"3 minutos\" \/>\n<script type=\"application\/ld+json\" class=\"yoast-schema-graph\">{\"@context\":\"https:\/\/schema.org\",\"@graph\":[{\"@type\":\"WebPage\",\"@id\":\"https:\/\/www.blogsoestado.com\/danielmatos\/marquinhos-recebe-motoristas-de-aplicativos-para-apresentar-sugestoes-sobre-regras-da-atividade\/\",\"url\":\"https:\/\/www.blogsoestado.com\/danielmatos\/marquinhos-recebe-motoristas-de-aplicativos-para-apresentar-sugestoes-sobre-regras-da-atividade\/\",\"name\":\"Marquinhos recebe motoristas de aplicativos para apresentar sugest\u00f5es sobre regras da atividade - Daniel Matos\",\"isPartOf\":{\"@id\":\"https:\/\/www.blogsoestado.com\/danielmatos\/#website\"},\"primaryImageOfPage\":{\"@id\":\"https:\/\/www.blogsoestado.com\/danielmatos\/marquinhos-recebe-motoristas-de-aplicativos-para-apresentar-sugestoes-sobre-regras-da-atividade\/#primaryimage\"},\"image\":{\"@id\":\"https:\/\/www.blogsoestado.com\/danielmatos\/marquinhos-recebe-motoristas-de-aplicativos-para-apresentar-sugestoes-sobre-regras-da-atividade\/#primaryimage\"},\"thumbnailUrl\":\"https:\/\/www.blogsoestado.com\/danielmatos\/files\/2018\/03\/marquinhos-aplicativo.jpg\",\"datePublished\":\"2018-03-11T13:27:40+00:00\",\"author\":{\"@id\":\"\"},\"breadcrumb\":{\"@id\":\"https:\/\/www.blogsoestado.com\/danielmatos\/marquinhos-recebe-motoristas-de-aplicativos-para-apresentar-sugestoes-sobre-regras-da-atividade\/#breadcrumb\"},\"inLanguage\":\"pt-BR\",\"potentialAction\":[{\"@type\":\"ReadAction\",\"target\":[\"https:\/\/www.blogsoestado.com\/danielmatos\/marquinhos-recebe-motoristas-de-aplicativos-para-apresentar-sugestoes-sobre-regras-da-atividade\/\"]}]},{\"@type\":\"ImageObject\",\"inLanguage\":\"pt-BR\",\"@id\":\"https:\/\/www.blogsoestado.com\/danielmatos\/marquinhos-recebe-motoristas-de-aplicativos-para-apresentar-sugestoes-sobre-regras-da-atividade\/#primaryimage\",\"url\":\"https:\/\/www.blogsoestado.com\/danielmatos\/files\/2018\/03\/marquinhos-aplicativo.jpg\",\"contentUrl\":\"https:\/\/www.blogsoestado.com\/danielmatos\/files\/2018\/03\/marquinhos-aplicativo.jpg\"},{\"@type\":\"BreadcrumbList\",\"@id\":\"https:\/\/www.blogsoestado.com\/danielmatos\/marquinhos-recebe-motoristas-de-aplicativos-para-apresentar-sugestoes-sobre-regras-da-atividade\/#breadcrumb\",\"itemListElement\":[{\"@type\":\"ListItem\",\"position\":1,\"name\":\"In\u00edcio\",\"item\":\"https:\/\/www.blogsoestado.com\/danielmatos\/\"},{\"@type\":\"ListItem\",\"position\":2,\"name\":\"Marquinhos recebe motoristas de aplicativos para apresentar sugest\u00f5es sobre regras da atividade\"}]},{\"@type\":\"WebSite\",\"@id\":\"https:\/\/www.blogsoestado.com\/danielmatos\/#website\",\"url\":\"https:\/\/www.blogsoestado.com\/danielmatos\/\",\"name\":\"Daniel Matos\",\"description\":\"\",\"potentialAction\":[{\"@type\":\"SearchAction\",\"target\":{\"@type\":\"EntryPoint\",\"urlTemplate\":\"https:\/\/www.blogsoestado.com\/danielmatos\/?s={search_term_string}\"},\"query-input\":{\"@type\":\"PropertyValueSpecification\",\"valueRequired\":true,\"valueName\":\"search_term_string\"}}],\"inLanguage\":\"pt-BR\"}]}<\/script>\n<!-- \/ Yoast SEO plugin. -->","yoast_head_json":{"title":"Marquinhos recebe motoristas de aplicativos para apresentar sugest\u00f5es sobre regras da atividade - Daniel Matos","robots":{"index":"index","follow":"follow","max-snippet":"max-snippet:-1","max-image-preview":"max-image-preview:large","max-video-preview":"max-video-preview:-1"},"canonical":"https:\/\/www.blogsoestado.com\/danielmatos\/marquinhos-recebe-motoristas-de-aplicativos-para-apresentar-sugestoes-sobre-regras-da-atividade\/","og_locale":"pt_BR","og_type":"article","og_title":"Marquinhos recebe motoristas de aplicativos para apresentar sugest\u00f5es sobre regras da atividade - Daniel Matos","og_description":"Blog R\u00e1dio Not\u00edcia Maranh\u00e3o Vereador se reuniu com a categoria para discutir sobre as emendas ao projeto que trata da [&hellip;]","og_url":"https:\/\/www.blogsoestado.com\/danielmatos\/marquinhos-recebe-motoristas-de-aplicativos-para-apresentar-sugestoes-sobre-regras-da-atividade\/","og_site_name":"Daniel Matos","article_published_time":"2018-03-11T13:27:40+00:00","og_image":[{"url":"https:\/\/www.blogsoestado.com\/danielmatos\/files\/2018\/03\/marquinhos-aplicativo.jpg","type":"","width":"","height":""}],"twitter_card":"summary_large_image","twitter_misc":{"Est. tempo de leitura":"3 minutos"},"schema":{"@context":"https:\/\/schema.org","@graph":[{"@type":"WebPage","@id":"https:\/\/www.blogsoestado.com\/danielmatos\/marquinhos-recebe-motoristas-de-aplicativos-para-apresentar-sugestoes-sobre-regras-da-atividade\/","url":"https:\/\/www.blogsoestado.com\/danielmatos\/marquinhos-recebe-motoristas-de-aplicativos-para-apresentar-sugestoes-sobre-regras-da-atividade\/","name":"Marquinhos recebe motoristas de aplicativos para apresentar sugest\u00f5es sobre regras da atividade - Daniel Matos","isPartOf":{"@id":"https:\/\/www.blogsoestado.com\/danielmatos\/#website"},"primaryImageOfPage":{"@id":"https:\/\/www.blogsoestado.com\/danielmatos\/marquinhos-recebe-motoristas-de-aplicativos-para-apresentar-sugestoes-sobre-regras-da-atividade\/#primaryimage"},"image":{"@id":"https:\/\/www.blogsoestado.com\/danielmatos\/marquinhos-recebe-motoristas-de-aplicativos-para-apresentar-sugestoes-sobre-regras-da-atividade\/#primaryimage"},"thumbnailUrl":"https:\/\/www.blogsoestado.com\/danielmatos\/files\/2018\/03\/marquinhos-aplicativo.jpg","datePublished":"2018-03-11T13:27:40+00:00","author":{"@id":""},"breadcrumb":{"@id":"https:\/\/www.blogsoestado.com\/danielmatos\/marquinhos-recebe-motoristas-de-aplicativos-para-apresentar-sugestoes-sobre-regras-da-atividade\/#breadcrumb"},"inLanguage":"pt-BR","potentialAction":[{"@type":"ReadAction","target":["https:\/\/www.blogsoestado.com\/danielmatos\/marquinhos-recebe-motoristas-de-aplicativos-para-apresentar-sugestoes-sobre-regras-da-atividade\/"]}]},{"@type":"ImageObject","inLanguage":"pt-BR","@id":"https:\/\/www.blogsoestado.com\/danielmatos\/marquinhos-recebe-motoristas-de-aplicativos-para-apresentar-sugestoes-sobre-regras-da-atividade\/#primaryimage","url":"https:\/\/www.blogsoestado.com\/danielmatos\/files\/2018\/03\/marquinhos-aplicativo.jpg","contentUrl":"https:\/\/www.blogsoestado.com\/danielmatos\/files\/2018\/03\/marquinhos-aplicativo.jpg"},{"@type":"BreadcrumbList","@id":"https:\/\/www.blogsoestado.com\/danielmatos\/marquinhos-recebe-motoristas-de-aplicativos-para-apresentar-sugestoes-sobre-regras-da-atividade\/#breadcrumb","itemListElement":[{"@type":"ListItem","position":1,"name":"In\u00edcio","item":"https:\/\/www.blogsoestado.com\/danielmatos\/"},{"@type":"ListItem","position":2,"name":"Marquinhos recebe motoristas de aplicativos para apresentar sugest\u00f5es sobre regras da atividade"}]},{"@type":"WebSite","@id":"https:\/\/www.blogsoestado.com\/danielmatos\/#website","url":"https:\/\/www.blogsoestado.com\/danielmatos\/","name":"Daniel Matos","description":"","potentialAction":[{"@type":"SearchAction","target":{"@type":"EntryPoint","urlTemplate":"https:\/\/www.blogsoestado.com\/danielmatos\/?s={search_term_string}"},"query-input":{"@type":"PropertyValueSpecification","valueRequired":true,"valueName":"search_term_string"}}],"inLanguage":"pt-BR"}]}},"jetpack_featured_media_url":"","_links":{"self":[{"href":"https:\/\/www.blogsoestado.com\/danielmatos\/wp-json\/wp\/v2\/posts\/49317","targetHints":{"allow":["GET"]}}],"collection":[{"href":"https:\/\/www.blogsoestado.com\/danielmatos\/wp-json\/wp\/v2\/posts"}],"about":[{"href":"https:\/\/www.blogsoestado.com\/danielmatos\/wp-json\/wp\/v2\/types\/post"}],"replies":[{"embeddable":true,"href":"https:\/\/www.blogsoestado.com\/danielmatos\/wp-json\/wp\/v2\/comments?post=49317"}],"version-history":[{"count":0,"href":"https:\/\/www.blogsoestado.com\/danielmatos\/wp-json\/wp\/v2\/posts\/49317\/revisions"}],"wp:attachment":[{"href":"https:\/\/www.blogsoestado.com\/danielmatos\/wp-json\/wp\/v2\/media?parent=49317"}],"wp:term":[{"taxonomy":"category","embeddable":true,"href":"https:\/\/www.blogsoestado.com\/danielmatos\/wp-json\/wp\/v2\/categories?post=49317"},{"taxonomy":"post_tag","embeddable":true,"href":"https:\/\/www.blogsoestado.com\/danielmatos\/wp-json\/wp\/v2\/tags?post=49317"}],"curies":[{"name":"wp","href":"https:\/\/api.w.org\/{rel}","templated":true}]}}