{"id":49322,"date":"2018-03-11T17:04:27","date_gmt":"2018-03-11T20:04:27","guid":{"rendered":"https:\/\/www.blogsoestado.com\/danielmatos\/?p=49322"},"modified":"2018-03-11T17:04:27","modified_gmt":"2018-03-11T20:04:27","slug":"deputado-federal-cleber-verde-recebe-titulo-de-cidadao-caxiense","status":"publish","type":"post","link":"https:\/\/www.blogsoestado.com\/danielmatos\/deputado-federal-cleber-verde-recebe-titulo-de-cidadao-caxiense\/","title":{"rendered":"Deputado federal Cleber Verde recebe t\u00edtulo de cidad\u00e3o caxiense"},"content":{"rendered":"<figure id=\"attachment_49323\" aria-describedby=\"caption-attachment-49323\" style=\"width: 336px\" class=\"wp-caption alignright\"><img fetchpriority=\"high\" decoding=\"async\" class=\"size-full wp-image-49323\" src=\"https:\/\/www.blogsoestado.com\/danielmatos\/files\/2018\/03\/verde-caxias.jpeg\" alt=\"\" width=\"336\" height=\"413\" \/><figcaption id=\"caption-attachment-49323\" class=\"wp-caption-text\">Prefeito F\u00e1bio Gentil, deputado Cleber Verde e a primeira-dama Let\u00edcia Mabel<\/figcaption><\/figure>\n<p>O deputado federal Cleber Verde Cordeiro Mendes (PRB) foi homenageado com o t\u00edtulo de cidad\u00e3o caxiense pela C\u00e2mara Municipal na noite da \u00faltima sexta-feira (09), por meio de um Projeto de Lei de autoria do sargento Mois\u00e9s, vereador.<\/p>\n<p>O chefe do executivo caxiense, F\u00e1bio Gentil, que esteve acompanhado da primeira-dama Let\u00edcia Mabel e sua equipe de governo, disse em seu discurso que a C\u00e2mara dos Vereadores reconhece o trabalho que Cleber Verde vem fazendo pelo Munic\u00edpio.<\/p>\n<p>\u201cTodas as vezes que foi procurado por n\u00f3s, representando o povo de Caxias, n\u00e3o se hesitou em momento algum de trabalhar e buscar as fontes de recursos para que n\u00f3s pud\u00e9ssemos investir aqui. Ent\u00e3o n\u00f3s agradecemos ao deputado, ele plantou e agora ele come\u00e7ou a colher\u201d, destacou o prefeito F\u00e1bio Gentil.<\/p>\n<p>De acordo com o vereador Sargento Mois\u00e9s, nos \u00faltimos meses o deputado Cleber Verde conseguiu destinar a Caxias mais de R$ 6 milh\u00f5es de reais em emendas parlamentares para o benef\u00edcio da popula\u00e7\u00e3o.<\/p>\n<p>\u201cOr\u00e7amento que ajudou bastante nas \u00e1reas de infraestrutura e sa\u00fade, principalmente. Essa luta de Cleber Verde por Caxias \u00e9 antiga e aumentou ainda mais quando F\u00e1bio Gentil assumiu a Prefeitura. A concess\u00e3o do t\u00edtulo a ele nada mais \u00e9 do que uma justa homenagem\u201d, disse o vereador.<\/p>\n<figure id=\"attachment_49324\" aria-describedby=\"caption-attachment-49324\" style=\"width: 640px\" class=\"wp-caption aligncenter\"><img decoding=\"async\" class=\"size-full wp-image-49324\" src=\"https:\/\/www.blogsoestado.com\/danielmatos\/files\/2018\/03\/verde-caxias3.jpeg\" alt=\"\" width=\"640\" height=\"339\" \/><figcaption id=\"caption-attachment-49324\" class=\"wp-caption-text\">Prefeito F\u00e1bio Gentil, deputado Cl\u00e9ber Verde e vereadores no plen\u00e1rio da C\u00e2mara para a entrega do t\u00edtulo<\/figcaption><\/figure>\n<p>A galeria do legislativo foi totalmente preenchida por caxienses que foram presenciar a homenagem. O presidente da C\u00e2mara Municipal, o vereador Catul\u00e9, destacou que s\u00f3 recebem tal honra homens e mulheres que realmente n\u00e3o medem esfor\u00e7os para ajudar o povo de Caxias.<\/p>\n<figure id=\"attachment_49325\" aria-describedby=\"caption-attachment-49325\" style=\"width: 300px\" class=\"wp-caption alignleft\"><img decoding=\"async\" class=\"size-full wp-image-49325\" src=\"https:\/\/www.blogsoestado.com\/danielmatos\/files\/2018\/03\/verde-caxias2.jpeg\" alt=\"\" width=\"300\" height=\"298\" \/><figcaption id=\"caption-attachment-49325\" class=\"wp-caption-text\">Cl\u00e9ber Verde exibe com orgulho o T\u00edtulo de Cidad\u00e3o Caxiense<\/figcaption><\/figure>\n<p>\u201cEssa casa, que representa o povo, sabe reconhecer os valores das pessoas que contribuem para o desenvolvimento da nossa cidade; nada mais justo que n\u00f3s homenagearmos o deputado federal Cleber Verde com o t\u00edtulo de cidad\u00e3o caxiense\u201d, destacou.<\/p>\n<p>O parlamentar agradeceu \u00e0 C\u00e2mara Municipal, ao prefeito F\u00e1bio Gentil pela parceria e ao povo caxiense.<\/p>\n<p>\u201cMe tornar concidad\u00e3o dessa cidade me permite ter mais responsabilidade e mais compromisso. Receber essa honraria \u00e9 ter a certeza de continuar contribuindo para o crescimento de Caxias\u201d, destacou Cleber Verde, deputado federal do PRB.<\/p>\n<p>Cleber Verde est\u00e1 em seu terceiro mandato como deputado federal. Nascido em 10 de maio de 1972, natural do munic\u00edpio de Santa Luzia, al\u00e9m de pol\u00edtico, tendo sido vereador por dois mandatos, \u00e9 tamb\u00e9m advogado, escritor e professor.<\/p>\n","protected":false},"excerpt":{"rendered":"<p>O deputado federal Cleber Verde Cordeiro Mendes (PRB) foi homenageado com o t\u00edtulo de cidad\u00e3o caxiense pela C\u00e2mara Municipal na [&hellip;]<\/p>\n","protected":false},"author":0,"featured_media":0,"comment_status":"open","ping_status":"open","sticky":false,"template":"","format":"standard","meta":{"site-sidebar-layout":"default","site-content-layout":"","ast-site-content-layout":"default","site-content-style":"default","site-sidebar-style":"default","ast-global-header-display":"","ast-banner-title-visibility":"","ast-main-header-display":"","ast-hfb-above-header-display":"","ast-hfb-below-header-display":"","ast-hfb-mobile-header-display":"","site-post-title":"","ast-breadcrumbs-content":"","ast-featured-img":"","footer-sml-layout":"","ast-disable-related-posts":"","theme-transparent-header-meta":"","adv-header-id-meta":"","stick-header-meta":"","header-above-stick-meta":"","header-main-stick-meta":"","header-below-stick-meta":"","astra-migrate-meta-layouts":"default","ast-page-background-enabled":"default","ast-page-background-meta":{"desktop":{"background-color":"var(--ast-global-color-5)","background-image":"","background-repeat":"repeat","background-position":"center center","background-size":"auto","background-attachment":"scroll","background-type":"","background-media":"","overlay-type":"","overlay-color":"","overlay-opacity":"","overlay-gradient":""},"tablet":{"background-color":"","background-image":"","background-repeat":"repeat","background-position":"center center","background-size":"auto","background-attachment":"scroll","background-type":"","background-media":"","overlay-type":"","overlay-color":"","overlay-opacity":"","overlay-gradient":""},"mobile":{"background-color":"","background-image":"","background-repeat":"repeat","background-position":"center center","background-size":"auto","background-attachment":"scroll","background-type":"","background-media":"","overlay-type":"","overlay-color":"","overlay-opacity":"","overlay-gradient":""}},"ast-content-background-meta":{"desktop":{"background-color":"var(--ast-global-color-4)","background-image":"","background-repeat":"repeat","background-position":"center center","background-size":"auto","background-attachment":"scroll","background-type":"","background-media":"","overlay-type":"","overlay-color":"","overlay-opacity":"","overlay-gradient":""},"tablet":{"background-color":"var(--ast-global-color-4)","background-image":"","background-repeat":"repeat","background-position":"center center","background-size":"auto","background-attachment":"scroll","background-type":"","background-media":"","overlay-type":"","overlay-color":"","overlay-opacity":"","overlay-gradient":""},"mobile":{"background-color":"var(--ast-global-color-4)","background-image":"","background-repeat":"repeat","background-position":"center center","background-size":"auto","background-attachment":"scroll","background-type":"","background-media":"","overlay-type":"","overlay-color":"","overlay-opacity":"","overlay-gradient":""}},"footnotes":""},"categories":[1],"tags":[],"class_list":["post-49322","post","type-post","status-publish","format-standard","hentry","category-sem-categoria"],"yoast_head":"<!-- This site is optimized with the Yoast SEO plugin v26.6 - https:\/\/yoast.com\/wordpress\/plugins\/seo\/ -->\n<title>Deputado federal Cleber Verde recebe t\u00edtulo de cidad\u00e3o caxiense - Daniel Matos<\/title>\n<meta name=\"robots\" content=\"index, follow, max-snippet:-1, max-image-preview:large, max-video-preview:-1\" \/>\n<link rel=\"canonical\" href=\"https:\/\/www.blogsoestado.com\/danielmatos\/deputado-federal-cleber-verde-recebe-titulo-de-cidadao-caxiense\/\" \/>\n<meta property=\"og:locale\" content=\"pt_BR\" \/>\n<meta property=\"og:type\" content=\"article\" \/>\n<meta property=\"og:title\" content=\"Deputado federal Cleber Verde recebe t\u00edtulo de cidad\u00e3o caxiense - Daniel Matos\" \/>\n<meta property=\"og:description\" content=\"O deputado federal Cleber Verde Cordeiro Mendes (PRB) foi homenageado com o t\u00edtulo de cidad\u00e3o caxiense pela C\u00e2mara Municipal na [&hellip;]\" \/>\n<meta property=\"og:url\" content=\"https:\/\/www.blogsoestado.com\/danielmatos\/deputado-federal-cleber-verde-recebe-titulo-de-cidadao-caxiense\/\" \/>\n<meta property=\"og:site_name\" content=\"Daniel Matos\" \/>\n<meta property=\"article:published_time\" content=\"2018-03-11T20:04:27+00:00\" \/>\n<meta property=\"og:image\" content=\"https:\/\/www.blogsoestado.com\/danielmatos\/files\/2018\/03\/verde-caxias.jpeg\" \/>\n<meta name=\"twitter:card\" content=\"summary_large_image\" \/>\n<meta name=\"twitter:label1\" content=\"Est. tempo de leitura\" \/>\n\t<meta name=\"twitter:data1\" content=\"2 minutos\" \/>\n<script type=\"application\/ld+json\" class=\"yoast-schema-graph\">{\"@context\":\"https:\/\/schema.org\",\"@graph\":[{\"@type\":\"WebPage\",\"@id\":\"https:\/\/www.blogsoestado.com\/danielmatos\/deputado-federal-cleber-verde-recebe-titulo-de-cidadao-caxiense\/\",\"url\":\"https:\/\/www.blogsoestado.com\/danielmatos\/deputado-federal-cleber-verde-recebe-titulo-de-cidadao-caxiense\/\",\"name\":\"Deputado federal Cleber Verde recebe t\u00edtulo de cidad\u00e3o caxiense - Daniel Matos\",\"isPartOf\":{\"@id\":\"https:\/\/www.blogsoestado.com\/danielmatos\/#website\"},\"primaryImageOfPage\":{\"@id\":\"https:\/\/www.blogsoestado.com\/danielmatos\/deputado-federal-cleber-verde-recebe-titulo-de-cidadao-caxiense\/#primaryimage\"},\"image\":{\"@id\":\"https:\/\/www.blogsoestado.com\/danielmatos\/deputado-federal-cleber-verde-recebe-titulo-de-cidadao-caxiense\/#primaryimage\"},\"thumbnailUrl\":\"https:\/\/www.blogsoestado.com\/danielmatos\/files\/2018\/03\/verde-caxias.jpeg\",\"datePublished\":\"2018-03-11T20:04:27+00:00\",\"author\":{\"@id\":\"\"},\"breadcrumb\":{\"@id\":\"https:\/\/www.blogsoestado.com\/danielmatos\/deputado-federal-cleber-verde-recebe-titulo-de-cidadao-caxiense\/#breadcrumb\"},\"inLanguage\":\"pt-BR\",\"potentialAction\":[{\"@type\":\"ReadAction\",\"target\":[\"https:\/\/www.blogsoestado.com\/danielmatos\/deputado-federal-cleber-verde-recebe-titulo-de-cidadao-caxiense\/\"]}]},{\"@type\":\"ImageObject\",\"inLanguage\":\"pt-BR\",\"@id\":\"https:\/\/www.blogsoestado.com\/danielmatos\/deputado-federal-cleber-verde-recebe-titulo-de-cidadao-caxiense\/#primaryimage\",\"url\":\"https:\/\/www.blogsoestado.com\/danielmatos\/files\/2018\/03\/verde-caxias.jpeg\",\"contentUrl\":\"https:\/\/www.blogsoestado.com\/danielmatos\/files\/2018\/03\/verde-caxias.jpeg\"},{\"@type\":\"BreadcrumbList\",\"@id\":\"https:\/\/www.blogsoestado.com\/danielmatos\/deputado-federal-cleber-verde-recebe-titulo-de-cidadao-caxiense\/#breadcrumb\",\"itemListElement\":[{\"@type\":\"ListItem\",\"position\":1,\"name\":\"In\u00edcio\",\"item\":\"https:\/\/www.blogsoestado.com\/danielmatos\/\"},{\"@type\":\"ListItem\",\"position\":2,\"name\":\"Deputado federal Cleber Verde recebe t\u00edtulo de cidad\u00e3o caxiense\"}]},{\"@type\":\"WebSite\",\"@id\":\"https:\/\/www.blogsoestado.com\/danielmatos\/#website\",\"url\":\"https:\/\/www.blogsoestado.com\/danielmatos\/\",\"name\":\"Daniel Matos\",\"description\":\"\",\"potentialAction\":[{\"@type\":\"SearchAction\",\"target\":{\"@type\":\"EntryPoint\",\"urlTemplate\":\"https:\/\/www.blogsoestado.com\/danielmatos\/?s={search_term_string}\"},\"query-input\":{\"@type\":\"PropertyValueSpecification\",\"valueRequired\":true,\"valueName\":\"search_term_string\"}}],\"inLanguage\":\"pt-BR\"}]}<\/script>\n<!-- \/ Yoast SEO plugin. -->","yoast_head_json":{"title":"Deputado federal Cleber Verde recebe t\u00edtulo de cidad\u00e3o caxiense - Daniel Matos","robots":{"index":"index","follow":"follow","max-snippet":"max-snippet:-1","max-image-preview":"max-image-preview:large","max-video-preview":"max-video-preview:-1"},"canonical":"https:\/\/www.blogsoestado.com\/danielmatos\/deputado-federal-cleber-verde-recebe-titulo-de-cidadao-caxiense\/","og_locale":"pt_BR","og_type":"article","og_title":"Deputado federal Cleber Verde recebe t\u00edtulo de cidad\u00e3o caxiense - Daniel Matos","og_description":"O deputado federal Cleber Verde Cordeiro Mendes (PRB) foi homenageado com o t\u00edtulo de cidad\u00e3o caxiense pela C\u00e2mara Municipal na [&hellip;]","og_url":"https:\/\/www.blogsoestado.com\/danielmatos\/deputado-federal-cleber-verde-recebe-titulo-de-cidadao-caxiense\/","og_site_name":"Daniel Matos","article_published_time":"2018-03-11T20:04:27+00:00","og_image":[{"url":"https:\/\/www.blogsoestado.com\/danielmatos\/files\/2018\/03\/verde-caxias.jpeg","type":"","width":"","height":""}],"twitter_card":"summary_large_image","twitter_misc":{"Est. tempo de leitura":"2 minutos"},"schema":{"@context":"https:\/\/schema.org","@graph":[{"@type":"WebPage","@id":"https:\/\/www.blogsoestado.com\/danielmatos\/deputado-federal-cleber-verde-recebe-titulo-de-cidadao-caxiense\/","url":"https:\/\/www.blogsoestado.com\/danielmatos\/deputado-federal-cleber-verde-recebe-titulo-de-cidadao-caxiense\/","name":"Deputado federal Cleber Verde recebe t\u00edtulo de cidad\u00e3o caxiense - Daniel Matos","isPartOf":{"@id":"https:\/\/www.blogsoestado.com\/danielmatos\/#website"},"primaryImageOfPage":{"@id":"https:\/\/www.blogsoestado.com\/danielmatos\/deputado-federal-cleber-verde-recebe-titulo-de-cidadao-caxiense\/#primaryimage"},"image":{"@id":"https:\/\/www.blogsoestado.com\/danielmatos\/deputado-federal-cleber-verde-recebe-titulo-de-cidadao-caxiense\/#primaryimage"},"thumbnailUrl":"https:\/\/www.blogsoestado.com\/danielmatos\/files\/2018\/03\/verde-caxias.jpeg","datePublished":"2018-03-11T20:04:27+00:00","author":{"@id":""},"breadcrumb":{"@id":"https:\/\/www.blogsoestado.com\/danielmatos\/deputado-federal-cleber-verde-recebe-titulo-de-cidadao-caxiense\/#breadcrumb"},"inLanguage":"pt-BR","potentialAction":[{"@type":"ReadAction","target":["https:\/\/www.blogsoestado.com\/danielmatos\/deputado-federal-cleber-verde-recebe-titulo-de-cidadao-caxiense\/"]}]},{"@type":"ImageObject","inLanguage":"pt-BR","@id":"https:\/\/www.blogsoestado.com\/danielmatos\/deputado-federal-cleber-verde-recebe-titulo-de-cidadao-caxiense\/#primaryimage","url":"https:\/\/www.blogsoestado.com\/danielmatos\/files\/2018\/03\/verde-caxias.jpeg","contentUrl":"https:\/\/www.blogsoestado.com\/danielmatos\/files\/2018\/03\/verde-caxias.jpeg"},{"@type":"BreadcrumbList","@id":"https:\/\/www.blogsoestado.com\/danielmatos\/deputado-federal-cleber-verde-recebe-titulo-de-cidadao-caxiense\/#breadcrumb","itemListElement":[{"@type":"ListItem","position":1,"name":"In\u00edcio","item":"https:\/\/www.blogsoestado.com\/danielmatos\/"},{"@type":"ListItem","position":2,"name":"Deputado federal Cleber Verde recebe t\u00edtulo de cidad\u00e3o caxiense"}]},{"@type":"WebSite","@id":"https:\/\/www.blogsoestado.com\/danielmatos\/#website","url":"https:\/\/www.blogsoestado.com\/danielmatos\/","name":"Daniel Matos","description":"","potentialAction":[{"@type":"SearchAction","target":{"@type":"EntryPoint","urlTemplate":"https:\/\/www.blogsoestado.com\/danielmatos\/?s={search_term_string}"},"query-input":{"@type":"PropertyValueSpecification","valueRequired":true,"valueName":"search_term_string"}}],"inLanguage":"pt-BR"}]}},"jetpack_featured_media_url":"","_links":{"self":[{"href":"https:\/\/www.blogsoestado.com\/danielmatos\/wp-json\/wp\/v2\/posts\/49322","targetHints":{"allow":["GET"]}}],"collection":[{"href":"https:\/\/www.blogsoestado.com\/danielmatos\/wp-json\/wp\/v2\/posts"}],"about":[{"href":"https:\/\/www.blogsoestado.com\/danielmatos\/wp-json\/wp\/v2\/types\/post"}],"replies":[{"embeddable":true,"href":"https:\/\/www.blogsoestado.com\/danielmatos\/wp-json\/wp\/v2\/comments?post=49322"}],"version-history":[{"count":0,"href":"https:\/\/www.blogsoestado.com\/danielmatos\/wp-json\/wp\/v2\/posts\/49322\/revisions"}],"wp:attachment":[{"href":"https:\/\/www.blogsoestado.com\/danielmatos\/wp-json\/wp\/v2\/media?parent=49322"}],"wp:term":[{"taxonomy":"category","embeddable":true,"href":"https:\/\/www.blogsoestado.com\/danielmatos\/wp-json\/wp\/v2\/categories?post=49322"},{"taxonomy":"post_tag","embeddable":true,"href":"https:\/\/www.blogsoestado.com\/danielmatos\/wp-json\/wp\/v2\/tags?post=49322"}],"curies":[{"name":"wp","href":"https:\/\/api.w.org\/{rel}","templated":true}]}}