{"id":49337,"date":"2018-03-12T09:04:26","date_gmt":"2018-03-12T12:04:26","guid":{"rendered":"https:\/\/www.blogsoestado.com\/danielmatos\/?p=49337"},"modified":"2018-03-12T09:04:26","modified_gmt":"2018-03-12T12:04:26","slug":"deputado-wellington-defende-moradores-e-discutira-caso-cyrela-em-audiencia-publica","status":"publish","type":"post","link":"https:\/\/www.blogsoestado.com\/danielmatos\/deputado-wellington-defende-moradores-e-discutira-caso-cyrela-em-audiencia-publica\/","title":{"rendered":"Deputado Wellington defende moradores e discutir\u00e1 \u201cCaso Cyrela\u201d em audi\u00eancia p\u00fablica"},"content":{"rendered":"<figure id=\"attachment_49338\" aria-describedby=\"caption-attachment-49338\" style=\"width: 640px\" class=\"wp-caption aligncenter\"><img fetchpriority=\"high\" decoding=\"async\" class=\"size-full wp-image-49338\" src=\"https:\/\/www.blogsoestado.com\/danielmatos\/files\/2018\/03\/w-cyrella2.jpg\" alt=\"que \" width=\"640\" height=\"410\" \/><figcaption id=\"caption-attachment-49338\" class=\"wp-caption-text\">Wellington reafirmou que \u00e9 inadmiss\u00edvel que as pessoas continuem tendo o seu direito \u00e0 moradia violado<\/figcaption><\/figure>\n<p>Atendendo a solicita\u00e7\u00e3o de moradores dos condom\u00ednios que foram entregues pela construtora Cyrela, o deputado estadual Wellington do Curso e parlamentares da Comiss\u00e3o de Obras da Assembleia Legislativa do Maranh\u00e3o realizar\u00e3o, na pr\u00f3xima ter\u00e7a-feira (13), audi\u00eancia p\u00fablica no Parlamento Estadual. O objetivo \u00e9 encontrar uma solu\u00e7\u00e3o diante da den\u00fancias que mostram os v\u00edcios construtivos que j\u00e1 fizeram at\u00e9 mesmo com que moradores deixassem o pr\u00e9dio \u00e0s pressas porque havia vazamento de g\u00e1s por falhas no sistema.<\/p>\n<p>Ao fazer o convite, o deputado Wellington destacou que o objetivo \u00e9 intermediar esse conflito e encontrar uma solu\u00e7\u00e3o para o problema.<\/p>\n<p><img decoding=\"async\" class=\"aligncenter size-full wp-image-49377\" src=\"https:\/\/www.blogsoestado.com\/danielmatos\/files\/2018\/03\/w-cyrella3.jpg\" alt=\"\" width=\"452\" height=\"640\" \/><\/p>\n<p>\u201cRecebemos as den\u00fancias dos moradores quanto aos v\u00edcios construtivos nos condom\u00ednios que foram entregues pela construtora Cyrela, em S\u00e3o Lu\u00eds, com graves problemas de ordem t\u00e9cnica e estrutural. Enquanto deputado estadual, n\u00e3o podemos impor obriga\u00e7\u00e3o alguma, mas \u00e9 inadmiss\u00edvel que as pessoas continuem tendo o seu direito \u00e0 moradia violado. Esperamos que com essa discuss\u00e3o possamos encontrar uma solu\u00e7\u00e3o para esse problema que tem incomodado tantos maranhenses\u201d, disse Wellington, presidente da Comiss\u00e3o de Direitos Humanos da Assembleia.<\/p>\n<p>A audi\u00eancia acontecer\u00e1 no audit\u00f3rio Fernando Falc\u00e3o, da Assembleia Legislativa do Maranh\u00e3o, a partir das 14h.<\/p>\n","protected":false},"excerpt":{"rendered":"<p>Atendendo a solicita\u00e7\u00e3o de moradores dos condom\u00ednios que foram entregues pela construtora Cyrela, o deputado estadual Wellington do Curso e [&hellip;]<\/p>\n","protected":false},"author":0,"featured_media":0,"comment_status":"open","ping_status":"open","sticky":false,"template":"","format":"standard","meta":{"site-sidebar-layout":"default","site-content-layout":"","ast-site-content-layout":"default","site-content-style":"default","site-sidebar-style":"default","ast-global-header-display":"","ast-banner-title-visibility":"","ast-main-header-display":"","ast-hfb-above-header-display":"","ast-hfb-below-header-display":"","ast-hfb-mobile-header-display":"","site-post-title":"","ast-breadcrumbs-content":"","ast-featured-img":"","footer-sml-layout":"","ast-disable-related-posts":"","theme-transparent-header-meta":"","adv-header-id-meta":"","stick-header-meta":"","header-above-stick-meta":"","header-main-stick-meta":"","header-below-stick-meta":"","astra-migrate-meta-layouts":"default","ast-page-background-enabled":"default","ast-page-background-meta":{"desktop":{"background-color":"var(--ast-global-color-5)","background-image":"","background-repeat":"repeat","background-position":"center center","background-size":"auto","background-attachment":"scroll","background-type":"","background-media":"","overlay-type":"","overlay-color":"","overlay-opacity":"","overlay-gradient":""},"tablet":{"background-color":"","background-image":"","background-repeat":"repeat","background-position":"center center","background-size":"auto","background-attachment":"scroll","background-type":"","background-media":"","overlay-type":"","overlay-color":"","overlay-opacity":"","overlay-gradient":""},"mobile":{"background-color":"","background-image":"","background-repeat":"repeat","background-position":"center center","background-size":"auto","background-attachment":"scroll","background-type":"","background-media":"","overlay-type":"","overlay-color":"","overlay-opacity":"","overlay-gradient":""}},"ast-content-background-meta":{"desktop":{"background-color":"var(--ast-global-color-4)","background-image":"","background-repeat":"repeat","background-position":"center center","background-size":"auto","background-attachment":"scroll","background-type":"","background-media":"","overlay-type":"","overlay-color":"","overlay-opacity":"","overlay-gradient":""},"tablet":{"background-color":"var(--ast-global-color-4)","background-image":"","background-repeat":"repeat","background-position":"center center","background-size":"auto","background-attachment":"scroll","background-type":"","background-media":"","overlay-type":"","overlay-color":"","overlay-opacity":"","overlay-gradient":""},"mobile":{"background-color":"var(--ast-global-color-4)","background-image":"","background-repeat":"repeat","background-position":"center center","background-size":"auto","background-attachment":"scroll","background-type":"","background-media":"","overlay-type":"","overlay-color":"","overlay-opacity":"","overlay-gradient":""}},"footnotes":""},"categories":[1],"tags":[],"class_list":["post-49337","post","type-post","status-publish","format-standard","hentry","category-sem-categoria"],"yoast_head":"<!-- This site is optimized with the Yoast SEO plugin v26.6 - https:\/\/yoast.com\/wordpress\/plugins\/seo\/ -->\n<title>Deputado Wellington defende moradores e discutir\u00e1 \u201cCaso Cyrela\u201d em audi\u00eancia p\u00fablica - Daniel Matos<\/title>\n<meta name=\"robots\" content=\"index, follow, max-snippet:-1, max-image-preview:large, max-video-preview:-1\" \/>\n<link rel=\"canonical\" href=\"https:\/\/www.blogsoestado.com\/danielmatos\/deputado-wellington-defende-moradores-e-discutira-caso-cyrela-em-audiencia-publica\/\" \/>\n<meta property=\"og:locale\" content=\"pt_BR\" \/>\n<meta property=\"og:type\" content=\"article\" \/>\n<meta property=\"og:title\" content=\"Deputado Wellington defende moradores e discutir\u00e1 \u201cCaso Cyrela\u201d em audi\u00eancia p\u00fablica - Daniel Matos\" \/>\n<meta property=\"og:description\" content=\"Atendendo a solicita\u00e7\u00e3o de moradores dos condom\u00ednios que foram entregues pela construtora Cyrela, o deputado estadual Wellington do Curso e [&hellip;]\" \/>\n<meta property=\"og:url\" content=\"https:\/\/www.blogsoestado.com\/danielmatos\/deputado-wellington-defende-moradores-e-discutira-caso-cyrela-em-audiencia-publica\/\" \/>\n<meta property=\"og:site_name\" content=\"Daniel Matos\" \/>\n<meta property=\"article:published_time\" content=\"2018-03-12T12:04:26+00:00\" \/>\n<meta property=\"og:image\" content=\"https:\/\/www.blogsoestado.com\/danielmatos\/files\/2018\/03\/w-cyrella2.jpg\" \/>\n<meta name=\"twitter:card\" content=\"summary_large_image\" \/>\n<meta name=\"twitter:label1\" content=\"Est. tempo de leitura\" \/>\n\t<meta name=\"twitter:data1\" content=\"1 minuto\" \/>\n<script type=\"application\/ld+json\" class=\"yoast-schema-graph\">{\"@context\":\"https:\/\/schema.org\",\"@graph\":[{\"@type\":\"WebPage\",\"@id\":\"https:\/\/www.blogsoestado.com\/danielmatos\/deputado-wellington-defende-moradores-e-discutira-caso-cyrela-em-audiencia-publica\/\",\"url\":\"https:\/\/www.blogsoestado.com\/danielmatos\/deputado-wellington-defende-moradores-e-discutira-caso-cyrela-em-audiencia-publica\/\",\"name\":\"Deputado Wellington defende moradores e discutir\u00e1 \u201cCaso Cyrela\u201d em audi\u00eancia p\u00fablica - Daniel Matos\",\"isPartOf\":{\"@id\":\"https:\/\/www.blogsoestado.com\/danielmatos\/#website\"},\"primaryImageOfPage\":{\"@id\":\"https:\/\/www.blogsoestado.com\/danielmatos\/deputado-wellington-defende-moradores-e-discutira-caso-cyrela-em-audiencia-publica\/#primaryimage\"},\"image\":{\"@id\":\"https:\/\/www.blogsoestado.com\/danielmatos\/deputado-wellington-defende-moradores-e-discutira-caso-cyrela-em-audiencia-publica\/#primaryimage\"},\"thumbnailUrl\":\"https:\/\/www.blogsoestado.com\/danielmatos\/files\/2018\/03\/w-cyrella2.jpg\",\"datePublished\":\"2018-03-12T12:04:26+00:00\",\"author\":{\"@id\":\"\"},\"breadcrumb\":{\"@id\":\"https:\/\/www.blogsoestado.com\/danielmatos\/deputado-wellington-defende-moradores-e-discutira-caso-cyrela-em-audiencia-publica\/#breadcrumb\"},\"inLanguage\":\"pt-BR\",\"potentialAction\":[{\"@type\":\"ReadAction\",\"target\":[\"https:\/\/www.blogsoestado.com\/danielmatos\/deputado-wellington-defende-moradores-e-discutira-caso-cyrela-em-audiencia-publica\/\"]}]},{\"@type\":\"ImageObject\",\"inLanguage\":\"pt-BR\",\"@id\":\"https:\/\/www.blogsoestado.com\/danielmatos\/deputado-wellington-defende-moradores-e-discutira-caso-cyrela-em-audiencia-publica\/#primaryimage\",\"url\":\"https:\/\/www.blogsoestado.com\/danielmatos\/files\/2018\/03\/w-cyrella2.jpg\",\"contentUrl\":\"https:\/\/www.blogsoestado.com\/danielmatos\/files\/2018\/03\/w-cyrella2.jpg\"},{\"@type\":\"BreadcrumbList\",\"@id\":\"https:\/\/www.blogsoestado.com\/danielmatos\/deputado-wellington-defende-moradores-e-discutira-caso-cyrela-em-audiencia-publica\/#breadcrumb\",\"itemListElement\":[{\"@type\":\"ListItem\",\"position\":1,\"name\":\"In\u00edcio\",\"item\":\"https:\/\/www.blogsoestado.com\/danielmatos\/\"},{\"@type\":\"ListItem\",\"position\":2,\"name\":\"Deputado Wellington defende moradores e discutir\u00e1 \u201cCaso Cyrela\u201d em audi\u00eancia p\u00fablica\"}]},{\"@type\":\"WebSite\",\"@id\":\"https:\/\/www.blogsoestado.com\/danielmatos\/#website\",\"url\":\"https:\/\/www.blogsoestado.com\/danielmatos\/\",\"name\":\"Daniel Matos\",\"description\":\"\",\"potentialAction\":[{\"@type\":\"SearchAction\",\"target\":{\"@type\":\"EntryPoint\",\"urlTemplate\":\"https:\/\/www.blogsoestado.com\/danielmatos\/?s={search_term_string}\"},\"query-input\":{\"@type\":\"PropertyValueSpecification\",\"valueRequired\":true,\"valueName\":\"search_term_string\"}}],\"inLanguage\":\"pt-BR\"}]}<\/script>\n<!-- \/ Yoast SEO plugin. -->","yoast_head_json":{"title":"Deputado Wellington defende moradores e discutir\u00e1 \u201cCaso Cyrela\u201d em audi\u00eancia p\u00fablica - Daniel Matos","robots":{"index":"index","follow":"follow","max-snippet":"max-snippet:-1","max-image-preview":"max-image-preview:large","max-video-preview":"max-video-preview:-1"},"canonical":"https:\/\/www.blogsoestado.com\/danielmatos\/deputado-wellington-defende-moradores-e-discutira-caso-cyrela-em-audiencia-publica\/","og_locale":"pt_BR","og_type":"article","og_title":"Deputado Wellington defende moradores e discutir\u00e1 \u201cCaso Cyrela\u201d em audi\u00eancia p\u00fablica - Daniel Matos","og_description":"Atendendo a solicita\u00e7\u00e3o de moradores dos condom\u00ednios que foram entregues pela construtora Cyrela, o deputado estadual Wellington do Curso e [&hellip;]","og_url":"https:\/\/www.blogsoestado.com\/danielmatos\/deputado-wellington-defende-moradores-e-discutira-caso-cyrela-em-audiencia-publica\/","og_site_name":"Daniel Matos","article_published_time":"2018-03-12T12:04:26+00:00","og_image":[{"url":"https:\/\/www.blogsoestado.com\/danielmatos\/files\/2018\/03\/w-cyrella2.jpg","type":"","width":"","height":""}],"twitter_card":"summary_large_image","twitter_misc":{"Est. tempo de leitura":"1 minuto"},"schema":{"@context":"https:\/\/schema.org","@graph":[{"@type":"WebPage","@id":"https:\/\/www.blogsoestado.com\/danielmatos\/deputado-wellington-defende-moradores-e-discutira-caso-cyrela-em-audiencia-publica\/","url":"https:\/\/www.blogsoestado.com\/danielmatos\/deputado-wellington-defende-moradores-e-discutira-caso-cyrela-em-audiencia-publica\/","name":"Deputado Wellington defende moradores e discutir\u00e1 \u201cCaso Cyrela\u201d em audi\u00eancia p\u00fablica - Daniel Matos","isPartOf":{"@id":"https:\/\/www.blogsoestado.com\/danielmatos\/#website"},"primaryImageOfPage":{"@id":"https:\/\/www.blogsoestado.com\/danielmatos\/deputado-wellington-defende-moradores-e-discutira-caso-cyrela-em-audiencia-publica\/#primaryimage"},"image":{"@id":"https:\/\/www.blogsoestado.com\/danielmatos\/deputado-wellington-defende-moradores-e-discutira-caso-cyrela-em-audiencia-publica\/#primaryimage"},"thumbnailUrl":"https:\/\/www.blogsoestado.com\/danielmatos\/files\/2018\/03\/w-cyrella2.jpg","datePublished":"2018-03-12T12:04:26+00:00","author":{"@id":""},"breadcrumb":{"@id":"https:\/\/www.blogsoestado.com\/danielmatos\/deputado-wellington-defende-moradores-e-discutira-caso-cyrela-em-audiencia-publica\/#breadcrumb"},"inLanguage":"pt-BR","potentialAction":[{"@type":"ReadAction","target":["https:\/\/www.blogsoestado.com\/danielmatos\/deputado-wellington-defende-moradores-e-discutira-caso-cyrela-em-audiencia-publica\/"]}]},{"@type":"ImageObject","inLanguage":"pt-BR","@id":"https:\/\/www.blogsoestado.com\/danielmatos\/deputado-wellington-defende-moradores-e-discutira-caso-cyrela-em-audiencia-publica\/#primaryimage","url":"https:\/\/www.blogsoestado.com\/danielmatos\/files\/2018\/03\/w-cyrella2.jpg","contentUrl":"https:\/\/www.blogsoestado.com\/danielmatos\/files\/2018\/03\/w-cyrella2.jpg"},{"@type":"BreadcrumbList","@id":"https:\/\/www.blogsoestado.com\/danielmatos\/deputado-wellington-defende-moradores-e-discutira-caso-cyrela-em-audiencia-publica\/#breadcrumb","itemListElement":[{"@type":"ListItem","position":1,"name":"In\u00edcio","item":"https:\/\/www.blogsoestado.com\/danielmatos\/"},{"@type":"ListItem","position":2,"name":"Deputado Wellington defende moradores e discutir\u00e1 \u201cCaso Cyrela\u201d em audi\u00eancia p\u00fablica"}]},{"@type":"WebSite","@id":"https:\/\/www.blogsoestado.com\/danielmatos\/#website","url":"https:\/\/www.blogsoestado.com\/danielmatos\/","name":"Daniel Matos","description":"","potentialAction":[{"@type":"SearchAction","target":{"@type":"EntryPoint","urlTemplate":"https:\/\/www.blogsoestado.com\/danielmatos\/?s={search_term_string}"},"query-input":{"@type":"PropertyValueSpecification","valueRequired":true,"valueName":"search_term_string"}}],"inLanguage":"pt-BR"}]}},"jetpack_featured_media_url":"","_links":{"self":[{"href":"https:\/\/www.blogsoestado.com\/danielmatos\/wp-json\/wp\/v2\/posts\/49337","targetHints":{"allow":["GET"]}}],"collection":[{"href":"https:\/\/www.blogsoestado.com\/danielmatos\/wp-json\/wp\/v2\/posts"}],"about":[{"href":"https:\/\/www.blogsoestado.com\/danielmatos\/wp-json\/wp\/v2\/types\/post"}],"replies":[{"embeddable":true,"href":"https:\/\/www.blogsoestado.com\/danielmatos\/wp-json\/wp\/v2\/comments?post=49337"}],"version-history":[{"count":0,"href":"https:\/\/www.blogsoestado.com\/danielmatos\/wp-json\/wp\/v2\/posts\/49337\/revisions"}],"wp:attachment":[{"href":"https:\/\/www.blogsoestado.com\/danielmatos\/wp-json\/wp\/v2\/media?parent=49337"}],"wp:term":[{"taxonomy":"category","embeddable":true,"href":"https:\/\/www.blogsoestado.com\/danielmatos\/wp-json\/wp\/v2\/categories?post=49337"},{"taxonomy":"post_tag","embeddable":true,"href":"https:\/\/www.blogsoestado.com\/danielmatos\/wp-json\/wp\/v2\/tags?post=49337"}],"curies":[{"name":"wp","href":"https:\/\/api.w.org\/{rel}","templated":true}]}}