{"id":49340,"date":"2018-03-12T09:19:45","date_gmt":"2018-03-12T12:19:45","guid":{"rendered":"https:\/\/www.blogsoestado.com\/danielmatos\/?p=49340"},"modified":"2018-03-12T09:19:45","modified_gmt":"2018-03-12T12:19:45","slug":"deputado-sousa-neto-e-bem-recepcionado-em-paco-do-lumiar","status":"publish","type":"post","link":"https:\/\/www.blogsoestado.com\/danielmatos\/deputado-sousa-neto-e-bem-recepcionado-em-paco-do-lumiar\/","title":{"rendered":"Deputado Sousa Neto \u00e9 bem recepcionado em Pa\u00e7o do Lumiar"},"content":{"rendered":"<figure id=\"attachment_49341\" aria-describedby=\"caption-attachment-49341\" style=\"width: 640px\" class=\"wp-caption aligncenter\"><img fetchpriority=\"high\" decoding=\"async\" class=\"size-full wp-image-49341\" src=\"https:\/\/www.blogsoestado.com\/danielmatos\/files\/2018\/03\/sousa-pa\u00e7o.jpg\" alt=\"\" width=\"640\" height=\"384\" \/><figcaption id=\"caption-attachment-49341\" class=\"wp-caption-text\">Sousa Neto com os l\u00edderes populares Ricardinho do Sal\u00e3o, Paulo Sampaio e Marcelo Coutinho na visita a Pa\u00e7o do Lumiar<\/figcaption><\/figure>\n<p>O deputado estadual Sousa Neto(Pros) visitou o munic\u00edpio de Pa\u00e7o do lumiar, na manh\u00e3 do \u00faltimo s\u00e1bado.<\/p>\n<p>Na ocasi\u00e3o, o parlamentar manteve contato com amigos e lideran\u00e7as do munic\u00edpio, entres eles o l\u00edder comunit\u00e1rio Paulo Sampaio, al\u00e9m de Ricardinho do Sal\u00e3o e Marcelo Coutinho.<\/p>\n<p>Em sua passagem por Pa\u00e7o do Lumiar, o deputado percorreu alguns bairros, entre os quais o Maiob\u00e3o, Novo Horizonte e Armindo Reis. O parlamentar foi recepcionado pelo povo com muita alegria, carinho e aten\u00e7\u00e3o em todas as localidades que visitou. Sousa Neto ainda foi convidado a participar de um caf\u00e9 da manh\u00e3 na comunidade Armindo Reis, no dia seguinte.<\/p>\n<p>Sousa Neto encerrou sua visita agradecendo e deixando seu abra\u00e7o a todos, na certeza de que voltar\u00e1 em breve.<\/p>\n","protected":false},"excerpt":{"rendered":"<p>O deputado estadual Sousa Neto(Pros) visitou o munic\u00edpio de Pa\u00e7o do lumiar, na manh\u00e3 do \u00faltimo s\u00e1bado. Na ocasi\u00e3o, o [&hellip;]<\/p>\n","protected":false},"author":0,"featured_media":0,"comment_status":"open","ping_status":"open","sticky":false,"template":"","format":"standard","meta":{"site-sidebar-layout":"default","site-content-layout":"","ast-site-content-layout":"default","site-content-style":"default","site-sidebar-style":"default","ast-global-header-display":"","ast-banner-title-visibility":"","ast-main-header-display":"","ast-hfb-above-header-display":"","ast-hfb-below-header-display":"","ast-hfb-mobile-header-display":"","site-post-title":"","ast-breadcrumbs-content":"","ast-featured-img":"","footer-sml-layout":"","ast-disable-related-posts":"","theme-transparent-header-meta":"","adv-header-id-meta":"","stick-header-meta":"","header-above-stick-meta":"","header-main-stick-meta":"","header-below-stick-meta":"","astra-migrate-meta-layouts":"default","ast-page-background-enabled":"default","ast-page-background-meta":{"desktop":{"background-color":"var(--ast-global-color-5)","background-image":"","background-repeat":"repeat","background-position":"center center","background-size":"auto","background-attachment":"scroll","background-type":"","background-media":"","overlay-type":"","overlay-color":"","overlay-opacity":"","overlay-gradient":""},"tablet":{"background-color":"","background-image":"","background-repeat":"repeat","background-position":"center center","background-size":"auto","background-attachment":"scroll","background-type":"","background-media":"","overlay-type":"","overlay-color":"","overlay-opacity":"","overlay-gradient":""},"mobile":{"background-color":"","background-image":"","background-repeat":"repeat","background-position":"center center","background-size":"auto","background-attachment":"scroll","background-type":"","background-media":"","overlay-type":"","overlay-color":"","overlay-opacity":"","overlay-gradient":""}},"ast-content-background-meta":{"desktop":{"background-color":"var(--ast-global-color-4)","background-image":"","background-repeat":"repeat","background-position":"center center","background-size":"auto","background-attachment":"scroll","background-type":"","background-media":"","overlay-type":"","overlay-color":"","overlay-opacity":"","overlay-gradient":""},"tablet":{"background-color":"var(--ast-global-color-4)","background-image":"","background-repeat":"repeat","background-position":"center center","background-size":"auto","background-attachment":"scroll","background-type":"","background-media":"","overlay-type":"","overlay-color":"","overlay-opacity":"","overlay-gradient":""},"mobile":{"background-color":"var(--ast-global-color-4)","background-image":"","background-repeat":"repeat","background-position":"center center","background-size":"auto","background-attachment":"scroll","background-type":"","background-media":"","overlay-type":"","overlay-color":"","overlay-opacity":"","overlay-gradient":""}},"footnotes":""},"categories":[1],"tags":[],"class_list":["post-49340","post","type-post","status-publish","format-standard","hentry","category-sem-categoria"],"yoast_head":"<!-- This site is optimized with the Yoast SEO plugin v26.6 - https:\/\/yoast.com\/wordpress\/plugins\/seo\/ -->\n<title>Deputado Sousa Neto \u00e9 bem recepcionado em Pa\u00e7o do Lumiar - Daniel Matos<\/title>\n<meta name=\"robots\" content=\"index, follow, max-snippet:-1, max-image-preview:large, max-video-preview:-1\" \/>\n<link rel=\"canonical\" href=\"https:\/\/www.blogsoestado.com\/danielmatos\/deputado-sousa-neto-e-bem-recepcionado-em-paco-do-lumiar\/\" \/>\n<meta property=\"og:locale\" content=\"pt_BR\" \/>\n<meta property=\"og:type\" content=\"article\" \/>\n<meta property=\"og:title\" content=\"Deputado Sousa Neto \u00e9 bem recepcionado em Pa\u00e7o do Lumiar - Daniel Matos\" \/>\n<meta property=\"og:description\" content=\"O deputado estadual Sousa Neto(Pros) visitou o munic\u00edpio de Pa\u00e7o do lumiar, na manh\u00e3 do \u00faltimo s\u00e1bado. Na ocasi\u00e3o, o [&hellip;]\" \/>\n<meta property=\"og:url\" content=\"https:\/\/www.blogsoestado.com\/danielmatos\/deputado-sousa-neto-e-bem-recepcionado-em-paco-do-lumiar\/\" \/>\n<meta property=\"og:site_name\" content=\"Daniel Matos\" \/>\n<meta property=\"article:published_time\" content=\"2018-03-12T12:19:45+00:00\" \/>\n<meta name=\"twitter:card\" content=\"summary_large_image\" \/>\n<meta name=\"twitter:label1\" content=\"Est. tempo de leitura\" \/>\n\t<meta name=\"twitter:data1\" content=\"1 minuto\" \/>\n<script type=\"application\/ld+json\" class=\"yoast-schema-graph\">{\"@context\":\"https:\/\/schema.org\",\"@graph\":[{\"@type\":\"WebPage\",\"@id\":\"https:\/\/www.blogsoestado.com\/danielmatos\/deputado-sousa-neto-e-bem-recepcionado-em-paco-do-lumiar\/\",\"url\":\"https:\/\/www.blogsoestado.com\/danielmatos\/deputado-sousa-neto-e-bem-recepcionado-em-paco-do-lumiar\/\",\"name\":\"Deputado Sousa Neto \u00e9 bem recepcionado em Pa\u00e7o do Lumiar - Daniel Matos\",\"isPartOf\":{\"@id\":\"https:\/\/www.blogsoestado.com\/danielmatos\/#website\"},\"datePublished\":\"2018-03-12T12:19:45+00:00\",\"author\":{\"@id\":\"\"},\"breadcrumb\":{\"@id\":\"https:\/\/www.blogsoestado.com\/danielmatos\/deputado-sousa-neto-e-bem-recepcionado-em-paco-do-lumiar\/#breadcrumb\"},\"inLanguage\":\"pt-BR\",\"potentialAction\":[{\"@type\":\"ReadAction\",\"target\":[\"https:\/\/www.blogsoestado.com\/danielmatos\/deputado-sousa-neto-e-bem-recepcionado-em-paco-do-lumiar\/\"]}]},{\"@type\":\"BreadcrumbList\",\"@id\":\"https:\/\/www.blogsoestado.com\/danielmatos\/deputado-sousa-neto-e-bem-recepcionado-em-paco-do-lumiar\/#breadcrumb\",\"itemListElement\":[{\"@type\":\"ListItem\",\"position\":1,\"name\":\"In\u00edcio\",\"item\":\"https:\/\/www.blogsoestado.com\/danielmatos\/\"},{\"@type\":\"ListItem\",\"position\":2,\"name\":\"Deputado Sousa Neto \u00e9 bem recepcionado em Pa\u00e7o do Lumiar\"}]},{\"@type\":\"WebSite\",\"@id\":\"https:\/\/www.blogsoestado.com\/danielmatos\/#website\",\"url\":\"https:\/\/www.blogsoestado.com\/danielmatos\/\",\"name\":\"Daniel Matos\",\"description\":\"\",\"potentialAction\":[{\"@type\":\"SearchAction\",\"target\":{\"@type\":\"EntryPoint\",\"urlTemplate\":\"https:\/\/www.blogsoestado.com\/danielmatos\/?s={search_term_string}\"},\"query-input\":{\"@type\":\"PropertyValueSpecification\",\"valueRequired\":true,\"valueName\":\"search_term_string\"}}],\"inLanguage\":\"pt-BR\"}]}<\/script>\n<!-- \/ Yoast SEO plugin. -->","yoast_head_json":{"title":"Deputado Sousa Neto \u00e9 bem recepcionado em Pa\u00e7o do Lumiar - Daniel Matos","robots":{"index":"index","follow":"follow","max-snippet":"max-snippet:-1","max-image-preview":"max-image-preview:large","max-video-preview":"max-video-preview:-1"},"canonical":"https:\/\/www.blogsoestado.com\/danielmatos\/deputado-sousa-neto-e-bem-recepcionado-em-paco-do-lumiar\/","og_locale":"pt_BR","og_type":"article","og_title":"Deputado Sousa Neto \u00e9 bem recepcionado em Pa\u00e7o do Lumiar - Daniel Matos","og_description":"O deputado estadual Sousa Neto(Pros) visitou o munic\u00edpio de Pa\u00e7o do lumiar, na manh\u00e3 do \u00faltimo s\u00e1bado. Na ocasi\u00e3o, o [&hellip;]","og_url":"https:\/\/www.blogsoestado.com\/danielmatos\/deputado-sousa-neto-e-bem-recepcionado-em-paco-do-lumiar\/","og_site_name":"Daniel Matos","article_published_time":"2018-03-12T12:19:45+00:00","twitter_card":"summary_large_image","twitter_misc":{"Est. tempo de leitura":"1 minuto"},"schema":{"@context":"https:\/\/schema.org","@graph":[{"@type":"WebPage","@id":"https:\/\/www.blogsoestado.com\/danielmatos\/deputado-sousa-neto-e-bem-recepcionado-em-paco-do-lumiar\/","url":"https:\/\/www.blogsoestado.com\/danielmatos\/deputado-sousa-neto-e-bem-recepcionado-em-paco-do-lumiar\/","name":"Deputado Sousa Neto \u00e9 bem recepcionado em Pa\u00e7o do Lumiar - Daniel Matos","isPartOf":{"@id":"https:\/\/www.blogsoestado.com\/danielmatos\/#website"},"datePublished":"2018-03-12T12:19:45+00:00","author":{"@id":""},"breadcrumb":{"@id":"https:\/\/www.blogsoestado.com\/danielmatos\/deputado-sousa-neto-e-bem-recepcionado-em-paco-do-lumiar\/#breadcrumb"},"inLanguage":"pt-BR","potentialAction":[{"@type":"ReadAction","target":["https:\/\/www.blogsoestado.com\/danielmatos\/deputado-sousa-neto-e-bem-recepcionado-em-paco-do-lumiar\/"]}]},{"@type":"BreadcrumbList","@id":"https:\/\/www.blogsoestado.com\/danielmatos\/deputado-sousa-neto-e-bem-recepcionado-em-paco-do-lumiar\/#breadcrumb","itemListElement":[{"@type":"ListItem","position":1,"name":"In\u00edcio","item":"https:\/\/www.blogsoestado.com\/danielmatos\/"},{"@type":"ListItem","position":2,"name":"Deputado Sousa Neto \u00e9 bem recepcionado em Pa\u00e7o do Lumiar"}]},{"@type":"WebSite","@id":"https:\/\/www.blogsoestado.com\/danielmatos\/#website","url":"https:\/\/www.blogsoestado.com\/danielmatos\/","name":"Daniel Matos","description":"","potentialAction":[{"@type":"SearchAction","target":{"@type":"EntryPoint","urlTemplate":"https:\/\/www.blogsoestado.com\/danielmatos\/?s={search_term_string}"},"query-input":{"@type":"PropertyValueSpecification","valueRequired":true,"valueName":"search_term_string"}}],"inLanguage":"pt-BR"}]}},"jetpack_featured_media_url":"","_links":{"self":[{"href":"https:\/\/www.blogsoestado.com\/danielmatos\/wp-json\/wp\/v2\/posts\/49340","targetHints":{"allow":["GET"]}}],"collection":[{"href":"https:\/\/www.blogsoestado.com\/danielmatos\/wp-json\/wp\/v2\/posts"}],"about":[{"href":"https:\/\/www.blogsoestado.com\/danielmatos\/wp-json\/wp\/v2\/types\/post"}],"replies":[{"embeddable":true,"href":"https:\/\/www.blogsoestado.com\/danielmatos\/wp-json\/wp\/v2\/comments?post=49340"}],"version-history":[{"count":0,"href":"https:\/\/www.blogsoestado.com\/danielmatos\/wp-json\/wp\/v2\/posts\/49340\/revisions"}],"wp:attachment":[{"href":"https:\/\/www.blogsoestado.com\/danielmatos\/wp-json\/wp\/v2\/media?parent=49340"}],"wp:term":[{"taxonomy":"category","embeddable":true,"href":"https:\/\/www.blogsoestado.com\/danielmatos\/wp-json\/wp\/v2\/categories?post=49340"},{"taxonomy":"post_tag","embeddable":true,"href":"https:\/\/www.blogsoestado.com\/danielmatos\/wp-json\/wp\/v2\/tags?post=49340"}],"curies":[{"name":"wp","href":"https:\/\/api.w.org\/{rel}","templated":true}]}}