{"id":49343,"date":"2018-03-12T10:30:13","date_gmt":"2018-03-12T13:30:13","guid":{"rendered":"https:\/\/www.blogsoestado.com\/danielmatos\/?p=49343"},"modified":"2018-03-12T10:30:13","modified_gmt":"2018-03-12T13:30:13","slug":"boi-de-axixa-inicia-temporada-de-ensaios-para-o-sao-joao-2018","status":"publish","type":"post","link":"https:\/\/www.blogsoestado.com\/danielmatos\/boi-de-axixa-inicia-temporada-de-ensaios-para-o-sao-joao-2018\/","title":{"rendered":"Boi de Axix\u00e1 inicia temporada de ensaios para o S\u00e3o Jo\u00e3o 2018"},"content":{"rendered":"<figure id=\"attachment_49344\" aria-describedby=\"caption-attachment-49344\" style=\"width: 535px\" class=\"wp-caption aligncenter\"><img fetchpriority=\"high\" decoding=\"async\" class=\"size-full wp-image-49344\" src=\"https:\/\/www.blogsoestado.com\/danielmatos\/files\/2018\/03\/axixa-ensaio.jpg\" alt=\"\" width=\"535\" height=\"480\" \/><figcaption id=\"caption-attachment-49344\" class=\"wp-caption-text\">A diretora do Boi sde Axix\u00e1, Leila Naiva, reunida com m\u00fasicos e brincantes para mais um ensaio<\/figcaption><\/figure>\n<p>Um dos grupos mais aut\u00eanticos do S\u00e3o Jo\u00e3o, o Bumba meu Boi de Axix\u00e1, sotaque de orquestra, deu a largada nos preparativos para a temporada junina deste ano. Com cinquenta e nove anos de historia, o grupo est\u00e1 preparando algumas surpresas para as apresenta\u00e7\u00f5es nos arraias do maranh\u00e3o e fora do estado.<br \/>\n\u201cEstamos na expectativa para mais um ano de festa, e os ensaios \u00e9 algo fundamental para que possamos contagiar a todos nos arraias do nosso estado\u201d, afirmou Leila Naiva, diretora do Axix\u00e1.<\/p>\n<p>J\u00e1 na expectativa que antecede os 60 anos do batalh\u00e3o, a jovem Raquel classifica como \u201calgo encantador e fenomenal\u201d. \u201cO Boi de Axix\u00e1, \u00e9 algo fenomenal e encantador, cada ano que passa encanta a todos, e neste ano n\u00e3o ser\u00e1 diferente, eu j\u00e1 fui \u00edndia no boi no passado, hoje, acompanho o grupo pra onde ele for, pois o amor e paix\u00e3o continuam\u201d, disse Raquel, uma das madrinhas do Boi.<\/p>\n<p><strong>Toadas Marcantes<\/strong><\/p>\n<p>&#8220;Quando eu me lembro da minha bela mocidade, eu tinha tudo \u00e0 vontade brincando no boi de Axix\u00e1, eu brincava com voc\u00ea, naquela praia ensolarada e a tua pele bronzeava eu come\u00e7ava a contemplar, mas \u00e9 o que o vento buli\u00e7oso balan\u00e7ava os seus cabelos e eu ficava com ci\u00fames do perfume ele tirar, mas quando o vanzeiro quebrava, seu lindo rosto molhava e a gente se enrolava na areia do mar&#8221;. Sendo um hino para os maranhenses, a m\u00fasica Bela Mocidade, de composi\u00e7\u00e3o de Donato Alves e Francisco Naiva se tornou refer\u00eancia no estado do Maranh\u00e3o. A composi\u00e7\u00e3o j\u00e1 foi interpretada por v\u00e1rios cantores locais e nacionais, a exemplo de Papete e Maria Bet\u00e2nia.<\/p>\n<p><strong>A graciosidade das Indias do Boi de Axix\u00e1<\/strong><\/p>\n<figure id=\"attachment_49345\" aria-describedby=\"caption-attachment-49345\" style=\"width: 448px\" class=\"wp-caption alignleft\"><img decoding=\"async\" class=\"size-full wp-image-49345\" src=\"https:\/\/www.blogsoestado.com\/danielmatos\/files\/2018\/03\/axixa-ensaio3.jpg\" alt=\"\" width=\"448\" height=\"296\" \/><figcaption id=\"caption-attachment-49345\" class=\"wp-caption-text\">\u00cdndia do Boi de Axix\u00e1 esbanja beleza e graciosidade<\/figcaption><\/figure>\n<p>Com charme, beleza e graciosidade \u00edmpares, as \u00edndias do Boi de Axix\u00e1 d\u00e3o um show \u00e0 parte em cada arraial onde a brincadeira se apresenta. Escolhidas em uma sele\u00e7\u00e3o rigorosa para compor um dos grupos mais representativos do sotaque de orquestra, as personagens encantam todas as plateias com seu bailado ritmado e indument\u00e1rias caprichosamente produzidas para a temporada junina.<\/p>\n<p>Combinado \u00e0 musicalidade inconfund\u00edvel do grupo fundado h\u00e1 59 anos pelo saudoso Francisco Naiva, o visual produzido pelas belas personagens faz delas atra\u00e7\u00f5es de destaque no S\u00e3o Jo\u00e3o do Maranh\u00e3o, dignas de admira\u00e7\u00e3o crescente por sua dedica\u00e7\u00e3o ao nobre papel que desempenham no folclore.<\/p>\n<p><strong>O gingado dos vaqueiros e vaqueiras do Boi de Axix\u00e1<\/strong><\/p>\n<p>A cada apresenta\u00e7\u00e3o \u00e9 not\u00f3rio ver o gingado dos vaqueiros (as) campeadores e de fitas do boi de Axix\u00e1, que fazem a inconfund\u00edvel hist\u00f3ria do tradicional bumba-meu-boi do sotaque de orquestra.<\/p>\n<p><strong>Hist\u00f3ria do Boi de Axix\u00e1<\/strong><\/p>\n<p>O Boi de Axix\u00e1 foi fundado em 1\u00ba de janeiro de 1959, por Francisco Naiva, n\u00e3o por pagamento de promessa, mas por amor \u00e0 brincadeira, \u00e0 cultura popular. Era composto pelos personagens soldados, caboclos de flecha, \u00edndios e campeadores.<\/p>\n<figure id=\"attachment_49346\" aria-describedby=\"caption-attachment-49346\" style=\"width: 448px\" class=\"wp-caption alignright\"><img decoding=\"async\" class=\"size-full wp-image-49346\" src=\"https:\/\/www.blogsoestado.com\/danielmatos\/files\/2018\/03\/axixa-ensaio2.jpg\" alt=\"\" width=\"448\" height=\"263\" \/><figcaption id=\"caption-attachment-49346\" class=\"wp-caption-text\">A diretora Leila Naiva em apresenta\u00e7\u00e3o do boi fundado por sua fam\u00edlia<\/figcaption><\/figure>\n<p>As mulheres eram proibidas de brincar. Depois da sa\u00edda dos \u00edndios e soldados, elas foram inseridas, tamb\u00e9m como \u00edndias, sendo assim at\u00e9 a atualidade.<br \/>\nPor ser um dos percussores do Bumba-meu-boi de Orquestra no Maranh\u00e3o, o Boi de Axix\u00e1 segue tradicionalmente o ciclo da manifesta\u00e7\u00e3o, ensaios, batismo, apresenta\u00e7\u00e3o e morte, envolvendo comunidades do munic\u00edpio de Axix\u00e1 e de S\u00e3o Lu\u00eds\/MA.<\/p>\n<p>Como \u00e9 considerado um dos principais representantes da cultura popular, o Bumba-meu-boi de Axix\u00e1 n\u00e3o se apresenta somente para contratantes com poder aquisitivo alto; apresenta-se sem cobrar em diversos arraiais, igrejas e comunidades carentes, a fim de promover o acesso e contato de pessoas menos favorecidas \u00e0 cultura popular, visto que seus brincantes, desde sua funda\u00e7\u00e3o, tamb\u00e9m s\u00e3o pessoas simples que amam o Boi de Axix\u00e1.<\/p>\n<p>Hoje sob o comando de Leila Naiva, a brincadeira \u00e9 formada por \u00edndias, vaqueiros campeadores, vaqueiros de fita e orquestra.<\/p>\n","protected":false},"excerpt":{"rendered":"<p>Um dos grupos mais aut\u00eanticos do S\u00e3o Jo\u00e3o, o Bumba meu Boi de Axix\u00e1, sotaque de orquestra, deu a largada [&hellip;]<\/p>\n","protected":false},"author":0,"featured_media":0,"comment_status":"open","ping_status":"open","sticky":false,"template":"","format":"standard","meta":{"site-sidebar-layout":"default","site-content-layout":"","ast-site-content-layout":"default","site-content-style":"default","site-sidebar-style":"default","ast-global-header-display":"","ast-banner-title-visibility":"","ast-main-header-display":"","ast-hfb-above-header-display":"","ast-hfb-below-header-display":"","ast-hfb-mobile-header-display":"","site-post-title":"","ast-breadcrumbs-content":"","ast-featured-img":"","footer-sml-layout":"","ast-disable-related-posts":"","theme-transparent-header-meta":"","adv-header-id-meta":"","stick-header-meta":"","header-above-stick-meta":"","header-main-stick-meta":"","header-below-stick-meta":"","astra-migrate-meta-layouts":"default","ast-page-background-enabled":"default","ast-page-background-meta":{"desktop":{"background-color":"var(--ast-global-color-5)","background-image":"","background-repeat":"repeat","background-position":"center center","background-size":"auto","background-attachment":"scroll","background-type":"","background-media":"","overlay-type":"","overlay-color":"","overlay-opacity":"","overlay-gradient":""},"tablet":{"background-color":"","background-image":"","background-repeat":"repeat","background-position":"center center","background-size":"auto","background-attachment":"scroll","background-type":"","background-media":"","overlay-type":"","overlay-color":"","overlay-opacity":"","overlay-gradient":""},"mobile":{"background-color":"","background-image":"","background-repeat":"repeat","background-position":"center center","background-size":"auto","background-attachment":"scroll","background-type":"","background-media":"","overlay-type":"","overlay-color":"","overlay-opacity":"","overlay-gradient":""}},"ast-content-background-meta":{"desktop":{"background-color":"var(--ast-global-color-4)","background-image":"","background-repeat":"repeat","background-position":"center center","background-size":"auto","background-attachment":"scroll","background-type":"","background-media":"","overlay-type":"","overlay-color":"","overlay-opacity":"","overlay-gradient":""},"tablet":{"background-color":"var(--ast-global-color-4)","background-image":"","background-repeat":"repeat","background-position":"center center","background-size":"auto","background-attachment":"scroll","background-type":"","background-media":"","overlay-type":"","overlay-color":"","overlay-opacity":"","overlay-gradient":""},"mobile":{"background-color":"var(--ast-global-color-4)","background-image":"","background-repeat":"repeat","background-position":"center center","background-size":"auto","background-attachment":"scroll","background-type":"","background-media":"","overlay-type":"","overlay-color":"","overlay-opacity":"","overlay-gradient":""}},"footnotes":""},"categories":[1],"tags":[],"class_list":["post-49343","post","type-post","status-publish","format-standard","hentry","category-sem-categoria"],"yoast_head":"<!-- This site is optimized with the Yoast SEO plugin v26.6 - https:\/\/yoast.com\/wordpress\/plugins\/seo\/ -->\n<title>Boi de Axix\u00e1 inicia temporada de ensaios para o S\u00e3o Jo\u00e3o 2018 - Daniel Matos<\/title>\n<meta name=\"robots\" content=\"index, follow, max-snippet:-1, max-image-preview:large, max-video-preview:-1\" \/>\n<link rel=\"canonical\" href=\"https:\/\/www.blogsoestado.com\/danielmatos\/boi-de-axixa-inicia-temporada-de-ensaios-para-o-sao-joao-2018\/\" \/>\n<meta property=\"og:locale\" content=\"pt_BR\" \/>\n<meta property=\"og:type\" content=\"article\" \/>\n<meta property=\"og:title\" content=\"Boi de Axix\u00e1 inicia temporada de ensaios para o S\u00e3o Jo\u00e3o 2018 - Daniel Matos\" \/>\n<meta property=\"og:description\" content=\"Um dos grupos mais aut\u00eanticos do S\u00e3o Jo\u00e3o, o Bumba meu Boi de Axix\u00e1, sotaque de orquestra, deu a largada [&hellip;]\" \/>\n<meta property=\"og:url\" content=\"https:\/\/www.blogsoestado.com\/danielmatos\/boi-de-axixa-inicia-temporada-de-ensaios-para-o-sao-joao-2018\/\" \/>\n<meta property=\"og:site_name\" content=\"Daniel Matos\" \/>\n<meta property=\"article:published_time\" content=\"2018-03-12T13:30:13+00:00\" \/>\n<meta property=\"og:image\" content=\"https:\/\/www.blogsoestado.com\/danielmatos\/files\/2018\/03\/axixa-ensaio.jpg\" \/>\n<meta name=\"twitter:card\" content=\"summary_large_image\" \/>\n<meta name=\"twitter:label1\" content=\"Est. tempo de leitura\" \/>\n\t<meta name=\"twitter:data1\" content=\"4 minutos\" \/>\n<script type=\"application\/ld+json\" class=\"yoast-schema-graph\">{\"@context\":\"https:\/\/schema.org\",\"@graph\":[{\"@type\":\"WebPage\",\"@id\":\"https:\/\/www.blogsoestado.com\/danielmatos\/boi-de-axixa-inicia-temporada-de-ensaios-para-o-sao-joao-2018\/\",\"url\":\"https:\/\/www.blogsoestado.com\/danielmatos\/boi-de-axixa-inicia-temporada-de-ensaios-para-o-sao-joao-2018\/\",\"name\":\"Boi de Axix\u00e1 inicia temporada de ensaios para o S\u00e3o Jo\u00e3o 2018 - Daniel Matos\",\"isPartOf\":{\"@id\":\"https:\/\/www.blogsoestado.com\/danielmatos\/#website\"},\"primaryImageOfPage\":{\"@id\":\"https:\/\/www.blogsoestado.com\/danielmatos\/boi-de-axixa-inicia-temporada-de-ensaios-para-o-sao-joao-2018\/#primaryimage\"},\"image\":{\"@id\":\"https:\/\/www.blogsoestado.com\/danielmatos\/boi-de-axixa-inicia-temporada-de-ensaios-para-o-sao-joao-2018\/#primaryimage\"},\"thumbnailUrl\":\"https:\/\/www.blogsoestado.com\/danielmatos\/files\/2018\/03\/axixa-ensaio.jpg\",\"datePublished\":\"2018-03-12T13:30:13+00:00\",\"author\":{\"@id\":\"\"},\"breadcrumb\":{\"@id\":\"https:\/\/www.blogsoestado.com\/danielmatos\/boi-de-axixa-inicia-temporada-de-ensaios-para-o-sao-joao-2018\/#breadcrumb\"},\"inLanguage\":\"pt-BR\",\"potentialAction\":[{\"@type\":\"ReadAction\",\"target\":[\"https:\/\/www.blogsoestado.com\/danielmatos\/boi-de-axixa-inicia-temporada-de-ensaios-para-o-sao-joao-2018\/\"]}]},{\"@type\":\"ImageObject\",\"inLanguage\":\"pt-BR\",\"@id\":\"https:\/\/www.blogsoestado.com\/danielmatos\/boi-de-axixa-inicia-temporada-de-ensaios-para-o-sao-joao-2018\/#primaryimage\",\"url\":\"https:\/\/www.blogsoestado.com\/danielmatos\/files\/2018\/03\/axixa-ensaio.jpg\",\"contentUrl\":\"https:\/\/www.blogsoestado.com\/danielmatos\/files\/2018\/03\/axixa-ensaio.jpg\"},{\"@type\":\"BreadcrumbList\",\"@id\":\"https:\/\/www.blogsoestado.com\/danielmatos\/boi-de-axixa-inicia-temporada-de-ensaios-para-o-sao-joao-2018\/#breadcrumb\",\"itemListElement\":[{\"@type\":\"ListItem\",\"position\":1,\"name\":\"In\u00edcio\",\"item\":\"https:\/\/www.blogsoestado.com\/danielmatos\/\"},{\"@type\":\"ListItem\",\"position\":2,\"name\":\"Boi de Axix\u00e1 inicia temporada de ensaios para o S\u00e3o Jo\u00e3o 2018\"}]},{\"@type\":\"WebSite\",\"@id\":\"https:\/\/www.blogsoestado.com\/danielmatos\/#website\",\"url\":\"https:\/\/www.blogsoestado.com\/danielmatos\/\",\"name\":\"Daniel Matos\",\"description\":\"\",\"potentialAction\":[{\"@type\":\"SearchAction\",\"target\":{\"@type\":\"EntryPoint\",\"urlTemplate\":\"https:\/\/www.blogsoestado.com\/danielmatos\/?s={search_term_string}\"},\"query-input\":{\"@type\":\"PropertyValueSpecification\",\"valueRequired\":true,\"valueName\":\"search_term_string\"}}],\"inLanguage\":\"pt-BR\"}]}<\/script>\n<!-- \/ Yoast SEO plugin. -->","yoast_head_json":{"title":"Boi de Axix\u00e1 inicia temporada de ensaios para o S\u00e3o Jo\u00e3o 2018 - Daniel Matos","robots":{"index":"index","follow":"follow","max-snippet":"max-snippet:-1","max-image-preview":"max-image-preview:large","max-video-preview":"max-video-preview:-1"},"canonical":"https:\/\/www.blogsoestado.com\/danielmatos\/boi-de-axixa-inicia-temporada-de-ensaios-para-o-sao-joao-2018\/","og_locale":"pt_BR","og_type":"article","og_title":"Boi de Axix\u00e1 inicia temporada de ensaios para o S\u00e3o Jo\u00e3o 2018 - Daniel Matos","og_description":"Um dos grupos mais aut\u00eanticos do S\u00e3o Jo\u00e3o, o Bumba meu Boi de Axix\u00e1, sotaque de orquestra, deu a largada [&hellip;]","og_url":"https:\/\/www.blogsoestado.com\/danielmatos\/boi-de-axixa-inicia-temporada-de-ensaios-para-o-sao-joao-2018\/","og_site_name":"Daniel Matos","article_published_time":"2018-03-12T13:30:13+00:00","og_image":[{"url":"https:\/\/www.blogsoestado.com\/danielmatos\/files\/2018\/03\/axixa-ensaio.jpg","type":"","width":"","height":""}],"twitter_card":"summary_large_image","twitter_misc":{"Est. tempo de leitura":"4 minutos"},"schema":{"@context":"https:\/\/schema.org","@graph":[{"@type":"WebPage","@id":"https:\/\/www.blogsoestado.com\/danielmatos\/boi-de-axixa-inicia-temporada-de-ensaios-para-o-sao-joao-2018\/","url":"https:\/\/www.blogsoestado.com\/danielmatos\/boi-de-axixa-inicia-temporada-de-ensaios-para-o-sao-joao-2018\/","name":"Boi de Axix\u00e1 inicia temporada de ensaios para o S\u00e3o Jo\u00e3o 2018 - Daniel Matos","isPartOf":{"@id":"https:\/\/www.blogsoestado.com\/danielmatos\/#website"},"primaryImageOfPage":{"@id":"https:\/\/www.blogsoestado.com\/danielmatos\/boi-de-axixa-inicia-temporada-de-ensaios-para-o-sao-joao-2018\/#primaryimage"},"image":{"@id":"https:\/\/www.blogsoestado.com\/danielmatos\/boi-de-axixa-inicia-temporada-de-ensaios-para-o-sao-joao-2018\/#primaryimage"},"thumbnailUrl":"https:\/\/www.blogsoestado.com\/danielmatos\/files\/2018\/03\/axixa-ensaio.jpg","datePublished":"2018-03-12T13:30:13+00:00","author":{"@id":""},"breadcrumb":{"@id":"https:\/\/www.blogsoestado.com\/danielmatos\/boi-de-axixa-inicia-temporada-de-ensaios-para-o-sao-joao-2018\/#breadcrumb"},"inLanguage":"pt-BR","potentialAction":[{"@type":"ReadAction","target":["https:\/\/www.blogsoestado.com\/danielmatos\/boi-de-axixa-inicia-temporada-de-ensaios-para-o-sao-joao-2018\/"]}]},{"@type":"ImageObject","inLanguage":"pt-BR","@id":"https:\/\/www.blogsoestado.com\/danielmatos\/boi-de-axixa-inicia-temporada-de-ensaios-para-o-sao-joao-2018\/#primaryimage","url":"https:\/\/www.blogsoestado.com\/danielmatos\/files\/2018\/03\/axixa-ensaio.jpg","contentUrl":"https:\/\/www.blogsoestado.com\/danielmatos\/files\/2018\/03\/axixa-ensaio.jpg"},{"@type":"BreadcrumbList","@id":"https:\/\/www.blogsoestado.com\/danielmatos\/boi-de-axixa-inicia-temporada-de-ensaios-para-o-sao-joao-2018\/#breadcrumb","itemListElement":[{"@type":"ListItem","position":1,"name":"In\u00edcio","item":"https:\/\/www.blogsoestado.com\/danielmatos\/"},{"@type":"ListItem","position":2,"name":"Boi de Axix\u00e1 inicia temporada de ensaios para o S\u00e3o Jo\u00e3o 2018"}]},{"@type":"WebSite","@id":"https:\/\/www.blogsoestado.com\/danielmatos\/#website","url":"https:\/\/www.blogsoestado.com\/danielmatos\/","name":"Daniel Matos","description":"","potentialAction":[{"@type":"SearchAction","target":{"@type":"EntryPoint","urlTemplate":"https:\/\/www.blogsoestado.com\/danielmatos\/?s={search_term_string}"},"query-input":{"@type":"PropertyValueSpecification","valueRequired":true,"valueName":"search_term_string"}}],"inLanguage":"pt-BR"}]}},"jetpack_featured_media_url":"","_links":{"self":[{"href":"https:\/\/www.blogsoestado.com\/danielmatos\/wp-json\/wp\/v2\/posts\/49343","targetHints":{"allow":["GET"]}}],"collection":[{"href":"https:\/\/www.blogsoestado.com\/danielmatos\/wp-json\/wp\/v2\/posts"}],"about":[{"href":"https:\/\/www.blogsoestado.com\/danielmatos\/wp-json\/wp\/v2\/types\/post"}],"replies":[{"embeddable":true,"href":"https:\/\/www.blogsoestado.com\/danielmatos\/wp-json\/wp\/v2\/comments?post=49343"}],"version-history":[{"count":0,"href":"https:\/\/www.blogsoestado.com\/danielmatos\/wp-json\/wp\/v2\/posts\/49343\/revisions"}],"wp:attachment":[{"href":"https:\/\/www.blogsoestado.com\/danielmatos\/wp-json\/wp\/v2\/media?parent=49343"}],"wp:term":[{"taxonomy":"category","embeddable":true,"href":"https:\/\/www.blogsoestado.com\/danielmatos\/wp-json\/wp\/v2\/categories?post=49343"},{"taxonomy":"post_tag","embeddable":true,"href":"https:\/\/www.blogsoestado.com\/danielmatos\/wp-json\/wp\/v2\/tags?post=49343"}],"curies":[{"name":"wp","href":"https:\/\/api.w.org\/{rel}","templated":true}]}}