{"id":49348,"date":"2018-03-12T10:12:14","date_gmt":"2018-03-12T13:12:14","guid":{"rendered":"https:\/\/www.blogsoestado.com\/danielmatos\/?p=49348"},"modified":"2018-03-12T10:12:14","modified_gmt":"2018-03-12T13:12:14","slug":"vereador-marquinhos-pode-representar-psl-na-disputa-pelo-senado","status":"publish","type":"post","link":"https:\/\/www.blogsoestado.com\/danielmatos\/vereador-marquinhos-pode-representar-psl-na-disputa-pelo-senado\/","title":{"rendered":"Vereador Marquinhos pode representar PSL na disputa pelo Senado"},"content":{"rendered":"<p><strong>Do <a href=\"http:\/\/isaiasrocha.com.br\/?p=9407\">Blog do Isa\u00edas Rocha<\/a><\/strong><\/p>\n<figure id=\"attachment_49349\" aria-describedby=\"caption-attachment-49349\" style=\"width: 300px\" class=\"wp-caption alignleft\"><img fetchpriority=\"high\" decoding=\"async\" class=\"size-full wp-image-49349\" src=\"https:\/\/www.blogsoestado.com\/danielmatos\/files\/2018\/03\/marquinhos-senado2.jpg\" alt=\"\" width=\"300\" height=\"188\" \/><figcaption id=\"caption-attachment-49349\" class=\"wp-caption-text\">Vereador Marquinhos com o presidente estadual do PSL, Chico Carvalho<\/figcaption><\/figure>\n<p>O vereador de S\u00e3o Lu\u00eds, Ant\u00f4nio Marcos Silva, o Marquinhos, vai conseguindo se viabilizar na disputa pelo Senado da Rep\u00fablica, faltando menos de sete meses para as elei\u00e7\u00f5es 2018.<\/p>\n<p>Nome leve, com for\u00e7a na periferia, bem relacionado com toda a sociedade, Marquinhos come\u00e7a a pavimentar o caminho para a disputa. Por enquanto, falta-lhe a escolha de um novo partido j\u00e1 que o DEM \u2013 por onde conquistou seus dois mandatos no Legislativo Ludovicense \u2013 dificilmente lhe daria legenda para concorrer \u00e0 C\u00e2mara Alta.<\/p>\n<p>No entanto, se depender do PSL do Maranh\u00e3o isso n\u00e3o seria um problema e o parlamentar poderia, sim, representar a legenda na disputa. S\u00e3o duas vagas em jogo este ano.<\/p>\n<p>Quem achou que a elei\u00e7\u00e3o para senador poderia ficar s\u00f3 entre os grandes partidos, se enganou. O cen\u00e1rio pode ficar ainda mais dif\u00edcil, se a sigla que abrigou o deputado Jair Bolsonaro, pr\u00e9-candidato \u00e0 Presid\u00eancia da Rep\u00fablica, resolver mesmo lan\u00e7ar um candidato ao Senado pelo Maranh\u00e3o. \u00c9 aguardar!<\/p>\n","protected":false},"excerpt":{"rendered":"<p>Do Blog do Isa\u00edas Rocha O vereador de S\u00e3o Lu\u00eds, Ant\u00f4nio Marcos Silva, o Marquinhos, vai conseguindo se viabilizar na [&hellip;]<\/p>\n","protected":false},"author":0,"featured_media":0,"comment_status":"open","ping_status":"open","sticky":false,"template":"","format":"standard","meta":{"site-sidebar-layout":"default","site-content-layout":"","ast-site-content-layout":"default","site-content-style":"default","site-sidebar-style":"default","ast-global-header-display":"","ast-banner-title-visibility":"","ast-main-header-display":"","ast-hfb-above-header-display":"","ast-hfb-below-header-display":"","ast-hfb-mobile-header-display":"","site-post-title":"","ast-breadcrumbs-content":"","ast-featured-img":"","footer-sml-layout":"","ast-disable-related-posts":"","theme-transparent-header-meta":"","adv-header-id-meta":"","stick-header-meta":"","header-above-stick-meta":"","header-main-stick-meta":"","header-below-stick-meta":"","astra-migrate-meta-layouts":"default","ast-page-background-enabled":"default","ast-page-background-meta":{"desktop":{"background-color":"var(--ast-global-color-5)","background-image":"","background-repeat":"repeat","background-position":"center center","background-size":"auto","background-attachment":"scroll","background-type":"","background-media":"","overlay-type":"","overlay-color":"","overlay-opacity":"","overlay-gradient":""},"tablet":{"background-color":"","background-image":"","background-repeat":"repeat","background-position":"center center","background-size":"auto","background-attachment":"scroll","background-type":"","background-media":"","overlay-type":"","overlay-color":"","overlay-opacity":"","overlay-gradient":""},"mobile":{"background-color":"","background-image":"","background-repeat":"repeat","background-position":"center center","background-size":"auto","background-attachment":"scroll","background-type":"","background-media":"","overlay-type":"","overlay-color":"","overlay-opacity":"","overlay-gradient":""}},"ast-content-background-meta":{"desktop":{"background-color":"var(--ast-global-color-4)","background-image":"","background-repeat":"repeat","background-position":"center center","background-size":"auto","background-attachment":"scroll","background-type":"","background-media":"","overlay-type":"","overlay-color":"","overlay-opacity":"","overlay-gradient":""},"tablet":{"background-color":"var(--ast-global-color-4)","background-image":"","background-repeat":"repeat","background-position":"center center","background-size":"auto","background-attachment":"scroll","background-type":"","background-media":"","overlay-type":"","overlay-color":"","overlay-opacity":"","overlay-gradient":""},"mobile":{"background-color":"var(--ast-global-color-4)","background-image":"","background-repeat":"repeat","background-position":"center center","background-size":"auto","background-attachment":"scroll","background-type":"","background-media":"","overlay-type":"","overlay-color":"","overlay-opacity":"","overlay-gradient":""}},"footnotes":""},"categories":[1],"tags":[],"class_list":["post-49348","post","type-post","status-publish","format-standard","hentry","category-sem-categoria"],"yoast_head":"<!-- This site is optimized with the Yoast SEO plugin v26.6 - https:\/\/yoast.com\/wordpress\/plugins\/seo\/ -->\n<title>Vereador Marquinhos pode representar PSL na disputa pelo Senado - Daniel Matos<\/title>\n<meta name=\"robots\" content=\"index, follow, max-snippet:-1, max-image-preview:large, max-video-preview:-1\" \/>\n<link rel=\"canonical\" href=\"https:\/\/www.blogsoestado.com\/danielmatos\/vereador-marquinhos-pode-representar-psl-na-disputa-pelo-senado\/\" \/>\n<meta property=\"og:locale\" content=\"pt_BR\" \/>\n<meta property=\"og:type\" content=\"article\" \/>\n<meta property=\"og:title\" content=\"Vereador Marquinhos pode representar PSL na disputa pelo Senado - Daniel Matos\" \/>\n<meta property=\"og:description\" content=\"Do Blog do Isa\u00edas Rocha O vereador de S\u00e3o Lu\u00eds, Ant\u00f4nio Marcos Silva, o Marquinhos, vai conseguindo se viabilizar na [&hellip;]\" \/>\n<meta property=\"og:url\" content=\"https:\/\/www.blogsoestado.com\/danielmatos\/vereador-marquinhos-pode-representar-psl-na-disputa-pelo-senado\/\" \/>\n<meta property=\"og:site_name\" content=\"Daniel Matos\" \/>\n<meta property=\"article:published_time\" content=\"2018-03-12T13:12:14+00:00\" \/>\n<meta property=\"og:image\" content=\"https:\/\/www.blogsoestado.com\/danielmatos\/files\/2018\/03\/marquinhos-senado2.jpg\" \/>\n<meta name=\"twitter:card\" content=\"summary_large_image\" \/>\n<meta name=\"twitter:label1\" content=\"Est. tempo de leitura\" \/>\n\t<meta name=\"twitter:data1\" content=\"1 minuto\" \/>\n<script type=\"application\/ld+json\" class=\"yoast-schema-graph\">{\"@context\":\"https:\/\/schema.org\",\"@graph\":[{\"@type\":\"WebPage\",\"@id\":\"https:\/\/www.blogsoestado.com\/danielmatos\/vereador-marquinhos-pode-representar-psl-na-disputa-pelo-senado\/\",\"url\":\"https:\/\/www.blogsoestado.com\/danielmatos\/vereador-marquinhos-pode-representar-psl-na-disputa-pelo-senado\/\",\"name\":\"Vereador Marquinhos pode representar PSL na disputa pelo Senado - Daniel Matos\",\"isPartOf\":{\"@id\":\"https:\/\/www.blogsoestado.com\/danielmatos\/#website\"},\"primaryImageOfPage\":{\"@id\":\"https:\/\/www.blogsoestado.com\/danielmatos\/vereador-marquinhos-pode-representar-psl-na-disputa-pelo-senado\/#primaryimage\"},\"image\":{\"@id\":\"https:\/\/www.blogsoestado.com\/danielmatos\/vereador-marquinhos-pode-representar-psl-na-disputa-pelo-senado\/#primaryimage\"},\"thumbnailUrl\":\"https:\/\/www.blogsoestado.com\/danielmatos\/files\/2018\/03\/marquinhos-senado2.jpg\",\"datePublished\":\"2018-03-12T13:12:14+00:00\",\"author\":{\"@id\":\"\"},\"breadcrumb\":{\"@id\":\"https:\/\/www.blogsoestado.com\/danielmatos\/vereador-marquinhos-pode-representar-psl-na-disputa-pelo-senado\/#breadcrumb\"},\"inLanguage\":\"pt-BR\",\"potentialAction\":[{\"@type\":\"ReadAction\",\"target\":[\"https:\/\/www.blogsoestado.com\/danielmatos\/vereador-marquinhos-pode-representar-psl-na-disputa-pelo-senado\/\"]}]},{\"@type\":\"ImageObject\",\"inLanguage\":\"pt-BR\",\"@id\":\"https:\/\/www.blogsoestado.com\/danielmatos\/vereador-marquinhos-pode-representar-psl-na-disputa-pelo-senado\/#primaryimage\",\"url\":\"https:\/\/www.blogsoestado.com\/danielmatos\/files\/2018\/03\/marquinhos-senado2.jpg\",\"contentUrl\":\"https:\/\/www.blogsoestado.com\/danielmatos\/files\/2018\/03\/marquinhos-senado2.jpg\"},{\"@type\":\"BreadcrumbList\",\"@id\":\"https:\/\/www.blogsoestado.com\/danielmatos\/vereador-marquinhos-pode-representar-psl-na-disputa-pelo-senado\/#breadcrumb\",\"itemListElement\":[{\"@type\":\"ListItem\",\"position\":1,\"name\":\"In\u00edcio\",\"item\":\"https:\/\/www.blogsoestado.com\/danielmatos\/\"},{\"@type\":\"ListItem\",\"position\":2,\"name\":\"Vereador Marquinhos pode representar PSL na disputa pelo Senado\"}]},{\"@type\":\"WebSite\",\"@id\":\"https:\/\/www.blogsoestado.com\/danielmatos\/#website\",\"url\":\"https:\/\/www.blogsoestado.com\/danielmatos\/\",\"name\":\"Daniel Matos\",\"description\":\"\",\"potentialAction\":[{\"@type\":\"SearchAction\",\"target\":{\"@type\":\"EntryPoint\",\"urlTemplate\":\"https:\/\/www.blogsoestado.com\/danielmatos\/?s={search_term_string}\"},\"query-input\":{\"@type\":\"PropertyValueSpecification\",\"valueRequired\":true,\"valueName\":\"search_term_string\"}}],\"inLanguage\":\"pt-BR\"}]}<\/script>\n<!-- \/ Yoast SEO plugin. -->","yoast_head_json":{"title":"Vereador Marquinhos pode representar PSL na disputa pelo Senado - Daniel Matos","robots":{"index":"index","follow":"follow","max-snippet":"max-snippet:-1","max-image-preview":"max-image-preview:large","max-video-preview":"max-video-preview:-1"},"canonical":"https:\/\/www.blogsoestado.com\/danielmatos\/vereador-marquinhos-pode-representar-psl-na-disputa-pelo-senado\/","og_locale":"pt_BR","og_type":"article","og_title":"Vereador Marquinhos pode representar PSL na disputa pelo Senado - Daniel Matos","og_description":"Do Blog do Isa\u00edas Rocha O vereador de S\u00e3o Lu\u00eds, Ant\u00f4nio Marcos Silva, o Marquinhos, vai conseguindo se viabilizar na [&hellip;]","og_url":"https:\/\/www.blogsoestado.com\/danielmatos\/vereador-marquinhos-pode-representar-psl-na-disputa-pelo-senado\/","og_site_name":"Daniel Matos","article_published_time":"2018-03-12T13:12:14+00:00","og_image":[{"url":"https:\/\/www.blogsoestado.com\/danielmatos\/files\/2018\/03\/marquinhos-senado2.jpg","type":"","width":"","height":""}],"twitter_card":"summary_large_image","twitter_misc":{"Est. tempo de leitura":"1 minuto"},"schema":{"@context":"https:\/\/schema.org","@graph":[{"@type":"WebPage","@id":"https:\/\/www.blogsoestado.com\/danielmatos\/vereador-marquinhos-pode-representar-psl-na-disputa-pelo-senado\/","url":"https:\/\/www.blogsoestado.com\/danielmatos\/vereador-marquinhos-pode-representar-psl-na-disputa-pelo-senado\/","name":"Vereador Marquinhos pode representar PSL na disputa pelo Senado - Daniel Matos","isPartOf":{"@id":"https:\/\/www.blogsoestado.com\/danielmatos\/#website"},"primaryImageOfPage":{"@id":"https:\/\/www.blogsoestado.com\/danielmatos\/vereador-marquinhos-pode-representar-psl-na-disputa-pelo-senado\/#primaryimage"},"image":{"@id":"https:\/\/www.blogsoestado.com\/danielmatos\/vereador-marquinhos-pode-representar-psl-na-disputa-pelo-senado\/#primaryimage"},"thumbnailUrl":"https:\/\/www.blogsoestado.com\/danielmatos\/files\/2018\/03\/marquinhos-senado2.jpg","datePublished":"2018-03-12T13:12:14+00:00","author":{"@id":""},"breadcrumb":{"@id":"https:\/\/www.blogsoestado.com\/danielmatos\/vereador-marquinhos-pode-representar-psl-na-disputa-pelo-senado\/#breadcrumb"},"inLanguage":"pt-BR","potentialAction":[{"@type":"ReadAction","target":["https:\/\/www.blogsoestado.com\/danielmatos\/vereador-marquinhos-pode-representar-psl-na-disputa-pelo-senado\/"]}]},{"@type":"ImageObject","inLanguage":"pt-BR","@id":"https:\/\/www.blogsoestado.com\/danielmatos\/vereador-marquinhos-pode-representar-psl-na-disputa-pelo-senado\/#primaryimage","url":"https:\/\/www.blogsoestado.com\/danielmatos\/files\/2018\/03\/marquinhos-senado2.jpg","contentUrl":"https:\/\/www.blogsoestado.com\/danielmatos\/files\/2018\/03\/marquinhos-senado2.jpg"},{"@type":"BreadcrumbList","@id":"https:\/\/www.blogsoestado.com\/danielmatos\/vereador-marquinhos-pode-representar-psl-na-disputa-pelo-senado\/#breadcrumb","itemListElement":[{"@type":"ListItem","position":1,"name":"In\u00edcio","item":"https:\/\/www.blogsoestado.com\/danielmatos\/"},{"@type":"ListItem","position":2,"name":"Vereador Marquinhos pode representar PSL na disputa pelo Senado"}]},{"@type":"WebSite","@id":"https:\/\/www.blogsoestado.com\/danielmatos\/#website","url":"https:\/\/www.blogsoestado.com\/danielmatos\/","name":"Daniel Matos","description":"","potentialAction":[{"@type":"SearchAction","target":{"@type":"EntryPoint","urlTemplate":"https:\/\/www.blogsoestado.com\/danielmatos\/?s={search_term_string}"},"query-input":{"@type":"PropertyValueSpecification","valueRequired":true,"valueName":"search_term_string"}}],"inLanguage":"pt-BR"}]}},"jetpack_featured_media_url":"","_links":{"self":[{"href":"https:\/\/www.blogsoestado.com\/danielmatos\/wp-json\/wp\/v2\/posts\/49348","targetHints":{"allow":["GET"]}}],"collection":[{"href":"https:\/\/www.blogsoestado.com\/danielmatos\/wp-json\/wp\/v2\/posts"}],"about":[{"href":"https:\/\/www.blogsoestado.com\/danielmatos\/wp-json\/wp\/v2\/types\/post"}],"replies":[{"embeddable":true,"href":"https:\/\/www.blogsoestado.com\/danielmatos\/wp-json\/wp\/v2\/comments?post=49348"}],"version-history":[{"count":0,"href":"https:\/\/www.blogsoestado.com\/danielmatos\/wp-json\/wp\/v2\/posts\/49348\/revisions"}],"wp:attachment":[{"href":"https:\/\/www.blogsoestado.com\/danielmatos\/wp-json\/wp\/v2\/media?parent=49348"}],"wp:term":[{"taxonomy":"category","embeddable":true,"href":"https:\/\/www.blogsoestado.com\/danielmatos\/wp-json\/wp\/v2\/categories?post=49348"},{"taxonomy":"post_tag","embeddable":true,"href":"https:\/\/www.blogsoestado.com\/danielmatos\/wp-json\/wp\/v2\/tags?post=49348"}],"curies":[{"name":"wp","href":"https:\/\/api.w.org\/{rel}","templated":true}]}}