{"id":49361,"date":"2018-03-12T19:54:33","date_gmt":"2018-03-12T22:54:33","guid":{"rendered":"https:\/\/www.blogsoestado.com\/danielmatos\/?p=49361"},"modified":"2018-03-12T19:54:33","modified_gmt":"2018-03-12T22:54:33","slug":"prefeitura-firma-convenio-para-levar-internet-para-todos-a-zona-rural-de-caxias","status":"publish","type":"post","link":"https:\/\/www.blogsoestado.com\/danielmatos\/prefeitura-firma-convenio-para-levar-internet-para-todos-a-zona-rural-de-caxias\/","title":{"rendered":"Prefeitura firma conv\u00eanio para levar &#8220;Internet para Todos&#8221; \u00e0 zona rural de Caxias"},"content":{"rendered":"<figure id=\"attachment_49362\" aria-describedby=\"caption-attachment-49362\" style=\"width: 336px\" class=\"wp-caption alignleft\"><img fetchpriority=\"high\" decoding=\"async\" class=\"size-full wp-image-49362\" src=\"https:\/\/www.blogsoestado.com\/danielmatos\/files\/2018\/03\/gentil-kassab.jpg\" alt=\"\" width=\"336\" height=\"448\" \/><figcaption id=\"caption-attachment-49362\" class=\"wp-caption-text\">Prefeito F\u00e1bio Gentil com o ministro Gilberto Kassab no ato da celebra\u00e7\u00e3o do conv\u00eanio<\/figcaption><\/figure>\n<p>O prefeito F\u00e1bio Gentil (PRB) firmou, em Bras\u00edlia, conv\u00eanio com o Governo Federal, via Minist\u00e9rio da Ci\u00eancia e Tecnologia, visando \u00e0 implanta\u00e7\u00e3o do programa &#8220;Internet para Todos&#8221; na zona rural de Caxias. A a\u00e7\u00e3o \u00e9 mais um feito da atual gest\u00e3o municipal com o intuito de inserir o povo caxiense no rumo do desenvolvimento, a fim de construir uma cidade que todos almejam.<\/p>\n<p>Por meio do conv\u00eanio, todas as escolas e postos de sa\u00fade da zona rural de Caxias estar\u00e3o conectados \u00e0 rede mundial de computadores, que poder\u00e1 ser acessada gratuitamente nesses pontos. No ato da assinatura, F\u00e1bio Gentil foi cumprimentado pelo ministro Gilberto Kassab por seu empenho em prol da inclus\u00e3o digital, que contemplar\u00e1 milhares de cidad\u00e3os que t\u00eam pouco ou nenhum acesso \u00e0 internet.<\/p>\n<p>Satisfeito por proporcionar mais um benef\u00edcio ao povo caxiense, o prefeito destacou a relev\u00e2ncia que o programa ter\u00e1 para a cidade. &#8220;Neste momento em que a tecnologia torna-se fator de extrema import\u00e2ncia para o nosso pa\u00eds e para o nosso munic\u00edpio, a prefeitura vai oferecer internet\u00a0 gratuita em toda a zona rural de Caxias. Isso \u00e9 mais um avan\u00e7o, mais uma luta e mais uma conquista do governo municipal&#8221;, ressaltou Gentil. &#8220;Assim, estaremos construindo sempre a cidade que a gente quer. Parab\u00e9ns aos caxienses&#8221;, comemorou.<\/p>\n<p><strong>No v\u00eddeo abaixo, o prefeito F\u00e1bio Gentil anuncia a assinatura do conv\u00eanio:<\/strong><\/p>\n<div class=\"ast-oembed-container \" style=\"height: 100%;\"><iframe title=\"Prefeito F\u00e1bio Gentil fala sobre conv\u00eanio\" width=\"500\" height=\"281\" src=\"https:\/\/www.youtube.com\/embed\/JImgb30CBlM?feature=oembed\" frameborder=\"0\" allow=\"accelerometer; autoplay; clipboard-write; encrypted-media; gyroscope; picture-in-picture; web-share\" referrerpolicy=\"strict-origin-when-cross-origin\" allowfullscreen><\/iframe><\/div>\n<p><strong>Abaixo, c\u00f3pia do conv\u00eanio:<\/strong><\/p>\n<p><img decoding=\"async\" class=\"aligncenter wp-image-49365\" src=\"https:\/\/www.blogsoestado.com\/danielmatos\/files\/2018\/03\/caxias-internet.jpg\" alt=\"\" width=\"500\" height=\"757\" \/><\/p>\n<p><img decoding=\"async\" class=\"aligncenter wp-image-49366\" src=\"https:\/\/www.blogsoestado.com\/danielmatos\/files\/2018\/03\/caxias-internet2.jpg\" alt=\"\" width=\"500\" height=\"726\" \/><\/p>\n<p><img loading=\"lazy\" decoding=\"async\" class=\"aligncenter wp-image-49367\" src=\"https:\/\/www.blogsoestado.com\/danielmatos\/files\/2018\/03\/caxias-internet3.jpg\" alt=\"\" width=\"500\" height=\"393\" \/><\/p>\n","protected":false},"excerpt":{"rendered":"<p>O prefeito F\u00e1bio Gentil (PRB) firmou, em Bras\u00edlia, conv\u00eanio com o Governo Federal, via Minist\u00e9rio da Ci\u00eancia e Tecnologia, visando [&hellip;]<\/p>\n","protected":false},"author":0,"featured_media":0,"comment_status":"open","ping_status":"open","sticky":false,"template":"","format":"standard","meta":{"site-sidebar-layout":"default","site-content-layout":"","ast-site-content-layout":"default","site-content-style":"default","site-sidebar-style":"default","ast-global-header-display":"","ast-banner-title-visibility":"","ast-main-header-display":"","ast-hfb-above-header-display":"","ast-hfb-below-header-display":"","ast-hfb-mobile-header-display":"","site-post-title":"","ast-breadcrumbs-content":"","ast-featured-img":"","footer-sml-layout":"","ast-disable-related-posts":"","theme-transparent-header-meta":"","adv-header-id-meta":"","stick-header-meta":"","header-above-stick-meta":"","header-main-stick-meta":"","header-below-stick-meta":"","astra-migrate-meta-layouts":"default","ast-page-background-enabled":"default","ast-page-background-meta":{"desktop":{"background-color":"var(--ast-global-color-5)","background-image":"","background-repeat":"repeat","background-position":"center center","background-size":"auto","background-attachment":"scroll","background-type":"","background-media":"","overlay-type":"","overlay-color":"","overlay-opacity":"","overlay-gradient":""},"tablet":{"background-color":"","background-image":"","background-repeat":"repeat","background-position":"center center","background-size":"auto","background-attachment":"scroll","background-type":"","background-media":"","overlay-type":"","overlay-color":"","overlay-opacity":"","overlay-gradient":""},"mobile":{"background-color":"","background-image":"","background-repeat":"repeat","background-position":"center center","background-size":"auto","background-attachment":"scroll","background-type":"","background-media":"","overlay-type":"","overlay-color":"","overlay-opacity":"","overlay-gradient":""}},"ast-content-background-meta":{"desktop":{"background-color":"var(--ast-global-color-4)","background-image":"","background-repeat":"repeat","background-position":"center center","background-size":"auto","background-attachment":"scroll","background-type":"","background-media":"","overlay-type":"","overlay-color":"","overlay-opacity":"","overlay-gradient":""},"tablet":{"background-color":"var(--ast-global-color-4)","background-image":"","background-repeat":"repeat","background-position":"center center","background-size":"auto","background-attachment":"scroll","background-type":"","background-media":"","overlay-type":"","overlay-color":"","overlay-opacity":"","overlay-gradient":""},"mobile":{"background-color":"var(--ast-global-color-4)","background-image":"","background-repeat":"repeat","background-position":"center center","background-size":"auto","background-attachment":"scroll","background-type":"","background-media":"","overlay-type":"","overlay-color":"","overlay-opacity":"","overlay-gradient":""}},"footnotes":""},"categories":[1],"tags":[],"class_list":["post-49361","post","type-post","status-publish","format-standard","hentry","category-sem-categoria"],"yoast_head":"<!-- This site is optimized with the Yoast SEO plugin v26.6 - https:\/\/yoast.com\/wordpress\/plugins\/seo\/ -->\n<title>Prefeitura firma conv\u00eanio para levar &quot;Internet para Todos&quot; \u00e0 zona rural de Caxias - Daniel Matos<\/title>\n<meta name=\"robots\" content=\"index, follow, max-snippet:-1, max-image-preview:large, max-video-preview:-1\" \/>\n<link rel=\"canonical\" href=\"https:\/\/www.blogsoestado.com\/danielmatos\/prefeitura-firma-convenio-para-levar-internet-para-todos-a-zona-rural-de-caxias\/\" \/>\n<meta property=\"og:locale\" content=\"pt_BR\" \/>\n<meta property=\"og:type\" content=\"article\" \/>\n<meta property=\"og:title\" content=\"Prefeitura firma conv\u00eanio para levar &quot;Internet para Todos&quot; \u00e0 zona rural de Caxias - Daniel Matos\" \/>\n<meta property=\"og:description\" content=\"O prefeito F\u00e1bio Gentil (PRB) firmou, em Bras\u00edlia, conv\u00eanio com o Governo Federal, via Minist\u00e9rio da Ci\u00eancia e Tecnologia, visando [&hellip;]\" \/>\n<meta property=\"og:url\" content=\"https:\/\/www.blogsoestado.com\/danielmatos\/prefeitura-firma-convenio-para-levar-internet-para-todos-a-zona-rural-de-caxias\/\" \/>\n<meta property=\"og:site_name\" content=\"Daniel Matos\" \/>\n<meta property=\"article:published_time\" content=\"2018-03-12T22:54:33+00:00\" \/>\n<meta property=\"og:image\" content=\"https:\/\/www.blogsoestado.com\/danielmatos\/files\/2018\/03\/gentil-kassab.jpg\" \/>\n<meta name=\"twitter:card\" content=\"summary_large_image\" \/>\n<meta name=\"twitter:label1\" content=\"Est. tempo de leitura\" \/>\n\t<meta name=\"twitter:data1\" content=\"1 minuto\" \/>\n<script type=\"application\/ld+json\" class=\"yoast-schema-graph\">{\"@context\":\"https:\/\/schema.org\",\"@graph\":[{\"@type\":\"WebPage\",\"@id\":\"https:\/\/www.blogsoestado.com\/danielmatos\/prefeitura-firma-convenio-para-levar-internet-para-todos-a-zona-rural-de-caxias\/\",\"url\":\"https:\/\/www.blogsoestado.com\/danielmatos\/prefeitura-firma-convenio-para-levar-internet-para-todos-a-zona-rural-de-caxias\/\",\"name\":\"Prefeitura firma conv\u00eanio para levar \\\"Internet para Todos\\\" \u00e0 zona rural de Caxias - Daniel Matos\",\"isPartOf\":{\"@id\":\"https:\/\/www.blogsoestado.com\/danielmatos\/#website\"},\"primaryImageOfPage\":{\"@id\":\"https:\/\/www.blogsoestado.com\/danielmatos\/prefeitura-firma-convenio-para-levar-internet-para-todos-a-zona-rural-de-caxias\/#primaryimage\"},\"image\":{\"@id\":\"https:\/\/www.blogsoestado.com\/danielmatos\/prefeitura-firma-convenio-para-levar-internet-para-todos-a-zona-rural-de-caxias\/#primaryimage\"},\"thumbnailUrl\":\"https:\/\/www.blogsoestado.com\/danielmatos\/files\/2018\/03\/gentil-kassab.jpg\",\"datePublished\":\"2018-03-12T22:54:33+00:00\",\"author\":{\"@id\":\"\"},\"breadcrumb\":{\"@id\":\"https:\/\/www.blogsoestado.com\/danielmatos\/prefeitura-firma-convenio-para-levar-internet-para-todos-a-zona-rural-de-caxias\/#breadcrumb\"},\"inLanguage\":\"pt-BR\",\"potentialAction\":[{\"@type\":\"ReadAction\",\"target\":[\"https:\/\/www.blogsoestado.com\/danielmatos\/prefeitura-firma-convenio-para-levar-internet-para-todos-a-zona-rural-de-caxias\/\"]}]},{\"@type\":\"ImageObject\",\"inLanguage\":\"pt-BR\",\"@id\":\"https:\/\/www.blogsoestado.com\/danielmatos\/prefeitura-firma-convenio-para-levar-internet-para-todos-a-zona-rural-de-caxias\/#primaryimage\",\"url\":\"https:\/\/www.blogsoestado.com\/danielmatos\/files\/2018\/03\/gentil-kassab.jpg\",\"contentUrl\":\"https:\/\/www.blogsoestado.com\/danielmatos\/files\/2018\/03\/gentil-kassab.jpg\"},{\"@type\":\"BreadcrumbList\",\"@id\":\"https:\/\/www.blogsoestado.com\/danielmatos\/prefeitura-firma-convenio-para-levar-internet-para-todos-a-zona-rural-de-caxias\/#breadcrumb\",\"itemListElement\":[{\"@type\":\"ListItem\",\"position\":1,\"name\":\"In\u00edcio\",\"item\":\"https:\/\/www.blogsoestado.com\/danielmatos\/\"},{\"@type\":\"ListItem\",\"position\":2,\"name\":\"Prefeitura firma conv\u00eanio para levar &#8220;Internet para Todos&#8221; \u00e0 zona rural de Caxias\"}]},{\"@type\":\"WebSite\",\"@id\":\"https:\/\/www.blogsoestado.com\/danielmatos\/#website\",\"url\":\"https:\/\/www.blogsoestado.com\/danielmatos\/\",\"name\":\"Daniel Matos\",\"description\":\"\",\"potentialAction\":[{\"@type\":\"SearchAction\",\"target\":{\"@type\":\"EntryPoint\",\"urlTemplate\":\"https:\/\/www.blogsoestado.com\/danielmatos\/?s={search_term_string}\"},\"query-input\":{\"@type\":\"PropertyValueSpecification\",\"valueRequired\":true,\"valueName\":\"search_term_string\"}}],\"inLanguage\":\"pt-BR\"}]}<\/script>\n<!-- \/ Yoast SEO plugin. -->","yoast_head_json":{"title":"Prefeitura firma conv\u00eanio para levar \"Internet para Todos\" \u00e0 zona rural de Caxias - Daniel Matos","robots":{"index":"index","follow":"follow","max-snippet":"max-snippet:-1","max-image-preview":"max-image-preview:large","max-video-preview":"max-video-preview:-1"},"canonical":"https:\/\/www.blogsoestado.com\/danielmatos\/prefeitura-firma-convenio-para-levar-internet-para-todos-a-zona-rural-de-caxias\/","og_locale":"pt_BR","og_type":"article","og_title":"Prefeitura firma conv\u00eanio para levar \"Internet para Todos\" \u00e0 zona rural de Caxias - Daniel Matos","og_description":"O prefeito F\u00e1bio Gentil (PRB) firmou, em Bras\u00edlia, conv\u00eanio com o Governo Federal, via Minist\u00e9rio da Ci\u00eancia e Tecnologia, visando [&hellip;]","og_url":"https:\/\/www.blogsoestado.com\/danielmatos\/prefeitura-firma-convenio-para-levar-internet-para-todos-a-zona-rural-de-caxias\/","og_site_name":"Daniel Matos","article_published_time":"2018-03-12T22:54:33+00:00","og_image":[{"url":"https:\/\/www.blogsoestado.com\/danielmatos\/files\/2018\/03\/gentil-kassab.jpg","type":"","width":"","height":""}],"twitter_card":"summary_large_image","twitter_misc":{"Est. tempo de leitura":"1 minuto"},"schema":{"@context":"https:\/\/schema.org","@graph":[{"@type":"WebPage","@id":"https:\/\/www.blogsoestado.com\/danielmatos\/prefeitura-firma-convenio-para-levar-internet-para-todos-a-zona-rural-de-caxias\/","url":"https:\/\/www.blogsoestado.com\/danielmatos\/prefeitura-firma-convenio-para-levar-internet-para-todos-a-zona-rural-de-caxias\/","name":"Prefeitura firma conv\u00eanio para levar \"Internet para Todos\" \u00e0 zona rural de Caxias - Daniel Matos","isPartOf":{"@id":"https:\/\/www.blogsoestado.com\/danielmatos\/#website"},"primaryImageOfPage":{"@id":"https:\/\/www.blogsoestado.com\/danielmatos\/prefeitura-firma-convenio-para-levar-internet-para-todos-a-zona-rural-de-caxias\/#primaryimage"},"image":{"@id":"https:\/\/www.blogsoestado.com\/danielmatos\/prefeitura-firma-convenio-para-levar-internet-para-todos-a-zona-rural-de-caxias\/#primaryimage"},"thumbnailUrl":"https:\/\/www.blogsoestado.com\/danielmatos\/files\/2018\/03\/gentil-kassab.jpg","datePublished":"2018-03-12T22:54:33+00:00","author":{"@id":""},"breadcrumb":{"@id":"https:\/\/www.blogsoestado.com\/danielmatos\/prefeitura-firma-convenio-para-levar-internet-para-todos-a-zona-rural-de-caxias\/#breadcrumb"},"inLanguage":"pt-BR","potentialAction":[{"@type":"ReadAction","target":["https:\/\/www.blogsoestado.com\/danielmatos\/prefeitura-firma-convenio-para-levar-internet-para-todos-a-zona-rural-de-caxias\/"]}]},{"@type":"ImageObject","inLanguage":"pt-BR","@id":"https:\/\/www.blogsoestado.com\/danielmatos\/prefeitura-firma-convenio-para-levar-internet-para-todos-a-zona-rural-de-caxias\/#primaryimage","url":"https:\/\/www.blogsoestado.com\/danielmatos\/files\/2018\/03\/gentil-kassab.jpg","contentUrl":"https:\/\/www.blogsoestado.com\/danielmatos\/files\/2018\/03\/gentil-kassab.jpg"},{"@type":"BreadcrumbList","@id":"https:\/\/www.blogsoestado.com\/danielmatos\/prefeitura-firma-convenio-para-levar-internet-para-todos-a-zona-rural-de-caxias\/#breadcrumb","itemListElement":[{"@type":"ListItem","position":1,"name":"In\u00edcio","item":"https:\/\/www.blogsoestado.com\/danielmatos\/"},{"@type":"ListItem","position":2,"name":"Prefeitura firma conv\u00eanio para levar &#8220;Internet para Todos&#8221; \u00e0 zona rural de Caxias"}]},{"@type":"WebSite","@id":"https:\/\/www.blogsoestado.com\/danielmatos\/#website","url":"https:\/\/www.blogsoestado.com\/danielmatos\/","name":"Daniel Matos","description":"","potentialAction":[{"@type":"SearchAction","target":{"@type":"EntryPoint","urlTemplate":"https:\/\/www.blogsoestado.com\/danielmatos\/?s={search_term_string}"},"query-input":{"@type":"PropertyValueSpecification","valueRequired":true,"valueName":"search_term_string"}}],"inLanguage":"pt-BR"}]}},"jetpack_featured_media_url":"","_links":{"self":[{"href":"https:\/\/www.blogsoestado.com\/danielmatos\/wp-json\/wp\/v2\/posts\/49361","targetHints":{"allow":["GET"]}}],"collection":[{"href":"https:\/\/www.blogsoestado.com\/danielmatos\/wp-json\/wp\/v2\/posts"}],"about":[{"href":"https:\/\/www.blogsoestado.com\/danielmatos\/wp-json\/wp\/v2\/types\/post"}],"replies":[{"embeddable":true,"href":"https:\/\/www.blogsoestado.com\/danielmatos\/wp-json\/wp\/v2\/comments?post=49361"}],"version-history":[{"count":0,"href":"https:\/\/www.blogsoestado.com\/danielmatos\/wp-json\/wp\/v2\/posts\/49361\/revisions"}],"wp:attachment":[{"href":"https:\/\/www.blogsoestado.com\/danielmatos\/wp-json\/wp\/v2\/media?parent=49361"}],"wp:term":[{"taxonomy":"category","embeddable":true,"href":"https:\/\/www.blogsoestado.com\/danielmatos\/wp-json\/wp\/v2\/categories?post=49361"},{"taxonomy":"post_tag","embeddable":true,"href":"https:\/\/www.blogsoestado.com\/danielmatos\/wp-json\/wp\/v2\/tags?post=49361"}],"curies":[{"name":"wp","href":"https:\/\/api.w.org\/{rel}","templated":true}]}}