{"id":49405,"date":"2018-03-13T13:30:08","date_gmt":"2018-03-13T16:30:08","guid":{"rendered":"https:\/\/www.blogsoestado.com\/danielmatos\/?p=49405"},"modified":"2018-03-13T13:30:08","modified_gmt":"2018-03-13T16:30:08","slug":"mp-pede-afastamento-do-prefeito-de-matoes-do-norte-devido-contratacoes-irregulares","status":"publish","type":"post","link":"https:\/\/www.blogsoestado.com\/danielmatos\/mp-pede-afastamento-do-prefeito-de-matoes-do-norte-devido-contratacoes-irregulares\/","title":{"rendered":"MP pede afastamento do prefeito de Mat\u00f5es do Norte devido a contrata\u00e7\u00f5es irregulares"},"content":{"rendered":"<p><figure id=\"attachment_49406\" aria-describedby=\"caption-attachment-49406\" style=\"width: 353px\" class=\"wp-caption alignleft\"><img fetchpriority=\"high\" decoding=\"async\" class=\"size-full wp-image-49406\" src=\"https:\/\/www.blogsoestado.com\/danielmatos\/files\/2018\/03\/prefeito-matoes.jpg\" alt=\"\" width=\"353\" height=\"257\" \/><figcaption id=\"caption-attachment-49406\" class=\"wp-caption-text\">Prefeito Padre Domingos (de camisa azul) em ato com o governador Fl\u00b4[avio Dino<\/figcaption><\/figure>Em A\u00e7\u00e3o Civil P\u00fablica por ato de improbidade administrativa, proposta em 7 de mar\u00e7o, a Promotoria de Justi\u00e7a da Comarca de Cantanhede solicitou, como medida liminar, o afastamento do prefeito do munic\u00edpio de Mat\u00f5es do Norte, Domingos Costa Correa, o Padre Domingod. Motivaram o pedido contrata\u00e7\u00f5es tempor\u00e1rias efetivadas pela administra\u00e7\u00e3o municipal, mesmo existindo aprovados em concurso p\u00fablico, dentro do n\u00famero de vagas oferecido no edital.<\/p>\n<p>Assinou a manifesta\u00e7\u00e3o ministerial o promotor de justi\u00e7a Tiago Carvalho Rohrr, da Comarca de Cantanhede, da qual o munic\u00edpio de Mat\u00f5es do Norte \u00e9 termo judici\u00e1rio.<\/p>\n<p>Ap\u00f3s apurar supostas irregularidades no concurso, o Minist\u00e9rio P\u00fablico do Maranh\u00e3o recomendou a nomea\u00e7\u00e3o dos aprovados. No entanto, foi constatado que a administra\u00e7\u00e3o municipal mant\u00e9m in\u00fameros funcion\u00e1rios com contratos tempor\u00e1rios, inclusive ocupando vagas de aprovados, em desrespeito \u00e0 Constitui\u00e7\u00e3o Federal.<\/p>\n<p>\u201cParece at\u00e9 que o munic\u00edpio de Mat\u00f5es do Norte n\u00e3o \u00e9 ente da Rep\u00fablica Federativa do Brasil, mas sim uma empresa privada, na qual o prefeito, seu propriet\u00e1rio, d\u00e1 emprego a quem mais agrada seus interesses pessoais\u201d, afirmou o promotor de justi\u00e7a, na a\u00e7\u00e3o.<\/p>\n<p>Em 22 de janeiro, o prefeito Domingos Costa Correa esteve presente numa reuni\u00e3o promovida pelo MPMA para discutir o impasse. No encontro, ele se comprometeu a apresentar um cronograma com as nomea\u00e7\u00f5es dos 84 aprovados, na forma do resultado divulgado pelo Termo de Homologa\u00e7\u00e3o de 19 de maio de 2016. Mas ele n\u00e3o cumpriu o prometido e nem informou as raz\u00f5es do descumprimento. \u201cMais uma vez, o prefeito manteve-se inerte, demonstrando que \u00e9 um ass\u00edduo descumpridor n\u00e3o apenas da Constitui\u00e7\u00e3o Federal, mas dos pr\u00f3prios acordos que firma\u201d, ressaltou Tiago Carvalho Rohrr.<\/p>\n<p>Na a\u00e7\u00e3o, o promotor de justi\u00e7a enfatizou que a admiss\u00e3o de servidores sem pr\u00e9via aprova\u00e7\u00e3o em concurso p\u00fablico fora das exce\u00e7\u00f5es previstas pelas normas constitucionais, \u00e9 tipificado como crime de responsabilidade previsto no Decreto Lei n\u00ba 201\/1967 e caracteriza pr\u00e1tica de ato de improbidade administrativa, conforme a Lei n\u00ba 8.429\/92 (Lei da Improbidade Administrativa).<\/p>\n<p>\u201c\u00c9 evidente que a conduta do prefeito caracteriza grave viola\u00e7\u00e3o dos deveres funcionais e fere a garantia de isonomia e os princ\u00edpios gerais da legalidade, probidade, moralidade e da impessoalidade\u201d, completou o promotor.<\/p>\n<p>IMPROBIDADE<\/p>\n<p>Na a\u00e7\u00e3o, o MPMA solicitou tamb\u00e9m a condena\u00e7\u00e3o do prefeito de acordo com as san\u00e7\u00f5es previstas no artigo 12, inciso III, da Lei n\u00ba 8.429\/92, que s\u00e3o: ressarcimento integral do dano, se houver; perda da fun\u00e7\u00e3o p\u00fablica; suspens\u00e3o dos direitos pol\u00edticos de tr\u00eas a cinco anos; pagamento de multa civil de at\u00e9 cem vezes o valor da remunera\u00e7\u00e3o recebida pelo agente e proibi\u00e7\u00e3o de contratar com o Poder P\u00fablico ou receber benef\u00edcios ou incentivos fiscais ou credit\u00edcios, direta ou indiretamente, ainda que por interm\u00e9dio de pessoa jur\u00eddica da qual seja s\u00f3cio majorit\u00e1rio, pelo prazo de tr\u00eas anos.<\/p>\n<p><strong>Fonte:<\/strong> Minist\u00e9rio P\u00fablico do Maranh\u00e3o<\/p>\n","protected":false},"excerpt":{"rendered":"<p>Em A\u00e7\u00e3o Civil P\u00fablica por ato de improbidade administrativa, proposta em 7 de mar\u00e7o, a Promotoria de Justi\u00e7a da Comarca [&hellip;]<\/p>\n","protected":false},"author":0,"featured_media":0,"comment_status":"open","ping_status":"open","sticky":false,"template":"","format":"standard","meta":{"site-sidebar-layout":"default","site-content-layout":"","ast-site-content-layout":"default","site-content-style":"default","site-sidebar-style":"default","ast-global-header-display":"","ast-banner-title-visibility":"","ast-main-header-display":"","ast-hfb-above-header-display":"","ast-hfb-below-header-display":"","ast-hfb-mobile-header-display":"","site-post-title":"","ast-breadcrumbs-content":"","ast-featured-img":"","footer-sml-layout":"","ast-disable-related-posts":"","theme-transparent-header-meta":"","adv-header-id-meta":"","stick-header-meta":"","header-above-stick-meta":"","header-main-stick-meta":"","header-below-stick-meta":"","astra-migrate-meta-layouts":"default","ast-page-background-enabled":"default","ast-page-background-meta":{"desktop":{"background-color":"var(--ast-global-color-5)","background-image":"","background-repeat":"repeat","background-position":"center center","background-size":"auto","background-attachment":"scroll","background-type":"","background-media":"","overlay-type":"","overlay-color":"","overlay-opacity":"","overlay-gradient":""},"tablet":{"background-color":"","background-image":"","background-repeat":"repeat","background-position":"center center","background-size":"auto","background-attachment":"scroll","background-type":"","background-media":"","overlay-type":"","overlay-color":"","overlay-opacity":"","overlay-gradient":""},"mobile":{"background-color":"","background-image":"","background-repeat":"repeat","background-position":"center center","background-size":"auto","background-attachment":"scroll","background-type":"","background-media":"","overlay-type":"","overlay-color":"","overlay-opacity":"","overlay-gradient":""}},"ast-content-background-meta":{"desktop":{"background-color":"var(--ast-global-color-4)","background-image":"","background-repeat":"repeat","background-position":"center center","background-size":"auto","background-attachment":"scroll","background-type":"","background-media":"","overlay-type":"","overlay-color":"","overlay-opacity":"","overlay-gradient":""},"tablet":{"background-color":"var(--ast-global-color-4)","background-image":"","background-repeat":"repeat","background-position":"center center","background-size":"auto","background-attachment":"scroll","background-type":"","background-media":"","overlay-type":"","overlay-color":"","overlay-opacity":"","overlay-gradient":""},"mobile":{"background-color":"var(--ast-global-color-4)","background-image":"","background-repeat":"repeat","background-position":"center center","background-size":"auto","background-attachment":"scroll","background-type":"","background-media":"","overlay-type":"","overlay-color":"","overlay-opacity":"","overlay-gradient":""}},"footnotes":""},"categories":[1],"tags":[],"class_list":["post-49405","post","type-post","status-publish","format-standard","hentry","category-sem-categoria"],"yoast_head":"<!-- This site is optimized with the Yoast SEO plugin v26.6 - https:\/\/yoast.com\/wordpress\/plugins\/seo\/ -->\n<title>MP pede afastamento do prefeito de Mat\u00f5es do Norte devido a contrata\u00e7\u00f5es irregulares - Daniel Matos<\/title>\n<meta name=\"robots\" content=\"index, follow, max-snippet:-1, max-image-preview:large, max-video-preview:-1\" \/>\n<link rel=\"canonical\" href=\"https:\/\/www.blogsoestado.com\/danielmatos\/mp-pede-afastamento-do-prefeito-de-matoes-do-norte-devido-contratacoes-irregulares\/\" \/>\n<meta property=\"og:locale\" content=\"pt_BR\" \/>\n<meta property=\"og:type\" content=\"article\" \/>\n<meta property=\"og:title\" content=\"MP pede afastamento do prefeito de Mat\u00f5es do Norte devido a contrata\u00e7\u00f5es irregulares - Daniel Matos\" \/>\n<meta property=\"og:description\" content=\"Em A\u00e7\u00e3o Civil P\u00fablica por ato de improbidade administrativa, proposta em 7 de mar\u00e7o, a Promotoria de Justi\u00e7a da Comarca [&hellip;]\" \/>\n<meta property=\"og:url\" content=\"https:\/\/www.blogsoestado.com\/danielmatos\/mp-pede-afastamento-do-prefeito-de-matoes-do-norte-devido-contratacoes-irregulares\/\" \/>\n<meta property=\"og:site_name\" content=\"Daniel Matos\" \/>\n<meta property=\"article:published_time\" content=\"2018-03-13T16:30:08+00:00\" \/>\n<meta property=\"og:image\" content=\"https:\/\/www.blogsoestado.com\/danielmatos\/files\/2018\/03\/prefeito-matoes.jpg\" \/>\n<meta name=\"twitter:card\" content=\"summary_large_image\" \/>\n<meta name=\"twitter:label1\" content=\"Est. tempo de leitura\" \/>\n\t<meta name=\"twitter:data1\" content=\"3 minutos\" \/>\n<script type=\"application\/ld+json\" class=\"yoast-schema-graph\">{\"@context\":\"https:\/\/schema.org\",\"@graph\":[{\"@type\":\"WebPage\",\"@id\":\"https:\/\/www.blogsoestado.com\/danielmatos\/mp-pede-afastamento-do-prefeito-de-matoes-do-norte-devido-contratacoes-irregulares\/\",\"url\":\"https:\/\/www.blogsoestado.com\/danielmatos\/mp-pede-afastamento-do-prefeito-de-matoes-do-norte-devido-contratacoes-irregulares\/\",\"name\":\"MP pede afastamento do prefeito de Mat\u00f5es do Norte devido a contrata\u00e7\u00f5es irregulares - Daniel Matos\",\"isPartOf\":{\"@id\":\"https:\/\/www.blogsoestado.com\/danielmatos\/#website\"},\"primaryImageOfPage\":{\"@id\":\"https:\/\/www.blogsoestado.com\/danielmatos\/mp-pede-afastamento-do-prefeito-de-matoes-do-norte-devido-contratacoes-irregulares\/#primaryimage\"},\"image\":{\"@id\":\"https:\/\/www.blogsoestado.com\/danielmatos\/mp-pede-afastamento-do-prefeito-de-matoes-do-norte-devido-contratacoes-irregulares\/#primaryimage\"},\"thumbnailUrl\":\"https:\/\/www.blogsoestado.com\/danielmatos\/files\/2018\/03\/prefeito-matoes.jpg\",\"datePublished\":\"2018-03-13T16:30:08+00:00\",\"author\":{\"@id\":\"\"},\"breadcrumb\":{\"@id\":\"https:\/\/www.blogsoestado.com\/danielmatos\/mp-pede-afastamento-do-prefeito-de-matoes-do-norte-devido-contratacoes-irregulares\/#breadcrumb\"},\"inLanguage\":\"pt-BR\",\"potentialAction\":[{\"@type\":\"ReadAction\",\"target\":[\"https:\/\/www.blogsoestado.com\/danielmatos\/mp-pede-afastamento-do-prefeito-de-matoes-do-norte-devido-contratacoes-irregulares\/\"]}]},{\"@type\":\"ImageObject\",\"inLanguage\":\"pt-BR\",\"@id\":\"https:\/\/www.blogsoestado.com\/danielmatos\/mp-pede-afastamento-do-prefeito-de-matoes-do-norte-devido-contratacoes-irregulares\/#primaryimage\",\"url\":\"https:\/\/www.blogsoestado.com\/danielmatos\/files\/2018\/03\/prefeito-matoes.jpg\",\"contentUrl\":\"https:\/\/www.blogsoestado.com\/danielmatos\/files\/2018\/03\/prefeito-matoes.jpg\"},{\"@type\":\"BreadcrumbList\",\"@id\":\"https:\/\/www.blogsoestado.com\/danielmatos\/mp-pede-afastamento-do-prefeito-de-matoes-do-norte-devido-contratacoes-irregulares\/#breadcrumb\",\"itemListElement\":[{\"@type\":\"ListItem\",\"position\":1,\"name\":\"In\u00edcio\",\"item\":\"https:\/\/www.blogsoestado.com\/danielmatos\/\"},{\"@type\":\"ListItem\",\"position\":2,\"name\":\"MP pede afastamento do prefeito de Mat\u00f5es do Norte devido a contrata\u00e7\u00f5es irregulares\"}]},{\"@type\":\"WebSite\",\"@id\":\"https:\/\/www.blogsoestado.com\/danielmatos\/#website\",\"url\":\"https:\/\/www.blogsoestado.com\/danielmatos\/\",\"name\":\"Daniel Matos\",\"description\":\"\",\"potentialAction\":[{\"@type\":\"SearchAction\",\"target\":{\"@type\":\"EntryPoint\",\"urlTemplate\":\"https:\/\/www.blogsoestado.com\/danielmatos\/?s={search_term_string}\"},\"query-input\":{\"@type\":\"PropertyValueSpecification\",\"valueRequired\":true,\"valueName\":\"search_term_string\"}}],\"inLanguage\":\"pt-BR\"}]}<\/script>\n<!-- \/ Yoast SEO plugin. -->","yoast_head_json":{"title":"MP pede afastamento do prefeito de Mat\u00f5es do Norte devido a contrata\u00e7\u00f5es irregulares - Daniel Matos","robots":{"index":"index","follow":"follow","max-snippet":"max-snippet:-1","max-image-preview":"max-image-preview:large","max-video-preview":"max-video-preview:-1"},"canonical":"https:\/\/www.blogsoestado.com\/danielmatos\/mp-pede-afastamento-do-prefeito-de-matoes-do-norte-devido-contratacoes-irregulares\/","og_locale":"pt_BR","og_type":"article","og_title":"MP pede afastamento do prefeito de Mat\u00f5es do Norte devido a contrata\u00e7\u00f5es irregulares - Daniel Matos","og_description":"Em A\u00e7\u00e3o Civil P\u00fablica por ato de improbidade administrativa, proposta em 7 de mar\u00e7o, a Promotoria de Justi\u00e7a da Comarca [&hellip;]","og_url":"https:\/\/www.blogsoestado.com\/danielmatos\/mp-pede-afastamento-do-prefeito-de-matoes-do-norte-devido-contratacoes-irregulares\/","og_site_name":"Daniel Matos","article_published_time":"2018-03-13T16:30:08+00:00","og_image":[{"url":"https:\/\/www.blogsoestado.com\/danielmatos\/files\/2018\/03\/prefeito-matoes.jpg","type":"","width":"","height":""}],"twitter_card":"summary_large_image","twitter_misc":{"Est. tempo de leitura":"3 minutos"},"schema":{"@context":"https:\/\/schema.org","@graph":[{"@type":"WebPage","@id":"https:\/\/www.blogsoestado.com\/danielmatos\/mp-pede-afastamento-do-prefeito-de-matoes-do-norte-devido-contratacoes-irregulares\/","url":"https:\/\/www.blogsoestado.com\/danielmatos\/mp-pede-afastamento-do-prefeito-de-matoes-do-norte-devido-contratacoes-irregulares\/","name":"MP pede afastamento do prefeito de Mat\u00f5es do Norte devido a contrata\u00e7\u00f5es irregulares - Daniel Matos","isPartOf":{"@id":"https:\/\/www.blogsoestado.com\/danielmatos\/#website"},"primaryImageOfPage":{"@id":"https:\/\/www.blogsoestado.com\/danielmatos\/mp-pede-afastamento-do-prefeito-de-matoes-do-norte-devido-contratacoes-irregulares\/#primaryimage"},"image":{"@id":"https:\/\/www.blogsoestado.com\/danielmatos\/mp-pede-afastamento-do-prefeito-de-matoes-do-norte-devido-contratacoes-irregulares\/#primaryimage"},"thumbnailUrl":"https:\/\/www.blogsoestado.com\/danielmatos\/files\/2018\/03\/prefeito-matoes.jpg","datePublished":"2018-03-13T16:30:08+00:00","author":{"@id":""},"breadcrumb":{"@id":"https:\/\/www.blogsoestado.com\/danielmatos\/mp-pede-afastamento-do-prefeito-de-matoes-do-norte-devido-contratacoes-irregulares\/#breadcrumb"},"inLanguage":"pt-BR","potentialAction":[{"@type":"ReadAction","target":["https:\/\/www.blogsoestado.com\/danielmatos\/mp-pede-afastamento-do-prefeito-de-matoes-do-norte-devido-contratacoes-irregulares\/"]}]},{"@type":"ImageObject","inLanguage":"pt-BR","@id":"https:\/\/www.blogsoestado.com\/danielmatos\/mp-pede-afastamento-do-prefeito-de-matoes-do-norte-devido-contratacoes-irregulares\/#primaryimage","url":"https:\/\/www.blogsoestado.com\/danielmatos\/files\/2018\/03\/prefeito-matoes.jpg","contentUrl":"https:\/\/www.blogsoestado.com\/danielmatos\/files\/2018\/03\/prefeito-matoes.jpg"},{"@type":"BreadcrumbList","@id":"https:\/\/www.blogsoestado.com\/danielmatos\/mp-pede-afastamento-do-prefeito-de-matoes-do-norte-devido-contratacoes-irregulares\/#breadcrumb","itemListElement":[{"@type":"ListItem","position":1,"name":"In\u00edcio","item":"https:\/\/www.blogsoestado.com\/danielmatos\/"},{"@type":"ListItem","position":2,"name":"MP pede afastamento do prefeito de Mat\u00f5es do Norte devido a contrata\u00e7\u00f5es irregulares"}]},{"@type":"WebSite","@id":"https:\/\/www.blogsoestado.com\/danielmatos\/#website","url":"https:\/\/www.blogsoestado.com\/danielmatos\/","name":"Daniel Matos","description":"","potentialAction":[{"@type":"SearchAction","target":{"@type":"EntryPoint","urlTemplate":"https:\/\/www.blogsoestado.com\/danielmatos\/?s={search_term_string}"},"query-input":{"@type":"PropertyValueSpecification","valueRequired":true,"valueName":"search_term_string"}}],"inLanguage":"pt-BR"}]}},"jetpack_featured_media_url":"","_links":{"self":[{"href":"https:\/\/www.blogsoestado.com\/danielmatos\/wp-json\/wp\/v2\/posts\/49405","targetHints":{"allow":["GET"]}}],"collection":[{"href":"https:\/\/www.blogsoestado.com\/danielmatos\/wp-json\/wp\/v2\/posts"}],"about":[{"href":"https:\/\/www.blogsoestado.com\/danielmatos\/wp-json\/wp\/v2\/types\/post"}],"replies":[{"embeddable":true,"href":"https:\/\/www.blogsoestado.com\/danielmatos\/wp-json\/wp\/v2\/comments?post=49405"}],"version-history":[{"count":0,"href":"https:\/\/www.blogsoestado.com\/danielmatos\/wp-json\/wp\/v2\/posts\/49405\/revisions"}],"wp:attachment":[{"href":"https:\/\/www.blogsoestado.com\/danielmatos\/wp-json\/wp\/v2\/media?parent=49405"}],"wp:term":[{"taxonomy":"category","embeddable":true,"href":"https:\/\/www.blogsoestado.com\/danielmatos\/wp-json\/wp\/v2\/categories?post=49405"},{"taxonomy":"post_tag","embeddable":true,"href":"https:\/\/www.blogsoestado.com\/danielmatos\/wp-json\/wp\/v2\/tags?post=49405"}],"curies":[{"name":"wp","href":"https:\/\/api.w.org\/{rel}","templated":true}]}}