{"id":49408,"date":"2018-03-13T15:00:35","date_gmt":"2018-03-13T18:00:35","guid":{"rendered":"https:\/\/www.blogsoestado.com\/danielmatos\/?p=49408"},"modified":"2018-03-13T15:00:35","modified_gmt":"2018-03-13T18:00:35","slug":"artistas-da-pao-com-ovo-sao-homenageados-pela-camara","status":"publish","type":"post","link":"https:\/\/www.blogsoestado.com\/danielmatos\/artistas-da-pao-com-ovo-sao-homenageados-pela-camara\/","title":{"rendered":"Artistas da P\u00e3o com Ovo s\u00e3o homenageados pela C\u00e2mara"},"content":{"rendered":"<figure id=\"attachment_49409\" aria-describedby=\"caption-attachment-49409\" style=\"width: 640px\" class=\"wp-caption aligncenter\"><img fetchpriority=\"high\" decoding=\"async\" class=\"size-full wp-image-49409\" src=\"https:\/\/www.blogsoestado.com\/danielmatos\/files\/2018\/03\/astro-ovo.jpg\" alt=\"\" width=\"640\" height=\"428\" \/><figcaption id=\"caption-attachment-49409\" class=\"wp-caption-text\">Atores da pe\u00e7a P\u00e3o com Ovo recebem homenagem do presidente da C\u00e2mara, Astro de Ogum<\/figcaption><\/figure>\n<p>O sucesso de p\u00fablico obtido pelo espet\u00e1culo P\u00e3o com Ovo no Maranh\u00e3o, em v\u00e1rias capitais do pa\u00eds e em Portugal rendeu ao diretor e ator Lu\u00eds C\u00e9sar Boaes e aos seus colegas de palco Adeilson de Jesus Santos e Charles Dami\u00e3o Sousa, todos maranhenses, Placa de Honra ao M\u00e9rito da C\u00e2mara de Vereadores de S\u00e3o Lu\u00eds. A homenagem, proposta pelo vereador presidente Astro de Ogum (PR) e aprovada por unanimidade, foi realizada em sess\u00e3o solene da C\u00e2mara na tarde desta segunda-feira, 12.<\/p>\n<p>Acompanharam Astro na sess\u00e3o aos artistas, os vereadores Honorato Fernandes (PT), Josu\u00e9 Pinheiro (PSDB), Cezar Bombeiro (PSD) e Genival Alves (PRTB). Ao justificar sua iniciativa, o presidente da C\u00e2mara disse que a entrega das placas aos artistas visa reconhecer o imenso trabalho e conquista que obtiveram no cen\u00e1rio estadual, nacional e internacional, e por expandirem e valorizarem os artistas maranhenses al\u00e9m fronteiras.<\/p>\n<p>C\u00e9sar Boaes, em nome dos seus dois companheiros de cena, agradeceu a iniciativa do vereador Astro, declarou que eles se sentiam muito honrados e ao mesmo tempo felizes com o reconhecimento p\u00fablico da C\u00e2mara. Os atores, integrantes da Companhia Santa Ignor\u00e2ncia, estavam acompanhados de amigos, familiares e admiradores.<\/p>\n<p><strong>ESTREIA<\/strong><\/p>\n<p>A pe\u00e7a P\u00e3o com Ovo estreou na capital do Maranh\u00e3o em 2011, como um dos eventos da Feira de Livros de S\u00e3o Lu\u00eds. Por retratar, de forma humorada, situa\u00e7\u00f5es dos costumes e h\u00e1bitos da vida cotidiana, atrav\u00e9s dos personagens Clarisse, Dij\u00e9 e Z\u00e9 Maria, o espet\u00e1culo tem arrastado grande p\u00fablico para as apresenta\u00e7\u00f5es. A pe\u00e7a, al\u00e9m dos palcos de S\u00e3o Lu\u00eds, j\u00e1 foi exibida, em tr\u00eas caravanas, por 65 cidades do Estado, e nas capitais dos Estados do Rio de Janeiro, S\u00e3o Paulo, Distrito Federal, Par\u00e1, Rio Grande do Norte e Piau\u00ed. A companhia tamb\u00e9m j\u00e1 fez uma incurs\u00e3o por Portugal.<\/p>\n<p>\u201cN\u00f3s estimamos em cerca de 500 o n\u00famero de apresenta\u00e7\u00f5es j\u00e1 realizadas com o alcance de perto de 1 milh\u00e3o de espectadores\u201d, calculam Adeilson e Charles. Eles lembram que ap\u00f3s estear na Feira de Livros, alguns aspectos da pe\u00e7a foram levados para um canal de televis\u00e3o e para a Internet, na vers\u00e3o Papo de Comadre, cujas investidas popularizaram por demais o espet\u00e1culo e o fez ganhar a dimens\u00e3o de hoje.<\/p>\n","protected":false},"excerpt":{"rendered":"<p>O sucesso de p\u00fablico obtido pelo espet\u00e1culo P\u00e3o com Ovo no Maranh\u00e3o, em v\u00e1rias capitais do pa\u00eds e em Portugal [&hellip;]<\/p>\n","protected":false},"author":0,"featured_media":0,"comment_status":"open","ping_status":"open","sticky":false,"template":"","format":"standard","meta":{"site-sidebar-layout":"default","site-content-layout":"","ast-site-content-layout":"default","site-content-style":"default","site-sidebar-style":"default","ast-global-header-display":"","ast-banner-title-visibility":"","ast-main-header-display":"","ast-hfb-above-header-display":"","ast-hfb-below-header-display":"","ast-hfb-mobile-header-display":"","site-post-title":"","ast-breadcrumbs-content":"","ast-featured-img":"","footer-sml-layout":"","ast-disable-related-posts":"","theme-transparent-header-meta":"","adv-header-id-meta":"","stick-header-meta":"","header-above-stick-meta":"","header-main-stick-meta":"","header-below-stick-meta":"","astra-migrate-meta-layouts":"default","ast-page-background-enabled":"default","ast-page-background-meta":{"desktop":{"background-color":"var(--ast-global-color-5)","background-image":"","background-repeat":"repeat","background-position":"center center","background-size":"auto","background-attachment":"scroll","background-type":"","background-media":"","overlay-type":"","overlay-color":"","overlay-opacity":"","overlay-gradient":""},"tablet":{"background-color":"","background-image":"","background-repeat":"repeat","background-position":"center center","background-size":"auto","background-attachment":"scroll","background-type":"","background-media":"","overlay-type":"","overlay-color":"","overlay-opacity":"","overlay-gradient":""},"mobile":{"background-color":"","background-image":"","background-repeat":"repeat","background-position":"center center","background-size":"auto","background-attachment":"scroll","background-type":"","background-media":"","overlay-type":"","overlay-color":"","overlay-opacity":"","overlay-gradient":""}},"ast-content-background-meta":{"desktop":{"background-color":"var(--ast-global-color-4)","background-image":"","background-repeat":"repeat","background-position":"center center","background-size":"auto","background-attachment":"scroll","background-type":"","background-media":"","overlay-type":"","overlay-color":"","overlay-opacity":"","overlay-gradient":""},"tablet":{"background-color":"var(--ast-global-color-4)","background-image":"","background-repeat":"repeat","background-position":"center center","background-size":"auto","background-attachment":"scroll","background-type":"","background-media":"","overlay-type":"","overlay-color":"","overlay-opacity":"","overlay-gradient":""},"mobile":{"background-color":"var(--ast-global-color-4)","background-image":"","background-repeat":"repeat","background-position":"center center","background-size":"auto","background-attachment":"scroll","background-type":"","background-media":"","overlay-type":"","overlay-color":"","overlay-opacity":"","overlay-gradient":""}},"footnotes":""},"categories":[1],"tags":[],"class_list":["post-49408","post","type-post","status-publish","format-standard","hentry","category-sem-categoria"],"yoast_head":"<!-- This site is optimized with the Yoast SEO plugin v26.6 - https:\/\/yoast.com\/wordpress\/plugins\/seo\/ -->\n<title>Artistas da P\u00e3o com Ovo s\u00e3o homenageados pela C\u00e2mara - Daniel Matos<\/title>\n<meta name=\"robots\" content=\"index, follow, max-snippet:-1, max-image-preview:large, max-video-preview:-1\" \/>\n<link rel=\"canonical\" href=\"https:\/\/www.blogsoestado.com\/danielmatos\/artistas-da-pao-com-ovo-sao-homenageados-pela-camara\/\" \/>\n<meta property=\"og:locale\" content=\"pt_BR\" \/>\n<meta property=\"og:type\" content=\"article\" \/>\n<meta property=\"og:title\" content=\"Artistas da P\u00e3o com Ovo s\u00e3o homenageados pela C\u00e2mara - Daniel Matos\" \/>\n<meta property=\"og:description\" content=\"O sucesso de p\u00fablico obtido pelo espet\u00e1culo P\u00e3o com Ovo no Maranh\u00e3o, em v\u00e1rias capitais do pa\u00eds e em Portugal [&hellip;]\" \/>\n<meta property=\"og:url\" content=\"https:\/\/www.blogsoestado.com\/danielmatos\/artistas-da-pao-com-ovo-sao-homenageados-pela-camara\/\" \/>\n<meta property=\"og:site_name\" content=\"Daniel Matos\" \/>\n<meta property=\"article:published_time\" content=\"2018-03-13T18:00:35+00:00\" \/>\n<meta property=\"og:image\" content=\"https:\/\/www.blogsoestado.com\/danielmatos\/files\/2018\/03\/astro-ovo.jpg\" \/>\n<meta name=\"twitter:card\" content=\"summary_large_image\" \/>\n<meta name=\"twitter:label1\" content=\"Est. tempo de leitura\" \/>\n\t<meta name=\"twitter:data1\" content=\"2 minutos\" \/>\n<script type=\"application\/ld+json\" class=\"yoast-schema-graph\">{\"@context\":\"https:\/\/schema.org\",\"@graph\":[{\"@type\":\"WebPage\",\"@id\":\"https:\/\/www.blogsoestado.com\/danielmatos\/artistas-da-pao-com-ovo-sao-homenageados-pela-camara\/\",\"url\":\"https:\/\/www.blogsoestado.com\/danielmatos\/artistas-da-pao-com-ovo-sao-homenageados-pela-camara\/\",\"name\":\"Artistas da P\u00e3o com Ovo s\u00e3o homenageados pela C\u00e2mara - Daniel Matos\",\"isPartOf\":{\"@id\":\"https:\/\/www.blogsoestado.com\/danielmatos\/#website\"},\"primaryImageOfPage\":{\"@id\":\"https:\/\/www.blogsoestado.com\/danielmatos\/artistas-da-pao-com-ovo-sao-homenageados-pela-camara\/#primaryimage\"},\"image\":{\"@id\":\"https:\/\/www.blogsoestado.com\/danielmatos\/artistas-da-pao-com-ovo-sao-homenageados-pela-camara\/#primaryimage\"},\"thumbnailUrl\":\"https:\/\/www.blogsoestado.com\/danielmatos\/files\/2018\/03\/astro-ovo.jpg\",\"datePublished\":\"2018-03-13T18:00:35+00:00\",\"author\":{\"@id\":\"\"},\"breadcrumb\":{\"@id\":\"https:\/\/www.blogsoestado.com\/danielmatos\/artistas-da-pao-com-ovo-sao-homenageados-pela-camara\/#breadcrumb\"},\"inLanguage\":\"pt-BR\",\"potentialAction\":[{\"@type\":\"ReadAction\",\"target\":[\"https:\/\/www.blogsoestado.com\/danielmatos\/artistas-da-pao-com-ovo-sao-homenageados-pela-camara\/\"]}]},{\"@type\":\"ImageObject\",\"inLanguage\":\"pt-BR\",\"@id\":\"https:\/\/www.blogsoestado.com\/danielmatos\/artistas-da-pao-com-ovo-sao-homenageados-pela-camara\/#primaryimage\",\"url\":\"https:\/\/www.blogsoestado.com\/danielmatos\/files\/2018\/03\/astro-ovo.jpg\",\"contentUrl\":\"https:\/\/www.blogsoestado.com\/danielmatos\/files\/2018\/03\/astro-ovo.jpg\"},{\"@type\":\"BreadcrumbList\",\"@id\":\"https:\/\/www.blogsoestado.com\/danielmatos\/artistas-da-pao-com-ovo-sao-homenageados-pela-camara\/#breadcrumb\",\"itemListElement\":[{\"@type\":\"ListItem\",\"position\":1,\"name\":\"In\u00edcio\",\"item\":\"https:\/\/www.blogsoestado.com\/danielmatos\/\"},{\"@type\":\"ListItem\",\"position\":2,\"name\":\"Artistas da P\u00e3o com Ovo s\u00e3o homenageados pela C\u00e2mara\"}]},{\"@type\":\"WebSite\",\"@id\":\"https:\/\/www.blogsoestado.com\/danielmatos\/#website\",\"url\":\"https:\/\/www.blogsoestado.com\/danielmatos\/\",\"name\":\"Daniel Matos\",\"description\":\"\",\"potentialAction\":[{\"@type\":\"SearchAction\",\"target\":{\"@type\":\"EntryPoint\",\"urlTemplate\":\"https:\/\/www.blogsoestado.com\/danielmatos\/?s={search_term_string}\"},\"query-input\":{\"@type\":\"PropertyValueSpecification\",\"valueRequired\":true,\"valueName\":\"search_term_string\"}}],\"inLanguage\":\"pt-BR\"}]}<\/script>\n<!-- \/ Yoast SEO plugin. -->","yoast_head_json":{"title":"Artistas da P\u00e3o com Ovo s\u00e3o homenageados pela C\u00e2mara - Daniel Matos","robots":{"index":"index","follow":"follow","max-snippet":"max-snippet:-1","max-image-preview":"max-image-preview:large","max-video-preview":"max-video-preview:-1"},"canonical":"https:\/\/www.blogsoestado.com\/danielmatos\/artistas-da-pao-com-ovo-sao-homenageados-pela-camara\/","og_locale":"pt_BR","og_type":"article","og_title":"Artistas da P\u00e3o com Ovo s\u00e3o homenageados pela C\u00e2mara - Daniel Matos","og_description":"O sucesso de p\u00fablico obtido pelo espet\u00e1culo P\u00e3o com Ovo no Maranh\u00e3o, em v\u00e1rias capitais do pa\u00eds e em Portugal [&hellip;]","og_url":"https:\/\/www.blogsoestado.com\/danielmatos\/artistas-da-pao-com-ovo-sao-homenageados-pela-camara\/","og_site_name":"Daniel Matos","article_published_time":"2018-03-13T18:00:35+00:00","og_image":[{"url":"https:\/\/www.blogsoestado.com\/danielmatos\/files\/2018\/03\/astro-ovo.jpg","type":"","width":"","height":""}],"twitter_card":"summary_large_image","twitter_misc":{"Est. tempo de leitura":"2 minutos"},"schema":{"@context":"https:\/\/schema.org","@graph":[{"@type":"WebPage","@id":"https:\/\/www.blogsoestado.com\/danielmatos\/artistas-da-pao-com-ovo-sao-homenageados-pela-camara\/","url":"https:\/\/www.blogsoestado.com\/danielmatos\/artistas-da-pao-com-ovo-sao-homenageados-pela-camara\/","name":"Artistas da P\u00e3o com Ovo s\u00e3o homenageados pela C\u00e2mara - Daniel Matos","isPartOf":{"@id":"https:\/\/www.blogsoestado.com\/danielmatos\/#website"},"primaryImageOfPage":{"@id":"https:\/\/www.blogsoestado.com\/danielmatos\/artistas-da-pao-com-ovo-sao-homenageados-pela-camara\/#primaryimage"},"image":{"@id":"https:\/\/www.blogsoestado.com\/danielmatos\/artistas-da-pao-com-ovo-sao-homenageados-pela-camara\/#primaryimage"},"thumbnailUrl":"https:\/\/www.blogsoestado.com\/danielmatos\/files\/2018\/03\/astro-ovo.jpg","datePublished":"2018-03-13T18:00:35+00:00","author":{"@id":""},"breadcrumb":{"@id":"https:\/\/www.blogsoestado.com\/danielmatos\/artistas-da-pao-com-ovo-sao-homenageados-pela-camara\/#breadcrumb"},"inLanguage":"pt-BR","potentialAction":[{"@type":"ReadAction","target":["https:\/\/www.blogsoestado.com\/danielmatos\/artistas-da-pao-com-ovo-sao-homenageados-pela-camara\/"]}]},{"@type":"ImageObject","inLanguage":"pt-BR","@id":"https:\/\/www.blogsoestado.com\/danielmatos\/artistas-da-pao-com-ovo-sao-homenageados-pela-camara\/#primaryimage","url":"https:\/\/www.blogsoestado.com\/danielmatos\/files\/2018\/03\/astro-ovo.jpg","contentUrl":"https:\/\/www.blogsoestado.com\/danielmatos\/files\/2018\/03\/astro-ovo.jpg"},{"@type":"BreadcrumbList","@id":"https:\/\/www.blogsoestado.com\/danielmatos\/artistas-da-pao-com-ovo-sao-homenageados-pela-camara\/#breadcrumb","itemListElement":[{"@type":"ListItem","position":1,"name":"In\u00edcio","item":"https:\/\/www.blogsoestado.com\/danielmatos\/"},{"@type":"ListItem","position":2,"name":"Artistas da P\u00e3o com Ovo s\u00e3o homenageados pela C\u00e2mara"}]},{"@type":"WebSite","@id":"https:\/\/www.blogsoestado.com\/danielmatos\/#website","url":"https:\/\/www.blogsoestado.com\/danielmatos\/","name":"Daniel Matos","description":"","potentialAction":[{"@type":"SearchAction","target":{"@type":"EntryPoint","urlTemplate":"https:\/\/www.blogsoestado.com\/danielmatos\/?s={search_term_string}"},"query-input":{"@type":"PropertyValueSpecification","valueRequired":true,"valueName":"search_term_string"}}],"inLanguage":"pt-BR"}]}},"jetpack_featured_media_url":"","_links":{"self":[{"href":"https:\/\/www.blogsoestado.com\/danielmatos\/wp-json\/wp\/v2\/posts\/49408","targetHints":{"allow":["GET"]}}],"collection":[{"href":"https:\/\/www.blogsoestado.com\/danielmatos\/wp-json\/wp\/v2\/posts"}],"about":[{"href":"https:\/\/www.blogsoestado.com\/danielmatos\/wp-json\/wp\/v2\/types\/post"}],"replies":[{"embeddable":true,"href":"https:\/\/www.blogsoestado.com\/danielmatos\/wp-json\/wp\/v2\/comments?post=49408"}],"version-history":[{"count":0,"href":"https:\/\/www.blogsoestado.com\/danielmatos\/wp-json\/wp\/v2\/posts\/49408\/revisions"}],"wp:attachment":[{"href":"https:\/\/www.blogsoestado.com\/danielmatos\/wp-json\/wp\/v2\/media?parent=49408"}],"wp:term":[{"taxonomy":"category","embeddable":true,"href":"https:\/\/www.blogsoestado.com\/danielmatos\/wp-json\/wp\/v2\/categories?post=49408"},{"taxonomy":"post_tag","embeddable":true,"href":"https:\/\/www.blogsoestado.com\/danielmatos\/wp-json\/wp\/v2\/tags?post=49408"}],"curies":[{"name":"wp","href":"https:\/\/api.w.org\/{rel}","templated":true}]}}