{"id":49411,"date":"2018-03-13T13:14:00","date_gmt":"2018-03-13T16:14:00","guid":{"rendered":"https:\/\/www.blogsoestado.com\/danielmatos\/?p=49411"},"modified":"2018-03-13T13:14:00","modified_gmt":"2018-03-13T16:14:00","slug":"flavio-dino-da-calote-em-professores-que-ministraram-aulao-do-enem","status":"publish","type":"post","link":"https:\/\/www.blogsoestado.com\/danielmatos\/flavio-dino-da-calote-em-professores-que-ministraram-aulao-do-enem\/","title":{"rendered":"Fl\u00e1vio Dino d\u00e1 calote em professores que ministraram &#8220;Aul\u00e3o do Enem&#8221;"},"content":{"rendered":"<figure id=\"attachment_49413\" aria-describedby=\"caption-attachment-49413\" style=\"width: 700px\" class=\"wp-caption aligncenter\"><img fetchpriority=\"high\" decoding=\"async\" class=\"wp-image-49413\" src=\"https:\/\/www.blogsoestado.com\/danielmatos\/files\/2018\/03\/dino-aul\u00e3o-1024x682.jpg\" alt=\"\" width=\"700\" height=\"466\" \/><figcaption id=\"caption-attachment-49413\" class=\"wp-caption-text\">Fl\u00e1vio Dino em visita a turma do &#8220;Aul\u00e3o do Enem&#8221;, no Centro de Conven\u00e7\u00f5es Pedro Neiva de Santana, em S\u00e3o Lu\u00eds<\/figcaption><\/figure>\n<p>Professores contratados, em 2017, pelo governo Fl\u00e1vio Dino (PCdoB), para ministrar conte\u00fados do &#8220;Aul\u00e3o do Enem&#8221; est\u00e3o indignados com o atraso no pagamento pelos servi\u00e7os que prestaram. Docentes de disciplinas como portugu\u00eas, matem\u00e1tica, qu\u00edmica, f\u00edsica, biologia, hist\u00f3ria e geografia trabalharam de agosto a outubro, mas n\u00e3o receberam os valores referentes ao \u00faltimo m\u00eas de aulas. O programa foi divulgado\u00a0exaustivamente pelo Pal\u00e1cio dos Le\u00f5es como feito grandioso, inclusive com propaganda nos meios de comunica\u00e7\u00e3o, e com a promessa de que seria prioridade m\u00e1xima na gest\u00e3o comunista.<\/p>\n<p>O calote j\u00e1 vai completar seis meses e, ainda assim, a Secretaria de Estado da Ci\u00eancia e Tecnologia n\u00e3o d\u00e1 qualquer satisfa\u00e7\u00e3o em rela\u00e7\u00e3o ao atraso, muito menos informa previs\u00e3o de quando sair\u00e1 o dinheiro.<\/p>\n<p>Um professor que prefere n\u00e3o se identificar por medo de uma poss\u00edvel retalia\u00e7\u00e3o comunista conta que trabalhou no &#8220;Aul\u00e3o do Enem&#8221; em Imperatriz, mas at\u00e9 hoje n\u00e3o recebeu o terceiro m\u00eas. &#8220;Eu soube, tamb\u00e9m, que todos os demais professores est\u00e3o na mesma situa\u00e7\u00e3o, h\u00e1 quase seis meses \u00e0 espera do pagamento&#8221;, lamenta.<\/p>\n<p>O programa foi criado em 2015 pelo ent\u00e3o secret\u00e1rio de Ci\u00eancia e Tecnologia, Bira do Pindar\u00e9, e tem um objetivo nobre. No entanto, n\u00e3o valoriza os professores contratados para ministrar as aulas, em sistema de revis\u00e3o, aos candidatos ao Exame Nacional do Ensino M\u00e9dio que n\u00e3o t\u00eam recursos para pagar um curso preparat\u00f3rio particular.<\/p>\n<p>A Funda\u00e7\u00e3o Sousandrade \u00e9 a respons\u00e1vel pelos pagamentos. Os docentes relatam que sempre que ligam para institui\u00e7\u00e3o em busca de informa\u00e7\u00f5es sobre o dinheiro devido obt\u00eam a resposta que o Estado n\u00e3o tem repassado os recursos.<\/p>\n<p><strong>Assista ao v\u00eddeo que Fl\u00e1vio Dino afirma que o &#8220;Aul\u00e3o do Enem&#8221; seria prioridade em seu governo:<\/strong><\/p>\n<div class=\"ast-oembed-container \" style=\"height: 100%;\"><iframe title=\"Mensagem do governador Fl\u00e1vio Dino sobre o &#039;Aul\u00e3o do Enem&#039;\" width=\"500\" height=\"281\" src=\"https:\/\/www.youtube.com\/embed\/5ylBFsHs-kU?start=108&#038;feature=oembed\" frameborder=\"0\" allow=\"accelerometer; autoplay; clipboard-write; encrypted-media; gyroscope; picture-in-picture; web-share\" referrerpolicy=\"strict-origin-when-cross-origin\" allowfullscreen><\/iframe><\/div>\n","protected":false},"excerpt":{"rendered":"<p>Professores contratados, em 2017, pelo governo Fl\u00e1vio Dino (PCdoB), para ministrar conte\u00fados do &#8220;Aul\u00e3o do Enem&#8221; est\u00e3o indignados com o [&hellip;]<\/p>\n","protected":false},"author":0,"featured_media":0,"comment_status":"open","ping_status":"open","sticky":false,"template":"","format":"standard","meta":{"site-sidebar-layout":"default","site-content-layout":"","ast-site-content-layout":"default","site-content-style":"default","site-sidebar-style":"default","ast-global-header-display":"","ast-banner-title-visibility":"","ast-main-header-display":"","ast-hfb-above-header-display":"","ast-hfb-below-header-display":"","ast-hfb-mobile-header-display":"","site-post-title":"","ast-breadcrumbs-content":"","ast-featured-img":"","footer-sml-layout":"","ast-disable-related-posts":"","theme-transparent-header-meta":"","adv-header-id-meta":"","stick-header-meta":"","header-above-stick-meta":"","header-main-stick-meta":"","header-below-stick-meta":"","astra-migrate-meta-layouts":"default","ast-page-background-enabled":"default","ast-page-background-meta":{"desktop":{"background-color":"var(--ast-global-color-5)","background-image":"","background-repeat":"repeat","background-position":"center center","background-size":"auto","background-attachment":"scroll","background-type":"","background-media":"","overlay-type":"","overlay-color":"","overlay-opacity":"","overlay-gradient":""},"tablet":{"background-color":"","background-image":"","background-repeat":"repeat","background-position":"center center","background-size":"auto","background-attachment":"scroll","background-type":"","background-media":"","overlay-type":"","overlay-color":"","overlay-opacity":"","overlay-gradient":""},"mobile":{"background-color":"","background-image":"","background-repeat":"repeat","background-position":"center center","background-size":"auto","background-attachment":"scroll","background-type":"","background-media":"","overlay-type":"","overlay-color":"","overlay-opacity":"","overlay-gradient":""}},"ast-content-background-meta":{"desktop":{"background-color":"var(--ast-global-color-4)","background-image":"","background-repeat":"repeat","background-position":"center center","background-size":"auto","background-attachment":"scroll","background-type":"","background-media":"","overlay-type":"","overlay-color":"","overlay-opacity":"","overlay-gradient":""},"tablet":{"background-color":"var(--ast-global-color-4)","background-image":"","background-repeat":"repeat","background-position":"center center","background-size":"auto","background-attachment":"scroll","background-type":"","background-media":"","overlay-type":"","overlay-color":"","overlay-opacity":"","overlay-gradient":""},"mobile":{"background-color":"var(--ast-global-color-4)","background-image":"","background-repeat":"repeat","background-position":"center center","background-size":"auto","background-attachment":"scroll","background-type":"","background-media":"","overlay-type":"","overlay-color":"","overlay-opacity":"","overlay-gradient":""}},"footnotes":""},"categories":[1],"tags":[],"class_list":["post-49411","post","type-post","status-publish","format-standard","hentry","category-sem-categoria"],"yoast_head":"<!-- This site is optimized with the Yoast SEO plugin v26.6 - https:\/\/yoast.com\/wordpress\/plugins\/seo\/ -->\n<title>Fl\u00e1vio Dino d\u00e1 calote em professores que ministraram &quot;Aul\u00e3o do Enem&quot; - Daniel Matos<\/title>\n<meta name=\"robots\" content=\"index, follow, max-snippet:-1, max-image-preview:large, max-video-preview:-1\" \/>\n<link rel=\"canonical\" href=\"https:\/\/www.blogsoestado.com\/danielmatos\/flavio-dino-da-calote-em-professores-que-ministraram-aulao-do-enem\/\" \/>\n<meta property=\"og:locale\" content=\"pt_BR\" \/>\n<meta property=\"og:type\" content=\"article\" \/>\n<meta property=\"og:title\" content=\"Fl\u00e1vio Dino d\u00e1 calote em professores que ministraram &quot;Aul\u00e3o do Enem&quot; - Daniel Matos\" \/>\n<meta property=\"og:description\" content=\"Professores contratados, em 2017, pelo governo Fl\u00e1vio Dino (PCdoB), para ministrar conte\u00fados do &#8220;Aul\u00e3o do Enem&#8221; est\u00e3o indignados com o [&hellip;]\" \/>\n<meta property=\"og:url\" content=\"https:\/\/www.blogsoestado.com\/danielmatos\/flavio-dino-da-calote-em-professores-que-ministraram-aulao-do-enem\/\" \/>\n<meta property=\"og:site_name\" content=\"Daniel Matos\" \/>\n<meta property=\"article:published_time\" content=\"2018-03-13T16:14:00+00:00\" \/>\n<meta name=\"twitter:card\" content=\"summary_large_image\" \/>\n<meta name=\"twitter:label1\" content=\"Est. tempo de leitura\" \/>\n\t<meta name=\"twitter:data1\" content=\"2 minutos\" \/>\n<script type=\"application\/ld+json\" class=\"yoast-schema-graph\">{\"@context\":\"https:\/\/schema.org\",\"@graph\":[{\"@type\":\"WebPage\",\"@id\":\"https:\/\/www.blogsoestado.com\/danielmatos\/flavio-dino-da-calote-em-professores-que-ministraram-aulao-do-enem\/\",\"url\":\"https:\/\/www.blogsoestado.com\/danielmatos\/flavio-dino-da-calote-em-professores-que-ministraram-aulao-do-enem\/\",\"name\":\"Fl\u00e1vio Dino d\u00e1 calote em professores que ministraram \\\"Aul\u00e3o do Enem\\\" - Daniel Matos\",\"isPartOf\":{\"@id\":\"https:\/\/www.blogsoestado.com\/danielmatos\/#website\"},\"datePublished\":\"2018-03-13T16:14:00+00:00\",\"author\":{\"@id\":\"\"},\"breadcrumb\":{\"@id\":\"https:\/\/www.blogsoestado.com\/danielmatos\/flavio-dino-da-calote-em-professores-que-ministraram-aulao-do-enem\/#breadcrumb\"},\"inLanguage\":\"pt-BR\",\"potentialAction\":[{\"@type\":\"ReadAction\",\"target\":[\"https:\/\/www.blogsoestado.com\/danielmatos\/flavio-dino-da-calote-em-professores-que-ministraram-aulao-do-enem\/\"]}]},{\"@type\":\"BreadcrumbList\",\"@id\":\"https:\/\/www.blogsoestado.com\/danielmatos\/flavio-dino-da-calote-em-professores-que-ministraram-aulao-do-enem\/#breadcrumb\",\"itemListElement\":[{\"@type\":\"ListItem\",\"position\":1,\"name\":\"In\u00edcio\",\"item\":\"https:\/\/www.blogsoestado.com\/danielmatos\/\"},{\"@type\":\"ListItem\",\"position\":2,\"name\":\"Fl\u00e1vio Dino d\u00e1 calote em professores que ministraram &#8220;Aul\u00e3o do Enem&#8221;\"}]},{\"@type\":\"WebSite\",\"@id\":\"https:\/\/www.blogsoestado.com\/danielmatos\/#website\",\"url\":\"https:\/\/www.blogsoestado.com\/danielmatos\/\",\"name\":\"Daniel Matos\",\"description\":\"\",\"potentialAction\":[{\"@type\":\"SearchAction\",\"target\":{\"@type\":\"EntryPoint\",\"urlTemplate\":\"https:\/\/www.blogsoestado.com\/danielmatos\/?s={search_term_string}\"},\"query-input\":{\"@type\":\"PropertyValueSpecification\",\"valueRequired\":true,\"valueName\":\"search_term_string\"}}],\"inLanguage\":\"pt-BR\"}]}<\/script>\n<!-- \/ Yoast SEO plugin. -->","yoast_head_json":{"title":"Fl\u00e1vio Dino d\u00e1 calote em professores que ministraram \"Aul\u00e3o do Enem\" - Daniel Matos","robots":{"index":"index","follow":"follow","max-snippet":"max-snippet:-1","max-image-preview":"max-image-preview:large","max-video-preview":"max-video-preview:-1"},"canonical":"https:\/\/www.blogsoestado.com\/danielmatos\/flavio-dino-da-calote-em-professores-que-ministraram-aulao-do-enem\/","og_locale":"pt_BR","og_type":"article","og_title":"Fl\u00e1vio Dino d\u00e1 calote em professores que ministraram \"Aul\u00e3o do Enem\" - Daniel Matos","og_description":"Professores contratados, em 2017, pelo governo Fl\u00e1vio Dino (PCdoB), para ministrar conte\u00fados do &#8220;Aul\u00e3o do Enem&#8221; est\u00e3o indignados com o [&hellip;]","og_url":"https:\/\/www.blogsoestado.com\/danielmatos\/flavio-dino-da-calote-em-professores-que-ministraram-aulao-do-enem\/","og_site_name":"Daniel Matos","article_published_time":"2018-03-13T16:14:00+00:00","twitter_card":"summary_large_image","twitter_misc":{"Est. tempo de leitura":"2 minutos"},"schema":{"@context":"https:\/\/schema.org","@graph":[{"@type":"WebPage","@id":"https:\/\/www.blogsoestado.com\/danielmatos\/flavio-dino-da-calote-em-professores-que-ministraram-aulao-do-enem\/","url":"https:\/\/www.blogsoestado.com\/danielmatos\/flavio-dino-da-calote-em-professores-que-ministraram-aulao-do-enem\/","name":"Fl\u00e1vio Dino d\u00e1 calote em professores que ministraram \"Aul\u00e3o do Enem\" - Daniel Matos","isPartOf":{"@id":"https:\/\/www.blogsoestado.com\/danielmatos\/#website"},"datePublished":"2018-03-13T16:14:00+00:00","author":{"@id":""},"breadcrumb":{"@id":"https:\/\/www.blogsoestado.com\/danielmatos\/flavio-dino-da-calote-em-professores-que-ministraram-aulao-do-enem\/#breadcrumb"},"inLanguage":"pt-BR","potentialAction":[{"@type":"ReadAction","target":["https:\/\/www.blogsoestado.com\/danielmatos\/flavio-dino-da-calote-em-professores-que-ministraram-aulao-do-enem\/"]}]},{"@type":"BreadcrumbList","@id":"https:\/\/www.blogsoestado.com\/danielmatos\/flavio-dino-da-calote-em-professores-que-ministraram-aulao-do-enem\/#breadcrumb","itemListElement":[{"@type":"ListItem","position":1,"name":"In\u00edcio","item":"https:\/\/www.blogsoestado.com\/danielmatos\/"},{"@type":"ListItem","position":2,"name":"Fl\u00e1vio Dino d\u00e1 calote em professores que ministraram &#8220;Aul\u00e3o do Enem&#8221;"}]},{"@type":"WebSite","@id":"https:\/\/www.blogsoestado.com\/danielmatos\/#website","url":"https:\/\/www.blogsoestado.com\/danielmatos\/","name":"Daniel Matos","description":"","potentialAction":[{"@type":"SearchAction","target":{"@type":"EntryPoint","urlTemplate":"https:\/\/www.blogsoestado.com\/danielmatos\/?s={search_term_string}"},"query-input":{"@type":"PropertyValueSpecification","valueRequired":true,"valueName":"search_term_string"}}],"inLanguage":"pt-BR"}]}},"jetpack_featured_media_url":"","_links":{"self":[{"href":"https:\/\/www.blogsoestado.com\/danielmatos\/wp-json\/wp\/v2\/posts\/49411","targetHints":{"allow":["GET"]}}],"collection":[{"href":"https:\/\/www.blogsoestado.com\/danielmatos\/wp-json\/wp\/v2\/posts"}],"about":[{"href":"https:\/\/www.blogsoestado.com\/danielmatos\/wp-json\/wp\/v2\/types\/post"}],"replies":[{"embeddable":true,"href":"https:\/\/www.blogsoestado.com\/danielmatos\/wp-json\/wp\/v2\/comments?post=49411"}],"version-history":[{"count":0,"href":"https:\/\/www.blogsoestado.com\/danielmatos\/wp-json\/wp\/v2\/posts\/49411\/revisions"}],"wp:attachment":[{"href":"https:\/\/www.blogsoestado.com\/danielmatos\/wp-json\/wp\/v2\/media?parent=49411"}],"wp:term":[{"taxonomy":"category","embeddable":true,"href":"https:\/\/www.blogsoestado.com\/danielmatos\/wp-json\/wp\/v2\/categories?post=49411"},{"taxonomy":"post_tag","embeddable":true,"href":"https:\/\/www.blogsoestado.com\/danielmatos\/wp-json\/wp\/v2\/tags?post=49411"}],"curies":[{"name":"wp","href":"https:\/\/api.w.org\/{rel}","templated":true}]}}