{"id":49428,"date":"2018-03-14T12:30:49","date_gmt":"2018-03-14T15:30:49","guid":{"rendered":"https:\/\/www.blogsoestado.com\/danielmatos\/?p=49428"},"modified":"2018-03-14T12:30:49","modified_gmt":"2018-03-14T15:30:49","slug":"deputado-wellington-quer-ajuda-de-custo-maior-alunos-do-curso-de-formacao-da-pm-e-bombeiros","status":"publish","type":"post","link":"https:\/\/www.blogsoestado.com\/danielmatos\/deputado-wellington-quer-ajuda-de-custo-maior-alunos-do-curso-de-formacao-da-pm-e-bombeiros\/","title":{"rendered":"Deputado Wellington quer ajuda de custo maior a alunos do Curso de Forma\u00e7\u00e3o da PM e Bombeiros"},"content":{"rendered":"<figure id=\"attachment_49429\" aria-describedby=\"caption-attachment-49429\" style=\"width: 448px\" class=\"wp-caption alignright\"><img fetchpriority=\"high\" decoding=\"async\" class=\"size-full wp-image-49429\" src=\"https:\/\/www.blogsoestado.com\/danielmatos\/files\/2018\/03\/w-ajuda.jpg\" alt=\"\" width=\"448\" height=\"298\" \/><figcaption id=\"caption-attachment-49429\" class=\"wp-caption-text\">Wellington encaminhou ao governo anteprojeto que disp\u00f5e sobre a composi\u00e7\u00e3o dos valores<\/figcaption><\/figure>\n<p>O deputado estadual progressista Wellington do Curso apresentou, na Assembleia Legislativa do Maranh\u00e3o, a indica\u00e7\u00e3o N\u00ba 67\/2018 em que solicita a amplia\u00e7\u00e3o do valor da ajuda de custo ao aluno matriculado no Curso de Forma\u00e7\u00e3o de Soldado da Pol\u00edcia Militar e Corpo de Bombeiros Militar do Maranh\u00e3o. A solicita\u00e7\u00e3o, que parte dos pr\u00f3prios soldados, foi encaminhada ao Governador Fl\u00e1vio Dino, para que adote as devidas provid\u00eancias.<\/p>\n<p>Por ultrapassar a compet\u00eancia de deputado estadual, Wellington encaminhou um anteprojeto que disp\u00f5e sobre a composi\u00e7\u00e3o dos valores ao Governador do Maranh\u00e3o para que, ent\u00e3o, aprecie a demanda dos jovens militares.<\/p>\n<p>\u201cV\u00e1rios candidatos aprovados no concurso da Pol\u00edcia Militar e aqueles que j\u00e1 passaram pelo curso de forma\u00e7\u00e3o de soldados reconhecem sim a necessidade de se aumentar o valor da ajuda de custo. Isso porque muitos aprovados saem de seus munic\u00edpios e vem para a capital, tendo que manter os gastos com moradia, transporte e alimenta\u00e7\u00e3o. Sabemos que isso n\u00e3o \u00e9 compet\u00eancia do estado, por essa raz\u00e3o, encaminhamos ao Governador para que aprecie a possibilidade\u201d, disse Wellington.<\/p>\n<p>De acordo com a proposta, o aluno matriculado no Curso de Forma\u00e7\u00e3o de Soldado PM e CBM far\u00e1 jus \u00e0 ajuda de custo, constitu\u00edda de 25 % do subs\u00eddio do Soldado PM e BM.<\/p>\n","protected":false},"excerpt":{"rendered":"<p>O deputado estadual progressista Wellington do Curso apresentou, na Assembleia Legislativa do Maranh\u00e3o, a indica\u00e7\u00e3o N\u00ba 67\/2018 em que solicita [&hellip;]<\/p>\n","protected":false},"author":0,"featured_media":0,"comment_status":"open","ping_status":"open","sticky":false,"template":"","format":"standard","meta":{"site-sidebar-layout":"default","site-content-layout":"","ast-site-content-layout":"default","site-content-style":"default","site-sidebar-style":"default","ast-global-header-display":"","ast-banner-title-visibility":"","ast-main-header-display":"","ast-hfb-above-header-display":"","ast-hfb-below-header-display":"","ast-hfb-mobile-header-display":"","site-post-title":"","ast-breadcrumbs-content":"","ast-featured-img":"","footer-sml-layout":"","ast-disable-related-posts":"","theme-transparent-header-meta":"","adv-header-id-meta":"","stick-header-meta":"","header-above-stick-meta":"","header-main-stick-meta":"","header-below-stick-meta":"","astra-migrate-meta-layouts":"default","ast-page-background-enabled":"default","ast-page-background-meta":{"desktop":{"background-color":"var(--ast-global-color-5)","background-image":"","background-repeat":"repeat","background-position":"center center","background-size":"auto","background-attachment":"scroll","background-type":"","background-media":"","overlay-type":"","overlay-color":"","overlay-opacity":"","overlay-gradient":""},"tablet":{"background-color":"","background-image":"","background-repeat":"repeat","background-position":"center center","background-size":"auto","background-attachment":"scroll","background-type":"","background-media":"","overlay-type":"","overlay-color":"","overlay-opacity":"","overlay-gradient":""},"mobile":{"background-color":"","background-image":"","background-repeat":"repeat","background-position":"center center","background-size":"auto","background-attachment":"scroll","background-type":"","background-media":"","overlay-type":"","overlay-color":"","overlay-opacity":"","overlay-gradient":""}},"ast-content-background-meta":{"desktop":{"background-color":"var(--ast-global-color-4)","background-image":"","background-repeat":"repeat","background-position":"center center","background-size":"auto","background-attachment":"scroll","background-type":"","background-media":"","overlay-type":"","overlay-color":"","overlay-opacity":"","overlay-gradient":""},"tablet":{"background-color":"var(--ast-global-color-4)","background-image":"","background-repeat":"repeat","background-position":"center center","background-size":"auto","background-attachment":"scroll","background-type":"","background-media":"","overlay-type":"","overlay-color":"","overlay-opacity":"","overlay-gradient":""},"mobile":{"background-color":"var(--ast-global-color-4)","background-image":"","background-repeat":"repeat","background-position":"center center","background-size":"auto","background-attachment":"scroll","background-type":"","background-media":"","overlay-type":"","overlay-color":"","overlay-opacity":"","overlay-gradient":""}},"footnotes":""},"categories":[1],"tags":[],"class_list":["post-49428","post","type-post","status-publish","format-standard","hentry","category-sem-categoria"],"yoast_head":"<!-- This site is optimized with the Yoast SEO plugin v26.6 - https:\/\/yoast.com\/wordpress\/plugins\/seo\/ -->\n<title>Deputado Wellington quer ajuda de custo maior a alunos do Curso de Forma\u00e7\u00e3o da PM e Bombeiros - Daniel Matos<\/title>\n<meta name=\"robots\" content=\"index, follow, max-snippet:-1, max-image-preview:large, max-video-preview:-1\" \/>\n<link rel=\"canonical\" href=\"https:\/\/www.blogsoestado.com\/danielmatos\/deputado-wellington-quer-ajuda-de-custo-maior-alunos-do-curso-de-formacao-da-pm-e-bombeiros\/\" \/>\n<meta property=\"og:locale\" content=\"pt_BR\" \/>\n<meta property=\"og:type\" content=\"article\" \/>\n<meta property=\"og:title\" content=\"Deputado Wellington quer ajuda de custo maior a alunos do Curso de Forma\u00e7\u00e3o da PM e Bombeiros - Daniel Matos\" \/>\n<meta property=\"og:description\" content=\"O deputado estadual progressista Wellington do Curso apresentou, na Assembleia Legislativa do Maranh\u00e3o, a indica\u00e7\u00e3o N\u00ba 67\/2018 em que solicita [&hellip;]\" \/>\n<meta property=\"og:url\" content=\"https:\/\/www.blogsoestado.com\/danielmatos\/deputado-wellington-quer-ajuda-de-custo-maior-alunos-do-curso-de-formacao-da-pm-e-bombeiros\/\" \/>\n<meta property=\"og:site_name\" content=\"Daniel Matos\" \/>\n<meta property=\"article:published_time\" content=\"2018-03-14T15:30:49+00:00\" \/>\n<meta property=\"og:image\" content=\"https:\/\/www.blogsoestado.com\/danielmatos\/files\/2018\/03\/w-ajuda.jpg\" \/>\n<meta name=\"twitter:card\" content=\"summary_large_image\" \/>\n<meta name=\"twitter:label1\" content=\"Est. tempo de leitura\" \/>\n\t<meta name=\"twitter:data1\" content=\"1 minuto\" \/>\n<script type=\"application\/ld+json\" class=\"yoast-schema-graph\">{\"@context\":\"https:\/\/schema.org\",\"@graph\":[{\"@type\":\"WebPage\",\"@id\":\"https:\/\/www.blogsoestado.com\/danielmatos\/deputado-wellington-quer-ajuda-de-custo-maior-alunos-do-curso-de-formacao-da-pm-e-bombeiros\/\",\"url\":\"https:\/\/www.blogsoestado.com\/danielmatos\/deputado-wellington-quer-ajuda-de-custo-maior-alunos-do-curso-de-formacao-da-pm-e-bombeiros\/\",\"name\":\"Deputado Wellington quer ajuda de custo maior a alunos do Curso de Forma\u00e7\u00e3o da PM e Bombeiros - Daniel Matos\",\"isPartOf\":{\"@id\":\"https:\/\/www.blogsoestado.com\/danielmatos\/#website\"},\"primaryImageOfPage\":{\"@id\":\"https:\/\/www.blogsoestado.com\/danielmatos\/deputado-wellington-quer-ajuda-de-custo-maior-alunos-do-curso-de-formacao-da-pm-e-bombeiros\/#primaryimage\"},\"image\":{\"@id\":\"https:\/\/www.blogsoestado.com\/danielmatos\/deputado-wellington-quer-ajuda-de-custo-maior-alunos-do-curso-de-formacao-da-pm-e-bombeiros\/#primaryimage\"},\"thumbnailUrl\":\"https:\/\/www.blogsoestado.com\/danielmatos\/files\/2018\/03\/w-ajuda.jpg\",\"datePublished\":\"2018-03-14T15:30:49+00:00\",\"author\":{\"@id\":\"\"},\"breadcrumb\":{\"@id\":\"https:\/\/www.blogsoestado.com\/danielmatos\/deputado-wellington-quer-ajuda-de-custo-maior-alunos-do-curso-de-formacao-da-pm-e-bombeiros\/#breadcrumb\"},\"inLanguage\":\"pt-BR\",\"potentialAction\":[{\"@type\":\"ReadAction\",\"target\":[\"https:\/\/www.blogsoestado.com\/danielmatos\/deputado-wellington-quer-ajuda-de-custo-maior-alunos-do-curso-de-formacao-da-pm-e-bombeiros\/\"]}]},{\"@type\":\"ImageObject\",\"inLanguage\":\"pt-BR\",\"@id\":\"https:\/\/www.blogsoestado.com\/danielmatos\/deputado-wellington-quer-ajuda-de-custo-maior-alunos-do-curso-de-formacao-da-pm-e-bombeiros\/#primaryimage\",\"url\":\"https:\/\/www.blogsoestado.com\/danielmatos\/files\/2018\/03\/w-ajuda.jpg\",\"contentUrl\":\"https:\/\/www.blogsoestado.com\/danielmatos\/files\/2018\/03\/w-ajuda.jpg\"},{\"@type\":\"BreadcrumbList\",\"@id\":\"https:\/\/www.blogsoestado.com\/danielmatos\/deputado-wellington-quer-ajuda-de-custo-maior-alunos-do-curso-de-formacao-da-pm-e-bombeiros\/#breadcrumb\",\"itemListElement\":[{\"@type\":\"ListItem\",\"position\":1,\"name\":\"In\u00edcio\",\"item\":\"https:\/\/www.blogsoestado.com\/danielmatos\/\"},{\"@type\":\"ListItem\",\"position\":2,\"name\":\"Deputado Wellington quer ajuda de custo maior a alunos do Curso de Forma\u00e7\u00e3o da PM e Bombeiros\"}]},{\"@type\":\"WebSite\",\"@id\":\"https:\/\/www.blogsoestado.com\/danielmatos\/#website\",\"url\":\"https:\/\/www.blogsoestado.com\/danielmatos\/\",\"name\":\"Daniel Matos\",\"description\":\"\",\"potentialAction\":[{\"@type\":\"SearchAction\",\"target\":{\"@type\":\"EntryPoint\",\"urlTemplate\":\"https:\/\/www.blogsoestado.com\/danielmatos\/?s={search_term_string}\"},\"query-input\":{\"@type\":\"PropertyValueSpecification\",\"valueRequired\":true,\"valueName\":\"search_term_string\"}}],\"inLanguage\":\"pt-BR\"}]}<\/script>\n<!-- \/ Yoast SEO plugin. -->","yoast_head_json":{"title":"Deputado Wellington quer ajuda de custo maior a alunos do Curso de Forma\u00e7\u00e3o da PM e Bombeiros - Daniel Matos","robots":{"index":"index","follow":"follow","max-snippet":"max-snippet:-1","max-image-preview":"max-image-preview:large","max-video-preview":"max-video-preview:-1"},"canonical":"https:\/\/www.blogsoestado.com\/danielmatos\/deputado-wellington-quer-ajuda-de-custo-maior-alunos-do-curso-de-formacao-da-pm-e-bombeiros\/","og_locale":"pt_BR","og_type":"article","og_title":"Deputado Wellington quer ajuda de custo maior a alunos do Curso de Forma\u00e7\u00e3o da PM e Bombeiros - Daniel Matos","og_description":"O deputado estadual progressista Wellington do Curso apresentou, na Assembleia Legislativa do Maranh\u00e3o, a indica\u00e7\u00e3o N\u00ba 67\/2018 em que solicita [&hellip;]","og_url":"https:\/\/www.blogsoestado.com\/danielmatos\/deputado-wellington-quer-ajuda-de-custo-maior-alunos-do-curso-de-formacao-da-pm-e-bombeiros\/","og_site_name":"Daniel Matos","article_published_time":"2018-03-14T15:30:49+00:00","og_image":[{"url":"https:\/\/www.blogsoestado.com\/danielmatos\/files\/2018\/03\/w-ajuda.jpg","type":"","width":"","height":""}],"twitter_card":"summary_large_image","twitter_misc":{"Est. tempo de leitura":"1 minuto"},"schema":{"@context":"https:\/\/schema.org","@graph":[{"@type":"WebPage","@id":"https:\/\/www.blogsoestado.com\/danielmatos\/deputado-wellington-quer-ajuda-de-custo-maior-alunos-do-curso-de-formacao-da-pm-e-bombeiros\/","url":"https:\/\/www.blogsoestado.com\/danielmatos\/deputado-wellington-quer-ajuda-de-custo-maior-alunos-do-curso-de-formacao-da-pm-e-bombeiros\/","name":"Deputado Wellington quer ajuda de custo maior a alunos do Curso de Forma\u00e7\u00e3o da PM e Bombeiros - Daniel Matos","isPartOf":{"@id":"https:\/\/www.blogsoestado.com\/danielmatos\/#website"},"primaryImageOfPage":{"@id":"https:\/\/www.blogsoestado.com\/danielmatos\/deputado-wellington-quer-ajuda-de-custo-maior-alunos-do-curso-de-formacao-da-pm-e-bombeiros\/#primaryimage"},"image":{"@id":"https:\/\/www.blogsoestado.com\/danielmatos\/deputado-wellington-quer-ajuda-de-custo-maior-alunos-do-curso-de-formacao-da-pm-e-bombeiros\/#primaryimage"},"thumbnailUrl":"https:\/\/www.blogsoestado.com\/danielmatos\/files\/2018\/03\/w-ajuda.jpg","datePublished":"2018-03-14T15:30:49+00:00","author":{"@id":""},"breadcrumb":{"@id":"https:\/\/www.blogsoestado.com\/danielmatos\/deputado-wellington-quer-ajuda-de-custo-maior-alunos-do-curso-de-formacao-da-pm-e-bombeiros\/#breadcrumb"},"inLanguage":"pt-BR","potentialAction":[{"@type":"ReadAction","target":["https:\/\/www.blogsoestado.com\/danielmatos\/deputado-wellington-quer-ajuda-de-custo-maior-alunos-do-curso-de-formacao-da-pm-e-bombeiros\/"]}]},{"@type":"ImageObject","inLanguage":"pt-BR","@id":"https:\/\/www.blogsoestado.com\/danielmatos\/deputado-wellington-quer-ajuda-de-custo-maior-alunos-do-curso-de-formacao-da-pm-e-bombeiros\/#primaryimage","url":"https:\/\/www.blogsoestado.com\/danielmatos\/files\/2018\/03\/w-ajuda.jpg","contentUrl":"https:\/\/www.blogsoestado.com\/danielmatos\/files\/2018\/03\/w-ajuda.jpg"},{"@type":"BreadcrumbList","@id":"https:\/\/www.blogsoestado.com\/danielmatos\/deputado-wellington-quer-ajuda-de-custo-maior-alunos-do-curso-de-formacao-da-pm-e-bombeiros\/#breadcrumb","itemListElement":[{"@type":"ListItem","position":1,"name":"In\u00edcio","item":"https:\/\/www.blogsoestado.com\/danielmatos\/"},{"@type":"ListItem","position":2,"name":"Deputado Wellington quer ajuda de custo maior a alunos do Curso de Forma\u00e7\u00e3o da PM e Bombeiros"}]},{"@type":"WebSite","@id":"https:\/\/www.blogsoestado.com\/danielmatos\/#website","url":"https:\/\/www.blogsoestado.com\/danielmatos\/","name":"Daniel Matos","description":"","potentialAction":[{"@type":"SearchAction","target":{"@type":"EntryPoint","urlTemplate":"https:\/\/www.blogsoestado.com\/danielmatos\/?s={search_term_string}"},"query-input":{"@type":"PropertyValueSpecification","valueRequired":true,"valueName":"search_term_string"}}],"inLanguage":"pt-BR"}]}},"jetpack_featured_media_url":"","_links":{"self":[{"href":"https:\/\/www.blogsoestado.com\/danielmatos\/wp-json\/wp\/v2\/posts\/49428","targetHints":{"allow":["GET"]}}],"collection":[{"href":"https:\/\/www.blogsoestado.com\/danielmatos\/wp-json\/wp\/v2\/posts"}],"about":[{"href":"https:\/\/www.blogsoestado.com\/danielmatos\/wp-json\/wp\/v2\/types\/post"}],"replies":[{"embeddable":true,"href":"https:\/\/www.blogsoestado.com\/danielmatos\/wp-json\/wp\/v2\/comments?post=49428"}],"version-history":[{"count":0,"href":"https:\/\/www.blogsoestado.com\/danielmatos\/wp-json\/wp\/v2\/posts\/49428\/revisions"}],"wp:attachment":[{"href":"https:\/\/www.blogsoestado.com\/danielmatos\/wp-json\/wp\/v2\/media?parent=49428"}],"wp:term":[{"taxonomy":"category","embeddable":true,"href":"https:\/\/www.blogsoestado.com\/danielmatos\/wp-json\/wp\/v2\/categories?post=49428"},{"taxonomy":"post_tag","embeddable":true,"href":"https:\/\/www.blogsoestado.com\/danielmatos\/wp-json\/wp\/v2\/tags?post=49428"}],"curies":[{"name":"wp","href":"https:\/\/api.w.org\/{rel}","templated":true}]}}