{"id":49431,"date":"2018-03-14T14:00:33","date_gmt":"2018-03-14T17:00:33","guid":{"rendered":"https:\/\/www.blogsoestado.com\/danielmatos\/?p=49431"},"modified":"2018-03-14T14:00:33","modified_gmt":"2018-03-14T17:00:33","slug":"em-requerimento-vereador-cezar-bombeiro-pede-pavimentacao-de-ruas-do-bairro-fe-em-deus","status":"publish","type":"post","link":"https:\/\/www.blogsoestado.com\/danielmatos\/em-requerimento-vereador-cezar-bombeiro-pede-pavimentacao-de-ruas-do-bairro-fe-em-deus\/","title":{"rendered":"Em requerimento, vereador C\u00e9zar Bombeiro pede pavimenta\u00e7\u00e3o de ruas do bairro F\u00e9 em Deus"},"content":{"rendered":"<figure id=\"attachment_48610\" aria-describedby=\"caption-attachment-48610\" style=\"width: 300px\" class=\"wp-caption alignleft\"><img fetchpriority=\"high\" decoding=\"async\" class=\"wp-image-48610 size-medium\" src=\"https:\/\/www.blogsoestado.com\/danielmatos\/files\/2018\/02\/bombeiro-mp-300x225.jpg\" alt=\"\" width=\"300\" height=\"225\" \/><figcaption id=\"caption-attachment-48610\" class=\"wp-caption-text\">Vereador C\u00e9zar Bombeiro solicita melhorias urgentes na infraestrutura da F\u00e9 em Deus<\/figcaption><\/figure>\n<p>O plen\u00e1rio da C\u00e2mara Municipal aprovou requerimento de autoria do vereador C\u00e9zar Bombeiro (PSD), dirigido ao Prefeito de S\u00e3o Lu\u00eds e ao secret\u00e1rio municipal de Obras e Servi\u00e7os P\u00fab\u00e7licos, solicitando a pavimenta\u00e7\u00e3o das ruas Boa Vista, Bom Jesus, da Alegria e a travessa Boa Vista. Localizadas no bairro da F\u00e9 em Deus.<\/p>\n<p>O vereador alerta que nenhuma das art\u00e9rias recebeu qualquer investimento p\u00fablico e afirma que as benfeitorias realizadas nessas vias s\u00e3o fruto dos mutir\u00f5es comunit\u00e1rios, em que a participa\u00e7\u00e3o de homens e mulheres \u00e9 fundamental para garantir pelo menos um pouco de dignidade aos moradores.<\/p>\n<p>A iniciativa do vereador em apresentar o requerimento decorre dos sucessivos apelos feitos por lideran\u00e7as comunit\u00e1rias, que informam que buracos, esgotos a c\u00e9u aberto favorecem a forma\u00e7\u00e3o de criadouros de vetores transmissores de doen\u00e7as, como a dengue.<\/p>\n<figure id=\"attachment_49432\" aria-describedby=\"caption-attachment-49432\" style=\"width: 480px\" class=\"wp-caption aligncenter\"><img decoding=\"async\" class=\"size-full wp-image-49432\" src=\"https:\/\/www.blogsoestado.com\/danielmatos\/files\/2018\/03\/fe-em-deus.jpg\" alt=\"\" width=\"480\" height=\"481\" \/><figcaption id=\"caption-attachment-49432\" class=\"wp-caption-text\">Ruas Boa Vista e Bom Jesus, Travessa Boa Vista e Rua da Alegria (da esquerda para direita)<\/figcaption><\/figure>\n<p>&#8220;Ruas asfaltadas representam investimentos do poder p\u00fablico na comunidade e direito dos cidad\u00e3os, que todos s\u00e3o merecedores&#8221;, assinalou o vereador C\u00e9zar Bombeiro.<\/p>\n","protected":false},"excerpt":{"rendered":"<p>O plen\u00e1rio da C\u00e2mara Municipal aprovou requerimento de autoria do vereador C\u00e9zar Bombeiro (PSD), dirigido ao Prefeito de S\u00e3o Lu\u00eds [&hellip;]<\/p>\n","protected":false},"author":0,"featured_media":0,"comment_status":"open","ping_status":"open","sticky":false,"template":"","format":"standard","meta":{"site-sidebar-layout":"default","site-content-layout":"","ast-site-content-layout":"default","site-content-style":"default","site-sidebar-style":"default","ast-global-header-display":"","ast-banner-title-visibility":"","ast-main-header-display":"","ast-hfb-above-header-display":"","ast-hfb-below-header-display":"","ast-hfb-mobile-header-display":"","site-post-title":"","ast-breadcrumbs-content":"","ast-featured-img":"","footer-sml-layout":"","ast-disable-related-posts":"","theme-transparent-header-meta":"","adv-header-id-meta":"","stick-header-meta":"","header-above-stick-meta":"","header-main-stick-meta":"","header-below-stick-meta":"","astra-migrate-meta-layouts":"default","ast-page-background-enabled":"default","ast-page-background-meta":{"desktop":{"background-color":"var(--ast-global-color-5)","background-image":"","background-repeat":"repeat","background-position":"center center","background-size":"auto","background-attachment":"scroll","background-type":"","background-media":"","overlay-type":"","overlay-color":"","overlay-opacity":"","overlay-gradient":""},"tablet":{"background-color":"","background-image":"","background-repeat":"repeat","background-position":"center center","background-size":"auto","background-attachment":"scroll","background-type":"","background-media":"","overlay-type":"","overlay-color":"","overlay-opacity":"","overlay-gradient":""},"mobile":{"background-color":"","background-image":"","background-repeat":"repeat","background-position":"center center","background-size":"auto","background-attachment":"scroll","background-type":"","background-media":"","overlay-type":"","overlay-color":"","overlay-opacity":"","overlay-gradient":""}},"ast-content-background-meta":{"desktop":{"background-color":"var(--ast-global-color-4)","background-image":"","background-repeat":"repeat","background-position":"center center","background-size":"auto","background-attachment":"scroll","background-type":"","background-media":"","overlay-type":"","overlay-color":"","overlay-opacity":"","overlay-gradient":""},"tablet":{"background-color":"var(--ast-global-color-4)","background-image":"","background-repeat":"repeat","background-position":"center center","background-size":"auto","background-attachment":"scroll","background-type":"","background-media":"","overlay-type":"","overlay-color":"","overlay-opacity":"","overlay-gradient":""},"mobile":{"background-color":"var(--ast-global-color-4)","background-image":"","background-repeat":"repeat","background-position":"center center","background-size":"auto","background-attachment":"scroll","background-type":"","background-media":"","overlay-type":"","overlay-color":"","overlay-opacity":"","overlay-gradient":""}},"footnotes":""},"categories":[1],"tags":[],"class_list":["post-49431","post","type-post","status-publish","format-standard","hentry","category-sem-categoria"],"yoast_head":"<!-- This site is optimized with the Yoast SEO plugin v26.6 - https:\/\/yoast.com\/wordpress\/plugins\/seo\/ -->\n<title>Em requerimento, vereador C\u00e9zar Bombeiro pede pavimenta\u00e7\u00e3o de ruas do bairro F\u00e9 em Deus - Daniel Matos<\/title>\n<meta name=\"robots\" content=\"index, follow, max-snippet:-1, max-image-preview:large, max-video-preview:-1\" \/>\n<link rel=\"canonical\" href=\"https:\/\/www.blogsoestado.com\/danielmatos\/em-requerimento-vereador-cezar-bombeiro-pede-pavimentacao-de-ruas-do-bairro-fe-em-deus\/\" \/>\n<meta property=\"og:locale\" content=\"pt_BR\" \/>\n<meta property=\"og:type\" content=\"article\" \/>\n<meta property=\"og:title\" content=\"Em requerimento, vereador C\u00e9zar Bombeiro pede pavimenta\u00e7\u00e3o de ruas do bairro F\u00e9 em Deus - Daniel Matos\" \/>\n<meta property=\"og:description\" content=\"O plen\u00e1rio da C\u00e2mara Municipal aprovou requerimento de autoria do vereador C\u00e9zar Bombeiro (PSD), dirigido ao Prefeito de S\u00e3o Lu\u00eds [&hellip;]\" \/>\n<meta property=\"og:url\" content=\"https:\/\/www.blogsoestado.com\/danielmatos\/em-requerimento-vereador-cezar-bombeiro-pede-pavimentacao-de-ruas-do-bairro-fe-em-deus\/\" \/>\n<meta property=\"og:site_name\" content=\"Daniel Matos\" \/>\n<meta property=\"article:published_time\" content=\"2018-03-14T17:00:33+00:00\" \/>\n<meta property=\"og:image\" content=\"https:\/\/www.blogsoestado.com\/danielmatos\/files\/2018\/02\/bombeiro-mp-300x225.jpg\" \/>\n<meta name=\"twitter:card\" content=\"summary_large_image\" \/>\n<meta name=\"twitter:label1\" content=\"Est. tempo de leitura\" \/>\n\t<meta name=\"twitter:data1\" content=\"1 minuto\" \/>\n<script type=\"application\/ld+json\" class=\"yoast-schema-graph\">{\"@context\":\"https:\/\/schema.org\",\"@graph\":[{\"@type\":\"WebPage\",\"@id\":\"https:\/\/www.blogsoestado.com\/danielmatos\/em-requerimento-vereador-cezar-bombeiro-pede-pavimentacao-de-ruas-do-bairro-fe-em-deus\/\",\"url\":\"https:\/\/www.blogsoestado.com\/danielmatos\/em-requerimento-vereador-cezar-bombeiro-pede-pavimentacao-de-ruas-do-bairro-fe-em-deus\/\",\"name\":\"Em requerimento, vereador C\u00e9zar Bombeiro pede pavimenta\u00e7\u00e3o de ruas do bairro F\u00e9 em Deus - Daniel Matos\",\"isPartOf\":{\"@id\":\"https:\/\/www.blogsoestado.com\/danielmatos\/#website\"},\"primaryImageOfPage\":{\"@id\":\"https:\/\/www.blogsoestado.com\/danielmatos\/em-requerimento-vereador-cezar-bombeiro-pede-pavimentacao-de-ruas-do-bairro-fe-em-deus\/#primaryimage\"},\"image\":{\"@id\":\"https:\/\/www.blogsoestado.com\/danielmatos\/em-requerimento-vereador-cezar-bombeiro-pede-pavimentacao-de-ruas-do-bairro-fe-em-deus\/#primaryimage\"},\"thumbnailUrl\":\"https:\/\/www.blogsoestado.com\/danielmatos\/files\/2018\/02\/bombeiro-mp-300x225.jpg\",\"datePublished\":\"2018-03-14T17:00:33+00:00\",\"author\":{\"@id\":\"\"},\"breadcrumb\":{\"@id\":\"https:\/\/www.blogsoestado.com\/danielmatos\/em-requerimento-vereador-cezar-bombeiro-pede-pavimentacao-de-ruas-do-bairro-fe-em-deus\/#breadcrumb\"},\"inLanguage\":\"pt-BR\",\"potentialAction\":[{\"@type\":\"ReadAction\",\"target\":[\"https:\/\/www.blogsoestado.com\/danielmatos\/em-requerimento-vereador-cezar-bombeiro-pede-pavimentacao-de-ruas-do-bairro-fe-em-deus\/\"]}]},{\"@type\":\"ImageObject\",\"inLanguage\":\"pt-BR\",\"@id\":\"https:\/\/www.blogsoestado.com\/danielmatos\/em-requerimento-vereador-cezar-bombeiro-pede-pavimentacao-de-ruas-do-bairro-fe-em-deus\/#primaryimage\",\"url\":\"https:\/\/www.blogsoestado.com\/danielmatos\/files\/2018\/02\/bombeiro-mp-300x225.jpg\",\"contentUrl\":\"https:\/\/www.blogsoestado.com\/danielmatos\/files\/2018\/02\/bombeiro-mp-300x225.jpg\"},{\"@type\":\"BreadcrumbList\",\"@id\":\"https:\/\/www.blogsoestado.com\/danielmatos\/em-requerimento-vereador-cezar-bombeiro-pede-pavimentacao-de-ruas-do-bairro-fe-em-deus\/#breadcrumb\",\"itemListElement\":[{\"@type\":\"ListItem\",\"position\":1,\"name\":\"In\u00edcio\",\"item\":\"https:\/\/www.blogsoestado.com\/danielmatos\/\"},{\"@type\":\"ListItem\",\"position\":2,\"name\":\"Em requerimento, vereador C\u00e9zar Bombeiro pede pavimenta\u00e7\u00e3o de ruas do bairro F\u00e9 em Deus\"}]},{\"@type\":\"WebSite\",\"@id\":\"https:\/\/www.blogsoestado.com\/danielmatos\/#website\",\"url\":\"https:\/\/www.blogsoestado.com\/danielmatos\/\",\"name\":\"Daniel Matos\",\"description\":\"\",\"potentialAction\":[{\"@type\":\"SearchAction\",\"target\":{\"@type\":\"EntryPoint\",\"urlTemplate\":\"https:\/\/www.blogsoestado.com\/danielmatos\/?s={search_term_string}\"},\"query-input\":{\"@type\":\"PropertyValueSpecification\",\"valueRequired\":true,\"valueName\":\"search_term_string\"}}],\"inLanguage\":\"pt-BR\"}]}<\/script>\n<!-- \/ Yoast SEO plugin. -->","yoast_head_json":{"title":"Em requerimento, vereador C\u00e9zar Bombeiro pede pavimenta\u00e7\u00e3o de ruas do bairro F\u00e9 em Deus - Daniel Matos","robots":{"index":"index","follow":"follow","max-snippet":"max-snippet:-1","max-image-preview":"max-image-preview:large","max-video-preview":"max-video-preview:-1"},"canonical":"https:\/\/www.blogsoestado.com\/danielmatos\/em-requerimento-vereador-cezar-bombeiro-pede-pavimentacao-de-ruas-do-bairro-fe-em-deus\/","og_locale":"pt_BR","og_type":"article","og_title":"Em requerimento, vereador C\u00e9zar Bombeiro pede pavimenta\u00e7\u00e3o de ruas do bairro F\u00e9 em Deus - Daniel Matos","og_description":"O plen\u00e1rio da C\u00e2mara Municipal aprovou requerimento de autoria do vereador C\u00e9zar Bombeiro (PSD), dirigido ao Prefeito de S\u00e3o Lu\u00eds [&hellip;]","og_url":"https:\/\/www.blogsoestado.com\/danielmatos\/em-requerimento-vereador-cezar-bombeiro-pede-pavimentacao-de-ruas-do-bairro-fe-em-deus\/","og_site_name":"Daniel Matos","article_published_time":"2018-03-14T17:00:33+00:00","og_image":[{"url":"https:\/\/www.blogsoestado.com\/danielmatos\/files\/2018\/02\/bombeiro-mp-300x225.jpg","type":"","width":"","height":""}],"twitter_card":"summary_large_image","twitter_misc":{"Est. tempo de leitura":"1 minuto"},"schema":{"@context":"https:\/\/schema.org","@graph":[{"@type":"WebPage","@id":"https:\/\/www.blogsoestado.com\/danielmatos\/em-requerimento-vereador-cezar-bombeiro-pede-pavimentacao-de-ruas-do-bairro-fe-em-deus\/","url":"https:\/\/www.blogsoestado.com\/danielmatos\/em-requerimento-vereador-cezar-bombeiro-pede-pavimentacao-de-ruas-do-bairro-fe-em-deus\/","name":"Em requerimento, vereador C\u00e9zar Bombeiro pede pavimenta\u00e7\u00e3o de ruas do bairro F\u00e9 em Deus - Daniel Matos","isPartOf":{"@id":"https:\/\/www.blogsoestado.com\/danielmatos\/#website"},"primaryImageOfPage":{"@id":"https:\/\/www.blogsoestado.com\/danielmatos\/em-requerimento-vereador-cezar-bombeiro-pede-pavimentacao-de-ruas-do-bairro-fe-em-deus\/#primaryimage"},"image":{"@id":"https:\/\/www.blogsoestado.com\/danielmatos\/em-requerimento-vereador-cezar-bombeiro-pede-pavimentacao-de-ruas-do-bairro-fe-em-deus\/#primaryimage"},"thumbnailUrl":"https:\/\/www.blogsoestado.com\/danielmatos\/files\/2018\/02\/bombeiro-mp-300x225.jpg","datePublished":"2018-03-14T17:00:33+00:00","author":{"@id":""},"breadcrumb":{"@id":"https:\/\/www.blogsoestado.com\/danielmatos\/em-requerimento-vereador-cezar-bombeiro-pede-pavimentacao-de-ruas-do-bairro-fe-em-deus\/#breadcrumb"},"inLanguage":"pt-BR","potentialAction":[{"@type":"ReadAction","target":["https:\/\/www.blogsoestado.com\/danielmatos\/em-requerimento-vereador-cezar-bombeiro-pede-pavimentacao-de-ruas-do-bairro-fe-em-deus\/"]}]},{"@type":"ImageObject","inLanguage":"pt-BR","@id":"https:\/\/www.blogsoestado.com\/danielmatos\/em-requerimento-vereador-cezar-bombeiro-pede-pavimentacao-de-ruas-do-bairro-fe-em-deus\/#primaryimage","url":"https:\/\/www.blogsoestado.com\/danielmatos\/files\/2018\/02\/bombeiro-mp-300x225.jpg","contentUrl":"https:\/\/www.blogsoestado.com\/danielmatos\/files\/2018\/02\/bombeiro-mp-300x225.jpg"},{"@type":"BreadcrumbList","@id":"https:\/\/www.blogsoestado.com\/danielmatos\/em-requerimento-vereador-cezar-bombeiro-pede-pavimentacao-de-ruas-do-bairro-fe-em-deus\/#breadcrumb","itemListElement":[{"@type":"ListItem","position":1,"name":"In\u00edcio","item":"https:\/\/www.blogsoestado.com\/danielmatos\/"},{"@type":"ListItem","position":2,"name":"Em requerimento, vereador C\u00e9zar Bombeiro pede pavimenta\u00e7\u00e3o de ruas do bairro F\u00e9 em Deus"}]},{"@type":"WebSite","@id":"https:\/\/www.blogsoestado.com\/danielmatos\/#website","url":"https:\/\/www.blogsoestado.com\/danielmatos\/","name":"Daniel Matos","description":"","potentialAction":[{"@type":"SearchAction","target":{"@type":"EntryPoint","urlTemplate":"https:\/\/www.blogsoestado.com\/danielmatos\/?s={search_term_string}"},"query-input":{"@type":"PropertyValueSpecification","valueRequired":true,"valueName":"search_term_string"}}],"inLanguage":"pt-BR"}]}},"jetpack_featured_media_url":"","_links":{"self":[{"href":"https:\/\/www.blogsoestado.com\/danielmatos\/wp-json\/wp\/v2\/posts\/49431","targetHints":{"allow":["GET"]}}],"collection":[{"href":"https:\/\/www.blogsoestado.com\/danielmatos\/wp-json\/wp\/v2\/posts"}],"about":[{"href":"https:\/\/www.blogsoestado.com\/danielmatos\/wp-json\/wp\/v2\/types\/post"}],"replies":[{"embeddable":true,"href":"https:\/\/www.blogsoestado.com\/danielmatos\/wp-json\/wp\/v2\/comments?post=49431"}],"version-history":[{"count":0,"href":"https:\/\/www.blogsoestado.com\/danielmatos\/wp-json\/wp\/v2\/posts\/49431\/revisions"}],"wp:attachment":[{"href":"https:\/\/www.blogsoestado.com\/danielmatos\/wp-json\/wp\/v2\/media?parent=49431"}],"wp:term":[{"taxonomy":"category","embeddable":true,"href":"https:\/\/www.blogsoestado.com\/danielmatos\/wp-json\/wp\/v2\/categories?post=49431"},{"taxonomy":"post_tag","embeddable":true,"href":"https:\/\/www.blogsoestado.com\/danielmatos\/wp-json\/wp\/v2\/tags?post=49431"}],"curies":[{"name":"wp","href":"https:\/\/api.w.org\/{rel}","templated":true}]}}