{"id":49445,"date":"2018-03-16T09:07:09","date_gmt":"2018-03-16T12:07:09","guid":{"rendered":"https:\/\/www.blogsoestado.com\/danielmatos\/?p=49445"},"modified":"2018-03-16T09:07:09","modified_gmt":"2018-03-16T12:07:09","slug":"deputado-sousa-neto-destaca-comemoracoes-dos-51-anos-de-santa-ines","status":"publish","type":"post","link":"https:\/\/www.blogsoestado.com\/danielmatos\/deputado-sousa-neto-destaca-comemoracoes-dos-51-anos-de-santa-ines\/","title":{"rendered":"Deputado Sousa Neto destaca comemora\u00e7\u00f5es dos 51 anos de Santa In\u00eas"},"content":{"rendered":"<figure id=\"attachment_49446\" aria-describedby=\"caption-attachment-49446\" style=\"width: 448px\" class=\"wp-caption alignright\"><img fetchpriority=\"high\" decoding=\"async\" class=\"size-full wp-image-49446\" src=\"https:\/\/www.blogsoestado.com\/danielmatos\/files\/2018\/03\/sousa-farra.jpg\" alt=\"\" width=\"448\" height=\"297\" \/><figcaption id=\"caption-attachment-49446\" class=\"wp-caption-text\">Sousa Neto lembrou que em apenas 51 anos Santa In\u00eas alcan\u00e7ou o ranking das cidades maranhense com maior poder econ\u00f4mico<\/figcaption><\/figure>\n<p>Em pronunciamento, na sess\u00e3o plen\u00e1ria desta quinta-feira (15), na Assembleia Legislativa, o deputado estadual Sousa Neto (PROS) destacou \u00e0s comemora\u00e7\u00f5es pelos 51 anos de emancipa\u00e7\u00e3o pol\u00edtica do munic\u00edpio de Santa In\u00eas, situado na regi\u00e3o do Vale do Pindar\u00e9.<\/p>\n<p>&#8220;Registro minha alegria em ter estado, na \u00faltima quarta-feira (14), na minha querida Santa In\u00eas, cidade que fez 51 anos de emancipa\u00e7\u00e3o pol\u00edtica. Quero reafirmar aqui nesta Casa, o meu amor, a minha satisfa\u00e7\u00e3o e o meu compromisso, por ser filho da terra, em continuar lutando pelo progresso e o crescimento da nossa cidade. Parab\u00e9ns, minha querida Santa In\u00eas, parab\u00e9ns ao povo e a todas \u00e0s pessoas que se dedicam ao trabalho e que a tornaram um reduto em franco desenvolvimento\u201d, destacou o parlamentar.<\/p>\n<p>Sousa Neto destacou a programa\u00e7\u00e3o alusiva \u00e0 data, a exemplo da alvorada e do caf\u00e9 da manh\u00e3, tradi\u00e7\u00f5es mantidas h\u00e1 d\u00e9cadas pelas fam\u00edlias locais. &#8220;Acompanhado de v\u00e1rias pessoas que residem na minha Santa In\u00eas, fui \u00e0 missa que de A\u00e7\u00e3o de Gra\u00e7as, e tamb\u00e9m participei da programa\u00e7\u00e3o comemorativa promovida pela Prefeitura Municipal&#8221;, disse ele.<\/p>\n<p>O deputado lembrou, em sua fala, das conquistas e do avan\u00e7o pelos quais Santa In\u00eas vivenciou durante as mais de cinco d\u00e9cadas, destacando a localiza\u00e7\u00e3o estrat\u00e9gica, que possibilitou com que a cidade se tornasse um importante polo econ\u00f4mico da regi\u00e3o e do Maranh\u00e3o, e por fim, da dedica\u00e7\u00e3o e a for\u00e7a da classe trabalhadora em prol do munic\u00edpio. \u201cParabenizo, tamb\u00e9m, a todos que fizeram e fazem de Santa In\u00eas um polo empresarial do Vale do Pindar\u00e9. Uma cidade com quase 100 mil habitantes, de povo trabalhador, acolhedor e ordeiro, e que, em apenas 51 anos de emancipa\u00e7\u00e3o, alcan\u00e7ou o ranking das cidades com maior poder econ\u00f4mico que se tem no Maranh\u00e3o. Queria parabenizar os funcion\u00e1rios p\u00fablicos, os aut\u00f4nomos, os m\u00e9dicos, os comerciantes, os bombeiros, a Pol\u00edcia Militar; enfim, a toda a popula\u00e7\u00e3o que faz de Santa In\u00eas uma cidade pr\u00f3spera, uma cidade que me encanta e que a cada dia mais ganha meu cora\u00e7\u00e3o e a minha admira\u00e7\u00e3o\u201d, enalteceu, por fim, Sousa Neto.<\/p>\n","protected":false},"excerpt":{"rendered":"<p>Em pronunciamento, na sess\u00e3o plen\u00e1ria desta quinta-feira (15), na Assembleia Legislativa, o deputado estadual Sousa Neto (PROS) destacou \u00e0s comemora\u00e7\u00f5es [&hellip;]<\/p>\n","protected":false},"author":0,"featured_media":0,"comment_status":"open","ping_status":"open","sticky":false,"template":"","format":"standard","meta":{"site-sidebar-layout":"default","site-content-layout":"","ast-site-content-layout":"default","site-content-style":"default","site-sidebar-style":"default","ast-global-header-display":"","ast-banner-title-visibility":"","ast-main-header-display":"","ast-hfb-above-header-display":"","ast-hfb-below-header-display":"","ast-hfb-mobile-header-display":"","site-post-title":"","ast-breadcrumbs-content":"","ast-featured-img":"","footer-sml-layout":"","ast-disable-related-posts":"","theme-transparent-header-meta":"","adv-header-id-meta":"","stick-header-meta":"","header-above-stick-meta":"","header-main-stick-meta":"","header-below-stick-meta":"","astra-migrate-meta-layouts":"default","ast-page-background-enabled":"default","ast-page-background-meta":{"desktop":{"background-color":"var(--ast-global-color-5)","background-image":"","background-repeat":"repeat","background-position":"center center","background-size":"auto","background-attachment":"scroll","background-type":"","background-media":"","overlay-type":"","overlay-color":"","overlay-opacity":"","overlay-gradient":""},"tablet":{"background-color":"","background-image":"","background-repeat":"repeat","background-position":"center center","background-size":"auto","background-attachment":"scroll","background-type":"","background-media":"","overlay-type":"","overlay-color":"","overlay-opacity":"","overlay-gradient":""},"mobile":{"background-color":"","background-image":"","background-repeat":"repeat","background-position":"center center","background-size":"auto","background-attachment":"scroll","background-type":"","background-media":"","overlay-type":"","overlay-color":"","overlay-opacity":"","overlay-gradient":""}},"ast-content-background-meta":{"desktop":{"background-color":"var(--ast-global-color-4)","background-image":"","background-repeat":"repeat","background-position":"center center","background-size":"auto","background-attachment":"scroll","background-type":"","background-media":"","overlay-type":"","overlay-color":"","overlay-opacity":"","overlay-gradient":""},"tablet":{"background-color":"var(--ast-global-color-4)","background-image":"","background-repeat":"repeat","background-position":"center center","background-size":"auto","background-attachment":"scroll","background-type":"","background-media":"","overlay-type":"","overlay-color":"","overlay-opacity":"","overlay-gradient":""},"mobile":{"background-color":"var(--ast-global-color-4)","background-image":"","background-repeat":"repeat","background-position":"center center","background-size":"auto","background-attachment":"scroll","background-type":"","background-media":"","overlay-type":"","overlay-color":"","overlay-opacity":"","overlay-gradient":""}},"footnotes":""},"categories":[1],"tags":[],"class_list":["post-49445","post","type-post","status-publish","format-standard","hentry","category-sem-categoria"],"yoast_head":"<!-- This site is optimized with the Yoast SEO plugin v26.6 - https:\/\/yoast.com\/wordpress\/plugins\/seo\/ -->\n<title>Deputado Sousa Neto destaca comemora\u00e7\u00f5es dos 51 anos de Santa In\u00eas - Daniel Matos<\/title>\n<meta name=\"robots\" content=\"index, follow, max-snippet:-1, max-image-preview:large, max-video-preview:-1\" \/>\n<link rel=\"canonical\" href=\"https:\/\/www.blogsoestado.com\/danielmatos\/deputado-sousa-neto-destaca-comemoracoes-dos-51-anos-de-santa-ines\/\" \/>\n<meta property=\"og:locale\" content=\"pt_BR\" \/>\n<meta property=\"og:type\" content=\"article\" \/>\n<meta property=\"og:title\" content=\"Deputado Sousa Neto destaca comemora\u00e7\u00f5es dos 51 anos de Santa In\u00eas - Daniel Matos\" \/>\n<meta property=\"og:description\" content=\"Em pronunciamento, na sess\u00e3o plen\u00e1ria desta quinta-feira (15), na Assembleia Legislativa, o deputado estadual Sousa Neto (PROS) destacou \u00e0s comemora\u00e7\u00f5es [&hellip;]\" \/>\n<meta property=\"og:url\" content=\"https:\/\/www.blogsoestado.com\/danielmatos\/deputado-sousa-neto-destaca-comemoracoes-dos-51-anos-de-santa-ines\/\" \/>\n<meta property=\"og:site_name\" content=\"Daniel Matos\" \/>\n<meta property=\"article:published_time\" content=\"2018-03-16T12:07:09+00:00\" \/>\n<meta property=\"og:image\" content=\"https:\/\/www.blogsoestado.com\/danielmatos\/files\/2018\/03\/sousa-farra.jpg\" \/>\n<meta name=\"twitter:card\" content=\"summary_large_image\" \/>\n<meta name=\"twitter:label1\" content=\"Est. tempo de leitura\" \/>\n\t<meta name=\"twitter:data1\" content=\"2 minutos\" \/>\n<script type=\"application\/ld+json\" class=\"yoast-schema-graph\">{\"@context\":\"https:\/\/schema.org\",\"@graph\":[{\"@type\":\"WebPage\",\"@id\":\"https:\/\/www.blogsoestado.com\/danielmatos\/deputado-sousa-neto-destaca-comemoracoes-dos-51-anos-de-santa-ines\/\",\"url\":\"https:\/\/www.blogsoestado.com\/danielmatos\/deputado-sousa-neto-destaca-comemoracoes-dos-51-anos-de-santa-ines\/\",\"name\":\"Deputado Sousa Neto destaca comemora\u00e7\u00f5es dos 51 anos de Santa In\u00eas - Daniel Matos\",\"isPartOf\":{\"@id\":\"https:\/\/www.blogsoestado.com\/danielmatos\/#website\"},\"primaryImageOfPage\":{\"@id\":\"https:\/\/www.blogsoestado.com\/danielmatos\/deputado-sousa-neto-destaca-comemoracoes-dos-51-anos-de-santa-ines\/#primaryimage\"},\"image\":{\"@id\":\"https:\/\/www.blogsoestado.com\/danielmatos\/deputado-sousa-neto-destaca-comemoracoes-dos-51-anos-de-santa-ines\/#primaryimage\"},\"thumbnailUrl\":\"https:\/\/www.blogsoestado.com\/danielmatos\/files\/2018\/03\/sousa-farra.jpg\",\"datePublished\":\"2018-03-16T12:07:09+00:00\",\"author\":{\"@id\":\"\"},\"breadcrumb\":{\"@id\":\"https:\/\/www.blogsoestado.com\/danielmatos\/deputado-sousa-neto-destaca-comemoracoes-dos-51-anos-de-santa-ines\/#breadcrumb\"},\"inLanguage\":\"pt-BR\",\"potentialAction\":[{\"@type\":\"ReadAction\",\"target\":[\"https:\/\/www.blogsoestado.com\/danielmatos\/deputado-sousa-neto-destaca-comemoracoes-dos-51-anos-de-santa-ines\/\"]}]},{\"@type\":\"ImageObject\",\"inLanguage\":\"pt-BR\",\"@id\":\"https:\/\/www.blogsoestado.com\/danielmatos\/deputado-sousa-neto-destaca-comemoracoes-dos-51-anos-de-santa-ines\/#primaryimage\",\"url\":\"https:\/\/www.blogsoestado.com\/danielmatos\/files\/2018\/03\/sousa-farra.jpg\",\"contentUrl\":\"https:\/\/www.blogsoestado.com\/danielmatos\/files\/2018\/03\/sousa-farra.jpg\"},{\"@type\":\"BreadcrumbList\",\"@id\":\"https:\/\/www.blogsoestado.com\/danielmatos\/deputado-sousa-neto-destaca-comemoracoes-dos-51-anos-de-santa-ines\/#breadcrumb\",\"itemListElement\":[{\"@type\":\"ListItem\",\"position\":1,\"name\":\"In\u00edcio\",\"item\":\"https:\/\/www.blogsoestado.com\/danielmatos\/\"},{\"@type\":\"ListItem\",\"position\":2,\"name\":\"Deputado Sousa Neto destaca comemora\u00e7\u00f5es dos 51 anos de Santa In\u00eas\"}]},{\"@type\":\"WebSite\",\"@id\":\"https:\/\/www.blogsoestado.com\/danielmatos\/#website\",\"url\":\"https:\/\/www.blogsoestado.com\/danielmatos\/\",\"name\":\"Daniel Matos\",\"description\":\"\",\"potentialAction\":[{\"@type\":\"SearchAction\",\"target\":{\"@type\":\"EntryPoint\",\"urlTemplate\":\"https:\/\/www.blogsoestado.com\/danielmatos\/?s={search_term_string}\"},\"query-input\":{\"@type\":\"PropertyValueSpecification\",\"valueRequired\":true,\"valueName\":\"search_term_string\"}}],\"inLanguage\":\"pt-BR\"}]}<\/script>\n<!-- \/ Yoast SEO plugin. -->","yoast_head_json":{"title":"Deputado Sousa Neto destaca comemora\u00e7\u00f5es dos 51 anos de Santa In\u00eas - Daniel Matos","robots":{"index":"index","follow":"follow","max-snippet":"max-snippet:-1","max-image-preview":"max-image-preview:large","max-video-preview":"max-video-preview:-1"},"canonical":"https:\/\/www.blogsoestado.com\/danielmatos\/deputado-sousa-neto-destaca-comemoracoes-dos-51-anos-de-santa-ines\/","og_locale":"pt_BR","og_type":"article","og_title":"Deputado Sousa Neto destaca comemora\u00e7\u00f5es dos 51 anos de Santa In\u00eas - Daniel Matos","og_description":"Em pronunciamento, na sess\u00e3o plen\u00e1ria desta quinta-feira (15), na Assembleia Legislativa, o deputado estadual Sousa Neto (PROS) destacou \u00e0s comemora\u00e7\u00f5es [&hellip;]","og_url":"https:\/\/www.blogsoestado.com\/danielmatos\/deputado-sousa-neto-destaca-comemoracoes-dos-51-anos-de-santa-ines\/","og_site_name":"Daniel Matos","article_published_time":"2018-03-16T12:07:09+00:00","og_image":[{"url":"https:\/\/www.blogsoestado.com\/danielmatos\/files\/2018\/03\/sousa-farra.jpg","type":"","width":"","height":""}],"twitter_card":"summary_large_image","twitter_misc":{"Est. tempo de leitura":"2 minutos"},"schema":{"@context":"https:\/\/schema.org","@graph":[{"@type":"WebPage","@id":"https:\/\/www.blogsoestado.com\/danielmatos\/deputado-sousa-neto-destaca-comemoracoes-dos-51-anos-de-santa-ines\/","url":"https:\/\/www.blogsoestado.com\/danielmatos\/deputado-sousa-neto-destaca-comemoracoes-dos-51-anos-de-santa-ines\/","name":"Deputado Sousa Neto destaca comemora\u00e7\u00f5es dos 51 anos de Santa In\u00eas - Daniel Matos","isPartOf":{"@id":"https:\/\/www.blogsoestado.com\/danielmatos\/#website"},"primaryImageOfPage":{"@id":"https:\/\/www.blogsoestado.com\/danielmatos\/deputado-sousa-neto-destaca-comemoracoes-dos-51-anos-de-santa-ines\/#primaryimage"},"image":{"@id":"https:\/\/www.blogsoestado.com\/danielmatos\/deputado-sousa-neto-destaca-comemoracoes-dos-51-anos-de-santa-ines\/#primaryimage"},"thumbnailUrl":"https:\/\/www.blogsoestado.com\/danielmatos\/files\/2018\/03\/sousa-farra.jpg","datePublished":"2018-03-16T12:07:09+00:00","author":{"@id":""},"breadcrumb":{"@id":"https:\/\/www.blogsoestado.com\/danielmatos\/deputado-sousa-neto-destaca-comemoracoes-dos-51-anos-de-santa-ines\/#breadcrumb"},"inLanguage":"pt-BR","potentialAction":[{"@type":"ReadAction","target":["https:\/\/www.blogsoestado.com\/danielmatos\/deputado-sousa-neto-destaca-comemoracoes-dos-51-anos-de-santa-ines\/"]}]},{"@type":"ImageObject","inLanguage":"pt-BR","@id":"https:\/\/www.blogsoestado.com\/danielmatos\/deputado-sousa-neto-destaca-comemoracoes-dos-51-anos-de-santa-ines\/#primaryimage","url":"https:\/\/www.blogsoestado.com\/danielmatos\/files\/2018\/03\/sousa-farra.jpg","contentUrl":"https:\/\/www.blogsoestado.com\/danielmatos\/files\/2018\/03\/sousa-farra.jpg"},{"@type":"BreadcrumbList","@id":"https:\/\/www.blogsoestado.com\/danielmatos\/deputado-sousa-neto-destaca-comemoracoes-dos-51-anos-de-santa-ines\/#breadcrumb","itemListElement":[{"@type":"ListItem","position":1,"name":"In\u00edcio","item":"https:\/\/www.blogsoestado.com\/danielmatos\/"},{"@type":"ListItem","position":2,"name":"Deputado Sousa Neto destaca comemora\u00e7\u00f5es dos 51 anos de Santa In\u00eas"}]},{"@type":"WebSite","@id":"https:\/\/www.blogsoestado.com\/danielmatos\/#website","url":"https:\/\/www.blogsoestado.com\/danielmatos\/","name":"Daniel Matos","description":"","potentialAction":[{"@type":"SearchAction","target":{"@type":"EntryPoint","urlTemplate":"https:\/\/www.blogsoestado.com\/danielmatos\/?s={search_term_string}"},"query-input":{"@type":"PropertyValueSpecification","valueRequired":true,"valueName":"search_term_string"}}],"inLanguage":"pt-BR"}]}},"jetpack_featured_media_url":"","_links":{"self":[{"href":"https:\/\/www.blogsoestado.com\/danielmatos\/wp-json\/wp\/v2\/posts\/49445","targetHints":{"allow":["GET"]}}],"collection":[{"href":"https:\/\/www.blogsoestado.com\/danielmatos\/wp-json\/wp\/v2\/posts"}],"about":[{"href":"https:\/\/www.blogsoestado.com\/danielmatos\/wp-json\/wp\/v2\/types\/post"}],"replies":[{"embeddable":true,"href":"https:\/\/www.blogsoestado.com\/danielmatos\/wp-json\/wp\/v2\/comments?post=49445"}],"version-history":[{"count":0,"href":"https:\/\/www.blogsoestado.com\/danielmatos\/wp-json\/wp\/v2\/posts\/49445\/revisions"}],"wp:attachment":[{"href":"https:\/\/www.blogsoestado.com\/danielmatos\/wp-json\/wp\/v2\/media?parent=49445"}],"wp:term":[{"taxonomy":"category","embeddable":true,"href":"https:\/\/www.blogsoestado.com\/danielmatos\/wp-json\/wp\/v2\/categories?post=49445"},{"taxonomy":"post_tag","embeddable":true,"href":"https:\/\/www.blogsoestado.com\/danielmatos\/wp-json\/wp\/v2\/tags?post=49445"}],"curies":[{"name":"wp","href":"https:\/\/api.w.org\/{rel}","templated":true}]}}