{"id":49448,"date":"2018-03-16T09:16:56","date_gmt":"2018-03-16T12:16:56","guid":{"rendered":"https:\/\/www.blogsoestado.com\/danielmatos\/?p=49448"},"modified":"2018-03-16T09:16:56","modified_gmt":"2018-03-16T12:16:56","slug":"mp-aciona-envolvidos-em-contratacao-ilegal-de-cirurgiao-dentista-em-paco-do-lumiar","status":"publish","type":"post","link":"https:\/\/www.blogsoestado.com\/danielmatos\/mp-aciona-envolvidos-em-contratacao-ilegal-de-cirurgiao-dentista-em-paco-do-lumiar\/","title":{"rendered":"MP aciona envolvidos em contrata\u00e7\u00e3o ilegal de cirurgi\u00e3o-dentista em Pa\u00e7o do Lumiar"},"content":{"rendered":"<figure id=\"attachment_49449\" aria-describedby=\"caption-attachment-49449\" style=\"width: 340px\" class=\"wp-caption alignleft\"><img fetchpriority=\"high\" decoding=\"async\" class=\"size-full wp-image-49449\" src=\"https:\/\/www.blogsoestado.com\/danielmatos\/files\/2018\/03\/mp-pa\u00e7o.jpg\" alt=\"\" width=\"340\" height=\"220\" \/><figcaption id=\"caption-attachment-49449\" class=\"wp-caption-text\">Sede da Promotoria de Justi\u00e7a de Pa\u00e7o do Lumiar<\/figcaption><\/figure>\n<p>Ilegalidades na contrata\u00e7\u00e3o de um dentista para o quadro de servidores do Centro de Especialidades Odontol\u00f3gicas (CEO) de Pa\u00e7o do Lumiar levaram o Minist\u00e9rio P\u00fablico do Maranh\u00e3o (MPMA) a solicitar, em 13 de mar\u00e7o, a condena\u00e7\u00e3o por improbidade administrativa dos principais envolvidos na quest\u00e3o.<\/p>\n<p>O pedido foi feito em A\u00e7\u00e3o Civil P\u00fablica (ACP), formulada pela titular da 1\u00aa Promotoria de Justi\u00e7a da comarca, Gabriela Brand\u00e3o da Costa Tavernard.<\/p>\n<p>Na manifesta\u00e7\u00e3o, constam como requeridos o atual coordenador municipal de Sa\u00fade Bucal, Ata\u00edde Mendes Aires J\u00fanior; o ex-secret\u00e1rio municipal de Sa\u00fade, Raimundo Nonato Martins Cutrim, e o contratado, o cirurgi\u00e3o-dentista R\u00f4mulo Aires Peixoto.<\/p>\n<p>R\u00f4mulo Peixoto foi contratado, em mar\u00e7o de 2017, para cumprir uma carga hor\u00e1ria de 30 horas semanais. A contrata\u00e7\u00e3o foi resultado de exig\u00eancia da Vigil\u00e2ncia Sanit\u00e1ria Estadual, que desativou o CEO, em setembro de 2015, devido \u00e0 falta de condi\u00e7\u00f5es de funcionamento. O Centro permaneceu fechado at\u00e9 julho de 2017.<\/p>\n<p><strong>FOLHAS DE PONTO<\/strong><\/p>\n<p>A a\u00e7\u00e3o \u00e9 baseada no Inqu\u00e9rito Civil n\u00ba 08\/2017, instaurado ap\u00f3s representa\u00e7\u00e3o apresentada em abril de 2017 pelo advogado Ademir Sousa. No mesmo m\u00eas, o MPMA solicitou \u00e0 Prefeitura de Pa\u00e7o do Lumiar informa\u00e7\u00f5es sobre o quadro de funcion\u00e1rios do CEO e a Procuradoria-Geral do Munic\u00edpio encaminhou uma lista de 15 nomes, incluindo os de 14 servidores concursados e do cirurgi\u00e3o-dentista R\u00f4mulo Aires Peixoto.<\/p>\n<p>Durante o per\u00edodo em que o Centro permaneceu fechado, os servidores eram obrigados a comparecer \u00e0 sede da Secretaria Municipal de Sa\u00fade (Semus) para assinar folhas de ponto. Entretanto, os funcion\u00e1rios afirmaram que n\u00e3o conheciam R\u00f4mulo Peixoto e tamb\u00e9m nunca o viram na sede da secretaria pra assinar a folha de ponto.<\/p>\n<p>\u201cOs servidores foram un\u00e2nimes em afirmar que nunca viram o demandado R\u00f4mulo Aires Peixoto trabalhando no CEO ou mesmo registrando sua frequ\u00eancia (seja no CEO ou na Semus), inclusive porque sequer o conheciam, \u00e0 exce\u00e7\u00e3o de um dentista, que afirmou ter conversado com o demandado, uma \u00fanica vez\u201d, ressalta a promotora de justi\u00e7a Gabriela Tavernard, na ACP.<\/p>\n<p><strong>ATESTADOS M\u00c9DICOS<\/strong><\/p>\n<p>Segundo o cirurgi\u00e3o-dentista, em fun\u00e7\u00e3o da desativa\u00e7\u00e3o do CEO, ele participava de a\u00e7\u00f5es sociais nas escolas e em unidades b\u00e1sicas de sa\u00fade. Por\u00e9m, grande parte dos coordenadores dos estabelecimentos onde ocorreram a\u00e7\u00f5es de sa\u00fade informou que, nas equipes, n\u00e3o havia dentista chamado R\u00f4mulo Peixoto.<\/p>\n<p>De acordo com o coordenador de Sa\u00fade Bucal, foram realizadas quatro a\u00e7\u00f5es sociais no munic\u00edpio e, nas tr\u00eas ocasi\u00f5es em que R\u00f4mulo Peixoto foi convocado, o cirurgi\u00e3o-dentista apresentou atestados m\u00e9dicos.<\/p>\n<p>Em junho de 2017, a ex-coordenadora do CEO, Gildete Lobato, foi chamada pelo coordenador de Sa\u00fade Bucal ao setor de Recursos Humanos da prefeitura para assinar as folhas de ponto do cirurgi\u00e3o-dentista. Foram assinadas todas de uma vez as folhas dos meses de mar\u00e7o, abril e maio de 2017.<\/p>\n<p>Das folhas de ponto encaminhadas pelo coordenador de Sa\u00fade Bucal \u00e0 secretaria de Sa\u00fade, das 60 horas em que o cirurgi\u00e3o-dentista deveria ter trabalhado, somente constam 33 horas.<\/p>\n<p>\u201cOs demandados Ata\u00edde Mendes Aires J\u00fanior e Raimundo Nonato Martins Cutrim concorreram para que o demandado R\u00f4mulo Aires Peixoto se enriquecesse ilicitamente, incorrendo assim na pr\u00e1tica do ato de improbidade administrativa\u201d, enfatiza Gabriela Tavernard.<\/p>\n<p><strong>PEDIDOS<\/strong><\/p>\n<p>O MPMA requer a condena\u00e7\u00e3o do coordenador municipal de Sa\u00fade Bucal, do ex-secret\u00e1rio municipal de Sa\u00fade e do cirurgi\u00e3o-dentista \u00e0s penas do artigo n\u00ba 12 da Lei n\u00ba 8.429, de 2 de junho de 1992, que prev\u00ea a perda dos bens ou valores acrescidos ilicitamente ao patrim\u00f4nio, ao ressarcimento integral do dano, \u00e0 perda de eventual fun\u00e7\u00e3o p\u00fablica e a suspens\u00e3o dos direitos pol\u00edticos de oito a dez anos.<\/p>\n<p>Os pedidos incluem, ainda, o pagamento de multa de at\u00e9 tr\u00eas vezes o valor do acr\u00e9scimo patrimonial e a proibi\u00e7\u00e3o de contratar com o Poder P\u00fablico ou receber benef\u00edcios ou incentivos fiscais ou credit\u00edcios, direta ou indiretamente, mesmo por meio de pessoa jur\u00eddica da qual seja s\u00f3cio majorit\u00e1rio, pelo prazo de dez anos.<\/p>\n<p><strong>Fonte:<\/strong> Minist\u00e9rio P\u00fablico do Maranh\u00e3o<\/p>\n","protected":false},"excerpt":{"rendered":"<p>Ilegalidades na contrata\u00e7\u00e3o de um dentista para o quadro de servidores do Centro de Especialidades Odontol\u00f3gicas (CEO) de Pa\u00e7o do [&hellip;]<\/p>\n","protected":false},"author":0,"featured_media":0,"comment_status":"open","ping_status":"open","sticky":false,"template":"","format":"standard","meta":{"site-sidebar-layout":"default","site-content-layout":"","ast-site-content-layout":"default","site-content-style":"default","site-sidebar-style":"default","ast-global-header-display":"","ast-banner-title-visibility":"","ast-main-header-display":"","ast-hfb-above-header-display":"","ast-hfb-below-header-display":"","ast-hfb-mobile-header-display":"","site-post-title":"","ast-breadcrumbs-content":"","ast-featured-img":"","footer-sml-layout":"","ast-disable-related-posts":"","theme-transparent-header-meta":"","adv-header-id-meta":"","stick-header-meta":"","header-above-stick-meta":"","header-main-stick-meta":"","header-below-stick-meta":"","astra-migrate-meta-layouts":"default","ast-page-background-enabled":"default","ast-page-background-meta":{"desktop":{"background-color":"var(--ast-global-color-5)","background-image":"","background-repeat":"repeat","background-position":"center center","background-size":"auto","background-attachment":"scroll","background-type":"","background-media":"","overlay-type":"","overlay-color":"","overlay-opacity":"","overlay-gradient":""},"tablet":{"background-color":"","background-image":"","background-repeat":"repeat","background-position":"center center","background-size":"auto","background-attachment":"scroll","background-type":"","background-media":"","overlay-type":"","overlay-color":"","overlay-opacity":"","overlay-gradient":""},"mobile":{"background-color":"","background-image":"","background-repeat":"repeat","background-position":"center center","background-size":"auto","background-attachment":"scroll","background-type":"","background-media":"","overlay-type":"","overlay-color":"","overlay-opacity":"","overlay-gradient":""}},"ast-content-background-meta":{"desktop":{"background-color":"var(--ast-global-color-4)","background-image":"","background-repeat":"repeat","background-position":"center center","background-size":"auto","background-attachment":"scroll","background-type":"","background-media":"","overlay-type":"","overlay-color":"","overlay-opacity":"","overlay-gradient":""},"tablet":{"background-color":"var(--ast-global-color-4)","background-image":"","background-repeat":"repeat","background-position":"center center","background-size":"auto","background-attachment":"scroll","background-type":"","background-media":"","overlay-type":"","overlay-color":"","overlay-opacity":"","overlay-gradient":""},"mobile":{"background-color":"var(--ast-global-color-4)","background-image":"","background-repeat":"repeat","background-position":"center center","background-size":"auto","background-attachment":"scroll","background-type":"","background-media":"","overlay-type":"","overlay-color":"","overlay-opacity":"","overlay-gradient":""}},"footnotes":""},"categories":[1],"tags":[],"class_list":["post-49448","post","type-post","status-publish","format-standard","hentry","category-sem-categoria"],"yoast_head":"<!-- This site is optimized with the Yoast SEO plugin v26.6 - https:\/\/yoast.com\/wordpress\/plugins\/seo\/ -->\n<title>MP aciona envolvidos em contrata\u00e7\u00e3o ilegal de cirurgi\u00e3o-dentista em Pa\u00e7o do Lumiar - Daniel Matos<\/title>\n<meta name=\"robots\" content=\"index, follow, max-snippet:-1, max-image-preview:large, max-video-preview:-1\" \/>\n<link rel=\"canonical\" href=\"https:\/\/www.blogsoestado.com\/danielmatos\/mp-aciona-envolvidos-em-contratacao-ilegal-de-cirurgiao-dentista-em-paco-do-lumiar\/\" \/>\n<meta property=\"og:locale\" content=\"pt_BR\" \/>\n<meta property=\"og:type\" content=\"article\" \/>\n<meta property=\"og:title\" content=\"MP aciona envolvidos em contrata\u00e7\u00e3o ilegal de cirurgi\u00e3o-dentista em Pa\u00e7o do Lumiar - Daniel Matos\" \/>\n<meta property=\"og:description\" content=\"Ilegalidades na contrata\u00e7\u00e3o de um dentista para o quadro de servidores do Centro de Especialidades Odontol\u00f3gicas (CEO) de Pa\u00e7o do [&hellip;]\" \/>\n<meta property=\"og:url\" content=\"https:\/\/www.blogsoestado.com\/danielmatos\/mp-aciona-envolvidos-em-contratacao-ilegal-de-cirurgiao-dentista-em-paco-do-lumiar\/\" \/>\n<meta property=\"og:site_name\" content=\"Daniel Matos\" \/>\n<meta property=\"article:published_time\" content=\"2018-03-16T12:16:56+00:00\" \/>\n<meta name=\"twitter:card\" content=\"summary_large_image\" \/>\n<meta name=\"twitter:label1\" content=\"Est. tempo de leitura\" \/>\n\t<meta name=\"twitter:data1\" content=\"4 minutos\" \/>\n<script type=\"application\/ld+json\" class=\"yoast-schema-graph\">{\"@context\":\"https:\/\/schema.org\",\"@graph\":[{\"@type\":\"WebPage\",\"@id\":\"https:\/\/www.blogsoestado.com\/danielmatos\/mp-aciona-envolvidos-em-contratacao-ilegal-de-cirurgiao-dentista-em-paco-do-lumiar\/\",\"url\":\"https:\/\/www.blogsoestado.com\/danielmatos\/mp-aciona-envolvidos-em-contratacao-ilegal-de-cirurgiao-dentista-em-paco-do-lumiar\/\",\"name\":\"MP aciona envolvidos em contrata\u00e7\u00e3o ilegal de cirurgi\u00e3o-dentista em Pa\u00e7o do Lumiar - Daniel Matos\",\"isPartOf\":{\"@id\":\"https:\/\/www.blogsoestado.com\/danielmatos\/#website\"},\"datePublished\":\"2018-03-16T12:16:56+00:00\",\"author\":{\"@id\":\"\"},\"breadcrumb\":{\"@id\":\"https:\/\/www.blogsoestado.com\/danielmatos\/mp-aciona-envolvidos-em-contratacao-ilegal-de-cirurgiao-dentista-em-paco-do-lumiar\/#breadcrumb\"},\"inLanguage\":\"pt-BR\",\"potentialAction\":[{\"@type\":\"ReadAction\",\"target\":[\"https:\/\/www.blogsoestado.com\/danielmatos\/mp-aciona-envolvidos-em-contratacao-ilegal-de-cirurgiao-dentista-em-paco-do-lumiar\/\"]}]},{\"@type\":\"BreadcrumbList\",\"@id\":\"https:\/\/www.blogsoestado.com\/danielmatos\/mp-aciona-envolvidos-em-contratacao-ilegal-de-cirurgiao-dentista-em-paco-do-lumiar\/#breadcrumb\",\"itemListElement\":[{\"@type\":\"ListItem\",\"position\":1,\"name\":\"In\u00edcio\",\"item\":\"https:\/\/www.blogsoestado.com\/danielmatos\/\"},{\"@type\":\"ListItem\",\"position\":2,\"name\":\"MP aciona envolvidos em contrata\u00e7\u00e3o ilegal de cirurgi\u00e3o-dentista em Pa\u00e7o do Lumiar\"}]},{\"@type\":\"WebSite\",\"@id\":\"https:\/\/www.blogsoestado.com\/danielmatos\/#website\",\"url\":\"https:\/\/www.blogsoestado.com\/danielmatos\/\",\"name\":\"Daniel Matos\",\"description\":\"\",\"potentialAction\":[{\"@type\":\"SearchAction\",\"target\":{\"@type\":\"EntryPoint\",\"urlTemplate\":\"https:\/\/www.blogsoestado.com\/danielmatos\/?s={search_term_string}\"},\"query-input\":{\"@type\":\"PropertyValueSpecification\",\"valueRequired\":true,\"valueName\":\"search_term_string\"}}],\"inLanguage\":\"pt-BR\"}]}<\/script>\n<!-- \/ Yoast SEO plugin. -->","yoast_head_json":{"title":"MP aciona envolvidos em contrata\u00e7\u00e3o ilegal de cirurgi\u00e3o-dentista em Pa\u00e7o do Lumiar - Daniel Matos","robots":{"index":"index","follow":"follow","max-snippet":"max-snippet:-1","max-image-preview":"max-image-preview:large","max-video-preview":"max-video-preview:-1"},"canonical":"https:\/\/www.blogsoestado.com\/danielmatos\/mp-aciona-envolvidos-em-contratacao-ilegal-de-cirurgiao-dentista-em-paco-do-lumiar\/","og_locale":"pt_BR","og_type":"article","og_title":"MP aciona envolvidos em contrata\u00e7\u00e3o ilegal de cirurgi\u00e3o-dentista em Pa\u00e7o do Lumiar - Daniel Matos","og_description":"Ilegalidades na contrata\u00e7\u00e3o de um dentista para o quadro de servidores do Centro de Especialidades Odontol\u00f3gicas (CEO) de Pa\u00e7o do [&hellip;]","og_url":"https:\/\/www.blogsoestado.com\/danielmatos\/mp-aciona-envolvidos-em-contratacao-ilegal-de-cirurgiao-dentista-em-paco-do-lumiar\/","og_site_name":"Daniel Matos","article_published_time":"2018-03-16T12:16:56+00:00","twitter_card":"summary_large_image","twitter_misc":{"Est. tempo de leitura":"4 minutos"},"schema":{"@context":"https:\/\/schema.org","@graph":[{"@type":"WebPage","@id":"https:\/\/www.blogsoestado.com\/danielmatos\/mp-aciona-envolvidos-em-contratacao-ilegal-de-cirurgiao-dentista-em-paco-do-lumiar\/","url":"https:\/\/www.blogsoestado.com\/danielmatos\/mp-aciona-envolvidos-em-contratacao-ilegal-de-cirurgiao-dentista-em-paco-do-lumiar\/","name":"MP aciona envolvidos em contrata\u00e7\u00e3o ilegal de cirurgi\u00e3o-dentista em Pa\u00e7o do Lumiar - Daniel Matos","isPartOf":{"@id":"https:\/\/www.blogsoestado.com\/danielmatos\/#website"},"datePublished":"2018-03-16T12:16:56+00:00","author":{"@id":""},"breadcrumb":{"@id":"https:\/\/www.blogsoestado.com\/danielmatos\/mp-aciona-envolvidos-em-contratacao-ilegal-de-cirurgiao-dentista-em-paco-do-lumiar\/#breadcrumb"},"inLanguage":"pt-BR","potentialAction":[{"@type":"ReadAction","target":["https:\/\/www.blogsoestado.com\/danielmatos\/mp-aciona-envolvidos-em-contratacao-ilegal-de-cirurgiao-dentista-em-paco-do-lumiar\/"]}]},{"@type":"BreadcrumbList","@id":"https:\/\/www.blogsoestado.com\/danielmatos\/mp-aciona-envolvidos-em-contratacao-ilegal-de-cirurgiao-dentista-em-paco-do-lumiar\/#breadcrumb","itemListElement":[{"@type":"ListItem","position":1,"name":"In\u00edcio","item":"https:\/\/www.blogsoestado.com\/danielmatos\/"},{"@type":"ListItem","position":2,"name":"MP aciona envolvidos em contrata\u00e7\u00e3o ilegal de cirurgi\u00e3o-dentista em Pa\u00e7o do Lumiar"}]},{"@type":"WebSite","@id":"https:\/\/www.blogsoestado.com\/danielmatos\/#website","url":"https:\/\/www.blogsoestado.com\/danielmatos\/","name":"Daniel Matos","description":"","potentialAction":[{"@type":"SearchAction","target":{"@type":"EntryPoint","urlTemplate":"https:\/\/www.blogsoestado.com\/danielmatos\/?s={search_term_string}"},"query-input":{"@type":"PropertyValueSpecification","valueRequired":true,"valueName":"search_term_string"}}],"inLanguage":"pt-BR"}]}},"jetpack_featured_media_url":"","_links":{"self":[{"href":"https:\/\/www.blogsoestado.com\/danielmatos\/wp-json\/wp\/v2\/posts\/49448","targetHints":{"allow":["GET"]}}],"collection":[{"href":"https:\/\/www.blogsoestado.com\/danielmatos\/wp-json\/wp\/v2\/posts"}],"about":[{"href":"https:\/\/www.blogsoestado.com\/danielmatos\/wp-json\/wp\/v2\/types\/post"}],"replies":[{"embeddable":true,"href":"https:\/\/www.blogsoestado.com\/danielmatos\/wp-json\/wp\/v2\/comments?post=49448"}],"version-history":[{"count":0,"href":"https:\/\/www.blogsoestado.com\/danielmatos\/wp-json\/wp\/v2\/posts\/49448\/revisions"}],"wp:attachment":[{"href":"https:\/\/www.blogsoestado.com\/danielmatos\/wp-json\/wp\/v2\/media?parent=49448"}],"wp:term":[{"taxonomy":"category","embeddable":true,"href":"https:\/\/www.blogsoestado.com\/danielmatos\/wp-json\/wp\/v2\/categories?post=49448"},{"taxonomy":"post_tag","embeddable":true,"href":"https:\/\/www.blogsoestado.com\/danielmatos\/wp-json\/wp\/v2\/tags?post=49448"}],"curies":[{"name":"wp","href":"https:\/\/api.w.org\/{rel}","templated":true}]}}