{"id":49457,"date":"2018-03-16T10:05:55","date_gmt":"2018-03-16T13:05:55","guid":{"rendered":"https:\/\/www.blogsoestado.com\/danielmatos\/?p=49457"},"modified":"2018-03-16T10:05:55","modified_gmt":"2018-03-16T13:05:55","slug":"cezar-bombeiro-convida-vereadores-para-o-aniversario-do-bairro-liberdade","status":"publish","type":"post","link":"https:\/\/www.blogsoestado.com\/danielmatos\/cezar-bombeiro-convida-vereadores-para-o-aniversario-do-bairro-liberdade\/","title":{"rendered":"C\u00e9zar Bombeiro convida vereadores para o anivers\u00e1rio de 100 anos do bairro Liberdade"},"content":{"rendered":"<figure id=\"attachment_49458\" aria-describedby=\"caption-attachment-49458\" style=\"width: 448px\" class=\"wp-caption alignleft\"><img fetchpriority=\"high\" decoding=\"async\" class=\"size-full wp-image-49458\" src=\"https:\/\/www.blogsoestado.com\/danielmatos\/files\/2018\/03\/bombeiro-liberdade.jpg\" alt=\"\" width=\"448\" height=\"336\" \/><figcaption id=\"caption-attachment-49458\" class=\"wp-caption-text\">C\u00e9zar Bombeiro comemorar\u00e1 100 anos da Liberdade com festa e benfeitorias para a comunidade<\/figcaption><\/figure>\n<p>O vereador C\u00e9zar Bombeiro (PSD) foi \u00e0 tribuna da C\u00e2mara\u00a0Municipal de S\u00e3o Lu\u00eds para convidar todos os colegas de parlamento que foram votados nas comunidades da Liberdade e os que nutrem admira\u00e7\u00e3o por essa regi\u00e3o da capital para a comemora\u00e7\u00e3o do anivers\u00e1rio de 100 anos do bairro. A iniciativa de festejar a data \u00e9 do pr\u00f3prio C\u00e9zar Bombeiro, por meio de projeto de lei aprovado por unanimidade, atendendo a anseio das pr\u00f3prias comunidades, que definiram o dia 25 de maio como data de funda\u00e7\u00e3o da Liberdade.<\/p>\n<p>O vereador ressaltou que a uni\u00e3o dos vereadores poder\u00e1 proporcionar a realiza\u00e7\u00e3o de uma festa das comunidades para as comunidades. &#8220;A comemora\u00e7\u00e3o integrar\u00e1 todo o bairro Liberdade, com a participa\u00e7\u00e3o da conceituada cultura, bastante diversificada e preservada, o que \u00e9 de fundamental import\u00e2ncia para a valoriza\u00e7\u00e3o&#8221;, destacou C\u00e9zar Bombeiro.<\/p>\n<p>Com dificuldades, mas comprometido com todo o bairro, o vereador diz que tem procurado investir na educa\u00e7\u00e3o, caminho para a cidadania e para a pr\u00f3pria liberdade e forma\u00e7\u00e3o das consci\u00eancias. Ele cita como exemplo do seu empenho em prol do desenvolvimento humano na Liberdade a Escolinha de M\u00fasica Coronel Carlos Augusto, que nasceu de pedidos e das aspira\u00e7\u00f5es das fam\u00edlias de crian\u00e7as e jovens, com vistas a uma forma\u00e7\u00e3o e profissionaliza\u00e7\u00e3o mais r\u00e1pida, devido ao mercado ser bastante atraente com futuro bem promissor.<\/p>\n<p>Tamb\u00e9m movido por esse senso de responsabilidade, que o estimula a promover a educa\u00e7\u00e3o, C\u00e9zar Bombeiro anuncia a cria\u00e7\u00e3o de uma escola de inform\u00e1tica no bairro. A iniciativa atende sucessivos apelos recebidos pelo vereador no sentido de apoiar\u00a0o enfrentamento ao analfabetismo digital, bem crescente nas fam\u00edlias pobres, que n\u00e3o t\u00eam acesso a uma escola de inform\u00e1tica. &#8220;Outro fator que nos leva a oferecer tal benfeitoria \u00e0 comunidade \u00e9 a aus\u00eancia de laborat\u00f3rios de inform\u00e1tica em muitas escolas. Em outros casos,\u00a0 quando existem, os laborat\u00f3rios n\u00e3o funcionam a contento, conforme nos foi revelado durante in\u00fameras reuni\u00f5es que precederam a decis\u00e3o de criar a escola de inform\u00e1tica&#8221;, registrou C\u00e9zar Bombeiro.<\/p>\n","protected":false},"excerpt":{"rendered":"<p>O vereador C\u00e9zar Bombeiro (PSD) foi \u00e0 tribuna da C\u00e2mara\u00a0Municipal de S\u00e3o Lu\u00eds para convidar todos os colegas de parlamento [&hellip;]<\/p>\n","protected":false},"author":0,"featured_media":0,"comment_status":"open","ping_status":"open","sticky":false,"template":"","format":"standard","meta":{"site-sidebar-layout":"default","site-content-layout":"","ast-site-content-layout":"default","site-content-style":"default","site-sidebar-style":"default","ast-global-header-display":"","ast-banner-title-visibility":"","ast-main-header-display":"","ast-hfb-above-header-display":"","ast-hfb-below-header-display":"","ast-hfb-mobile-header-display":"","site-post-title":"","ast-breadcrumbs-content":"","ast-featured-img":"","footer-sml-layout":"","ast-disable-related-posts":"","theme-transparent-header-meta":"","adv-header-id-meta":"","stick-header-meta":"","header-above-stick-meta":"","header-main-stick-meta":"","header-below-stick-meta":"","astra-migrate-meta-layouts":"default","ast-page-background-enabled":"default","ast-page-background-meta":{"desktop":{"background-color":"var(--ast-global-color-5)","background-image":"","background-repeat":"repeat","background-position":"center center","background-size":"auto","background-attachment":"scroll","background-type":"","background-media":"","overlay-type":"","overlay-color":"","overlay-opacity":"","overlay-gradient":""},"tablet":{"background-color":"","background-image":"","background-repeat":"repeat","background-position":"center center","background-size":"auto","background-attachment":"scroll","background-type":"","background-media":"","overlay-type":"","overlay-color":"","overlay-opacity":"","overlay-gradient":""},"mobile":{"background-color":"","background-image":"","background-repeat":"repeat","background-position":"center center","background-size":"auto","background-attachment":"scroll","background-type":"","background-media":"","overlay-type":"","overlay-color":"","overlay-opacity":"","overlay-gradient":""}},"ast-content-background-meta":{"desktop":{"background-color":"var(--ast-global-color-4)","background-image":"","background-repeat":"repeat","background-position":"center center","background-size":"auto","background-attachment":"scroll","background-type":"","background-media":"","overlay-type":"","overlay-color":"","overlay-opacity":"","overlay-gradient":""},"tablet":{"background-color":"var(--ast-global-color-4)","background-image":"","background-repeat":"repeat","background-position":"center center","background-size":"auto","background-attachment":"scroll","background-type":"","background-media":"","overlay-type":"","overlay-color":"","overlay-opacity":"","overlay-gradient":""},"mobile":{"background-color":"var(--ast-global-color-4)","background-image":"","background-repeat":"repeat","background-position":"center center","background-size":"auto","background-attachment":"scroll","background-type":"","background-media":"","overlay-type":"","overlay-color":"","overlay-opacity":"","overlay-gradient":""}},"footnotes":""},"categories":[1],"tags":[],"class_list":["post-49457","post","type-post","status-publish","format-standard","hentry","category-sem-categoria"],"yoast_head":"<!-- This site is optimized with the Yoast SEO plugin v26.6 - https:\/\/yoast.com\/wordpress\/plugins\/seo\/ -->\n<title>C\u00e9zar Bombeiro convida vereadores para o anivers\u00e1rio de 100 anos do bairro Liberdade - Daniel Matos<\/title>\n<meta name=\"robots\" content=\"index, follow, max-snippet:-1, max-image-preview:large, max-video-preview:-1\" \/>\n<link rel=\"canonical\" href=\"https:\/\/www.blogsoestado.com\/danielmatos\/cezar-bombeiro-convida-vereadores-para-o-aniversario-do-bairro-liberdade\/\" \/>\n<meta property=\"og:locale\" content=\"pt_BR\" \/>\n<meta property=\"og:type\" content=\"article\" \/>\n<meta property=\"og:title\" content=\"C\u00e9zar Bombeiro convida vereadores para o anivers\u00e1rio de 100 anos do bairro Liberdade - Daniel Matos\" \/>\n<meta property=\"og:description\" content=\"O vereador C\u00e9zar Bombeiro (PSD) foi \u00e0 tribuna da C\u00e2mara\u00a0Municipal de S\u00e3o Lu\u00eds para convidar todos os colegas de parlamento [&hellip;]\" \/>\n<meta property=\"og:url\" content=\"https:\/\/www.blogsoestado.com\/danielmatos\/cezar-bombeiro-convida-vereadores-para-o-aniversario-do-bairro-liberdade\/\" \/>\n<meta property=\"og:site_name\" content=\"Daniel Matos\" \/>\n<meta property=\"article:published_time\" content=\"2018-03-16T13:05:55+00:00\" \/>\n<meta property=\"og:image\" content=\"https:\/\/www.blogsoestado.com\/danielmatos\/files\/2018\/03\/bombeiro-liberdade.jpg\" \/>\n<meta name=\"twitter:card\" content=\"summary_large_image\" \/>\n<meta name=\"twitter:label1\" content=\"Est. tempo de leitura\" \/>\n\t<meta name=\"twitter:data1\" content=\"2 minutos\" \/>\n<script type=\"application\/ld+json\" class=\"yoast-schema-graph\">{\"@context\":\"https:\/\/schema.org\",\"@graph\":[{\"@type\":\"WebPage\",\"@id\":\"https:\/\/www.blogsoestado.com\/danielmatos\/cezar-bombeiro-convida-vereadores-para-o-aniversario-do-bairro-liberdade\/\",\"url\":\"https:\/\/www.blogsoestado.com\/danielmatos\/cezar-bombeiro-convida-vereadores-para-o-aniversario-do-bairro-liberdade\/\",\"name\":\"C\u00e9zar Bombeiro convida vereadores para o anivers\u00e1rio de 100 anos do bairro Liberdade - Daniel Matos\",\"isPartOf\":{\"@id\":\"https:\/\/www.blogsoestado.com\/danielmatos\/#website\"},\"primaryImageOfPage\":{\"@id\":\"https:\/\/www.blogsoestado.com\/danielmatos\/cezar-bombeiro-convida-vereadores-para-o-aniversario-do-bairro-liberdade\/#primaryimage\"},\"image\":{\"@id\":\"https:\/\/www.blogsoestado.com\/danielmatos\/cezar-bombeiro-convida-vereadores-para-o-aniversario-do-bairro-liberdade\/#primaryimage\"},\"thumbnailUrl\":\"https:\/\/www.blogsoestado.com\/danielmatos\/files\/2018\/03\/bombeiro-liberdade.jpg\",\"datePublished\":\"2018-03-16T13:05:55+00:00\",\"author\":{\"@id\":\"\"},\"breadcrumb\":{\"@id\":\"https:\/\/www.blogsoestado.com\/danielmatos\/cezar-bombeiro-convida-vereadores-para-o-aniversario-do-bairro-liberdade\/#breadcrumb\"},\"inLanguage\":\"pt-BR\",\"potentialAction\":[{\"@type\":\"ReadAction\",\"target\":[\"https:\/\/www.blogsoestado.com\/danielmatos\/cezar-bombeiro-convida-vereadores-para-o-aniversario-do-bairro-liberdade\/\"]}]},{\"@type\":\"ImageObject\",\"inLanguage\":\"pt-BR\",\"@id\":\"https:\/\/www.blogsoestado.com\/danielmatos\/cezar-bombeiro-convida-vereadores-para-o-aniversario-do-bairro-liberdade\/#primaryimage\",\"url\":\"https:\/\/www.blogsoestado.com\/danielmatos\/files\/2018\/03\/bombeiro-liberdade.jpg\",\"contentUrl\":\"https:\/\/www.blogsoestado.com\/danielmatos\/files\/2018\/03\/bombeiro-liberdade.jpg\"},{\"@type\":\"BreadcrumbList\",\"@id\":\"https:\/\/www.blogsoestado.com\/danielmatos\/cezar-bombeiro-convida-vereadores-para-o-aniversario-do-bairro-liberdade\/#breadcrumb\",\"itemListElement\":[{\"@type\":\"ListItem\",\"position\":1,\"name\":\"In\u00edcio\",\"item\":\"https:\/\/www.blogsoestado.com\/danielmatos\/\"},{\"@type\":\"ListItem\",\"position\":2,\"name\":\"C\u00e9zar Bombeiro convida vereadores para o anivers\u00e1rio de 100 anos do bairro Liberdade\"}]},{\"@type\":\"WebSite\",\"@id\":\"https:\/\/www.blogsoestado.com\/danielmatos\/#website\",\"url\":\"https:\/\/www.blogsoestado.com\/danielmatos\/\",\"name\":\"Daniel Matos\",\"description\":\"\",\"potentialAction\":[{\"@type\":\"SearchAction\",\"target\":{\"@type\":\"EntryPoint\",\"urlTemplate\":\"https:\/\/www.blogsoestado.com\/danielmatos\/?s={search_term_string}\"},\"query-input\":{\"@type\":\"PropertyValueSpecification\",\"valueRequired\":true,\"valueName\":\"search_term_string\"}}],\"inLanguage\":\"pt-BR\"}]}<\/script>\n<!-- \/ Yoast SEO plugin. -->","yoast_head_json":{"title":"C\u00e9zar Bombeiro convida vereadores para o anivers\u00e1rio de 100 anos do bairro Liberdade - Daniel Matos","robots":{"index":"index","follow":"follow","max-snippet":"max-snippet:-1","max-image-preview":"max-image-preview:large","max-video-preview":"max-video-preview:-1"},"canonical":"https:\/\/www.blogsoestado.com\/danielmatos\/cezar-bombeiro-convida-vereadores-para-o-aniversario-do-bairro-liberdade\/","og_locale":"pt_BR","og_type":"article","og_title":"C\u00e9zar Bombeiro convida vereadores para o anivers\u00e1rio de 100 anos do bairro Liberdade - Daniel Matos","og_description":"O vereador C\u00e9zar Bombeiro (PSD) foi \u00e0 tribuna da C\u00e2mara\u00a0Municipal de S\u00e3o Lu\u00eds para convidar todos os colegas de parlamento [&hellip;]","og_url":"https:\/\/www.blogsoestado.com\/danielmatos\/cezar-bombeiro-convida-vereadores-para-o-aniversario-do-bairro-liberdade\/","og_site_name":"Daniel Matos","article_published_time":"2018-03-16T13:05:55+00:00","og_image":[{"url":"https:\/\/www.blogsoestado.com\/danielmatos\/files\/2018\/03\/bombeiro-liberdade.jpg","type":"","width":"","height":""}],"twitter_card":"summary_large_image","twitter_misc":{"Est. tempo de leitura":"2 minutos"},"schema":{"@context":"https:\/\/schema.org","@graph":[{"@type":"WebPage","@id":"https:\/\/www.blogsoestado.com\/danielmatos\/cezar-bombeiro-convida-vereadores-para-o-aniversario-do-bairro-liberdade\/","url":"https:\/\/www.blogsoestado.com\/danielmatos\/cezar-bombeiro-convida-vereadores-para-o-aniversario-do-bairro-liberdade\/","name":"C\u00e9zar Bombeiro convida vereadores para o anivers\u00e1rio de 100 anos do bairro Liberdade - Daniel Matos","isPartOf":{"@id":"https:\/\/www.blogsoestado.com\/danielmatos\/#website"},"primaryImageOfPage":{"@id":"https:\/\/www.blogsoestado.com\/danielmatos\/cezar-bombeiro-convida-vereadores-para-o-aniversario-do-bairro-liberdade\/#primaryimage"},"image":{"@id":"https:\/\/www.blogsoestado.com\/danielmatos\/cezar-bombeiro-convida-vereadores-para-o-aniversario-do-bairro-liberdade\/#primaryimage"},"thumbnailUrl":"https:\/\/www.blogsoestado.com\/danielmatos\/files\/2018\/03\/bombeiro-liberdade.jpg","datePublished":"2018-03-16T13:05:55+00:00","author":{"@id":""},"breadcrumb":{"@id":"https:\/\/www.blogsoestado.com\/danielmatos\/cezar-bombeiro-convida-vereadores-para-o-aniversario-do-bairro-liberdade\/#breadcrumb"},"inLanguage":"pt-BR","potentialAction":[{"@type":"ReadAction","target":["https:\/\/www.blogsoestado.com\/danielmatos\/cezar-bombeiro-convida-vereadores-para-o-aniversario-do-bairro-liberdade\/"]}]},{"@type":"ImageObject","inLanguage":"pt-BR","@id":"https:\/\/www.blogsoestado.com\/danielmatos\/cezar-bombeiro-convida-vereadores-para-o-aniversario-do-bairro-liberdade\/#primaryimage","url":"https:\/\/www.blogsoestado.com\/danielmatos\/files\/2018\/03\/bombeiro-liberdade.jpg","contentUrl":"https:\/\/www.blogsoestado.com\/danielmatos\/files\/2018\/03\/bombeiro-liberdade.jpg"},{"@type":"BreadcrumbList","@id":"https:\/\/www.blogsoestado.com\/danielmatos\/cezar-bombeiro-convida-vereadores-para-o-aniversario-do-bairro-liberdade\/#breadcrumb","itemListElement":[{"@type":"ListItem","position":1,"name":"In\u00edcio","item":"https:\/\/www.blogsoestado.com\/danielmatos\/"},{"@type":"ListItem","position":2,"name":"C\u00e9zar Bombeiro convida vereadores para o anivers\u00e1rio de 100 anos do bairro Liberdade"}]},{"@type":"WebSite","@id":"https:\/\/www.blogsoestado.com\/danielmatos\/#website","url":"https:\/\/www.blogsoestado.com\/danielmatos\/","name":"Daniel Matos","description":"","potentialAction":[{"@type":"SearchAction","target":{"@type":"EntryPoint","urlTemplate":"https:\/\/www.blogsoestado.com\/danielmatos\/?s={search_term_string}"},"query-input":{"@type":"PropertyValueSpecification","valueRequired":true,"valueName":"search_term_string"}}],"inLanguage":"pt-BR"}]}},"jetpack_featured_media_url":"","_links":{"self":[{"href":"https:\/\/www.blogsoestado.com\/danielmatos\/wp-json\/wp\/v2\/posts\/49457","targetHints":{"allow":["GET"]}}],"collection":[{"href":"https:\/\/www.blogsoestado.com\/danielmatos\/wp-json\/wp\/v2\/posts"}],"about":[{"href":"https:\/\/www.blogsoestado.com\/danielmatos\/wp-json\/wp\/v2\/types\/post"}],"replies":[{"embeddable":true,"href":"https:\/\/www.blogsoestado.com\/danielmatos\/wp-json\/wp\/v2\/comments?post=49457"}],"version-history":[{"count":0,"href":"https:\/\/www.blogsoestado.com\/danielmatos\/wp-json\/wp\/v2\/posts\/49457\/revisions"}],"wp:attachment":[{"href":"https:\/\/www.blogsoestado.com\/danielmatos\/wp-json\/wp\/v2\/media?parent=49457"}],"wp:term":[{"taxonomy":"category","embeddable":true,"href":"https:\/\/www.blogsoestado.com\/danielmatos\/wp-json\/wp\/v2\/categories?post=49457"},{"taxonomy":"post_tag","embeddable":true,"href":"https:\/\/www.blogsoestado.com\/danielmatos\/wp-json\/wp\/v2\/tags?post=49457"}],"curies":[{"name":"wp","href":"https:\/\/api.w.org\/{rel}","templated":true}]}}