{"id":49479,"date":"2018-03-16T16:02:51","date_gmt":"2018-03-16T19:02:51","guid":{"rendered":"https:\/\/www.blogsoestado.com\/danielmatos\/?p=49479"},"modified":"2018-03-16T16:02:51","modified_gmt":"2018-03-16T19:02:51","slug":"desafio-das-trilhas-em-morros-neste-sabado","status":"publish","type":"post","link":"https:\/\/www.blogsoestado.com\/danielmatos\/desafio-das-trilhas-em-morros-neste-sabado\/","title":{"rendered":"Desafio das Trilhas em Morros, neste s\u00e1bado"},"content":{"rendered":"<figure id=\"attachment_49480\" aria-describedby=\"caption-attachment-49480\" style=\"width: 640px\" class=\"wp-caption aligncenter\"><img fetchpriority=\"high\" decoding=\"async\" class=\"size-full wp-image-49480\" src=\"https:\/\/www.blogsoestado.com\/danielmatos\/files\/2018\/03\/paparazzi.jpg\" alt=\"\" width=\"640\" height=\"427\" \/><figcaption id=\"caption-attachment-49480\" class=\"wp-caption-text\">Aficionado por esportes de a\u00e7\u00e3o, \u00ectalo &#8220;Paparazzi&#8221; Gomes (de laranja) \u00e9 o idealizador da competi\u00e7\u00e3o<\/figcaption><\/figure>\n<p>Acontece neste s\u00e1bado (17), no munic\u00edpio de Morros, o Desafio das Trilhas &#8211; 2018, evento de corrida em trilhas \u201ctrail run\u201d. O Desafio das Trilhas &#8211; 2018 ter\u00e1 duas etapas: a primeira em Morros, munic\u00edpio prop\u00edcio \u00e0 pr\u00e1tica de esportes de aventura, quee j\u00e1 recebeu esse evento em 2017, e a segunda em S\u00e3o Lu\u00eds.<\/p>\n<p>Desafio das Trilhas \u00e9 uma competi\u00e7\u00e3o e um desafio pessoal de correr em trilhas, e para quem busca esporte ao ar livre, \u00e9 um evento diferenciado e \u00fanico com percurso, num ambiente que mistura divers\u00e3o com pr\u00e1tica esportiva de a\u00e7\u00e3o! e esbanja energia e alto astral aos competidores. O desafio acontece no s\u00e1bado pela manh\u00e3 com temperatura amena que propicia uma melhor performance e conforto durante as passadas nas trilhas, al\u00e9m de gerar um clima de descontra\u00e7\u00e3o entre os atletas.<\/p>\n<p>Neste segundo ano a organiza\u00e7\u00e3o est\u00e1 restringindo as inscri\u00e7\u00f5es para no m\u00e1ximo sessenta atletas, mas a ideia \u00e9 que em 2019 esse n\u00famero cres\u00e7a, pois de acordo com o idealizador \u00cdtalo \u201cPaparazzi\u2019 Gomes aficionado por esportes de a\u00e7\u00e3o, esse tipo de corrida vem crescendo no Brasil e em outros pa\u00edses, pois traz uma nova perspectiva para os praticantes de corrida de rua.<\/p>\n<p>Correr em trilhas, em meio \u00e0 natureza e superando os seus limites, \u00e9 uma experi\u00eancia \u00fanica para os competidores que completam o percurso. Disse \u00cdtalo \u201cpaparazzi\u201d Gomes.<\/p>\n<p><strong>Servi\u00e7o<\/strong><\/p>\n<p><strong>O que:<\/strong> evento de car\u00e1ter competitivo e desafio pessoal com objetivo de desenvolver a pr\u00e1tica de<br \/>\ncorrida em trilhas no estado do Maranh\u00e3o.<\/p>\n<p><strong>Percurso:<\/strong> 9 quil\u00f4metros e 700 metros.<\/p>\n<p><strong>Modalidade:<\/strong> corrida em trilhas (trail run)<\/p>\n<p><strong>Data:<\/strong> 17 de mar\u00e7o de 2018<\/p>\n<p><strong>Concentra\u00e7\u00e3o:<\/strong> 6h15, na pra\u00e7a do Viva.<\/p>\n<p><strong>Hor\u00e1rio de largada:<\/strong> 7h<\/p>\n<p><strong>Local:<\/strong> Morros \u2013 Maranh\u00e3o \u2013 Brasil.<\/p>\n<p><strong>Categoria:<\/strong> masculina\/feminina (individual).<\/p>\n<p><strong>Premia\u00e7\u00e3o:<\/strong> medalhas para todos os inscritos, trof\u00e9us para os 03(tr\u00eas) primeiros colocados na<br \/>\ncategoria masculina\/feminina e sorteio de brindes.<\/p>\n","protected":false},"excerpt":{"rendered":"<p>Acontece neste s\u00e1bado (17), no munic\u00edpio de Morros, o Desafio das Trilhas &#8211; 2018, evento de corrida em trilhas \u201ctrail [&hellip;]<\/p>\n","protected":false},"author":0,"featured_media":0,"comment_status":"open","ping_status":"open","sticky":false,"template":"","format":"standard","meta":{"site-sidebar-layout":"default","site-content-layout":"","ast-site-content-layout":"default","site-content-style":"default","site-sidebar-style":"default","ast-global-header-display":"","ast-banner-title-visibility":"","ast-main-header-display":"","ast-hfb-above-header-display":"","ast-hfb-below-header-display":"","ast-hfb-mobile-header-display":"","site-post-title":"","ast-breadcrumbs-content":"","ast-featured-img":"","footer-sml-layout":"","ast-disable-related-posts":"","theme-transparent-header-meta":"","adv-header-id-meta":"","stick-header-meta":"","header-above-stick-meta":"","header-main-stick-meta":"","header-below-stick-meta":"","astra-migrate-meta-layouts":"default","ast-page-background-enabled":"default","ast-page-background-meta":{"desktop":{"background-color":"var(--ast-global-color-5)","background-image":"","background-repeat":"repeat","background-position":"center center","background-size":"auto","background-attachment":"scroll","background-type":"","background-media":"","overlay-type":"","overlay-color":"","overlay-opacity":"","overlay-gradient":""},"tablet":{"background-color":"","background-image":"","background-repeat":"repeat","background-position":"center center","background-size":"auto","background-attachment":"scroll","background-type":"","background-media":"","overlay-type":"","overlay-color":"","overlay-opacity":"","overlay-gradient":""},"mobile":{"background-color":"","background-image":"","background-repeat":"repeat","background-position":"center center","background-size":"auto","background-attachment":"scroll","background-type":"","background-media":"","overlay-type":"","overlay-color":"","overlay-opacity":"","overlay-gradient":""}},"ast-content-background-meta":{"desktop":{"background-color":"var(--ast-global-color-4)","background-image":"","background-repeat":"repeat","background-position":"center center","background-size":"auto","background-attachment":"scroll","background-type":"","background-media":"","overlay-type":"","overlay-color":"","overlay-opacity":"","overlay-gradient":""},"tablet":{"background-color":"var(--ast-global-color-4)","background-image":"","background-repeat":"repeat","background-position":"center center","background-size":"auto","background-attachment":"scroll","background-type":"","background-media":"","overlay-type":"","overlay-color":"","overlay-opacity":"","overlay-gradient":""},"mobile":{"background-color":"var(--ast-global-color-4)","background-image":"","background-repeat":"repeat","background-position":"center center","background-size":"auto","background-attachment":"scroll","background-type":"","background-media":"","overlay-type":"","overlay-color":"","overlay-opacity":"","overlay-gradient":""}},"footnotes":""},"categories":[1],"tags":[],"class_list":["post-49479","post","type-post","status-publish","format-standard","hentry","category-sem-categoria"],"yoast_head":"<!-- This site is optimized with the Yoast SEO plugin v26.6 - https:\/\/yoast.com\/wordpress\/plugins\/seo\/ -->\n<title>Desafio das Trilhas em Morros, neste s\u00e1bado - Daniel Matos<\/title>\n<meta name=\"robots\" content=\"index, follow, max-snippet:-1, max-image-preview:large, max-video-preview:-1\" \/>\n<link rel=\"canonical\" href=\"https:\/\/www.blogsoestado.com\/danielmatos\/desafio-das-trilhas-em-morros-neste-sabado\/\" \/>\n<meta property=\"og:locale\" content=\"pt_BR\" \/>\n<meta property=\"og:type\" content=\"article\" \/>\n<meta property=\"og:title\" content=\"Desafio das Trilhas em Morros, neste s\u00e1bado - Daniel Matos\" \/>\n<meta property=\"og:description\" content=\"Acontece neste s\u00e1bado (17), no munic\u00edpio de Morros, o Desafio das Trilhas &#8211; 2018, evento de corrida em trilhas \u201ctrail [&hellip;]\" \/>\n<meta property=\"og:url\" content=\"https:\/\/www.blogsoestado.com\/danielmatos\/desafio-das-trilhas-em-morros-neste-sabado\/\" \/>\n<meta property=\"og:site_name\" content=\"Daniel Matos\" \/>\n<meta property=\"article:published_time\" content=\"2018-03-16T19:02:51+00:00\" \/>\n<meta property=\"og:image\" content=\"https:\/\/www.blogsoestado.com\/danielmatos\/files\/2018\/03\/paparazzi.jpg\" \/>\n<meta name=\"twitter:card\" content=\"summary_large_image\" \/>\n<meta name=\"twitter:label1\" content=\"Est. tempo de leitura\" \/>\n\t<meta name=\"twitter:data1\" content=\"2 minutos\" \/>\n<script type=\"application\/ld+json\" class=\"yoast-schema-graph\">{\"@context\":\"https:\/\/schema.org\",\"@graph\":[{\"@type\":\"WebPage\",\"@id\":\"https:\/\/www.blogsoestado.com\/danielmatos\/desafio-das-trilhas-em-morros-neste-sabado\/\",\"url\":\"https:\/\/www.blogsoestado.com\/danielmatos\/desafio-das-trilhas-em-morros-neste-sabado\/\",\"name\":\"Desafio das Trilhas em Morros, neste s\u00e1bado - Daniel Matos\",\"isPartOf\":{\"@id\":\"https:\/\/www.blogsoestado.com\/danielmatos\/#website\"},\"primaryImageOfPage\":{\"@id\":\"https:\/\/www.blogsoestado.com\/danielmatos\/desafio-das-trilhas-em-morros-neste-sabado\/#primaryimage\"},\"image\":{\"@id\":\"https:\/\/www.blogsoestado.com\/danielmatos\/desafio-das-trilhas-em-morros-neste-sabado\/#primaryimage\"},\"thumbnailUrl\":\"https:\/\/www.blogsoestado.com\/danielmatos\/files\/2018\/03\/paparazzi.jpg\",\"datePublished\":\"2018-03-16T19:02:51+00:00\",\"author\":{\"@id\":\"\"},\"breadcrumb\":{\"@id\":\"https:\/\/www.blogsoestado.com\/danielmatos\/desafio-das-trilhas-em-morros-neste-sabado\/#breadcrumb\"},\"inLanguage\":\"pt-BR\",\"potentialAction\":[{\"@type\":\"ReadAction\",\"target\":[\"https:\/\/www.blogsoestado.com\/danielmatos\/desafio-das-trilhas-em-morros-neste-sabado\/\"]}]},{\"@type\":\"ImageObject\",\"inLanguage\":\"pt-BR\",\"@id\":\"https:\/\/www.blogsoestado.com\/danielmatos\/desafio-das-trilhas-em-morros-neste-sabado\/#primaryimage\",\"url\":\"https:\/\/www.blogsoestado.com\/danielmatos\/files\/2018\/03\/paparazzi.jpg\",\"contentUrl\":\"https:\/\/www.blogsoestado.com\/danielmatos\/files\/2018\/03\/paparazzi.jpg\"},{\"@type\":\"BreadcrumbList\",\"@id\":\"https:\/\/www.blogsoestado.com\/danielmatos\/desafio-das-trilhas-em-morros-neste-sabado\/#breadcrumb\",\"itemListElement\":[{\"@type\":\"ListItem\",\"position\":1,\"name\":\"In\u00edcio\",\"item\":\"https:\/\/www.blogsoestado.com\/danielmatos\/\"},{\"@type\":\"ListItem\",\"position\":2,\"name\":\"Desafio das Trilhas em Morros, neste s\u00e1bado\"}]},{\"@type\":\"WebSite\",\"@id\":\"https:\/\/www.blogsoestado.com\/danielmatos\/#website\",\"url\":\"https:\/\/www.blogsoestado.com\/danielmatos\/\",\"name\":\"Daniel Matos\",\"description\":\"\",\"potentialAction\":[{\"@type\":\"SearchAction\",\"target\":{\"@type\":\"EntryPoint\",\"urlTemplate\":\"https:\/\/www.blogsoestado.com\/danielmatos\/?s={search_term_string}\"},\"query-input\":{\"@type\":\"PropertyValueSpecification\",\"valueRequired\":true,\"valueName\":\"search_term_string\"}}],\"inLanguage\":\"pt-BR\"}]}<\/script>\n<!-- \/ Yoast SEO plugin. -->","yoast_head_json":{"title":"Desafio das Trilhas em Morros, neste s\u00e1bado - Daniel Matos","robots":{"index":"index","follow":"follow","max-snippet":"max-snippet:-1","max-image-preview":"max-image-preview:large","max-video-preview":"max-video-preview:-1"},"canonical":"https:\/\/www.blogsoestado.com\/danielmatos\/desafio-das-trilhas-em-morros-neste-sabado\/","og_locale":"pt_BR","og_type":"article","og_title":"Desafio das Trilhas em Morros, neste s\u00e1bado - Daniel Matos","og_description":"Acontece neste s\u00e1bado (17), no munic\u00edpio de Morros, o Desafio das Trilhas &#8211; 2018, evento de corrida em trilhas \u201ctrail [&hellip;]","og_url":"https:\/\/www.blogsoestado.com\/danielmatos\/desafio-das-trilhas-em-morros-neste-sabado\/","og_site_name":"Daniel Matos","article_published_time":"2018-03-16T19:02:51+00:00","og_image":[{"url":"https:\/\/www.blogsoestado.com\/danielmatos\/files\/2018\/03\/paparazzi.jpg","type":"","width":"","height":""}],"twitter_card":"summary_large_image","twitter_misc":{"Est. tempo de leitura":"2 minutos"},"schema":{"@context":"https:\/\/schema.org","@graph":[{"@type":"WebPage","@id":"https:\/\/www.blogsoestado.com\/danielmatos\/desafio-das-trilhas-em-morros-neste-sabado\/","url":"https:\/\/www.blogsoestado.com\/danielmatos\/desafio-das-trilhas-em-morros-neste-sabado\/","name":"Desafio das Trilhas em Morros, neste s\u00e1bado - Daniel Matos","isPartOf":{"@id":"https:\/\/www.blogsoestado.com\/danielmatos\/#website"},"primaryImageOfPage":{"@id":"https:\/\/www.blogsoestado.com\/danielmatos\/desafio-das-trilhas-em-morros-neste-sabado\/#primaryimage"},"image":{"@id":"https:\/\/www.blogsoestado.com\/danielmatos\/desafio-das-trilhas-em-morros-neste-sabado\/#primaryimage"},"thumbnailUrl":"https:\/\/www.blogsoestado.com\/danielmatos\/files\/2018\/03\/paparazzi.jpg","datePublished":"2018-03-16T19:02:51+00:00","author":{"@id":""},"breadcrumb":{"@id":"https:\/\/www.blogsoestado.com\/danielmatos\/desafio-das-trilhas-em-morros-neste-sabado\/#breadcrumb"},"inLanguage":"pt-BR","potentialAction":[{"@type":"ReadAction","target":["https:\/\/www.blogsoestado.com\/danielmatos\/desafio-das-trilhas-em-morros-neste-sabado\/"]}]},{"@type":"ImageObject","inLanguage":"pt-BR","@id":"https:\/\/www.blogsoestado.com\/danielmatos\/desafio-das-trilhas-em-morros-neste-sabado\/#primaryimage","url":"https:\/\/www.blogsoestado.com\/danielmatos\/files\/2018\/03\/paparazzi.jpg","contentUrl":"https:\/\/www.blogsoestado.com\/danielmatos\/files\/2018\/03\/paparazzi.jpg"},{"@type":"BreadcrumbList","@id":"https:\/\/www.blogsoestado.com\/danielmatos\/desafio-das-trilhas-em-morros-neste-sabado\/#breadcrumb","itemListElement":[{"@type":"ListItem","position":1,"name":"In\u00edcio","item":"https:\/\/www.blogsoestado.com\/danielmatos\/"},{"@type":"ListItem","position":2,"name":"Desafio das Trilhas em Morros, neste s\u00e1bado"}]},{"@type":"WebSite","@id":"https:\/\/www.blogsoestado.com\/danielmatos\/#website","url":"https:\/\/www.blogsoestado.com\/danielmatos\/","name":"Daniel Matos","description":"","potentialAction":[{"@type":"SearchAction","target":{"@type":"EntryPoint","urlTemplate":"https:\/\/www.blogsoestado.com\/danielmatos\/?s={search_term_string}"},"query-input":{"@type":"PropertyValueSpecification","valueRequired":true,"valueName":"search_term_string"}}],"inLanguage":"pt-BR"}]}},"jetpack_featured_media_url":"","_links":{"self":[{"href":"https:\/\/www.blogsoestado.com\/danielmatos\/wp-json\/wp\/v2\/posts\/49479","targetHints":{"allow":["GET"]}}],"collection":[{"href":"https:\/\/www.blogsoestado.com\/danielmatos\/wp-json\/wp\/v2\/posts"}],"about":[{"href":"https:\/\/www.blogsoestado.com\/danielmatos\/wp-json\/wp\/v2\/types\/post"}],"replies":[{"embeddable":true,"href":"https:\/\/www.blogsoestado.com\/danielmatos\/wp-json\/wp\/v2\/comments?post=49479"}],"version-history":[{"count":0,"href":"https:\/\/www.blogsoestado.com\/danielmatos\/wp-json\/wp\/v2\/posts\/49479\/revisions"}],"wp:attachment":[{"href":"https:\/\/www.blogsoestado.com\/danielmatos\/wp-json\/wp\/v2\/media?parent=49479"}],"wp:term":[{"taxonomy":"category","embeddable":true,"href":"https:\/\/www.blogsoestado.com\/danielmatos\/wp-json\/wp\/v2\/categories?post=49479"},{"taxonomy":"post_tag","embeddable":true,"href":"https:\/\/www.blogsoestado.com\/danielmatos\/wp-json\/wp\/v2\/tags?post=49479"}],"curies":[{"name":"wp","href":"https:\/\/api.w.org\/{rel}","templated":true}]}}