{"id":49482,"date":"2018-03-16T19:00:29","date_gmt":"2018-03-16T22:00:29","guid":{"rendered":"https:\/\/www.blogsoestado.com\/danielmatos\/?p=49482"},"modified":"2018-03-16T19:00:29","modified_gmt":"2018-03-16T22:00:29","slug":"sousa-neto-repercute-carta-de-ricardo-murad-que-denuncia-farra-de-capelaes-promovida-por-flavio-dino","status":"publish","type":"post","link":"https:\/\/www.blogsoestado.com\/danielmatos\/sousa-neto-repercute-carta-de-ricardo-murad-que-denuncia-farra-de-capelaes-promovida-por-flavio-dino\/","title":{"rendered":"Sousa Neto repercute carta de Ricardo Murad que denuncia farra de capel\u00e3es promovida por Fl\u00e1vio Dino"},"content":{"rendered":"<figure id=\"attachment_49483\" aria-describedby=\"caption-attachment-49483\" style=\"width: 448px\" class=\"wp-caption alignright\"><img fetchpriority=\"high\" decoding=\"async\" class=\"size-full wp-image-49483\" src=\"https:\/\/www.blogsoestado.com\/danielmatos\/files\/2018\/03\/sousa-capelaes.jpg\" alt=\"\" width=\"448\" height=\"297\" \/><figcaption id=\"caption-attachment-49483\" class=\"wp-caption-text\">Sousa Neto repercutiu, na tribuna da Assembleia, carta de Ricardo Murad que denuncia farra de capel\u00e3es promovida por Fl\u00e1vio Dino<\/figcaption><\/figure>\n<p>Em discurso na tribuna da Assembleia Legislativa, o deputado estadual Sousa Neto (Pros) abordou o conte\u00fado de uma carta, amplamente divulgada na imprensa, em que o ex-deputado e ex-secret\u00e1rio de Sa\u00fade Ricardo Murad alerta para a farra da nomea\u00e7\u00f5es de capel\u00e3es militares promovida pelo governador Fl\u00e1vio Dino (PCdoB). Na carta, Murad dirige-se a padres, pastores, a religiosos de todas as igrejas e credos e ao povo em geral, afirmando ser imposs\u00edvel guardar sil\u00eancio ao ver o Maranh\u00e3o afundar em uma administra\u00e7\u00e3o desastrada, que contraria as pr\u00e1ticas que ele acredita serem o melhor para o estado.<\/p>\n<p>&#8220;Minhas a\u00e7\u00f5es, durante toda a minha vida p\u00fablica, foram baseadas na verdade e na sinceridade. Quem me conhece mais de perto sabe disso. As loucuras de Fl\u00e1vio Dino ultrapassaram todos os limites. A busca pela reelei\u00e7\u00e3o faz com que ele transgrida as leis e os valores, nada o det\u00e9m. S\u00f3 que agora ele se superou. Se na hist\u00f3ria pol\u00edtica do Maranh\u00e3o j\u00e1 se viu de tudo, com ele, estamos assistindo coisas inimagin\u00e1veis. Imaginem um louco, num carro desgovernado e sem freios, numa ladeira, e ver\u00e3o Fl\u00e1vio Dino \u00e0 frente da m\u00e1quina p\u00fablica&#8221;, registra o ex-secret\u00e1rio na carta.<\/p>\n<p>Murad alerta que agora, no \u00e1pice do del\u00edrio, o comunista criou dezenas de cargos comissionados para nomear pessoas estranhas aos quadros das pol\u00edcias civil, militar e do Corpo de Bombeiros para ocupar postos de capel\u00e3es. &#8220;Sem concurso p\u00fablico, pessoas estranhas \u00e0 carreira militar e policial, como padres e pastores, ser\u00e3o nomeadas nas patentes de coronel, tenente-coronel, major, tenente, para prestar, segundo Fl\u00e1vio Dino, assist\u00eancia religiosa aos integrantes do sistema de seguran\u00e7a estadual e aos presos do sistema de administra\u00e7\u00e3o penitenci\u00e1ria, com sal\u00e1rios de at\u00e9 R$ 16 mil.<\/p>\n<p>&#8220;Ser\u00e1 que se lembrou dos esp\u00edritas, dos budistas, dos umbandistas? Conhe\u00e7o e sei de centenas e centenas de padres e pastores que se dedicam aos presos, enfermos, dependentes de drogas, pessoas com problemas mentais, sem receber nada em troca por todo o Maranh\u00e3o. Por que n\u00e3o as nomear tamb\u00e9m?&#8221;, questiona.<\/p>\n<p><strong>Confira o pronunciamento de Sousa Neto:<\/strong><\/p>\n<div class=\"ast-oembed-container \" style=\"height: 100%;\"><iframe title=\"Sousa Neto denuncia farra comunista de capel\u00e3es\" width=\"500\" height=\"281\" src=\"https:\/\/www.youtube.com\/embed\/-qKWZKpR2t0?start=37&#038;feature=oembed\" frameborder=\"0\" allow=\"accelerometer; autoplay; clipboard-write; encrypted-media; gyroscope; picture-in-picture; web-share\" referrerpolicy=\"strict-origin-when-cross-origin\" allowfullscreen><\/iframe><\/div>\n","protected":false},"excerpt":{"rendered":"<p>Em discurso na tribuna da Assembleia Legislativa, o deputado estadual Sousa Neto (Pros) abordou o conte\u00fado de uma carta, amplamente [&hellip;]<\/p>\n","protected":false},"author":0,"featured_media":0,"comment_status":"open","ping_status":"open","sticky":false,"template":"","format":"standard","meta":{"site-sidebar-layout":"default","site-content-layout":"","ast-site-content-layout":"default","site-content-style":"default","site-sidebar-style":"default","ast-global-header-display":"","ast-banner-title-visibility":"","ast-main-header-display":"","ast-hfb-above-header-display":"","ast-hfb-below-header-display":"","ast-hfb-mobile-header-display":"","site-post-title":"","ast-breadcrumbs-content":"","ast-featured-img":"","footer-sml-layout":"","ast-disable-related-posts":"","theme-transparent-header-meta":"","adv-header-id-meta":"","stick-header-meta":"","header-above-stick-meta":"","header-main-stick-meta":"","header-below-stick-meta":"","astra-migrate-meta-layouts":"default","ast-page-background-enabled":"default","ast-page-background-meta":{"desktop":{"background-color":"var(--ast-global-color-5)","background-image":"","background-repeat":"repeat","background-position":"center center","background-size":"auto","background-attachment":"scroll","background-type":"","background-media":"","overlay-type":"","overlay-color":"","overlay-opacity":"","overlay-gradient":""},"tablet":{"background-color":"","background-image":"","background-repeat":"repeat","background-position":"center center","background-size":"auto","background-attachment":"scroll","background-type":"","background-media":"","overlay-type":"","overlay-color":"","overlay-opacity":"","overlay-gradient":""},"mobile":{"background-color":"","background-image":"","background-repeat":"repeat","background-position":"center center","background-size":"auto","background-attachment":"scroll","background-type":"","background-media":"","overlay-type":"","overlay-color":"","overlay-opacity":"","overlay-gradient":""}},"ast-content-background-meta":{"desktop":{"background-color":"var(--ast-global-color-4)","background-image":"","background-repeat":"repeat","background-position":"center center","background-size":"auto","background-attachment":"scroll","background-type":"","background-media":"","overlay-type":"","overlay-color":"","overlay-opacity":"","overlay-gradient":""},"tablet":{"background-color":"var(--ast-global-color-4)","background-image":"","background-repeat":"repeat","background-position":"center center","background-size":"auto","background-attachment":"scroll","background-type":"","background-media":"","overlay-type":"","overlay-color":"","overlay-opacity":"","overlay-gradient":""},"mobile":{"background-color":"var(--ast-global-color-4)","background-image":"","background-repeat":"repeat","background-position":"center center","background-size":"auto","background-attachment":"scroll","background-type":"","background-media":"","overlay-type":"","overlay-color":"","overlay-opacity":"","overlay-gradient":""}},"footnotes":""},"categories":[1],"tags":[],"class_list":["post-49482","post","type-post","status-publish","format-standard","hentry","category-sem-categoria"],"yoast_head":"<!-- This site is optimized with the Yoast SEO plugin v26.6 - https:\/\/yoast.com\/wordpress\/plugins\/seo\/ -->\n<title>Sousa Neto repercute carta de Ricardo Murad que denuncia farra de capel\u00e3es promovida por Fl\u00e1vio Dino - Daniel Matos<\/title>\n<meta name=\"robots\" content=\"index, follow, max-snippet:-1, max-image-preview:large, max-video-preview:-1\" \/>\n<link rel=\"canonical\" href=\"https:\/\/www.blogsoestado.com\/danielmatos\/sousa-neto-repercute-carta-de-ricardo-murad-que-denuncia-farra-de-capelaes-promovida-por-flavio-dino\/\" \/>\n<meta property=\"og:locale\" content=\"pt_BR\" \/>\n<meta property=\"og:type\" content=\"article\" \/>\n<meta property=\"og:title\" content=\"Sousa Neto repercute carta de Ricardo Murad que denuncia farra de capel\u00e3es promovida por Fl\u00e1vio Dino - Daniel Matos\" \/>\n<meta property=\"og:description\" content=\"Em discurso na tribuna da Assembleia Legislativa, o deputado estadual Sousa Neto (Pros) abordou o conte\u00fado de uma carta, amplamente [&hellip;]\" \/>\n<meta property=\"og:url\" content=\"https:\/\/www.blogsoestado.com\/danielmatos\/sousa-neto-repercute-carta-de-ricardo-murad-que-denuncia-farra-de-capelaes-promovida-por-flavio-dino\/\" \/>\n<meta property=\"og:site_name\" content=\"Daniel Matos\" \/>\n<meta property=\"article:published_time\" content=\"2018-03-16T22:00:29+00:00\" \/>\n<meta property=\"og:image\" content=\"https:\/\/www.blogsoestado.com\/danielmatos\/files\/2018\/03\/sousa-capelaes.jpg\" \/>\n<meta name=\"twitter:card\" content=\"summary_large_image\" \/>\n<meta name=\"twitter:label1\" content=\"Est. tempo de leitura\" \/>\n\t<meta name=\"twitter:data1\" content=\"2 minutos\" \/>\n<script type=\"application\/ld+json\" class=\"yoast-schema-graph\">{\"@context\":\"https:\/\/schema.org\",\"@graph\":[{\"@type\":\"WebPage\",\"@id\":\"https:\/\/www.blogsoestado.com\/danielmatos\/sousa-neto-repercute-carta-de-ricardo-murad-que-denuncia-farra-de-capelaes-promovida-por-flavio-dino\/\",\"url\":\"https:\/\/www.blogsoestado.com\/danielmatos\/sousa-neto-repercute-carta-de-ricardo-murad-que-denuncia-farra-de-capelaes-promovida-por-flavio-dino\/\",\"name\":\"Sousa Neto repercute carta de Ricardo Murad que denuncia farra de capel\u00e3es promovida por Fl\u00e1vio Dino - Daniel Matos\",\"isPartOf\":{\"@id\":\"https:\/\/www.blogsoestado.com\/danielmatos\/#website\"},\"primaryImageOfPage\":{\"@id\":\"https:\/\/www.blogsoestado.com\/danielmatos\/sousa-neto-repercute-carta-de-ricardo-murad-que-denuncia-farra-de-capelaes-promovida-por-flavio-dino\/#primaryimage\"},\"image\":{\"@id\":\"https:\/\/www.blogsoestado.com\/danielmatos\/sousa-neto-repercute-carta-de-ricardo-murad-que-denuncia-farra-de-capelaes-promovida-por-flavio-dino\/#primaryimage\"},\"thumbnailUrl\":\"https:\/\/www.blogsoestado.com\/danielmatos\/files\/2018\/03\/sousa-capelaes.jpg\",\"datePublished\":\"2018-03-16T22:00:29+00:00\",\"author\":{\"@id\":\"\"},\"breadcrumb\":{\"@id\":\"https:\/\/www.blogsoestado.com\/danielmatos\/sousa-neto-repercute-carta-de-ricardo-murad-que-denuncia-farra-de-capelaes-promovida-por-flavio-dino\/#breadcrumb\"},\"inLanguage\":\"pt-BR\",\"potentialAction\":[{\"@type\":\"ReadAction\",\"target\":[\"https:\/\/www.blogsoestado.com\/danielmatos\/sousa-neto-repercute-carta-de-ricardo-murad-que-denuncia-farra-de-capelaes-promovida-por-flavio-dino\/\"]}]},{\"@type\":\"ImageObject\",\"inLanguage\":\"pt-BR\",\"@id\":\"https:\/\/www.blogsoestado.com\/danielmatos\/sousa-neto-repercute-carta-de-ricardo-murad-que-denuncia-farra-de-capelaes-promovida-por-flavio-dino\/#primaryimage\",\"url\":\"https:\/\/www.blogsoestado.com\/danielmatos\/files\/2018\/03\/sousa-capelaes.jpg\",\"contentUrl\":\"https:\/\/www.blogsoestado.com\/danielmatos\/files\/2018\/03\/sousa-capelaes.jpg\"},{\"@type\":\"BreadcrumbList\",\"@id\":\"https:\/\/www.blogsoestado.com\/danielmatos\/sousa-neto-repercute-carta-de-ricardo-murad-que-denuncia-farra-de-capelaes-promovida-por-flavio-dino\/#breadcrumb\",\"itemListElement\":[{\"@type\":\"ListItem\",\"position\":1,\"name\":\"In\u00edcio\",\"item\":\"https:\/\/www.blogsoestado.com\/danielmatos\/\"},{\"@type\":\"ListItem\",\"position\":2,\"name\":\"Sousa Neto repercute carta de Ricardo Murad que denuncia farra de capel\u00e3es promovida por Fl\u00e1vio Dino\"}]},{\"@type\":\"WebSite\",\"@id\":\"https:\/\/www.blogsoestado.com\/danielmatos\/#website\",\"url\":\"https:\/\/www.blogsoestado.com\/danielmatos\/\",\"name\":\"Daniel Matos\",\"description\":\"\",\"potentialAction\":[{\"@type\":\"SearchAction\",\"target\":{\"@type\":\"EntryPoint\",\"urlTemplate\":\"https:\/\/www.blogsoestado.com\/danielmatos\/?s={search_term_string}\"},\"query-input\":{\"@type\":\"PropertyValueSpecification\",\"valueRequired\":true,\"valueName\":\"search_term_string\"}}],\"inLanguage\":\"pt-BR\"}]}<\/script>\n<!-- \/ Yoast SEO plugin. -->","yoast_head_json":{"title":"Sousa Neto repercute carta de Ricardo Murad que denuncia farra de capel\u00e3es promovida por Fl\u00e1vio Dino - Daniel Matos","robots":{"index":"index","follow":"follow","max-snippet":"max-snippet:-1","max-image-preview":"max-image-preview:large","max-video-preview":"max-video-preview:-1"},"canonical":"https:\/\/www.blogsoestado.com\/danielmatos\/sousa-neto-repercute-carta-de-ricardo-murad-que-denuncia-farra-de-capelaes-promovida-por-flavio-dino\/","og_locale":"pt_BR","og_type":"article","og_title":"Sousa Neto repercute carta de Ricardo Murad que denuncia farra de capel\u00e3es promovida por Fl\u00e1vio Dino - Daniel Matos","og_description":"Em discurso na tribuna da Assembleia Legislativa, o deputado estadual Sousa Neto (Pros) abordou o conte\u00fado de uma carta, amplamente [&hellip;]","og_url":"https:\/\/www.blogsoestado.com\/danielmatos\/sousa-neto-repercute-carta-de-ricardo-murad-que-denuncia-farra-de-capelaes-promovida-por-flavio-dino\/","og_site_name":"Daniel Matos","article_published_time":"2018-03-16T22:00:29+00:00","og_image":[{"url":"https:\/\/www.blogsoestado.com\/danielmatos\/files\/2018\/03\/sousa-capelaes.jpg","type":"","width":"","height":""}],"twitter_card":"summary_large_image","twitter_misc":{"Est. tempo de leitura":"2 minutos"},"schema":{"@context":"https:\/\/schema.org","@graph":[{"@type":"WebPage","@id":"https:\/\/www.blogsoestado.com\/danielmatos\/sousa-neto-repercute-carta-de-ricardo-murad-que-denuncia-farra-de-capelaes-promovida-por-flavio-dino\/","url":"https:\/\/www.blogsoestado.com\/danielmatos\/sousa-neto-repercute-carta-de-ricardo-murad-que-denuncia-farra-de-capelaes-promovida-por-flavio-dino\/","name":"Sousa Neto repercute carta de Ricardo Murad que denuncia farra de capel\u00e3es promovida por Fl\u00e1vio Dino - Daniel Matos","isPartOf":{"@id":"https:\/\/www.blogsoestado.com\/danielmatos\/#website"},"primaryImageOfPage":{"@id":"https:\/\/www.blogsoestado.com\/danielmatos\/sousa-neto-repercute-carta-de-ricardo-murad-que-denuncia-farra-de-capelaes-promovida-por-flavio-dino\/#primaryimage"},"image":{"@id":"https:\/\/www.blogsoestado.com\/danielmatos\/sousa-neto-repercute-carta-de-ricardo-murad-que-denuncia-farra-de-capelaes-promovida-por-flavio-dino\/#primaryimage"},"thumbnailUrl":"https:\/\/www.blogsoestado.com\/danielmatos\/files\/2018\/03\/sousa-capelaes.jpg","datePublished":"2018-03-16T22:00:29+00:00","author":{"@id":""},"breadcrumb":{"@id":"https:\/\/www.blogsoestado.com\/danielmatos\/sousa-neto-repercute-carta-de-ricardo-murad-que-denuncia-farra-de-capelaes-promovida-por-flavio-dino\/#breadcrumb"},"inLanguage":"pt-BR","potentialAction":[{"@type":"ReadAction","target":["https:\/\/www.blogsoestado.com\/danielmatos\/sousa-neto-repercute-carta-de-ricardo-murad-que-denuncia-farra-de-capelaes-promovida-por-flavio-dino\/"]}]},{"@type":"ImageObject","inLanguage":"pt-BR","@id":"https:\/\/www.blogsoestado.com\/danielmatos\/sousa-neto-repercute-carta-de-ricardo-murad-que-denuncia-farra-de-capelaes-promovida-por-flavio-dino\/#primaryimage","url":"https:\/\/www.blogsoestado.com\/danielmatos\/files\/2018\/03\/sousa-capelaes.jpg","contentUrl":"https:\/\/www.blogsoestado.com\/danielmatos\/files\/2018\/03\/sousa-capelaes.jpg"},{"@type":"BreadcrumbList","@id":"https:\/\/www.blogsoestado.com\/danielmatos\/sousa-neto-repercute-carta-de-ricardo-murad-que-denuncia-farra-de-capelaes-promovida-por-flavio-dino\/#breadcrumb","itemListElement":[{"@type":"ListItem","position":1,"name":"In\u00edcio","item":"https:\/\/www.blogsoestado.com\/danielmatos\/"},{"@type":"ListItem","position":2,"name":"Sousa Neto repercute carta de Ricardo Murad que denuncia farra de capel\u00e3es promovida por Fl\u00e1vio Dino"}]},{"@type":"WebSite","@id":"https:\/\/www.blogsoestado.com\/danielmatos\/#website","url":"https:\/\/www.blogsoestado.com\/danielmatos\/","name":"Daniel Matos","description":"","potentialAction":[{"@type":"SearchAction","target":{"@type":"EntryPoint","urlTemplate":"https:\/\/www.blogsoestado.com\/danielmatos\/?s={search_term_string}"},"query-input":{"@type":"PropertyValueSpecification","valueRequired":true,"valueName":"search_term_string"}}],"inLanguage":"pt-BR"}]}},"jetpack_featured_media_url":"","_links":{"self":[{"href":"https:\/\/www.blogsoestado.com\/danielmatos\/wp-json\/wp\/v2\/posts\/49482","targetHints":{"allow":["GET"]}}],"collection":[{"href":"https:\/\/www.blogsoestado.com\/danielmatos\/wp-json\/wp\/v2\/posts"}],"about":[{"href":"https:\/\/www.blogsoestado.com\/danielmatos\/wp-json\/wp\/v2\/types\/post"}],"replies":[{"embeddable":true,"href":"https:\/\/www.blogsoestado.com\/danielmatos\/wp-json\/wp\/v2\/comments?post=49482"}],"version-history":[{"count":0,"href":"https:\/\/www.blogsoestado.com\/danielmatos\/wp-json\/wp\/v2\/posts\/49482\/revisions"}],"wp:attachment":[{"href":"https:\/\/www.blogsoestado.com\/danielmatos\/wp-json\/wp\/v2\/media?parent=49482"}],"wp:term":[{"taxonomy":"category","embeddable":true,"href":"https:\/\/www.blogsoestado.com\/danielmatos\/wp-json\/wp\/v2\/categories?post=49482"},{"taxonomy":"post_tag","embeddable":true,"href":"https:\/\/www.blogsoestado.com\/danielmatos\/wp-json\/wp\/v2\/tags?post=49482"}],"curies":[{"name":"wp","href":"https:\/\/api.w.org\/{rel}","templated":true}]}}