{"id":49497,"date":"2018-03-18T17:26:05","date_gmt":"2018-03-18T20:26:05","guid":{"rendered":"https:\/\/www.blogsoestado.com\/danielmatos\/?p=49497"},"modified":"2018-03-18T17:26:05","modified_gmt":"2018-03-18T20:26:05","slug":"marcial-lima-denuncia-perseguicao-politica-em-ribamar-apos-interdicao-de-radio-que-criticava-prefeito","status":"publish","type":"post","link":"https:\/\/www.blogsoestado.com\/danielmatos\/marcial-lima-denuncia-perseguicao-politica-em-ribamar-apos-interdicao-de-radio-que-criticava-prefeito\/","title":{"rendered":"Marcial Lima denuncia persegui\u00e7\u00e3o pol\u00edtica em Ribamar ap\u00f3s interdi\u00e7\u00e3o de r\u00e1dio que criticava prefeito"},"content":{"rendered":"<figure id=\"attachment_49499\" aria-describedby=\"caption-attachment-49499\" style=\"width: 448px\" class=\"wp-caption alignleft\"><img fetchpriority=\"high\" decoding=\"async\" class=\"size-full wp-image-49499\" src=\"https:\/\/www.blogsoestado.com\/danielmatos\/files\/2018\/03\/marcial-radio.jpg\" alt=\"\" width=\"448\" height=\"320\" \/><figcaption id=\"caption-attachment-49499\" class=\"wp-caption-text\">Marcial Lima: &#8220;n\u00e3o quero acreditar que o prefeito esteja por tr\u00e1s dessa situa\u00e7\u00e3o&#8221;<\/figcaption><\/figure>\n<p>Durante audi\u00eancia p\u00fablica em defesa da \u00c1rea de Preserva\u00e7\u00e3o Ambiental (APA) do Itapirac\u00f3, realizada neste s\u00e1bado, o vereador Marcial Lima (PEN) denunciou a interdi\u00e7\u00e3o de uma r\u00e1dio via cabo,\u00a0no bairro Parque Vit\u00f3ria, que fazia cr\u00edticas \u00e0 prefeitura local. A emissora, cujas transmiss\u00f5es se davam por meio de um sistema de alto-falantes, foi lacrada misteriosamente por fiscais da Prefeitura de S\u00e3o Jos\u00e9 de Ribamar por causa de supostas d\u00edvidas relativas a tributos municipais.<\/p>\n<p>Marcial Lima solidarizou-se ao propriet\u00e1rio da r\u00e1dio, conhecido na comunidade como Michel, e colocou a assessoria jur\u00eddica do seu gabinete \u00e0 disposi\u00e7\u00e3o para protestar contra a interdi\u00e7\u00e3o.<\/p>\n<p>O vereador lamentou profundamente o fechamento da r\u00e1dio e classificou a medida extrema da prefeitura como retalia\u00e7\u00e3o \u00e0 pol\u00edtica do respons\u00e1vel pela emissora, que, inclusive, j\u00e1 havia iniciado processo de negocia\u00e7\u00e3o junto ao Munic\u00edpio para saldar os d\u00e9bitos. &#8220;Um ve\u00edculo de comunica\u00e7\u00e3o, independente da fun\u00e7\u00e3o que ocupe na sociedade, precisa ser respeitado pelos gestores p\u00fablicos. N\u00e3o sei o que se passa na cabe\u00e7a de administradores p\u00fablicos que tomam certas atitudes diante de criticas&#8221;. assinalou.<\/p>\n<p>Marcial frisou que no caso espec\u00edfico do Parque Vit\u00f3ria a gest\u00e3o p\u00fablica deixa muito a desejar, pois o bairro est\u00e1 completamente abandonado. &#8220;N\u00e3o quero acreditar que o prefeito Luis Fernando Silva por tr\u00e1s dessa a\u00e7\u00e3o&#8221;. declarou.<\/p>\n<p><strong>Assista ao pronunciamento de Marcial Lima na audi\u00eancia p\u00fablica:<\/strong><\/p>\n<div class=\"fb-video\" data-allowfullscreen=\"true\" data-href=\"https:\/\/www.facebook.com\/marciallima\/videos\/1754213457988376\/?fref=mentions&#038;pnref=story\" style=\"background-color: #fff; display: inline-block;\"><\/div>\n","protected":false},"excerpt":{"rendered":"<p>Durante audi\u00eancia p\u00fablica em defesa da \u00c1rea de Preserva\u00e7\u00e3o Ambiental (APA) do Itapirac\u00f3, realizada neste s\u00e1bado, o vereador Marcial Lima [&hellip;]<\/p>\n","protected":false},"author":0,"featured_media":0,"comment_status":"open","ping_status":"open","sticky":false,"template":"","format":"standard","meta":{"site-sidebar-layout":"default","site-content-layout":"","ast-site-content-layout":"default","site-content-style":"default","site-sidebar-style":"default","ast-global-header-display":"","ast-banner-title-visibility":"","ast-main-header-display":"","ast-hfb-above-header-display":"","ast-hfb-below-header-display":"","ast-hfb-mobile-header-display":"","site-post-title":"","ast-breadcrumbs-content":"","ast-featured-img":"","footer-sml-layout":"","ast-disable-related-posts":"","theme-transparent-header-meta":"","adv-header-id-meta":"","stick-header-meta":"","header-above-stick-meta":"","header-main-stick-meta":"","header-below-stick-meta":"","astra-migrate-meta-layouts":"default","ast-page-background-enabled":"default","ast-page-background-meta":{"desktop":{"background-color":"var(--ast-global-color-5)","background-image":"","background-repeat":"repeat","background-position":"center center","background-size":"auto","background-attachment":"scroll","background-type":"","background-media":"","overlay-type":"","overlay-color":"","overlay-opacity":"","overlay-gradient":""},"tablet":{"background-color":"","background-image":"","background-repeat":"repeat","background-position":"center center","background-size":"auto","background-attachment":"scroll","background-type":"","background-media":"","overlay-type":"","overlay-color":"","overlay-opacity":"","overlay-gradient":""},"mobile":{"background-color":"","background-image":"","background-repeat":"repeat","background-position":"center center","background-size":"auto","background-attachment":"scroll","background-type":"","background-media":"","overlay-type":"","overlay-color":"","overlay-opacity":"","overlay-gradient":""}},"ast-content-background-meta":{"desktop":{"background-color":"var(--ast-global-color-4)","background-image":"","background-repeat":"repeat","background-position":"center center","background-size":"auto","background-attachment":"scroll","background-type":"","background-media":"","overlay-type":"","overlay-color":"","overlay-opacity":"","overlay-gradient":""},"tablet":{"background-color":"var(--ast-global-color-4)","background-image":"","background-repeat":"repeat","background-position":"center center","background-size":"auto","background-attachment":"scroll","background-type":"","background-media":"","overlay-type":"","overlay-color":"","overlay-opacity":"","overlay-gradient":""},"mobile":{"background-color":"var(--ast-global-color-4)","background-image":"","background-repeat":"repeat","background-position":"center center","background-size":"auto","background-attachment":"scroll","background-type":"","background-media":"","overlay-type":"","overlay-color":"","overlay-opacity":"","overlay-gradient":""}},"footnotes":""},"categories":[1],"tags":[],"class_list":["post-49497","post","type-post","status-publish","format-standard","hentry","category-sem-categoria"],"yoast_head":"<!-- This site is optimized with the Yoast SEO plugin v26.6 - https:\/\/yoast.com\/wordpress\/plugins\/seo\/ -->\n<title>Marcial Lima denuncia persegui\u00e7\u00e3o pol\u00edtica em Ribamar ap\u00f3s interdi\u00e7\u00e3o de r\u00e1dio que criticava prefeito - Daniel Matos<\/title>\n<meta name=\"robots\" content=\"index, follow, max-snippet:-1, max-image-preview:large, max-video-preview:-1\" \/>\n<link rel=\"canonical\" href=\"https:\/\/www.blogsoestado.com\/danielmatos\/marcial-lima-denuncia-perseguicao-politica-em-ribamar-apos-interdicao-de-radio-que-criticava-prefeito\/\" \/>\n<meta property=\"og:locale\" content=\"pt_BR\" \/>\n<meta property=\"og:type\" content=\"article\" \/>\n<meta property=\"og:title\" content=\"Marcial Lima denuncia persegui\u00e7\u00e3o pol\u00edtica em Ribamar ap\u00f3s interdi\u00e7\u00e3o de r\u00e1dio que criticava prefeito - Daniel Matos\" \/>\n<meta property=\"og:description\" content=\"Durante audi\u00eancia p\u00fablica em defesa da \u00c1rea de Preserva\u00e7\u00e3o Ambiental (APA) do Itapirac\u00f3, realizada neste s\u00e1bado, o vereador Marcial Lima [&hellip;]\" \/>\n<meta property=\"og:url\" content=\"https:\/\/www.blogsoestado.com\/danielmatos\/marcial-lima-denuncia-perseguicao-politica-em-ribamar-apos-interdicao-de-radio-que-criticava-prefeito\/\" \/>\n<meta property=\"og:site_name\" content=\"Daniel Matos\" \/>\n<meta property=\"article:published_time\" content=\"2018-03-18T20:26:05+00:00\" \/>\n<meta property=\"og:image\" content=\"https:\/\/www.blogsoestado.com\/danielmatos\/files\/2018\/03\/marcial-radio.jpg\" \/>\n<meta name=\"twitter:card\" content=\"summary_large_image\" \/>\n<meta name=\"twitter:label1\" content=\"Est. tempo de leitura\" \/>\n\t<meta name=\"twitter:data1\" content=\"1 minuto\" \/>\n<script type=\"application\/ld+json\" class=\"yoast-schema-graph\">{\"@context\":\"https:\/\/schema.org\",\"@graph\":[{\"@type\":\"WebPage\",\"@id\":\"https:\/\/www.blogsoestado.com\/danielmatos\/marcial-lima-denuncia-perseguicao-politica-em-ribamar-apos-interdicao-de-radio-que-criticava-prefeito\/\",\"url\":\"https:\/\/www.blogsoestado.com\/danielmatos\/marcial-lima-denuncia-perseguicao-politica-em-ribamar-apos-interdicao-de-radio-que-criticava-prefeito\/\",\"name\":\"Marcial Lima denuncia persegui\u00e7\u00e3o pol\u00edtica em Ribamar ap\u00f3s interdi\u00e7\u00e3o de r\u00e1dio que criticava prefeito - Daniel Matos\",\"isPartOf\":{\"@id\":\"https:\/\/www.blogsoestado.com\/danielmatos\/#website\"},\"primaryImageOfPage\":{\"@id\":\"https:\/\/www.blogsoestado.com\/danielmatos\/marcial-lima-denuncia-perseguicao-politica-em-ribamar-apos-interdicao-de-radio-que-criticava-prefeito\/#primaryimage\"},\"image\":{\"@id\":\"https:\/\/www.blogsoestado.com\/danielmatos\/marcial-lima-denuncia-perseguicao-politica-em-ribamar-apos-interdicao-de-radio-que-criticava-prefeito\/#primaryimage\"},\"thumbnailUrl\":\"https:\/\/www.blogsoestado.com\/danielmatos\/files\/2018\/03\/marcial-radio.jpg\",\"datePublished\":\"2018-03-18T20:26:05+00:00\",\"author\":{\"@id\":\"\"},\"breadcrumb\":{\"@id\":\"https:\/\/www.blogsoestado.com\/danielmatos\/marcial-lima-denuncia-perseguicao-politica-em-ribamar-apos-interdicao-de-radio-que-criticava-prefeito\/#breadcrumb\"},\"inLanguage\":\"pt-BR\",\"potentialAction\":[{\"@type\":\"ReadAction\",\"target\":[\"https:\/\/www.blogsoestado.com\/danielmatos\/marcial-lima-denuncia-perseguicao-politica-em-ribamar-apos-interdicao-de-radio-que-criticava-prefeito\/\"]}]},{\"@type\":\"ImageObject\",\"inLanguage\":\"pt-BR\",\"@id\":\"https:\/\/www.blogsoestado.com\/danielmatos\/marcial-lima-denuncia-perseguicao-politica-em-ribamar-apos-interdicao-de-radio-que-criticava-prefeito\/#primaryimage\",\"url\":\"https:\/\/www.blogsoestado.com\/danielmatos\/files\/2018\/03\/marcial-radio.jpg\",\"contentUrl\":\"https:\/\/www.blogsoestado.com\/danielmatos\/files\/2018\/03\/marcial-radio.jpg\"},{\"@type\":\"BreadcrumbList\",\"@id\":\"https:\/\/www.blogsoestado.com\/danielmatos\/marcial-lima-denuncia-perseguicao-politica-em-ribamar-apos-interdicao-de-radio-que-criticava-prefeito\/#breadcrumb\",\"itemListElement\":[{\"@type\":\"ListItem\",\"position\":1,\"name\":\"In\u00edcio\",\"item\":\"https:\/\/www.blogsoestado.com\/danielmatos\/\"},{\"@type\":\"ListItem\",\"position\":2,\"name\":\"Marcial Lima denuncia persegui\u00e7\u00e3o pol\u00edtica em Ribamar ap\u00f3s interdi\u00e7\u00e3o de r\u00e1dio que criticava prefeito\"}]},{\"@type\":\"WebSite\",\"@id\":\"https:\/\/www.blogsoestado.com\/danielmatos\/#website\",\"url\":\"https:\/\/www.blogsoestado.com\/danielmatos\/\",\"name\":\"Daniel Matos\",\"description\":\"\",\"potentialAction\":[{\"@type\":\"SearchAction\",\"target\":{\"@type\":\"EntryPoint\",\"urlTemplate\":\"https:\/\/www.blogsoestado.com\/danielmatos\/?s={search_term_string}\"},\"query-input\":{\"@type\":\"PropertyValueSpecification\",\"valueRequired\":true,\"valueName\":\"search_term_string\"}}],\"inLanguage\":\"pt-BR\"}]}<\/script>\n<!-- \/ Yoast SEO plugin. -->","yoast_head_json":{"title":"Marcial Lima denuncia persegui\u00e7\u00e3o pol\u00edtica em Ribamar ap\u00f3s interdi\u00e7\u00e3o de r\u00e1dio que criticava prefeito - Daniel Matos","robots":{"index":"index","follow":"follow","max-snippet":"max-snippet:-1","max-image-preview":"max-image-preview:large","max-video-preview":"max-video-preview:-1"},"canonical":"https:\/\/www.blogsoestado.com\/danielmatos\/marcial-lima-denuncia-perseguicao-politica-em-ribamar-apos-interdicao-de-radio-que-criticava-prefeito\/","og_locale":"pt_BR","og_type":"article","og_title":"Marcial Lima denuncia persegui\u00e7\u00e3o pol\u00edtica em Ribamar ap\u00f3s interdi\u00e7\u00e3o de r\u00e1dio que criticava prefeito - Daniel Matos","og_description":"Durante audi\u00eancia p\u00fablica em defesa da \u00c1rea de Preserva\u00e7\u00e3o Ambiental (APA) do Itapirac\u00f3, realizada neste s\u00e1bado, o vereador Marcial Lima [&hellip;]","og_url":"https:\/\/www.blogsoestado.com\/danielmatos\/marcial-lima-denuncia-perseguicao-politica-em-ribamar-apos-interdicao-de-radio-que-criticava-prefeito\/","og_site_name":"Daniel Matos","article_published_time":"2018-03-18T20:26:05+00:00","og_image":[{"url":"https:\/\/www.blogsoestado.com\/danielmatos\/files\/2018\/03\/marcial-radio.jpg","type":"","width":"","height":""}],"twitter_card":"summary_large_image","twitter_misc":{"Est. tempo de leitura":"1 minuto"},"schema":{"@context":"https:\/\/schema.org","@graph":[{"@type":"WebPage","@id":"https:\/\/www.blogsoestado.com\/danielmatos\/marcial-lima-denuncia-perseguicao-politica-em-ribamar-apos-interdicao-de-radio-que-criticava-prefeito\/","url":"https:\/\/www.blogsoestado.com\/danielmatos\/marcial-lima-denuncia-perseguicao-politica-em-ribamar-apos-interdicao-de-radio-que-criticava-prefeito\/","name":"Marcial Lima denuncia persegui\u00e7\u00e3o pol\u00edtica em Ribamar ap\u00f3s interdi\u00e7\u00e3o de r\u00e1dio que criticava prefeito - Daniel Matos","isPartOf":{"@id":"https:\/\/www.blogsoestado.com\/danielmatos\/#website"},"primaryImageOfPage":{"@id":"https:\/\/www.blogsoestado.com\/danielmatos\/marcial-lima-denuncia-perseguicao-politica-em-ribamar-apos-interdicao-de-radio-que-criticava-prefeito\/#primaryimage"},"image":{"@id":"https:\/\/www.blogsoestado.com\/danielmatos\/marcial-lima-denuncia-perseguicao-politica-em-ribamar-apos-interdicao-de-radio-que-criticava-prefeito\/#primaryimage"},"thumbnailUrl":"https:\/\/www.blogsoestado.com\/danielmatos\/files\/2018\/03\/marcial-radio.jpg","datePublished":"2018-03-18T20:26:05+00:00","author":{"@id":""},"breadcrumb":{"@id":"https:\/\/www.blogsoestado.com\/danielmatos\/marcial-lima-denuncia-perseguicao-politica-em-ribamar-apos-interdicao-de-radio-que-criticava-prefeito\/#breadcrumb"},"inLanguage":"pt-BR","potentialAction":[{"@type":"ReadAction","target":["https:\/\/www.blogsoestado.com\/danielmatos\/marcial-lima-denuncia-perseguicao-politica-em-ribamar-apos-interdicao-de-radio-que-criticava-prefeito\/"]}]},{"@type":"ImageObject","inLanguage":"pt-BR","@id":"https:\/\/www.blogsoestado.com\/danielmatos\/marcial-lima-denuncia-perseguicao-politica-em-ribamar-apos-interdicao-de-radio-que-criticava-prefeito\/#primaryimage","url":"https:\/\/www.blogsoestado.com\/danielmatos\/files\/2018\/03\/marcial-radio.jpg","contentUrl":"https:\/\/www.blogsoestado.com\/danielmatos\/files\/2018\/03\/marcial-radio.jpg"},{"@type":"BreadcrumbList","@id":"https:\/\/www.blogsoestado.com\/danielmatos\/marcial-lima-denuncia-perseguicao-politica-em-ribamar-apos-interdicao-de-radio-que-criticava-prefeito\/#breadcrumb","itemListElement":[{"@type":"ListItem","position":1,"name":"In\u00edcio","item":"https:\/\/www.blogsoestado.com\/danielmatos\/"},{"@type":"ListItem","position":2,"name":"Marcial Lima denuncia persegui\u00e7\u00e3o pol\u00edtica em Ribamar ap\u00f3s interdi\u00e7\u00e3o de r\u00e1dio que criticava prefeito"}]},{"@type":"WebSite","@id":"https:\/\/www.blogsoestado.com\/danielmatos\/#website","url":"https:\/\/www.blogsoestado.com\/danielmatos\/","name":"Daniel Matos","description":"","potentialAction":[{"@type":"SearchAction","target":{"@type":"EntryPoint","urlTemplate":"https:\/\/www.blogsoestado.com\/danielmatos\/?s={search_term_string}"},"query-input":{"@type":"PropertyValueSpecification","valueRequired":true,"valueName":"search_term_string"}}],"inLanguage":"pt-BR"}]}},"jetpack_featured_media_url":"","_links":{"self":[{"href":"https:\/\/www.blogsoestado.com\/danielmatos\/wp-json\/wp\/v2\/posts\/49497","targetHints":{"allow":["GET"]}}],"collection":[{"href":"https:\/\/www.blogsoestado.com\/danielmatos\/wp-json\/wp\/v2\/posts"}],"about":[{"href":"https:\/\/www.blogsoestado.com\/danielmatos\/wp-json\/wp\/v2\/types\/post"}],"replies":[{"embeddable":true,"href":"https:\/\/www.blogsoestado.com\/danielmatos\/wp-json\/wp\/v2\/comments?post=49497"}],"version-history":[{"count":0,"href":"https:\/\/www.blogsoestado.com\/danielmatos\/wp-json\/wp\/v2\/posts\/49497\/revisions"}],"wp:attachment":[{"href":"https:\/\/www.blogsoestado.com\/danielmatos\/wp-json\/wp\/v2\/media?parent=49497"}],"wp:term":[{"taxonomy":"category","embeddable":true,"href":"https:\/\/www.blogsoestado.com\/danielmatos\/wp-json\/wp\/v2\/categories?post=49497"},{"taxonomy":"post_tag","embeddable":true,"href":"https:\/\/www.blogsoestado.com\/danielmatos\/wp-json\/wp\/v2\/tags?post=49497"}],"curies":[{"name":"wp","href":"https:\/\/api.w.org\/{rel}","templated":true}]}}