{"id":49516,"date":"2018-03-19T12:00:33","date_gmt":"2018-03-19T15:00:33","guid":{"rendered":"https:\/\/www.blogsoestado.com\/danielmatos\/?p=49516"},"modified":"2018-03-19T12:00:33","modified_gmt":"2018-03-19T15:00:33","slug":"um-grande-show-por-uma-boa-causa","status":"publish","type":"post","link":"https:\/\/www.blogsoestado.com\/danielmatos\/um-grande-show-por-uma-boa-causa\/","title":{"rendered":"Um grande show por uma boa causa"},"content":{"rendered":"<h2><span style=\"color: #ff0000;\">Associa\u00e7\u00e3o das Mulheres Empreendedoras do Maranh\u00e3o e Incorporadora e Construtora Amorim Coutinho trazem o cantor e compositor Ivan Lins para show, nesta quinta-feira, \u00e0s 21h, no Teatro Arthur Azevedo, em prol da Funda\u00e7\u00e3o Antonio Brunno<\/span><\/h2>\n<figure id=\"attachment_49517\" aria-describedby=\"caption-attachment-49517\" style=\"width: 448px\" class=\"wp-caption alignright\"><img fetchpriority=\"high\" decoding=\"async\" class=\"wp-image-49517 size-full\" src=\"https:\/\/www.blogsoestado.com\/danielmatos\/files\/2018\/03\/Ivan-Lins.jpg\" alt=\"\" width=\"448\" height=\"299\" \/><figcaption id=\"caption-attachment-49517\" class=\"wp-caption-text\">O cantor Ivan Lins estar\u00e1 em S\u00e3o Lu\u00eds nesta quinta-feira, no TAA<\/figcaption><\/figure>\n<p>A Associa\u00e7\u00e3o das Mulheres Empreendedoras do Maranh\u00e3o (AME-MA), em parceria com a Incorporadora e Construtora Amorim Coutinho, brindar\u00e1 o p\u00fablico maranhense, na noite da pr\u00f3xima quinta-feira (22), \u00e0s 21h, no Teatro Arthur Azevedo (Rua do Sol), com o show do cantor e compositor Ivan Lins, uma das mais belas vozes do Brasil.<\/p>\n<p>O artista desembarcar\u00e1 em S\u00e3o Lu\u00eds para abra\u00e7ar mais uma causa social de sua carreia, desta vez associando-se \u00e0 campanha \u201cUm novo tempo\u201d, de iniciativa da Amorim Coutinho, em prol da Funda\u00e7\u00e3o Antonio Brunno, entidade que assiste a pessoas em tratamento contra o c\u00e2ncer no Maranh\u00e3o.<\/p>\n<p>De acordo com a presidente da AME-MA, empres\u00e1ria Guga Fernandes, a iniciativa \u00e9 mais uma das a\u00e7\u00f5es em prol de uma boa causa \u00e0 qual a entidade se engaja. \u201cN\u00f3s pensamos no desenvolvimento do Maranh\u00e3o e tamb\u00e9m estendemos as m\u00e3os para ajudar a quem precisa. Ainda mais em se tratando de uma funda\u00e7\u00e3o t\u00e3o importante quanto a Antonio Brunno, que tem um trabalho incans\u00e1vel para ajudar pacientes em tratamento contra o c\u00e2ncer no Maranh\u00e3o\u201d, disse Guga Fernandes.<\/p>\n<p>Val\u00e9ria Coutinho, diretora financeira da AME-MA, complementou: \u201cA campanha da Incorporadora e Construtora Amorim Coutinho, \u00e0 qual nos associamos, \u00e9 uma onda do bem que a AME-MA deseja disseminar junto a outros segmentos. Ficamos sensibilizadas e entusiasmadas com o convite para participar, por entender que se trata de uma iniciativa que proporcionar\u00e1 ajuda efetiva e vital aos beneficiados. \u00c9 muito importante o engajamento de todos\u201d.<\/p>\n<p>Para assistir ao espet\u00e1culo, basta adquirir a camiseta alusiva \u00e0 campanha (R$ 150,00), dispon\u00edvel no estande da Amorim Coutinho, no Rio Anil Shopping (Turu). Outra op\u00e7\u00e3o \u00e9 adquirir na Farm\u00e1cia Garrido (Renascen\u00e7a) ou pelo telefone (98) 99128-4599.<\/p>\n<p>A campanha \u201cUm novo tempo\u201d come\u00e7ou no Natal do ano passado, em benef\u00edcio da Funda\u00e7\u00e3o Antonio Brunno, que nasceu da ideia do jovem de mesmo nome, que trabalhou no aux\u00edlio e conforto de pessoas carentes vitimadas pela doen\u00e7a. Aos 22 anos, Antonio Brunno faleceu vitima da enfermidade contra a qual lutou para torn\u00e1-la menos devastadora na vida de pessoas com poucos recursos. A Funda\u00e7\u00e3o \u00e9 a realiza\u00e7\u00e3o do projeto pensado por ele e, hoje, atende a mais de 1200 enfermos por ano.<\/p>\n<p>Carreira &#8211; Um dos artistas mais aplaudidos do Brasil, Ivan Lins tem uma carreira de sucesso na m\u00fasica. Come\u00e7ou a tocar piano de ouvido, aos 18 anos, influenciado pelo jazz e pela bossa nova. Formou-se em engenharia na mesma \u00e9poca em que come\u00e7ou a participar de festivais de m\u00fasica, no fim dos anos 1960. Em 1970, chegou \u00e0s finais do Festival Internacional da Can\u00e7\u00e3o, com \u201cO amor \u00e9 o meu pa\u00eds\u201d, que conseguiu o segundo lugar. Seu primeiro grande sucesso como compositor foi com a grava\u00e7\u00e3o de Elis Regina para \u201cMadalena\u201d, sua e de Ronaldo Monteiro.<\/p>\n<p>Nos anos 1970, comandou o programa de televis\u00e3o \u201cSom Livre Exporta\u00e7\u00e3o\u201d, ao lado de Gonzaguinha e Aldir Blanc, e gravou discos que o projetaram nacionalmente. Alguns de seus maiores hits foram \u201cAbre Alas\u201d (1974), \u201cSomos Todos Iguais Esta Noite\u201d e \u201cCome\u00e7ar de Novo\u201d, gravada por Simone, em 1979.<\/p>\n<p>A partir da segunda metade dos anos 1980, ele passou a se dedicar mais \u00e0 carreira internacional, especialmente nos Estados Unidos, onde artistas como Quincy Jones, George Benson, Ella Fitzgerald, Sarah Vaughan, Carmen MacRae e Barbra Streisand gravaram suas can\u00e7\u00f5es. Criou, em 1991, com o parceiro Vitor Martins, a gravadora \u201cVelas\u201d, com objetivo de buscar novos talentos.<\/p>\n<p>Como produtor e empres\u00e1rio, lan\u00e7ou nomes que se consolidaram na MPB da d\u00e9cada de 1990, como Guinga e Chico C\u00e9sar. Ivan Lins j\u00e1 foi indicado para o pr\u00eamio Grammy e \u00e9 um dos compositores brasileiros mais gravados no exterior.<\/p>\n<p><strong>Servi\u00e7o<\/strong><\/p>\n<p><strong>O qu\u00ea<\/strong><\/p>\n<p>Show com Ivan Lins<\/p>\n<p><strong>Quando<\/strong><\/p>\n<p>Dia 22 de mar\u00e7o, \u00e0s 21h<\/p>\n<p><strong>Onde<\/strong><\/p>\n<p>Teatro Arthur Azevedo (Rua do Sol)<\/p>\n<p><strong>Acesso:<\/strong> basta adquirir a camiseta alusiva \u00e0 campanha \u201cUm novo tempo\u201d, que custa R$ 150,00 e est\u00e1 dispon\u00edvel no estande da Amorim Coutinho, no Rio Anil Shopping (Turu), Farm\u00e1cia Garrido (Renascen\u00e7a) ou pelo telefone (98) 99128-4599<\/p>\n","protected":false},"excerpt":{"rendered":"<p>Associa\u00e7\u00e3o das Mulheres Empreendedoras do Maranh\u00e3o e Incorporadora e Construtora Amorim Coutinho trazem o cantor e compositor Ivan Lins para [&hellip;]<\/p>\n","protected":false},"author":0,"featured_media":0,"comment_status":"open","ping_status":"open","sticky":false,"template":"","format":"standard","meta":{"site-sidebar-layout":"default","site-content-layout":"","ast-site-content-layout":"default","site-content-style":"default","site-sidebar-style":"default","ast-global-header-display":"","ast-banner-title-visibility":"","ast-main-header-display":"","ast-hfb-above-header-display":"","ast-hfb-below-header-display":"","ast-hfb-mobile-header-display":"","site-post-title":"","ast-breadcrumbs-content":"","ast-featured-img":"","footer-sml-layout":"","ast-disable-related-posts":"","theme-transparent-header-meta":"","adv-header-id-meta":"","stick-header-meta":"","header-above-stick-meta":"","header-main-stick-meta":"","header-below-stick-meta":"","astra-migrate-meta-layouts":"default","ast-page-background-enabled":"default","ast-page-background-meta":{"desktop":{"background-color":"var(--ast-global-color-5)","background-image":"","background-repeat":"repeat","background-position":"center center","background-size":"auto","background-attachment":"scroll","background-type":"","background-media":"","overlay-type":"","overlay-color":"","overlay-opacity":"","overlay-gradient":""},"tablet":{"background-color":"","background-image":"","background-repeat":"repeat","background-position":"center center","background-size":"auto","background-attachment":"scroll","background-type":"","background-media":"","overlay-type":"","overlay-color":"","overlay-opacity":"","overlay-gradient":""},"mobile":{"background-color":"","background-image":"","background-repeat":"repeat","background-position":"center center","background-size":"auto","background-attachment":"scroll","background-type":"","background-media":"","overlay-type":"","overlay-color":"","overlay-opacity":"","overlay-gradient":""}},"ast-content-background-meta":{"desktop":{"background-color":"var(--ast-global-color-4)","background-image":"","background-repeat":"repeat","background-position":"center center","background-size":"auto","background-attachment":"scroll","background-type":"","background-media":"","overlay-type":"","overlay-color":"","overlay-opacity":"","overlay-gradient":""},"tablet":{"background-color":"var(--ast-global-color-4)","background-image":"","background-repeat":"repeat","background-position":"center center","background-size":"auto","background-attachment":"scroll","background-type":"","background-media":"","overlay-type":"","overlay-color":"","overlay-opacity":"","overlay-gradient":""},"mobile":{"background-color":"var(--ast-global-color-4)","background-image":"","background-repeat":"repeat","background-position":"center center","background-size":"auto","background-attachment":"scroll","background-type":"","background-media":"","overlay-type":"","overlay-color":"","overlay-opacity":"","overlay-gradient":""}},"footnotes":""},"categories":[1],"tags":[],"class_list":["post-49516","post","type-post","status-publish","format-standard","hentry","category-sem-categoria"],"yoast_head":"<!-- This site is optimized with the Yoast SEO plugin v26.6 - https:\/\/yoast.com\/wordpress\/plugins\/seo\/ -->\n<title>Um grande show por uma boa causa - Daniel Matos<\/title>\n<meta name=\"robots\" content=\"index, follow, max-snippet:-1, max-image-preview:large, max-video-preview:-1\" \/>\n<link rel=\"canonical\" href=\"https:\/\/www.blogsoestado.com\/danielmatos\/um-grande-show-por-uma-boa-causa\/\" \/>\n<meta property=\"og:locale\" content=\"pt_BR\" \/>\n<meta property=\"og:type\" content=\"article\" \/>\n<meta property=\"og:title\" content=\"Um grande show por uma boa causa - Daniel Matos\" \/>\n<meta property=\"og:description\" content=\"Associa\u00e7\u00e3o das Mulheres Empreendedoras do Maranh\u00e3o e Incorporadora e Construtora Amorim Coutinho trazem o cantor e compositor Ivan Lins para [&hellip;]\" \/>\n<meta property=\"og:url\" content=\"https:\/\/www.blogsoestado.com\/danielmatos\/um-grande-show-por-uma-boa-causa\/\" \/>\n<meta property=\"og:site_name\" content=\"Daniel Matos\" \/>\n<meta property=\"article:published_time\" content=\"2018-03-19T15:00:33+00:00\" \/>\n<meta property=\"og:image\" content=\"https:\/\/www.blogsoestado.com\/danielmatos\/files\/2018\/03\/Ivan-Lins.jpg\" \/>\n<meta name=\"twitter:card\" content=\"summary_large_image\" \/>\n<meta name=\"twitter:label1\" content=\"Est. tempo de leitura\" \/>\n\t<meta name=\"twitter:data1\" content=\"4 minutos\" \/>\n<script type=\"application\/ld+json\" class=\"yoast-schema-graph\">{\"@context\":\"https:\/\/schema.org\",\"@graph\":[{\"@type\":\"WebPage\",\"@id\":\"https:\/\/www.blogsoestado.com\/danielmatos\/um-grande-show-por-uma-boa-causa\/\",\"url\":\"https:\/\/www.blogsoestado.com\/danielmatos\/um-grande-show-por-uma-boa-causa\/\",\"name\":\"Um grande show por uma boa causa - Daniel Matos\",\"isPartOf\":{\"@id\":\"https:\/\/www.blogsoestado.com\/danielmatos\/#website\"},\"primaryImageOfPage\":{\"@id\":\"https:\/\/www.blogsoestado.com\/danielmatos\/um-grande-show-por-uma-boa-causa\/#primaryimage\"},\"image\":{\"@id\":\"https:\/\/www.blogsoestado.com\/danielmatos\/um-grande-show-por-uma-boa-causa\/#primaryimage\"},\"thumbnailUrl\":\"https:\/\/www.blogsoestado.com\/danielmatos\/files\/2018\/03\/Ivan-Lins.jpg\",\"datePublished\":\"2018-03-19T15:00:33+00:00\",\"author\":{\"@id\":\"\"},\"breadcrumb\":{\"@id\":\"https:\/\/www.blogsoestado.com\/danielmatos\/um-grande-show-por-uma-boa-causa\/#breadcrumb\"},\"inLanguage\":\"pt-BR\",\"potentialAction\":[{\"@type\":\"ReadAction\",\"target\":[\"https:\/\/www.blogsoestado.com\/danielmatos\/um-grande-show-por-uma-boa-causa\/\"]}]},{\"@type\":\"ImageObject\",\"inLanguage\":\"pt-BR\",\"@id\":\"https:\/\/www.blogsoestado.com\/danielmatos\/um-grande-show-por-uma-boa-causa\/#primaryimage\",\"url\":\"https:\/\/www.blogsoestado.com\/danielmatos\/files\/2018\/03\/Ivan-Lins.jpg\",\"contentUrl\":\"https:\/\/www.blogsoestado.com\/danielmatos\/files\/2018\/03\/Ivan-Lins.jpg\"},{\"@type\":\"BreadcrumbList\",\"@id\":\"https:\/\/www.blogsoestado.com\/danielmatos\/um-grande-show-por-uma-boa-causa\/#breadcrumb\",\"itemListElement\":[{\"@type\":\"ListItem\",\"position\":1,\"name\":\"In\u00edcio\",\"item\":\"https:\/\/www.blogsoestado.com\/danielmatos\/\"},{\"@type\":\"ListItem\",\"position\":2,\"name\":\"Um grande show por uma boa causa\"}]},{\"@type\":\"WebSite\",\"@id\":\"https:\/\/www.blogsoestado.com\/danielmatos\/#website\",\"url\":\"https:\/\/www.blogsoestado.com\/danielmatos\/\",\"name\":\"Daniel Matos\",\"description\":\"\",\"potentialAction\":[{\"@type\":\"SearchAction\",\"target\":{\"@type\":\"EntryPoint\",\"urlTemplate\":\"https:\/\/www.blogsoestado.com\/danielmatos\/?s={search_term_string}\"},\"query-input\":{\"@type\":\"PropertyValueSpecification\",\"valueRequired\":true,\"valueName\":\"search_term_string\"}}],\"inLanguage\":\"pt-BR\"}]}<\/script>\n<!-- \/ Yoast SEO plugin. -->","yoast_head_json":{"title":"Um grande show por uma boa causa - Daniel Matos","robots":{"index":"index","follow":"follow","max-snippet":"max-snippet:-1","max-image-preview":"max-image-preview:large","max-video-preview":"max-video-preview:-1"},"canonical":"https:\/\/www.blogsoestado.com\/danielmatos\/um-grande-show-por-uma-boa-causa\/","og_locale":"pt_BR","og_type":"article","og_title":"Um grande show por uma boa causa - Daniel Matos","og_description":"Associa\u00e7\u00e3o das Mulheres Empreendedoras do Maranh\u00e3o e Incorporadora e Construtora Amorim Coutinho trazem o cantor e compositor Ivan Lins para [&hellip;]","og_url":"https:\/\/www.blogsoestado.com\/danielmatos\/um-grande-show-por-uma-boa-causa\/","og_site_name":"Daniel Matos","article_published_time":"2018-03-19T15:00:33+00:00","og_image":[{"url":"https:\/\/www.blogsoestado.com\/danielmatos\/files\/2018\/03\/Ivan-Lins.jpg","type":"","width":"","height":""}],"twitter_card":"summary_large_image","twitter_misc":{"Est. tempo de leitura":"4 minutos"},"schema":{"@context":"https:\/\/schema.org","@graph":[{"@type":"WebPage","@id":"https:\/\/www.blogsoestado.com\/danielmatos\/um-grande-show-por-uma-boa-causa\/","url":"https:\/\/www.blogsoestado.com\/danielmatos\/um-grande-show-por-uma-boa-causa\/","name":"Um grande show por uma boa causa - Daniel Matos","isPartOf":{"@id":"https:\/\/www.blogsoestado.com\/danielmatos\/#website"},"primaryImageOfPage":{"@id":"https:\/\/www.blogsoestado.com\/danielmatos\/um-grande-show-por-uma-boa-causa\/#primaryimage"},"image":{"@id":"https:\/\/www.blogsoestado.com\/danielmatos\/um-grande-show-por-uma-boa-causa\/#primaryimage"},"thumbnailUrl":"https:\/\/www.blogsoestado.com\/danielmatos\/files\/2018\/03\/Ivan-Lins.jpg","datePublished":"2018-03-19T15:00:33+00:00","author":{"@id":""},"breadcrumb":{"@id":"https:\/\/www.blogsoestado.com\/danielmatos\/um-grande-show-por-uma-boa-causa\/#breadcrumb"},"inLanguage":"pt-BR","potentialAction":[{"@type":"ReadAction","target":["https:\/\/www.blogsoestado.com\/danielmatos\/um-grande-show-por-uma-boa-causa\/"]}]},{"@type":"ImageObject","inLanguage":"pt-BR","@id":"https:\/\/www.blogsoestado.com\/danielmatos\/um-grande-show-por-uma-boa-causa\/#primaryimage","url":"https:\/\/www.blogsoestado.com\/danielmatos\/files\/2018\/03\/Ivan-Lins.jpg","contentUrl":"https:\/\/www.blogsoestado.com\/danielmatos\/files\/2018\/03\/Ivan-Lins.jpg"},{"@type":"BreadcrumbList","@id":"https:\/\/www.blogsoestado.com\/danielmatos\/um-grande-show-por-uma-boa-causa\/#breadcrumb","itemListElement":[{"@type":"ListItem","position":1,"name":"In\u00edcio","item":"https:\/\/www.blogsoestado.com\/danielmatos\/"},{"@type":"ListItem","position":2,"name":"Um grande show por uma boa causa"}]},{"@type":"WebSite","@id":"https:\/\/www.blogsoestado.com\/danielmatos\/#website","url":"https:\/\/www.blogsoestado.com\/danielmatos\/","name":"Daniel Matos","description":"","potentialAction":[{"@type":"SearchAction","target":{"@type":"EntryPoint","urlTemplate":"https:\/\/www.blogsoestado.com\/danielmatos\/?s={search_term_string}"},"query-input":{"@type":"PropertyValueSpecification","valueRequired":true,"valueName":"search_term_string"}}],"inLanguage":"pt-BR"}]}},"jetpack_featured_media_url":"","_links":{"self":[{"href":"https:\/\/www.blogsoestado.com\/danielmatos\/wp-json\/wp\/v2\/posts\/49516","targetHints":{"allow":["GET"]}}],"collection":[{"href":"https:\/\/www.blogsoestado.com\/danielmatos\/wp-json\/wp\/v2\/posts"}],"about":[{"href":"https:\/\/www.blogsoestado.com\/danielmatos\/wp-json\/wp\/v2\/types\/post"}],"replies":[{"embeddable":true,"href":"https:\/\/www.blogsoestado.com\/danielmatos\/wp-json\/wp\/v2\/comments?post=49516"}],"version-history":[{"count":0,"href":"https:\/\/www.blogsoestado.com\/danielmatos\/wp-json\/wp\/v2\/posts\/49516\/revisions"}],"wp:attachment":[{"href":"https:\/\/www.blogsoestado.com\/danielmatos\/wp-json\/wp\/v2\/media?parent=49516"}],"wp:term":[{"taxonomy":"category","embeddable":true,"href":"https:\/\/www.blogsoestado.com\/danielmatos\/wp-json\/wp\/v2\/categories?post=49516"},{"taxonomy":"post_tag","embeddable":true,"href":"https:\/\/www.blogsoestado.com\/danielmatos\/wp-json\/wp\/v2\/tags?post=49516"}],"curies":[{"name":"wp","href":"https:\/\/api.w.org\/{rel}","templated":true}]}}