{"id":49519,"date":"2018-03-19T09:49:03","date_gmt":"2018-03-19T12:49:03","guid":{"rendered":"https:\/\/www.blogsoestado.com\/danielmatos\/?p=49519"},"modified":"2018-03-19T09:49:03","modified_gmt":"2018-03-19T12:49:03","slug":"vereador-edson-gaguinho-inaugura-instituto-bem-estar-com-acao-social-na-vila-riod","status":"publish","type":"post","link":"https:\/\/www.blogsoestado.com\/danielmatos\/vereador-edson-gaguinho-inaugura-instituto-bem-estar-com-acao-social-na-vila-riod\/","title":{"rendered":"Vereador Edson Gaguinho inaugura Instituto Bem Estar com a\u00e7\u00e3o social na Vila Riod"},"content":{"rendered":"<figure id=\"attachment_49520\" aria-describedby=\"caption-attachment-49520\" style=\"width: 432px\" class=\"wp-caption alignright\"><img fetchpriority=\"high\" decoding=\"async\" class=\"wp-image-49520 size-full\" src=\"https:\/\/www.blogsoestado.com\/danielmatos\/files\/2018\/03\/gaguinho-bem-viver.jpg\" alt=\"\" width=\"432\" height=\"336\" \/><figcaption id=\"caption-attachment-49520\" class=\"wp-caption-text\">Prefeito Edivaldo Holanda J\u00fanior e Edson Gaguinho descerram placa de inaugura\u00e7\u00e3o do Instituto Bem Viver<\/figcaption><\/figure>\n<p>O vereador Edson Gaguinho (PHS), inaugurou neste s\u00e1bado (17) na Vila Riod, o Instituto Bem Estar \u2013 IBE, entidade da qual \u00e9 um dos fundadores. A grande a\u00e7\u00e3o social \u201cTodos Por S\u00e3o Lu\u00eds\u201d marcou o in\u00edcio dos trabalhos do instituto que vai funcionar na Avenida Nossa Senhora da Concei\u00e7\u00e3o, n\u00ba03, bairro Vila Riod, na regi\u00e3o da Cidade Oper\u00e1ria.<\/p>\n<p>A comunidade da Vila Riod e bairros do entorno aproveitaram uma s\u00e9rie de servi\u00e7os de sa\u00fade, entre consultas, exames, avalia\u00e7\u00e3o nutricional e informa\u00e7\u00f5es sobre preven\u00e7\u00e3o de doen\u00e7as, durante a 59\u00b0 edi\u00e7\u00e3o do programa Todos por S\u00e3o Lu\u00eds. A programa\u00e7\u00e3o iniciou \u00e0s 8h, com apresenta\u00e7\u00e3o da Banda da Guarda Municipal e a oferta de diversos servi\u00e7os.<\/p>\n<figure id=\"attachment_49521\" aria-describedby=\"caption-attachment-49521\" style=\"width: 448px\" class=\"wp-caption alignleft\"><img decoding=\"async\" class=\"wp-image-49521 size-full\" src=\"https:\/\/www.blogsoestado.com\/danielmatos\/files\/2018\/03\/gaguinho-bem-viver2.jpg\" alt=\"\" width=\"448\" height=\"296\" \/><figcaption id=\"caption-attachment-49521\" class=\"wp-caption-text\">Atendimentos de sa\u00fade marcaram primeiro dia de funcionamento do instituto<\/figcaption><\/figure>\n<p>A a\u00e7\u00e3o incluiu servi\u00e7os b\u00e1sicos na \u00e1rea da sa\u00fade com teste de glicemia, aferi\u00e7\u00e3o de press\u00e3o, aplica\u00e7\u00e3o de fl\u00faor, consultas de enfermagem, avalia\u00e7\u00e3o e orienta\u00e7\u00e3o nutricional, al\u00e9m de consultas especializadas nas \u00e1reas de cl\u00ednica geral, ginecologia, odontologia, pediatria, oftalmologia, ortopedia e fisioterapia. Tamb\u00e9m foram oferecidos, entre outros servi\u00e7os de sa\u00fade, encaminhamentos para consultas especializadas. Animais tamb\u00e9m foram vacinados na a\u00e7\u00e3o social.<\/p>\n<p>A\u00e7\u00f5es de embelezamento com corte de cabelo, limpeza de pele e maquiagem estavam inclu\u00eddas no conjunto de atividades. \u201cO vereador Edson Gaguinho est\u00e1 de parab\u00e9ns. Eu achei muito interessante porque s\u00e3o servi\u00e7os necess\u00e1rios que aqui a gente teve mais facilidade de acesso e pudemos economizar\u201d, disse a dom\u00e9stica K\u00e1tia Celene Silva, 45 anos, que aproveitou os v\u00e1rios servi\u00e7os de sa\u00fade.<\/p>\n<p>Al\u00e9m dos servi\u00e7os de sa\u00fade, a popula\u00e7\u00e3o recebeu pescado com as a\u00e7\u00f5es do Programa Peixe Solid\u00e1rio. Mais de 4 toneladas de peixe foram distribu\u00eddas.<\/p>\n<p><strong>INSTITUTO BEM ESTAR &#8211; IBE<\/strong><\/p>\n<figure id=\"attachment_49522\" aria-describedby=\"caption-attachment-49522\" style=\"width: 640px\" class=\"wp-caption aligncenter\"><img decoding=\"async\" class=\"wp-image-49522 size-full\" src=\"https:\/\/www.blogsoestado.com\/danielmatos\/files\/2018\/03\/gaguinho-bem-viver3.jpg\" alt=\"\" width=\"640\" height=\"360\" \/><figcaption id=\"caption-attachment-49522\" class=\"wp-caption-text\">P\u00fablico numero foi beneficiado com a\u00e7\u00f5es na inaugura\u00e7\u00e3o do Instituto Bem Viver<\/figcaption><\/figure>\n<p>Em uma \u00e1rea de mais de 1.000 metros quadrados, o vereador Edson Gaguinho construiu o local onde ser\u00e3o atendidas crian\u00e7as e fam\u00edlias carentes da capital. No total, cerca de 5 mil pessoas ser\u00e3o beneficiadas todos os meses.<\/p>\n<p>No terreno, o parlamentar montou tamb\u00e9m uma quadra poliesportiva, refeit\u00f3rio, audit\u00f3rio e salas para realiza\u00e7\u00e3o de cursos profissionalizantes. Al\u00e9m de espa\u00e7os para consultas m\u00e9dicas e odontol\u00f3gicas.<\/p>\n<p>O vereador Edson Gaguinho, um dos fundadores do instituto, comemorou. \u201c\u00c9 uma satisfa\u00e7\u00e3o muito grande inaugurar o Instituto Bem Estar, \u00e9 um sonho que estou realizando, um dever como parlamentar. Gra\u00e7as a Deus tudo est\u00e1 dando certo. Agora vamos trabalhar e trazer cursos profissionalizantes, consultas m\u00e9dicas e v\u00e1rias outras a\u00e7\u00f5es. O povo de S\u00e3o Lu\u00eds merece\u201d, finalizou o parlamentar.<\/p>\n","protected":false},"excerpt":{"rendered":"<p>O vereador Edson Gaguinho (PHS), inaugurou neste s\u00e1bado (17) na Vila Riod, o Instituto Bem Estar \u2013 IBE, entidade da [&hellip;]<\/p>\n","protected":false},"author":0,"featured_media":0,"comment_status":"open","ping_status":"open","sticky":false,"template":"","format":"standard","meta":{"site-sidebar-layout":"default","site-content-layout":"","ast-site-content-layout":"default","site-content-style":"default","site-sidebar-style":"default","ast-global-header-display":"","ast-banner-title-visibility":"","ast-main-header-display":"","ast-hfb-above-header-display":"","ast-hfb-below-header-display":"","ast-hfb-mobile-header-display":"","site-post-title":"","ast-breadcrumbs-content":"","ast-featured-img":"","footer-sml-layout":"","ast-disable-related-posts":"","theme-transparent-header-meta":"","adv-header-id-meta":"","stick-header-meta":"","header-above-stick-meta":"","header-main-stick-meta":"","header-below-stick-meta":"","astra-migrate-meta-layouts":"default","ast-page-background-enabled":"default","ast-page-background-meta":{"desktop":{"background-color":"var(--ast-global-color-5)","background-image":"","background-repeat":"repeat","background-position":"center center","background-size":"auto","background-attachment":"scroll","background-type":"","background-media":"","overlay-type":"","overlay-color":"","overlay-opacity":"","overlay-gradient":""},"tablet":{"background-color":"","background-image":"","background-repeat":"repeat","background-position":"center center","background-size":"auto","background-attachment":"scroll","background-type":"","background-media":"","overlay-type":"","overlay-color":"","overlay-opacity":"","overlay-gradient":""},"mobile":{"background-color":"","background-image":"","background-repeat":"repeat","background-position":"center center","background-size":"auto","background-attachment":"scroll","background-type":"","background-media":"","overlay-type":"","overlay-color":"","overlay-opacity":"","overlay-gradient":""}},"ast-content-background-meta":{"desktop":{"background-color":"var(--ast-global-color-4)","background-image":"","background-repeat":"repeat","background-position":"center center","background-size":"auto","background-attachment":"scroll","background-type":"","background-media":"","overlay-type":"","overlay-color":"","overlay-opacity":"","overlay-gradient":""},"tablet":{"background-color":"var(--ast-global-color-4)","background-image":"","background-repeat":"repeat","background-position":"center center","background-size":"auto","background-attachment":"scroll","background-type":"","background-media":"","overlay-type":"","overlay-color":"","overlay-opacity":"","overlay-gradient":""},"mobile":{"background-color":"var(--ast-global-color-4)","background-image":"","background-repeat":"repeat","background-position":"center center","background-size":"auto","background-attachment":"scroll","background-type":"","background-media":"","overlay-type":"","overlay-color":"","overlay-opacity":"","overlay-gradient":""}},"footnotes":""},"categories":[1],"tags":[],"class_list":["post-49519","post","type-post","status-publish","format-standard","hentry","category-sem-categoria"],"yoast_head":"<!-- This site is optimized with the Yoast SEO plugin v26.6 - https:\/\/yoast.com\/wordpress\/plugins\/seo\/ -->\n<title>Vereador Edson Gaguinho inaugura Instituto Bem Estar com a\u00e7\u00e3o social na Vila Riod - Daniel Matos<\/title>\n<meta name=\"robots\" content=\"index, follow, max-snippet:-1, max-image-preview:large, max-video-preview:-1\" \/>\n<link rel=\"canonical\" href=\"https:\/\/www.blogsoestado.com\/danielmatos\/vereador-edson-gaguinho-inaugura-instituto-bem-estar-com-acao-social-na-vila-riod\/\" \/>\n<meta property=\"og:locale\" content=\"pt_BR\" \/>\n<meta property=\"og:type\" content=\"article\" \/>\n<meta property=\"og:title\" content=\"Vereador Edson Gaguinho inaugura Instituto Bem Estar com a\u00e7\u00e3o social na Vila Riod - Daniel Matos\" \/>\n<meta property=\"og:description\" content=\"O vereador Edson Gaguinho (PHS), inaugurou neste s\u00e1bado (17) na Vila Riod, o Instituto Bem Estar \u2013 IBE, entidade da [&hellip;]\" \/>\n<meta property=\"og:url\" content=\"https:\/\/www.blogsoestado.com\/danielmatos\/vereador-edson-gaguinho-inaugura-instituto-bem-estar-com-acao-social-na-vila-riod\/\" \/>\n<meta property=\"og:site_name\" content=\"Daniel Matos\" \/>\n<meta property=\"article:published_time\" content=\"2018-03-19T12:49:03+00:00\" \/>\n<meta property=\"og:image\" content=\"https:\/\/www.blogsoestado.com\/danielmatos\/files\/2018\/03\/gaguinho-bem-viver.jpg\" \/>\n<meta name=\"twitter:card\" content=\"summary_large_image\" \/>\n<meta name=\"twitter:label1\" content=\"Est. tempo de leitura\" \/>\n\t<meta name=\"twitter:data1\" content=\"3 minutos\" \/>\n<script type=\"application\/ld+json\" class=\"yoast-schema-graph\">{\"@context\":\"https:\/\/schema.org\",\"@graph\":[{\"@type\":\"WebPage\",\"@id\":\"https:\/\/www.blogsoestado.com\/danielmatos\/vereador-edson-gaguinho-inaugura-instituto-bem-estar-com-acao-social-na-vila-riod\/\",\"url\":\"https:\/\/www.blogsoestado.com\/danielmatos\/vereador-edson-gaguinho-inaugura-instituto-bem-estar-com-acao-social-na-vila-riod\/\",\"name\":\"Vereador Edson Gaguinho inaugura Instituto Bem Estar com a\u00e7\u00e3o social na Vila Riod - Daniel Matos\",\"isPartOf\":{\"@id\":\"https:\/\/www.blogsoestado.com\/danielmatos\/#website\"},\"primaryImageOfPage\":{\"@id\":\"https:\/\/www.blogsoestado.com\/danielmatos\/vereador-edson-gaguinho-inaugura-instituto-bem-estar-com-acao-social-na-vila-riod\/#primaryimage\"},\"image\":{\"@id\":\"https:\/\/www.blogsoestado.com\/danielmatos\/vereador-edson-gaguinho-inaugura-instituto-bem-estar-com-acao-social-na-vila-riod\/#primaryimage\"},\"thumbnailUrl\":\"https:\/\/www.blogsoestado.com\/danielmatos\/files\/2018\/03\/gaguinho-bem-viver.jpg\",\"datePublished\":\"2018-03-19T12:49:03+00:00\",\"author\":{\"@id\":\"\"},\"breadcrumb\":{\"@id\":\"https:\/\/www.blogsoestado.com\/danielmatos\/vereador-edson-gaguinho-inaugura-instituto-bem-estar-com-acao-social-na-vila-riod\/#breadcrumb\"},\"inLanguage\":\"pt-BR\",\"potentialAction\":[{\"@type\":\"ReadAction\",\"target\":[\"https:\/\/www.blogsoestado.com\/danielmatos\/vereador-edson-gaguinho-inaugura-instituto-bem-estar-com-acao-social-na-vila-riod\/\"]}]},{\"@type\":\"ImageObject\",\"inLanguage\":\"pt-BR\",\"@id\":\"https:\/\/www.blogsoestado.com\/danielmatos\/vereador-edson-gaguinho-inaugura-instituto-bem-estar-com-acao-social-na-vila-riod\/#primaryimage\",\"url\":\"https:\/\/www.blogsoestado.com\/danielmatos\/files\/2018\/03\/gaguinho-bem-viver.jpg\",\"contentUrl\":\"https:\/\/www.blogsoestado.com\/danielmatos\/files\/2018\/03\/gaguinho-bem-viver.jpg\"},{\"@type\":\"BreadcrumbList\",\"@id\":\"https:\/\/www.blogsoestado.com\/danielmatos\/vereador-edson-gaguinho-inaugura-instituto-bem-estar-com-acao-social-na-vila-riod\/#breadcrumb\",\"itemListElement\":[{\"@type\":\"ListItem\",\"position\":1,\"name\":\"In\u00edcio\",\"item\":\"https:\/\/www.blogsoestado.com\/danielmatos\/\"},{\"@type\":\"ListItem\",\"position\":2,\"name\":\"Vereador Edson Gaguinho inaugura Instituto Bem Estar com a\u00e7\u00e3o social na Vila Riod\"}]},{\"@type\":\"WebSite\",\"@id\":\"https:\/\/www.blogsoestado.com\/danielmatos\/#website\",\"url\":\"https:\/\/www.blogsoestado.com\/danielmatos\/\",\"name\":\"Daniel Matos\",\"description\":\"\",\"potentialAction\":[{\"@type\":\"SearchAction\",\"target\":{\"@type\":\"EntryPoint\",\"urlTemplate\":\"https:\/\/www.blogsoestado.com\/danielmatos\/?s={search_term_string}\"},\"query-input\":{\"@type\":\"PropertyValueSpecification\",\"valueRequired\":true,\"valueName\":\"search_term_string\"}}],\"inLanguage\":\"pt-BR\"}]}<\/script>\n<!-- \/ Yoast SEO plugin. -->","yoast_head_json":{"title":"Vereador Edson Gaguinho inaugura Instituto Bem Estar com a\u00e7\u00e3o social na Vila Riod - Daniel Matos","robots":{"index":"index","follow":"follow","max-snippet":"max-snippet:-1","max-image-preview":"max-image-preview:large","max-video-preview":"max-video-preview:-1"},"canonical":"https:\/\/www.blogsoestado.com\/danielmatos\/vereador-edson-gaguinho-inaugura-instituto-bem-estar-com-acao-social-na-vila-riod\/","og_locale":"pt_BR","og_type":"article","og_title":"Vereador Edson Gaguinho inaugura Instituto Bem Estar com a\u00e7\u00e3o social na Vila Riod - Daniel Matos","og_description":"O vereador Edson Gaguinho (PHS), inaugurou neste s\u00e1bado (17) na Vila Riod, o Instituto Bem Estar \u2013 IBE, entidade da [&hellip;]","og_url":"https:\/\/www.blogsoestado.com\/danielmatos\/vereador-edson-gaguinho-inaugura-instituto-bem-estar-com-acao-social-na-vila-riod\/","og_site_name":"Daniel Matos","article_published_time":"2018-03-19T12:49:03+00:00","og_image":[{"url":"https:\/\/www.blogsoestado.com\/danielmatos\/files\/2018\/03\/gaguinho-bem-viver.jpg","type":"","width":"","height":""}],"twitter_card":"summary_large_image","twitter_misc":{"Est. tempo de leitura":"3 minutos"},"schema":{"@context":"https:\/\/schema.org","@graph":[{"@type":"WebPage","@id":"https:\/\/www.blogsoestado.com\/danielmatos\/vereador-edson-gaguinho-inaugura-instituto-bem-estar-com-acao-social-na-vila-riod\/","url":"https:\/\/www.blogsoestado.com\/danielmatos\/vereador-edson-gaguinho-inaugura-instituto-bem-estar-com-acao-social-na-vila-riod\/","name":"Vereador Edson Gaguinho inaugura Instituto Bem Estar com a\u00e7\u00e3o social na Vila Riod - Daniel Matos","isPartOf":{"@id":"https:\/\/www.blogsoestado.com\/danielmatos\/#website"},"primaryImageOfPage":{"@id":"https:\/\/www.blogsoestado.com\/danielmatos\/vereador-edson-gaguinho-inaugura-instituto-bem-estar-com-acao-social-na-vila-riod\/#primaryimage"},"image":{"@id":"https:\/\/www.blogsoestado.com\/danielmatos\/vereador-edson-gaguinho-inaugura-instituto-bem-estar-com-acao-social-na-vila-riod\/#primaryimage"},"thumbnailUrl":"https:\/\/www.blogsoestado.com\/danielmatos\/files\/2018\/03\/gaguinho-bem-viver.jpg","datePublished":"2018-03-19T12:49:03+00:00","author":{"@id":""},"breadcrumb":{"@id":"https:\/\/www.blogsoestado.com\/danielmatos\/vereador-edson-gaguinho-inaugura-instituto-bem-estar-com-acao-social-na-vila-riod\/#breadcrumb"},"inLanguage":"pt-BR","potentialAction":[{"@type":"ReadAction","target":["https:\/\/www.blogsoestado.com\/danielmatos\/vereador-edson-gaguinho-inaugura-instituto-bem-estar-com-acao-social-na-vila-riod\/"]}]},{"@type":"ImageObject","inLanguage":"pt-BR","@id":"https:\/\/www.blogsoestado.com\/danielmatos\/vereador-edson-gaguinho-inaugura-instituto-bem-estar-com-acao-social-na-vila-riod\/#primaryimage","url":"https:\/\/www.blogsoestado.com\/danielmatos\/files\/2018\/03\/gaguinho-bem-viver.jpg","contentUrl":"https:\/\/www.blogsoestado.com\/danielmatos\/files\/2018\/03\/gaguinho-bem-viver.jpg"},{"@type":"BreadcrumbList","@id":"https:\/\/www.blogsoestado.com\/danielmatos\/vereador-edson-gaguinho-inaugura-instituto-bem-estar-com-acao-social-na-vila-riod\/#breadcrumb","itemListElement":[{"@type":"ListItem","position":1,"name":"In\u00edcio","item":"https:\/\/www.blogsoestado.com\/danielmatos\/"},{"@type":"ListItem","position":2,"name":"Vereador Edson Gaguinho inaugura Instituto Bem Estar com a\u00e7\u00e3o social na Vila Riod"}]},{"@type":"WebSite","@id":"https:\/\/www.blogsoestado.com\/danielmatos\/#website","url":"https:\/\/www.blogsoestado.com\/danielmatos\/","name":"Daniel Matos","description":"","potentialAction":[{"@type":"SearchAction","target":{"@type":"EntryPoint","urlTemplate":"https:\/\/www.blogsoestado.com\/danielmatos\/?s={search_term_string}"},"query-input":{"@type":"PropertyValueSpecification","valueRequired":true,"valueName":"search_term_string"}}],"inLanguage":"pt-BR"}]}},"jetpack_featured_media_url":"","_links":{"self":[{"href":"https:\/\/www.blogsoestado.com\/danielmatos\/wp-json\/wp\/v2\/posts\/49519","targetHints":{"allow":["GET"]}}],"collection":[{"href":"https:\/\/www.blogsoestado.com\/danielmatos\/wp-json\/wp\/v2\/posts"}],"about":[{"href":"https:\/\/www.blogsoestado.com\/danielmatos\/wp-json\/wp\/v2\/types\/post"}],"replies":[{"embeddable":true,"href":"https:\/\/www.blogsoestado.com\/danielmatos\/wp-json\/wp\/v2\/comments?post=49519"}],"version-history":[{"count":0,"href":"https:\/\/www.blogsoestado.com\/danielmatos\/wp-json\/wp\/v2\/posts\/49519\/revisions"}],"wp:attachment":[{"href":"https:\/\/www.blogsoestado.com\/danielmatos\/wp-json\/wp\/v2\/media?parent=49519"}],"wp:term":[{"taxonomy":"category","embeddable":true,"href":"https:\/\/www.blogsoestado.com\/danielmatos\/wp-json\/wp\/v2\/categories?post=49519"},{"taxonomy":"post_tag","embeddable":true,"href":"https:\/\/www.blogsoestado.com\/danielmatos\/wp-json\/wp\/v2\/tags?post=49519"}],"curies":[{"name":"wp","href":"https:\/\/api.w.org\/{rel}","templated":true}]}}