{"id":49524,"date":"2018-03-19T10:23:07","date_gmt":"2018-03-19T13:23:07","guid":{"rendered":"https:\/\/www.blogsoestado.com\/danielmatos\/?p=49524"},"modified":"2018-03-19T10:23:07","modified_gmt":"2018-03-19T13:23:07","slug":"prefeitura-de-santa-rita-lanca-segunda-etapa-do-programa-nossa-casa","status":"publish","type":"post","link":"https:\/\/www.blogsoestado.com\/danielmatos\/prefeitura-de-santa-rita-lanca-segunda-etapa-do-programa-nossa-casa\/","title":{"rendered":"Prefeitura de Santa Rita lan\u00e7a segunda etapa do programa Nossa Casa"},"content":{"rendered":"<figure id=\"attachment_49525\" aria-describedby=\"caption-attachment-49525\" style=\"width: 640px\" class=\"wp-caption aligncenter\"><img fetchpriority=\"high\" decoding=\"async\" class=\"wp-image-49525 size-full\" src=\"https:\/\/www.blogsoestado.com\/danielmatos\/files\/2018\/03\/santa-rita-casa.jpg\" alt=\"\" width=\"640\" height=\"305\" \/><figcaption id=\"caption-attachment-49525\" class=\"wp-caption-text\">Centenas de pessoas se cadastraram, formalizando ades\u00e3o ao programa social<\/figcaption><\/figure>\n<p>A Prefeitura de Santa Rita lan\u00e7ou no \u00faltimo s\u00e1bado (17), a segunda etapa do programa Nossa Casa atrav\u00e9s da Secretaria Municipal de Habita\u00e7\u00e3o. Centenas de pessoas foram realizar o cadastro para a contempla\u00e7\u00e3o do programa social. A primeira etapa do programa encerrou em dezembro de 2017 com quase 300 habita\u00e7\u00f5es constru\u00eddas em todo munic\u00edpio com recursos pr\u00f3prios, substituindo as casas de taipa por casas de alvenaria.<\/p>\n<p>Na oportunidade, o prefeito Hilton Gon\u00e7alo afirmou que tem um compromisso com a popula\u00e7\u00e3o e uma meta ambiciosa de zerar o n\u00famero de casas de taipa no munic\u00edpio. &#8220;Nossa meta para a segunda etapa do programa Nossa Casa \u00e9 ampliar o n\u00famero de unidades habitacionais constru\u00eddas. Muito j\u00e1 foi feito e muito ainda se tem por fazer, vamos imprimir um ritmo mais forte e assim alcan\u00e7ar mais pessoas que precisam de uma moradia melhor&#8221;<\/p>\n<p>O secret\u00e1rio de Habita\u00e7\u00e3o, Cac\u00e1 de Carema, tamb\u00e9m falou da import\u00e2ncia do programa social. &#8220;Nesta segunda etapa, estamos concluindo algumas unidades que ficaram da primeira e iniciando a constru\u00e7\u00e3o de mais casas. Conseguimos nesse primeiro ano fazer muito com pouco, e a prova de que estamos no rumo certo, \u00e9 a satisfa\u00e7\u00e3o de ver a alegria estampada no rosto das pessoas que depois de muito sofrimento hoje realizam o sonho da casa pr\u00f3pria\u201d, declarou.<\/p>\n<p><strong>Melhoria de vida<\/strong><\/p>\n<figure id=\"attachment_49526\" aria-describedby=\"caption-attachment-49526\" style=\"width: 448px\" class=\"wp-caption alignright\"><img decoding=\"async\" class=\"wp-image-49526 size-full\" src=\"https:\/\/www.blogsoestado.com\/danielmatos\/files\/2018\/03\/santa-rita-casa2.jpg\" alt=\"\" width=\"448\" height=\"252\" \/><figcaption id=\"caption-attachment-49526\" class=\"wp-caption-text\">Uma das unidades habitacionais constru\u00eddas por meio do programa social<\/figcaption><\/figure>\n<p>Centenas de fam\u00edlias beneficiadas pelo programa na primeira etapa, falam da alegria de realizar o sonho de ter sua casa pr\u00f3pria.<\/p>\n<p>&#8220;Toda minha vida morei em casa de taipa, hoje gra\u00e7as a Deus isso acabou. Meu sonho foi realizado, ganhei a minha casa de tijolo e telha e agora tenho um teto digno para morar com meus quatro filhos. Agrade\u00e7o muito ao Dr Hilton Gon\u00e7alo, oro a Deus todo dia pra que ele possa realizar tamb\u00e9m o sonho de outras pessoas&#8221;, destacou Rosangela da Luz (povoado Mata).<\/p>\n<p>&#8220;Uma das coisas que mais me deixava triste era o per\u00edodo da chuva, a casa molhava toda, e o piso ficava alagado. Hoje gra\u00e7as a Deus e ao Dr Hilton Gon\u00e7alo essa cena minhas filhas n\u00e3o olham mais, temos uma boa casa e hoje pode chover a vontade&#8221;, garantiu Ivoneide Gomes (povoado Pedreiras).<\/p>\n","protected":false},"excerpt":{"rendered":"<p>A Prefeitura de Santa Rita lan\u00e7ou no \u00faltimo s\u00e1bado (17), a segunda etapa do programa Nossa Casa atrav\u00e9s da Secretaria [&hellip;]<\/p>\n","protected":false},"author":0,"featured_media":0,"comment_status":"open","ping_status":"open","sticky":false,"template":"","format":"standard","meta":{"site-sidebar-layout":"default","site-content-layout":"","ast-site-content-layout":"default","site-content-style":"default","site-sidebar-style":"default","ast-global-header-display":"","ast-banner-title-visibility":"","ast-main-header-display":"","ast-hfb-above-header-display":"","ast-hfb-below-header-display":"","ast-hfb-mobile-header-display":"","site-post-title":"","ast-breadcrumbs-content":"","ast-featured-img":"","footer-sml-layout":"","ast-disable-related-posts":"","theme-transparent-header-meta":"","adv-header-id-meta":"","stick-header-meta":"","header-above-stick-meta":"","header-main-stick-meta":"","header-below-stick-meta":"","astra-migrate-meta-layouts":"default","ast-page-background-enabled":"default","ast-page-background-meta":{"desktop":{"background-color":"var(--ast-global-color-5)","background-image":"","background-repeat":"repeat","background-position":"center center","background-size":"auto","background-attachment":"scroll","background-type":"","background-media":"","overlay-type":"","overlay-color":"","overlay-opacity":"","overlay-gradient":""},"tablet":{"background-color":"","background-image":"","background-repeat":"repeat","background-position":"center center","background-size":"auto","background-attachment":"scroll","background-type":"","background-media":"","overlay-type":"","overlay-color":"","overlay-opacity":"","overlay-gradient":""},"mobile":{"background-color":"","background-image":"","background-repeat":"repeat","background-position":"center center","background-size":"auto","background-attachment":"scroll","background-type":"","background-media":"","overlay-type":"","overlay-color":"","overlay-opacity":"","overlay-gradient":""}},"ast-content-background-meta":{"desktop":{"background-color":"var(--ast-global-color-4)","background-image":"","background-repeat":"repeat","background-position":"center center","background-size":"auto","background-attachment":"scroll","background-type":"","background-media":"","overlay-type":"","overlay-color":"","overlay-opacity":"","overlay-gradient":""},"tablet":{"background-color":"var(--ast-global-color-4)","background-image":"","background-repeat":"repeat","background-position":"center center","background-size":"auto","background-attachment":"scroll","background-type":"","background-media":"","overlay-type":"","overlay-color":"","overlay-opacity":"","overlay-gradient":""},"mobile":{"background-color":"var(--ast-global-color-4)","background-image":"","background-repeat":"repeat","background-position":"center center","background-size":"auto","background-attachment":"scroll","background-type":"","background-media":"","overlay-type":"","overlay-color":"","overlay-opacity":"","overlay-gradient":""}},"footnotes":""},"categories":[1],"tags":[],"class_list":["post-49524","post","type-post","status-publish","format-standard","hentry","category-sem-categoria"],"yoast_head":"<!-- This site is optimized with the Yoast SEO plugin v26.6 - https:\/\/yoast.com\/wordpress\/plugins\/seo\/ -->\n<title>Prefeitura de Santa Rita lan\u00e7a segunda etapa do programa Nossa Casa - Daniel Matos<\/title>\n<meta name=\"robots\" content=\"index, follow, max-snippet:-1, max-image-preview:large, max-video-preview:-1\" \/>\n<link rel=\"canonical\" href=\"https:\/\/www.blogsoestado.com\/danielmatos\/prefeitura-de-santa-rita-lanca-segunda-etapa-do-programa-nossa-casa\/\" \/>\n<meta property=\"og:locale\" content=\"pt_BR\" \/>\n<meta property=\"og:type\" content=\"article\" \/>\n<meta property=\"og:title\" content=\"Prefeitura de Santa Rita lan\u00e7a segunda etapa do programa Nossa Casa - Daniel Matos\" \/>\n<meta property=\"og:description\" content=\"A Prefeitura de Santa Rita lan\u00e7ou no \u00faltimo s\u00e1bado (17), a segunda etapa do programa Nossa Casa atrav\u00e9s da Secretaria [&hellip;]\" \/>\n<meta property=\"og:url\" content=\"https:\/\/www.blogsoestado.com\/danielmatos\/prefeitura-de-santa-rita-lanca-segunda-etapa-do-programa-nossa-casa\/\" \/>\n<meta property=\"og:site_name\" content=\"Daniel Matos\" \/>\n<meta property=\"article:published_time\" content=\"2018-03-19T13:23:07+00:00\" \/>\n<meta property=\"og:image\" content=\"https:\/\/www.blogsoestado.com\/danielmatos\/files\/2018\/03\/santa-rita-casa.jpg\" \/>\n<meta name=\"twitter:card\" content=\"summary_large_image\" \/>\n<meta name=\"twitter:label1\" content=\"Est. tempo de leitura\" \/>\n\t<meta name=\"twitter:data1\" content=\"2 minutos\" \/>\n<script type=\"application\/ld+json\" class=\"yoast-schema-graph\">{\"@context\":\"https:\/\/schema.org\",\"@graph\":[{\"@type\":\"WebPage\",\"@id\":\"https:\/\/www.blogsoestado.com\/danielmatos\/prefeitura-de-santa-rita-lanca-segunda-etapa-do-programa-nossa-casa\/\",\"url\":\"https:\/\/www.blogsoestado.com\/danielmatos\/prefeitura-de-santa-rita-lanca-segunda-etapa-do-programa-nossa-casa\/\",\"name\":\"Prefeitura de Santa Rita lan\u00e7a segunda etapa do programa Nossa Casa - Daniel Matos\",\"isPartOf\":{\"@id\":\"https:\/\/www.blogsoestado.com\/danielmatos\/#website\"},\"primaryImageOfPage\":{\"@id\":\"https:\/\/www.blogsoestado.com\/danielmatos\/prefeitura-de-santa-rita-lanca-segunda-etapa-do-programa-nossa-casa\/#primaryimage\"},\"image\":{\"@id\":\"https:\/\/www.blogsoestado.com\/danielmatos\/prefeitura-de-santa-rita-lanca-segunda-etapa-do-programa-nossa-casa\/#primaryimage\"},\"thumbnailUrl\":\"https:\/\/www.blogsoestado.com\/danielmatos\/files\/2018\/03\/santa-rita-casa.jpg\",\"datePublished\":\"2018-03-19T13:23:07+00:00\",\"author\":{\"@id\":\"\"},\"breadcrumb\":{\"@id\":\"https:\/\/www.blogsoestado.com\/danielmatos\/prefeitura-de-santa-rita-lanca-segunda-etapa-do-programa-nossa-casa\/#breadcrumb\"},\"inLanguage\":\"pt-BR\",\"potentialAction\":[{\"@type\":\"ReadAction\",\"target\":[\"https:\/\/www.blogsoestado.com\/danielmatos\/prefeitura-de-santa-rita-lanca-segunda-etapa-do-programa-nossa-casa\/\"]}]},{\"@type\":\"ImageObject\",\"inLanguage\":\"pt-BR\",\"@id\":\"https:\/\/www.blogsoestado.com\/danielmatos\/prefeitura-de-santa-rita-lanca-segunda-etapa-do-programa-nossa-casa\/#primaryimage\",\"url\":\"https:\/\/www.blogsoestado.com\/danielmatos\/files\/2018\/03\/santa-rita-casa.jpg\",\"contentUrl\":\"https:\/\/www.blogsoestado.com\/danielmatos\/files\/2018\/03\/santa-rita-casa.jpg\"},{\"@type\":\"BreadcrumbList\",\"@id\":\"https:\/\/www.blogsoestado.com\/danielmatos\/prefeitura-de-santa-rita-lanca-segunda-etapa-do-programa-nossa-casa\/#breadcrumb\",\"itemListElement\":[{\"@type\":\"ListItem\",\"position\":1,\"name\":\"In\u00edcio\",\"item\":\"https:\/\/www.blogsoestado.com\/danielmatos\/\"},{\"@type\":\"ListItem\",\"position\":2,\"name\":\"Prefeitura de Santa Rita lan\u00e7a segunda etapa do programa Nossa Casa\"}]},{\"@type\":\"WebSite\",\"@id\":\"https:\/\/www.blogsoestado.com\/danielmatos\/#website\",\"url\":\"https:\/\/www.blogsoestado.com\/danielmatos\/\",\"name\":\"Daniel Matos\",\"description\":\"\",\"potentialAction\":[{\"@type\":\"SearchAction\",\"target\":{\"@type\":\"EntryPoint\",\"urlTemplate\":\"https:\/\/www.blogsoestado.com\/danielmatos\/?s={search_term_string}\"},\"query-input\":{\"@type\":\"PropertyValueSpecification\",\"valueRequired\":true,\"valueName\":\"search_term_string\"}}],\"inLanguage\":\"pt-BR\"}]}<\/script>\n<!-- \/ Yoast SEO plugin. -->","yoast_head_json":{"title":"Prefeitura de Santa Rita lan\u00e7a segunda etapa do programa Nossa Casa - Daniel Matos","robots":{"index":"index","follow":"follow","max-snippet":"max-snippet:-1","max-image-preview":"max-image-preview:large","max-video-preview":"max-video-preview:-1"},"canonical":"https:\/\/www.blogsoestado.com\/danielmatos\/prefeitura-de-santa-rita-lanca-segunda-etapa-do-programa-nossa-casa\/","og_locale":"pt_BR","og_type":"article","og_title":"Prefeitura de Santa Rita lan\u00e7a segunda etapa do programa Nossa Casa - Daniel Matos","og_description":"A Prefeitura de Santa Rita lan\u00e7ou no \u00faltimo s\u00e1bado (17), a segunda etapa do programa Nossa Casa atrav\u00e9s da Secretaria [&hellip;]","og_url":"https:\/\/www.blogsoestado.com\/danielmatos\/prefeitura-de-santa-rita-lanca-segunda-etapa-do-programa-nossa-casa\/","og_site_name":"Daniel Matos","article_published_time":"2018-03-19T13:23:07+00:00","og_image":[{"url":"https:\/\/www.blogsoestado.com\/danielmatos\/files\/2018\/03\/santa-rita-casa.jpg","type":"","width":"","height":""}],"twitter_card":"summary_large_image","twitter_misc":{"Est. tempo de leitura":"2 minutos"},"schema":{"@context":"https:\/\/schema.org","@graph":[{"@type":"WebPage","@id":"https:\/\/www.blogsoestado.com\/danielmatos\/prefeitura-de-santa-rita-lanca-segunda-etapa-do-programa-nossa-casa\/","url":"https:\/\/www.blogsoestado.com\/danielmatos\/prefeitura-de-santa-rita-lanca-segunda-etapa-do-programa-nossa-casa\/","name":"Prefeitura de Santa Rita lan\u00e7a segunda etapa do programa Nossa Casa - Daniel Matos","isPartOf":{"@id":"https:\/\/www.blogsoestado.com\/danielmatos\/#website"},"primaryImageOfPage":{"@id":"https:\/\/www.blogsoestado.com\/danielmatos\/prefeitura-de-santa-rita-lanca-segunda-etapa-do-programa-nossa-casa\/#primaryimage"},"image":{"@id":"https:\/\/www.blogsoestado.com\/danielmatos\/prefeitura-de-santa-rita-lanca-segunda-etapa-do-programa-nossa-casa\/#primaryimage"},"thumbnailUrl":"https:\/\/www.blogsoestado.com\/danielmatos\/files\/2018\/03\/santa-rita-casa.jpg","datePublished":"2018-03-19T13:23:07+00:00","author":{"@id":""},"breadcrumb":{"@id":"https:\/\/www.blogsoestado.com\/danielmatos\/prefeitura-de-santa-rita-lanca-segunda-etapa-do-programa-nossa-casa\/#breadcrumb"},"inLanguage":"pt-BR","potentialAction":[{"@type":"ReadAction","target":["https:\/\/www.blogsoestado.com\/danielmatos\/prefeitura-de-santa-rita-lanca-segunda-etapa-do-programa-nossa-casa\/"]}]},{"@type":"ImageObject","inLanguage":"pt-BR","@id":"https:\/\/www.blogsoestado.com\/danielmatos\/prefeitura-de-santa-rita-lanca-segunda-etapa-do-programa-nossa-casa\/#primaryimage","url":"https:\/\/www.blogsoestado.com\/danielmatos\/files\/2018\/03\/santa-rita-casa.jpg","contentUrl":"https:\/\/www.blogsoestado.com\/danielmatos\/files\/2018\/03\/santa-rita-casa.jpg"},{"@type":"BreadcrumbList","@id":"https:\/\/www.blogsoestado.com\/danielmatos\/prefeitura-de-santa-rita-lanca-segunda-etapa-do-programa-nossa-casa\/#breadcrumb","itemListElement":[{"@type":"ListItem","position":1,"name":"In\u00edcio","item":"https:\/\/www.blogsoestado.com\/danielmatos\/"},{"@type":"ListItem","position":2,"name":"Prefeitura de Santa Rita lan\u00e7a segunda etapa do programa Nossa Casa"}]},{"@type":"WebSite","@id":"https:\/\/www.blogsoestado.com\/danielmatos\/#website","url":"https:\/\/www.blogsoestado.com\/danielmatos\/","name":"Daniel Matos","description":"","potentialAction":[{"@type":"SearchAction","target":{"@type":"EntryPoint","urlTemplate":"https:\/\/www.blogsoestado.com\/danielmatos\/?s={search_term_string}"},"query-input":{"@type":"PropertyValueSpecification","valueRequired":true,"valueName":"search_term_string"}}],"inLanguage":"pt-BR"}]}},"jetpack_featured_media_url":"","_links":{"self":[{"href":"https:\/\/www.blogsoestado.com\/danielmatos\/wp-json\/wp\/v2\/posts\/49524","targetHints":{"allow":["GET"]}}],"collection":[{"href":"https:\/\/www.blogsoestado.com\/danielmatos\/wp-json\/wp\/v2\/posts"}],"about":[{"href":"https:\/\/www.blogsoestado.com\/danielmatos\/wp-json\/wp\/v2\/types\/post"}],"replies":[{"embeddable":true,"href":"https:\/\/www.blogsoestado.com\/danielmatos\/wp-json\/wp\/v2\/comments?post=49524"}],"version-history":[{"count":0,"href":"https:\/\/www.blogsoestado.com\/danielmatos\/wp-json\/wp\/v2\/posts\/49524\/revisions"}],"wp:attachment":[{"href":"https:\/\/www.blogsoestado.com\/danielmatos\/wp-json\/wp\/v2\/media?parent=49524"}],"wp:term":[{"taxonomy":"category","embeddable":true,"href":"https:\/\/www.blogsoestado.com\/danielmatos\/wp-json\/wp\/v2\/categories?post=49524"},{"taxonomy":"post_tag","embeddable":true,"href":"https:\/\/www.blogsoestado.com\/danielmatos\/wp-json\/wp\/v2\/tags?post=49524"}],"curies":[{"name":"wp","href":"https:\/\/api.w.org\/{rel}","templated":true}]}}