{"id":49530,"date":"2018-03-19T11:17:52","date_gmt":"2018-03-19T14:17:52","guid":{"rendered":"https:\/\/www.blogsoestado.com\/danielmatos\/?p=49530"},"modified":"2018-03-19T11:17:52","modified_gmt":"2018-03-19T14:17:52","slug":"projeto-de-wellington-obriga-divulgacao-de-valores-arrecadados-com-leiloes-e-multas-veiculos","status":"publish","type":"post","link":"https:\/\/www.blogsoestado.com\/danielmatos\/projeto-de-wellington-obriga-divulgacao-de-valores-arrecadados-com-leiloes-e-multas-veiculos\/","title":{"rendered":"Projeto de Wellington obriga divulga\u00e7\u00e3o de valores arrecadados com leil\u00f5es e multas a ve\u00edculos"},"content":{"rendered":"<figure id=\"attachment_49531\" aria-describedby=\"caption-attachment-49531\" style=\"width: 448px\" class=\"wp-caption alignright\"><img fetchpriority=\"high\" decoding=\"async\" class=\"wp-image-49531 size-full\" src=\"https:\/\/www.blogsoestado.com\/danielmatos\/files\/2018\/03\/patio-vip3.jpg\" alt=\"\" width=\"448\" height=\"299\" \/><figcaption id=\"caption-attachment-49531\" class=\"wp-caption-text\">Wellington reafirmou que seu mandato reflete aquilo que as ruas solicitam<\/figcaption><\/figure>\n<p>De acordo com os editais publicados de 2015 a 2017, o Departamento Estadual de Tr\u00e2nsito &#8211; DETRAN, por meio da Comiss\u00e3o de Leil\u00e3o, o Maranh\u00e3o j\u00e1 leiloou 11.414 ve\u00edculos. Os valores arrecadados com isso, at\u00e9 ent\u00e3o, s\u00e3o desconhecidos. Nesse contexto, o deputado estadual progressista Wellington do Curso apresentou o Projeto de Lei 21\/2018, que disp\u00f5e sobre a divulga\u00e7\u00e3o dos valores arrecadados com leil\u00f5es de ve\u00edculos.<\/p>\n<p>Atualmente, a pr\u00e1tica do leil\u00e3o de tornou uma das formas preferidas do Governador Fl\u00e1vio Dino, ainda que viole at\u00e9 mesmo dispositivos da Constitui\u00e7\u00e3o Federal.<\/p>\n<p>\u201cNosso mandato reflete aquilo que as ruas solicitam. Os maranhenses querem saber quanto que Fl\u00e1vio Dino j\u00e1 arrecadou com tanto leil\u00e3o. Ningu\u00e9m sabe. O maranhense tem seu ve\u00edculo apreendido de forma inconstitucional; o ve\u00edculo \u00e9 leiloado e sequer se sabe o quantum, o valor disso tudo. Quero deixar claro que essas apreens\u00f5es nem deveriam acontecer, mas j\u00e1 que ocorrem, Fl\u00e1vio Dino, preste contas com a popula\u00e7\u00e3o\u201d, disse Wellington.<\/p>\n<figure id=\"attachment_49533\" aria-describedby=\"caption-attachment-49533\" style=\"width: 640px\" class=\"wp-caption aligncenter\"><img decoding=\"async\" class=\"wp-image-49533 size-full\" src=\"https:\/\/www.blogsoestado.com\/danielmatos\/files\/2018\/03\/patio-vip2.jpg\" alt=\"\" width=\"640\" height=\"480\" \/><figcaption id=\"caption-attachment-49533\" class=\"wp-caption-text\">P\u00e1tio da VIP Leil\u00f5es, na BR-135, \u00e9 ocupado por milhares de ve\u00edculos<\/figcaption><\/figure>\n<p>Atualmente, tramita tamb\u00e9m na Assembleia Legislativa, tamb\u00e9m de autoria do deputado Wellington, o Projeto de Lei 99\/2017, que pro\u00edbe a apreens\u00e3o de ve\u00edculos por n\u00e3o pagamento de IPVA.<\/p>\n<p><strong>ENTENDA O PROJETO:<\/strong><\/p>\n<p>De acordo com o texto do Projeto, a Administra\u00e7\u00e3o P\u00fablica Estadual deve divulgar na rede mundial de computadores, atrav\u00e9s do s\u00edtio eletr\u00f4nico do governo estadual ou outro meio eletr\u00f4nico dispon\u00edvel, al\u00e9m de publicar no di\u00e1rio oficial do poder executivo, os valores arrecadados com leil\u00f5es de apreens\u00e3o de ve\u00edculos e com a aplica\u00e7\u00e3o de multas de tr\u00e2nsito. Essa publica\u00e7\u00e3o dever\u00e1 ser feita at\u00e9 o dia 25 (vinte e cinco) de cada m\u00eas.<\/p>\n<figure id=\"attachment_49534\" aria-describedby=\"caption-attachment-49534\" style=\"width: 628px\" class=\"wp-caption aligncenter\"><img decoding=\"async\" class=\"wp-image-49534 size-full\" src=\"https:\/\/www.blogsoestado.com\/danielmatos\/files\/2018\/03\/patio-vip.jpg\" alt=\"\" width=\"628\" height=\"480\" \/><figcaption id=\"caption-attachment-49534\" class=\"wp-caption-text\">Motos e carros acomodados no p\u00e1tio s\u00e3o encaminhados a leil\u00e3o caso propriet\u00e1rios n\u00e3o paguem d\u00e9bitos<\/figcaption><\/figure>\n<p>Tal publica\u00e7\u00e3o dever\u00e1 constar:<\/p>\n<p>I &#8211; n\u00famero total de multas aplicadas por munic\u00edpio no Estado do Maranh\u00e3o, nas seguintes modalidades:<\/p>\n<p>a) Radares m\u00f3veis;<\/p>\n<p>b) Radares fixos;<\/p>\n<p>c) Pol\u00edcia Militar e Agentes do Detran e Ciretrans.<\/p>\n<p>II &#8211; Montante arrecadado mensalmente com multas de tr\u00e2nsito; e<\/p>\n<p>III \u2013 Valores arrecadados em leil\u00f5es de ve\u00edculos apreendidos;<\/p>\n<p>IV- Valor pendente a ser arrecadado.<\/p>\n","protected":false},"excerpt":{"rendered":"<p>De acordo com os editais publicados de 2015 a 2017, o Departamento Estadual de Tr\u00e2nsito &#8211; DETRAN, por meio da [&hellip;]<\/p>\n","protected":false},"author":0,"featured_media":0,"comment_status":"open","ping_status":"open","sticky":false,"template":"","format":"standard","meta":{"site-sidebar-layout":"default","site-content-layout":"","ast-site-content-layout":"default","site-content-style":"default","site-sidebar-style":"default","ast-global-header-display":"","ast-banner-title-visibility":"","ast-main-header-display":"","ast-hfb-above-header-display":"","ast-hfb-below-header-display":"","ast-hfb-mobile-header-display":"","site-post-title":"","ast-breadcrumbs-content":"","ast-featured-img":"","footer-sml-layout":"","ast-disable-related-posts":"","theme-transparent-header-meta":"","adv-header-id-meta":"","stick-header-meta":"","header-above-stick-meta":"","header-main-stick-meta":"","header-below-stick-meta":"","astra-migrate-meta-layouts":"default","ast-page-background-enabled":"default","ast-page-background-meta":{"desktop":{"background-color":"var(--ast-global-color-5)","background-image":"","background-repeat":"repeat","background-position":"center center","background-size":"auto","background-attachment":"scroll","background-type":"","background-media":"","overlay-type":"","overlay-color":"","overlay-opacity":"","overlay-gradient":""},"tablet":{"background-color":"","background-image":"","background-repeat":"repeat","background-position":"center center","background-size":"auto","background-attachment":"scroll","background-type":"","background-media":"","overlay-type":"","overlay-color":"","overlay-opacity":"","overlay-gradient":""},"mobile":{"background-color":"","background-image":"","background-repeat":"repeat","background-position":"center center","background-size":"auto","background-attachment":"scroll","background-type":"","background-media":"","overlay-type":"","overlay-color":"","overlay-opacity":"","overlay-gradient":""}},"ast-content-background-meta":{"desktop":{"background-color":"var(--ast-global-color-4)","background-image":"","background-repeat":"repeat","background-position":"center center","background-size":"auto","background-attachment":"scroll","background-type":"","background-media":"","overlay-type":"","overlay-color":"","overlay-opacity":"","overlay-gradient":""},"tablet":{"background-color":"var(--ast-global-color-4)","background-image":"","background-repeat":"repeat","background-position":"center center","background-size":"auto","background-attachment":"scroll","background-type":"","background-media":"","overlay-type":"","overlay-color":"","overlay-opacity":"","overlay-gradient":""},"mobile":{"background-color":"var(--ast-global-color-4)","background-image":"","background-repeat":"repeat","background-position":"center center","background-size":"auto","background-attachment":"scroll","background-type":"","background-media":"","overlay-type":"","overlay-color":"","overlay-opacity":"","overlay-gradient":""}},"footnotes":""},"categories":[1],"tags":[],"class_list":["post-49530","post","type-post","status-publish","format-standard","hentry","category-sem-categoria"],"yoast_head":"<!-- This site is optimized with the Yoast SEO plugin v26.6 - https:\/\/yoast.com\/wordpress\/plugins\/seo\/ -->\n<title>Projeto de Wellington obriga divulga\u00e7\u00e3o de valores arrecadados com leil\u00f5es e multas a ve\u00edculos - Daniel Matos<\/title>\n<meta name=\"robots\" content=\"index, follow, max-snippet:-1, max-image-preview:large, max-video-preview:-1\" \/>\n<link rel=\"canonical\" href=\"https:\/\/www.blogsoestado.com\/danielmatos\/projeto-de-wellington-obriga-divulgacao-de-valores-arrecadados-com-leiloes-e-multas-veiculos\/\" \/>\n<meta property=\"og:locale\" content=\"pt_BR\" \/>\n<meta property=\"og:type\" content=\"article\" \/>\n<meta property=\"og:title\" content=\"Projeto de Wellington obriga divulga\u00e7\u00e3o de valores arrecadados com leil\u00f5es e multas a ve\u00edculos - Daniel Matos\" \/>\n<meta property=\"og:description\" content=\"De acordo com os editais publicados de 2015 a 2017, o Departamento Estadual de Tr\u00e2nsito &#8211; DETRAN, por meio da [&hellip;]\" \/>\n<meta property=\"og:url\" content=\"https:\/\/www.blogsoestado.com\/danielmatos\/projeto-de-wellington-obriga-divulgacao-de-valores-arrecadados-com-leiloes-e-multas-veiculos\/\" \/>\n<meta property=\"og:site_name\" content=\"Daniel Matos\" \/>\n<meta property=\"article:published_time\" content=\"2018-03-19T14:17:52+00:00\" \/>\n<meta property=\"og:image\" content=\"https:\/\/www.blogsoestado.com\/danielmatos\/files\/2018\/03\/patio-vip3.jpg\" \/>\n<meta name=\"twitter:card\" content=\"summary_large_image\" \/>\n<meta name=\"twitter:label1\" content=\"Est. tempo de leitura\" \/>\n\t<meta name=\"twitter:data1\" content=\"2 minutos\" \/>\n<script type=\"application\/ld+json\" class=\"yoast-schema-graph\">{\"@context\":\"https:\/\/schema.org\",\"@graph\":[{\"@type\":\"WebPage\",\"@id\":\"https:\/\/www.blogsoestado.com\/danielmatos\/projeto-de-wellington-obriga-divulgacao-de-valores-arrecadados-com-leiloes-e-multas-veiculos\/\",\"url\":\"https:\/\/www.blogsoestado.com\/danielmatos\/projeto-de-wellington-obriga-divulgacao-de-valores-arrecadados-com-leiloes-e-multas-veiculos\/\",\"name\":\"Projeto de Wellington obriga divulga\u00e7\u00e3o de valores arrecadados com leil\u00f5es e multas a ve\u00edculos - Daniel Matos\",\"isPartOf\":{\"@id\":\"https:\/\/www.blogsoestado.com\/danielmatos\/#website\"},\"primaryImageOfPage\":{\"@id\":\"https:\/\/www.blogsoestado.com\/danielmatos\/projeto-de-wellington-obriga-divulgacao-de-valores-arrecadados-com-leiloes-e-multas-veiculos\/#primaryimage\"},\"image\":{\"@id\":\"https:\/\/www.blogsoestado.com\/danielmatos\/projeto-de-wellington-obriga-divulgacao-de-valores-arrecadados-com-leiloes-e-multas-veiculos\/#primaryimage\"},\"thumbnailUrl\":\"https:\/\/www.blogsoestado.com\/danielmatos\/files\/2018\/03\/patio-vip3.jpg\",\"datePublished\":\"2018-03-19T14:17:52+00:00\",\"author\":{\"@id\":\"\"},\"breadcrumb\":{\"@id\":\"https:\/\/www.blogsoestado.com\/danielmatos\/projeto-de-wellington-obriga-divulgacao-de-valores-arrecadados-com-leiloes-e-multas-veiculos\/#breadcrumb\"},\"inLanguage\":\"pt-BR\",\"potentialAction\":[{\"@type\":\"ReadAction\",\"target\":[\"https:\/\/www.blogsoestado.com\/danielmatos\/projeto-de-wellington-obriga-divulgacao-de-valores-arrecadados-com-leiloes-e-multas-veiculos\/\"]}]},{\"@type\":\"ImageObject\",\"inLanguage\":\"pt-BR\",\"@id\":\"https:\/\/www.blogsoestado.com\/danielmatos\/projeto-de-wellington-obriga-divulgacao-de-valores-arrecadados-com-leiloes-e-multas-veiculos\/#primaryimage\",\"url\":\"https:\/\/www.blogsoestado.com\/danielmatos\/files\/2018\/03\/patio-vip3.jpg\",\"contentUrl\":\"https:\/\/www.blogsoestado.com\/danielmatos\/files\/2018\/03\/patio-vip3.jpg\"},{\"@type\":\"BreadcrumbList\",\"@id\":\"https:\/\/www.blogsoestado.com\/danielmatos\/projeto-de-wellington-obriga-divulgacao-de-valores-arrecadados-com-leiloes-e-multas-veiculos\/#breadcrumb\",\"itemListElement\":[{\"@type\":\"ListItem\",\"position\":1,\"name\":\"In\u00edcio\",\"item\":\"https:\/\/www.blogsoestado.com\/danielmatos\/\"},{\"@type\":\"ListItem\",\"position\":2,\"name\":\"Projeto de Wellington obriga divulga\u00e7\u00e3o de valores arrecadados com leil\u00f5es e multas a ve\u00edculos\"}]},{\"@type\":\"WebSite\",\"@id\":\"https:\/\/www.blogsoestado.com\/danielmatos\/#website\",\"url\":\"https:\/\/www.blogsoestado.com\/danielmatos\/\",\"name\":\"Daniel Matos\",\"description\":\"\",\"potentialAction\":[{\"@type\":\"SearchAction\",\"target\":{\"@type\":\"EntryPoint\",\"urlTemplate\":\"https:\/\/www.blogsoestado.com\/danielmatos\/?s={search_term_string}\"},\"query-input\":{\"@type\":\"PropertyValueSpecification\",\"valueRequired\":true,\"valueName\":\"search_term_string\"}}],\"inLanguage\":\"pt-BR\"}]}<\/script>\n<!-- \/ Yoast SEO plugin. -->","yoast_head_json":{"title":"Projeto de Wellington obriga divulga\u00e7\u00e3o de valores arrecadados com leil\u00f5es e multas a ve\u00edculos - Daniel Matos","robots":{"index":"index","follow":"follow","max-snippet":"max-snippet:-1","max-image-preview":"max-image-preview:large","max-video-preview":"max-video-preview:-1"},"canonical":"https:\/\/www.blogsoestado.com\/danielmatos\/projeto-de-wellington-obriga-divulgacao-de-valores-arrecadados-com-leiloes-e-multas-veiculos\/","og_locale":"pt_BR","og_type":"article","og_title":"Projeto de Wellington obriga divulga\u00e7\u00e3o de valores arrecadados com leil\u00f5es e multas a ve\u00edculos - Daniel Matos","og_description":"De acordo com os editais publicados de 2015 a 2017, o Departamento Estadual de Tr\u00e2nsito &#8211; DETRAN, por meio da [&hellip;]","og_url":"https:\/\/www.blogsoestado.com\/danielmatos\/projeto-de-wellington-obriga-divulgacao-de-valores-arrecadados-com-leiloes-e-multas-veiculos\/","og_site_name":"Daniel Matos","article_published_time":"2018-03-19T14:17:52+00:00","og_image":[{"url":"https:\/\/www.blogsoestado.com\/danielmatos\/files\/2018\/03\/patio-vip3.jpg","type":"","width":"","height":""}],"twitter_card":"summary_large_image","twitter_misc":{"Est. tempo de leitura":"2 minutos"},"schema":{"@context":"https:\/\/schema.org","@graph":[{"@type":"WebPage","@id":"https:\/\/www.blogsoestado.com\/danielmatos\/projeto-de-wellington-obriga-divulgacao-de-valores-arrecadados-com-leiloes-e-multas-veiculos\/","url":"https:\/\/www.blogsoestado.com\/danielmatos\/projeto-de-wellington-obriga-divulgacao-de-valores-arrecadados-com-leiloes-e-multas-veiculos\/","name":"Projeto de Wellington obriga divulga\u00e7\u00e3o de valores arrecadados com leil\u00f5es e multas a ve\u00edculos - Daniel Matos","isPartOf":{"@id":"https:\/\/www.blogsoestado.com\/danielmatos\/#website"},"primaryImageOfPage":{"@id":"https:\/\/www.blogsoestado.com\/danielmatos\/projeto-de-wellington-obriga-divulgacao-de-valores-arrecadados-com-leiloes-e-multas-veiculos\/#primaryimage"},"image":{"@id":"https:\/\/www.blogsoestado.com\/danielmatos\/projeto-de-wellington-obriga-divulgacao-de-valores-arrecadados-com-leiloes-e-multas-veiculos\/#primaryimage"},"thumbnailUrl":"https:\/\/www.blogsoestado.com\/danielmatos\/files\/2018\/03\/patio-vip3.jpg","datePublished":"2018-03-19T14:17:52+00:00","author":{"@id":""},"breadcrumb":{"@id":"https:\/\/www.blogsoestado.com\/danielmatos\/projeto-de-wellington-obriga-divulgacao-de-valores-arrecadados-com-leiloes-e-multas-veiculos\/#breadcrumb"},"inLanguage":"pt-BR","potentialAction":[{"@type":"ReadAction","target":["https:\/\/www.blogsoestado.com\/danielmatos\/projeto-de-wellington-obriga-divulgacao-de-valores-arrecadados-com-leiloes-e-multas-veiculos\/"]}]},{"@type":"ImageObject","inLanguage":"pt-BR","@id":"https:\/\/www.blogsoestado.com\/danielmatos\/projeto-de-wellington-obriga-divulgacao-de-valores-arrecadados-com-leiloes-e-multas-veiculos\/#primaryimage","url":"https:\/\/www.blogsoestado.com\/danielmatos\/files\/2018\/03\/patio-vip3.jpg","contentUrl":"https:\/\/www.blogsoestado.com\/danielmatos\/files\/2018\/03\/patio-vip3.jpg"},{"@type":"BreadcrumbList","@id":"https:\/\/www.blogsoestado.com\/danielmatos\/projeto-de-wellington-obriga-divulgacao-de-valores-arrecadados-com-leiloes-e-multas-veiculos\/#breadcrumb","itemListElement":[{"@type":"ListItem","position":1,"name":"In\u00edcio","item":"https:\/\/www.blogsoestado.com\/danielmatos\/"},{"@type":"ListItem","position":2,"name":"Projeto de Wellington obriga divulga\u00e7\u00e3o de valores arrecadados com leil\u00f5es e multas a ve\u00edculos"}]},{"@type":"WebSite","@id":"https:\/\/www.blogsoestado.com\/danielmatos\/#website","url":"https:\/\/www.blogsoestado.com\/danielmatos\/","name":"Daniel Matos","description":"","potentialAction":[{"@type":"SearchAction","target":{"@type":"EntryPoint","urlTemplate":"https:\/\/www.blogsoestado.com\/danielmatos\/?s={search_term_string}"},"query-input":{"@type":"PropertyValueSpecification","valueRequired":true,"valueName":"search_term_string"}}],"inLanguage":"pt-BR"}]}},"jetpack_featured_media_url":"","_links":{"self":[{"href":"https:\/\/www.blogsoestado.com\/danielmatos\/wp-json\/wp\/v2\/posts\/49530","targetHints":{"allow":["GET"]}}],"collection":[{"href":"https:\/\/www.blogsoestado.com\/danielmatos\/wp-json\/wp\/v2\/posts"}],"about":[{"href":"https:\/\/www.blogsoestado.com\/danielmatos\/wp-json\/wp\/v2\/types\/post"}],"replies":[{"embeddable":true,"href":"https:\/\/www.blogsoestado.com\/danielmatos\/wp-json\/wp\/v2\/comments?post=49530"}],"version-history":[{"count":0,"href":"https:\/\/www.blogsoestado.com\/danielmatos\/wp-json\/wp\/v2\/posts\/49530\/revisions"}],"wp:attachment":[{"href":"https:\/\/www.blogsoestado.com\/danielmatos\/wp-json\/wp\/v2\/media?parent=49530"}],"wp:term":[{"taxonomy":"category","embeddable":true,"href":"https:\/\/www.blogsoestado.com\/danielmatos\/wp-json\/wp\/v2\/categories?post=49530"},{"taxonomy":"post_tag","embeddable":true,"href":"https:\/\/www.blogsoestado.com\/danielmatos\/wp-json\/wp\/v2\/tags?post=49530"}],"curies":[{"name":"wp","href":"https:\/\/api.w.org\/{rel}","templated":true}]}}