{"id":49540,"date":"2018-03-19T14:34:56","date_gmt":"2018-03-19T17:34:56","guid":{"rendered":"https:\/\/www.blogsoestado.com\/danielmatos\/?p=49540"},"modified":"2018-03-19T14:34:56","modified_gmt":"2018-03-19T17:34:56","slug":"pedido-do-mp-justica-bloqueia-bens-do-prefeito-de-sao-joao-batista","status":"publish","type":"post","link":"https:\/\/www.blogsoestado.com\/danielmatos\/pedido-do-mp-justica-bloqueia-bens-do-prefeito-de-sao-joao-batista\/","title":{"rendered":"A pedido do MP, Justi\u00e7a bloqueia bens do prefeito de S\u00e3o Jo\u00e3o Batista"},"content":{"rendered":"<figure id=\"attachment_49020\" aria-describedby=\"caption-attachment-49020\" style=\"width: 300px\" class=\"wp-caption alignleft\"><img fetchpriority=\"high\" decoding=\"async\" class=\"size-medium wp-image-49020\" src=\"https:\/\/www.blogsoestado.com\/danielmatos\/files\/2018\/02\/dominici-dino-300x248.jpg\" alt=\"\" width=\"300\" height=\"248\" \/><figcaption id=\"caption-attachment-49020\" class=\"wp-caption-text\">Prefeito Jo\u00e3o Dominici com o governador Fl\u00e1vio Dino, seu aliado<\/figcaption><\/figure>\n<p>Uma A\u00e7\u00e3o Civil P\u00fablica proposta pela Promotoria de Justi\u00e7a da Comarca de S\u00e3o Jo\u00e3o Batista, em 27 de fevereiro, levou a Justi\u00e7a decretar, em medida liminar na \u00faltima quinta-feira, 15, a indisponibilidade dos bens do prefeito Jo\u00e3o C\u00e2ndido Dominici at\u00e9 o valor de R$ 141 mil. A a\u00e7\u00e3o foi motivada pela pintura de diversos pr\u00e9dios p\u00fablicos nas cores do partido pol\u00edtico do gestor municipal, ferindo o princ\u00edpio da impessoalidade na administra\u00e7\u00e3o p\u00fablica.<\/p>\n<p>Em janeiro de 2017, no in\u00edcio do mandato do atual prefeito, o Minist\u00e9rio P\u00fablico emitiu Recomenda\u00e7\u00e3o a respeito do tema. Os principais pr\u00e9dios p\u00fablicos do munic\u00edpio estavam sendo pintados com as cores amarelo e azul, do partido PSDB, e amplamente utilizadas na campanha eleitoral de Jo\u00e3o Dominici.<\/p>\n<p>Apesar de recebida pessoalmente pelo prefeito em 18 de janeiro de 2017, a Recomenda\u00e7\u00e3o n\u00e3o foi cumprida. Posteriormente, duas requisi\u00e7\u00f5es foram encaminhadas ao procurador-geral do Munic\u00edpio, solicitando os procedimentos licitat\u00f3rios ou de dispensa de licita\u00e7\u00e3o relativos \u00e0 pintura dos espa\u00e7os p\u00fablicos, mas tamb\u00e9m n\u00e3o foram atendidas.<\/p>\n<p>Uma nova Recomenda\u00e7\u00e3o foi enviada, orientando que o pr\u00f3prio gestor municipal custeasse os servi\u00e7os para desfazer as pinturas irregulares nos pr\u00e9dios municipais, e mais uma vez n\u00e3o atendida.<\/p>\n<p><strong>Uso pol\u00edtico de cores na gest\u00e3o<\/strong><\/p>\n<p>Um relat\u00f3rio elaborado pela Promotoria de Justi\u00e7a de S\u00e3o Jo\u00e3o Batista apontou que a sede da Prefeitura e as secretarias municipais de Sa\u00fade, Assist\u00eancia Social, Educa\u00e7\u00e3o, al\u00e9m da Pra\u00e7a da Matriz e o est\u00e1dio municipal foram pintados de azul e amarelo. Na mesma situa\u00e7\u00e3o estavam o Mercado Municipal do Peixe, o Conselho Tutelar e a Unidade B\u00e1sica de Sa\u00fade.<\/p>\n<p>Na \u00e1rea da educa\u00e7\u00e3o, utilizam as cores que diferem das presentes na bandeira do Munic\u00edpio (azul, vermelho e branco) o Centro Integrado Marly Sarney, a Oficina Pedag\u00f3gica Deputado Gast\u00e3o Vieira e o Farol do Saber.<\/p>\n<p>Das investiga\u00e7\u00f5es tamb\u00e9m consta uma consulta de pre\u00e7os para calcular os preju\u00edzos causados ao er\u00e1rio pela pintura irregular dos espa\u00e7os p\u00fablicos. Chegou-se a um or\u00e7amento de R$ 47 mil.<\/p>\n<p>\u201cO demandado, ao dar in\u00edcio ao exerc\u00edcio do seu mandato como prefeito do Munic\u00edpio de S\u00e3o Jo\u00e3o Batista, em menos de um m\u00eas iniciou uma \u2018difus\u00e3o\u2019 das cores azul e amarela pelo munic\u00edpio, consubstanciada na pintura de pr\u00e9dios p\u00fablicos, escolas, divulga\u00e7\u00e3o de material de propaganda institucional, inclusive atrav\u00e9s do s\u00edtio oficial da Prefeitura de S\u00e3o Jo\u00e3o Batista, dentre outros, em total descompasso com as cores dos s\u00edmbolos oficiais do Munic\u00edpio e do Estado do Maranh\u00e3o\u201d, observa, na a\u00e7\u00e3o, o promotor de justi\u00e7a Felipe Augusto Rotondo.<\/p>\n<p>Na A\u00e7\u00e3o, o Minist\u00e9rio P\u00fablico do Maranh\u00e3o pede que a Justi\u00e7a condene Jo\u00e3o C\u00e2ndido Dominici por danos morais coletivos, indenizando a administra\u00e7\u00e3o p\u00fablica em R$ 50 mil. Al\u00e9m disso, se condenado, ao final do processo, por improbidade administrativa, o prefeito de S\u00e3o Jo\u00e3o Batista estar\u00e1 sujeito ao ressarcimento integral do dano causado, perda da fun\u00e7\u00e3o p\u00fablica, suspens\u00e3o dos direitos pol\u00edticos de cinco a oito anos, pagamento de multa de at\u00e9 100 vezes a remunera\u00e7\u00e3o recebida no cargo de prefeito, entre outras san\u00e7\u00f5es.<\/p>\n<p><strong>Fonte:<\/strong> Minist\u00e9rio P\u00fablico do Maranh\u00e3o<\/p>\n","protected":false},"excerpt":{"rendered":"<p>Uma A\u00e7\u00e3o Civil P\u00fablica proposta pela Promotoria de Justi\u00e7a da Comarca de S\u00e3o Jo\u00e3o Batista, em 27 de fevereiro, levou [&hellip;]<\/p>\n","protected":false},"author":0,"featured_media":0,"comment_status":"open","ping_status":"open","sticky":false,"template":"","format":"standard","meta":{"site-sidebar-layout":"default","site-content-layout":"","ast-site-content-layout":"default","site-content-style":"default","site-sidebar-style":"default","ast-global-header-display":"","ast-banner-title-visibility":"","ast-main-header-display":"","ast-hfb-above-header-display":"","ast-hfb-below-header-display":"","ast-hfb-mobile-header-display":"","site-post-title":"","ast-breadcrumbs-content":"","ast-featured-img":"","footer-sml-layout":"","ast-disable-related-posts":"","theme-transparent-header-meta":"","adv-header-id-meta":"","stick-header-meta":"","header-above-stick-meta":"","header-main-stick-meta":"","header-below-stick-meta":"","astra-migrate-meta-layouts":"default","ast-page-background-enabled":"default","ast-page-background-meta":{"desktop":{"background-color":"var(--ast-global-color-5)","background-image":"","background-repeat":"repeat","background-position":"center center","background-size":"auto","background-attachment":"scroll","background-type":"","background-media":"","overlay-type":"","overlay-color":"","overlay-opacity":"","overlay-gradient":""},"tablet":{"background-color":"","background-image":"","background-repeat":"repeat","background-position":"center center","background-size":"auto","background-attachment":"scroll","background-type":"","background-media":"","overlay-type":"","overlay-color":"","overlay-opacity":"","overlay-gradient":""},"mobile":{"background-color":"","background-image":"","background-repeat":"repeat","background-position":"center center","background-size":"auto","background-attachment":"scroll","background-type":"","background-media":"","overlay-type":"","overlay-color":"","overlay-opacity":"","overlay-gradient":""}},"ast-content-background-meta":{"desktop":{"background-color":"var(--ast-global-color-4)","background-image":"","background-repeat":"repeat","background-position":"center center","background-size":"auto","background-attachment":"scroll","background-type":"","background-media":"","overlay-type":"","overlay-color":"","overlay-opacity":"","overlay-gradient":""},"tablet":{"background-color":"var(--ast-global-color-4)","background-image":"","background-repeat":"repeat","background-position":"center center","background-size":"auto","background-attachment":"scroll","background-type":"","background-media":"","overlay-type":"","overlay-color":"","overlay-opacity":"","overlay-gradient":""},"mobile":{"background-color":"var(--ast-global-color-4)","background-image":"","background-repeat":"repeat","background-position":"center center","background-size":"auto","background-attachment":"scroll","background-type":"","background-media":"","overlay-type":"","overlay-color":"","overlay-opacity":"","overlay-gradient":""}},"footnotes":""},"categories":[1],"tags":[],"class_list":["post-49540","post","type-post","status-publish","format-standard","hentry","category-sem-categoria"],"yoast_head":"<!-- This site is optimized with the Yoast SEO plugin v26.6 - https:\/\/yoast.com\/wordpress\/plugins\/seo\/ -->\n<title>A pedido do MP, Justi\u00e7a bloqueia bens do prefeito de S\u00e3o Jo\u00e3o Batista - Daniel Matos<\/title>\n<meta name=\"robots\" content=\"index, follow, max-snippet:-1, max-image-preview:large, max-video-preview:-1\" \/>\n<link rel=\"canonical\" href=\"https:\/\/www.blogsoestado.com\/danielmatos\/pedido-do-mp-justica-bloqueia-bens-do-prefeito-de-sao-joao-batista\/\" \/>\n<meta property=\"og:locale\" content=\"pt_BR\" \/>\n<meta property=\"og:type\" content=\"article\" \/>\n<meta property=\"og:title\" content=\"A pedido do MP, Justi\u00e7a bloqueia bens do prefeito de S\u00e3o Jo\u00e3o Batista - Daniel Matos\" \/>\n<meta property=\"og:description\" content=\"Uma A\u00e7\u00e3o Civil P\u00fablica proposta pela Promotoria de Justi\u00e7a da Comarca de S\u00e3o Jo\u00e3o Batista, em 27 de fevereiro, levou [&hellip;]\" \/>\n<meta property=\"og:url\" content=\"https:\/\/www.blogsoestado.com\/danielmatos\/pedido-do-mp-justica-bloqueia-bens-do-prefeito-de-sao-joao-batista\/\" \/>\n<meta property=\"og:site_name\" content=\"Daniel Matos\" \/>\n<meta property=\"article:published_time\" content=\"2018-03-19T17:34:56+00:00\" \/>\n<meta property=\"og:image\" content=\"https:\/\/www.blogsoestado.com\/danielmatos\/files\/2018\/02\/dominici-dino-300x248.jpg\" \/>\n<meta name=\"twitter:card\" content=\"summary_large_image\" \/>\n<meta name=\"twitter:label1\" content=\"Est. tempo de leitura\" \/>\n\t<meta name=\"twitter:data1\" content=\"3 minutos\" \/>\n<script type=\"application\/ld+json\" class=\"yoast-schema-graph\">{\"@context\":\"https:\/\/schema.org\",\"@graph\":[{\"@type\":\"WebPage\",\"@id\":\"https:\/\/www.blogsoestado.com\/danielmatos\/pedido-do-mp-justica-bloqueia-bens-do-prefeito-de-sao-joao-batista\/\",\"url\":\"https:\/\/www.blogsoestado.com\/danielmatos\/pedido-do-mp-justica-bloqueia-bens-do-prefeito-de-sao-joao-batista\/\",\"name\":\"A pedido do MP, Justi\u00e7a bloqueia bens do prefeito de S\u00e3o Jo\u00e3o Batista - Daniel Matos\",\"isPartOf\":{\"@id\":\"https:\/\/www.blogsoestado.com\/danielmatos\/#website\"},\"primaryImageOfPage\":{\"@id\":\"https:\/\/www.blogsoestado.com\/danielmatos\/pedido-do-mp-justica-bloqueia-bens-do-prefeito-de-sao-joao-batista\/#primaryimage\"},\"image\":{\"@id\":\"https:\/\/www.blogsoestado.com\/danielmatos\/pedido-do-mp-justica-bloqueia-bens-do-prefeito-de-sao-joao-batista\/#primaryimage\"},\"thumbnailUrl\":\"https:\/\/www.blogsoestado.com\/danielmatos\/files\/2018\/02\/dominici-dino-300x248.jpg\",\"datePublished\":\"2018-03-19T17:34:56+00:00\",\"author\":{\"@id\":\"\"},\"breadcrumb\":{\"@id\":\"https:\/\/www.blogsoestado.com\/danielmatos\/pedido-do-mp-justica-bloqueia-bens-do-prefeito-de-sao-joao-batista\/#breadcrumb\"},\"inLanguage\":\"pt-BR\",\"potentialAction\":[{\"@type\":\"ReadAction\",\"target\":[\"https:\/\/www.blogsoestado.com\/danielmatos\/pedido-do-mp-justica-bloqueia-bens-do-prefeito-de-sao-joao-batista\/\"]}]},{\"@type\":\"ImageObject\",\"inLanguage\":\"pt-BR\",\"@id\":\"https:\/\/www.blogsoestado.com\/danielmatos\/pedido-do-mp-justica-bloqueia-bens-do-prefeito-de-sao-joao-batista\/#primaryimage\",\"url\":\"https:\/\/www.blogsoestado.com\/danielmatos\/files\/2018\/02\/dominici-dino-300x248.jpg\",\"contentUrl\":\"https:\/\/www.blogsoestado.com\/danielmatos\/files\/2018\/02\/dominici-dino-300x248.jpg\"},{\"@type\":\"BreadcrumbList\",\"@id\":\"https:\/\/www.blogsoestado.com\/danielmatos\/pedido-do-mp-justica-bloqueia-bens-do-prefeito-de-sao-joao-batista\/#breadcrumb\",\"itemListElement\":[{\"@type\":\"ListItem\",\"position\":1,\"name\":\"In\u00edcio\",\"item\":\"https:\/\/www.blogsoestado.com\/danielmatos\/\"},{\"@type\":\"ListItem\",\"position\":2,\"name\":\"A pedido do MP, Justi\u00e7a bloqueia bens do prefeito de S\u00e3o Jo\u00e3o Batista\"}]},{\"@type\":\"WebSite\",\"@id\":\"https:\/\/www.blogsoestado.com\/danielmatos\/#website\",\"url\":\"https:\/\/www.blogsoestado.com\/danielmatos\/\",\"name\":\"Daniel Matos\",\"description\":\"\",\"potentialAction\":[{\"@type\":\"SearchAction\",\"target\":{\"@type\":\"EntryPoint\",\"urlTemplate\":\"https:\/\/www.blogsoestado.com\/danielmatos\/?s={search_term_string}\"},\"query-input\":{\"@type\":\"PropertyValueSpecification\",\"valueRequired\":true,\"valueName\":\"search_term_string\"}}],\"inLanguage\":\"pt-BR\"}]}<\/script>\n<!-- \/ Yoast SEO plugin. -->","yoast_head_json":{"title":"A pedido do MP, Justi\u00e7a bloqueia bens do prefeito de S\u00e3o Jo\u00e3o Batista - Daniel Matos","robots":{"index":"index","follow":"follow","max-snippet":"max-snippet:-1","max-image-preview":"max-image-preview:large","max-video-preview":"max-video-preview:-1"},"canonical":"https:\/\/www.blogsoestado.com\/danielmatos\/pedido-do-mp-justica-bloqueia-bens-do-prefeito-de-sao-joao-batista\/","og_locale":"pt_BR","og_type":"article","og_title":"A pedido do MP, Justi\u00e7a bloqueia bens do prefeito de S\u00e3o Jo\u00e3o Batista - Daniel Matos","og_description":"Uma A\u00e7\u00e3o Civil P\u00fablica proposta pela Promotoria de Justi\u00e7a da Comarca de S\u00e3o Jo\u00e3o Batista, em 27 de fevereiro, levou [&hellip;]","og_url":"https:\/\/www.blogsoestado.com\/danielmatos\/pedido-do-mp-justica-bloqueia-bens-do-prefeito-de-sao-joao-batista\/","og_site_name":"Daniel Matos","article_published_time":"2018-03-19T17:34:56+00:00","og_image":[{"url":"https:\/\/www.blogsoestado.com\/danielmatos\/files\/2018\/02\/dominici-dino-300x248.jpg","type":"","width":"","height":""}],"twitter_card":"summary_large_image","twitter_misc":{"Est. tempo de leitura":"3 minutos"},"schema":{"@context":"https:\/\/schema.org","@graph":[{"@type":"WebPage","@id":"https:\/\/www.blogsoestado.com\/danielmatos\/pedido-do-mp-justica-bloqueia-bens-do-prefeito-de-sao-joao-batista\/","url":"https:\/\/www.blogsoestado.com\/danielmatos\/pedido-do-mp-justica-bloqueia-bens-do-prefeito-de-sao-joao-batista\/","name":"A pedido do MP, Justi\u00e7a bloqueia bens do prefeito de S\u00e3o Jo\u00e3o Batista - Daniel Matos","isPartOf":{"@id":"https:\/\/www.blogsoestado.com\/danielmatos\/#website"},"primaryImageOfPage":{"@id":"https:\/\/www.blogsoestado.com\/danielmatos\/pedido-do-mp-justica-bloqueia-bens-do-prefeito-de-sao-joao-batista\/#primaryimage"},"image":{"@id":"https:\/\/www.blogsoestado.com\/danielmatos\/pedido-do-mp-justica-bloqueia-bens-do-prefeito-de-sao-joao-batista\/#primaryimage"},"thumbnailUrl":"https:\/\/www.blogsoestado.com\/danielmatos\/files\/2018\/02\/dominici-dino-300x248.jpg","datePublished":"2018-03-19T17:34:56+00:00","author":{"@id":""},"breadcrumb":{"@id":"https:\/\/www.blogsoestado.com\/danielmatos\/pedido-do-mp-justica-bloqueia-bens-do-prefeito-de-sao-joao-batista\/#breadcrumb"},"inLanguage":"pt-BR","potentialAction":[{"@type":"ReadAction","target":["https:\/\/www.blogsoestado.com\/danielmatos\/pedido-do-mp-justica-bloqueia-bens-do-prefeito-de-sao-joao-batista\/"]}]},{"@type":"ImageObject","inLanguage":"pt-BR","@id":"https:\/\/www.blogsoestado.com\/danielmatos\/pedido-do-mp-justica-bloqueia-bens-do-prefeito-de-sao-joao-batista\/#primaryimage","url":"https:\/\/www.blogsoestado.com\/danielmatos\/files\/2018\/02\/dominici-dino-300x248.jpg","contentUrl":"https:\/\/www.blogsoestado.com\/danielmatos\/files\/2018\/02\/dominici-dino-300x248.jpg"},{"@type":"BreadcrumbList","@id":"https:\/\/www.blogsoestado.com\/danielmatos\/pedido-do-mp-justica-bloqueia-bens-do-prefeito-de-sao-joao-batista\/#breadcrumb","itemListElement":[{"@type":"ListItem","position":1,"name":"In\u00edcio","item":"https:\/\/www.blogsoestado.com\/danielmatos\/"},{"@type":"ListItem","position":2,"name":"A pedido do MP, Justi\u00e7a bloqueia bens do prefeito de S\u00e3o Jo\u00e3o Batista"}]},{"@type":"WebSite","@id":"https:\/\/www.blogsoestado.com\/danielmatos\/#website","url":"https:\/\/www.blogsoestado.com\/danielmatos\/","name":"Daniel Matos","description":"","potentialAction":[{"@type":"SearchAction","target":{"@type":"EntryPoint","urlTemplate":"https:\/\/www.blogsoestado.com\/danielmatos\/?s={search_term_string}"},"query-input":{"@type":"PropertyValueSpecification","valueRequired":true,"valueName":"search_term_string"}}],"inLanguage":"pt-BR"}]}},"jetpack_featured_media_url":"","_links":{"self":[{"href":"https:\/\/www.blogsoestado.com\/danielmatos\/wp-json\/wp\/v2\/posts\/49540","targetHints":{"allow":["GET"]}}],"collection":[{"href":"https:\/\/www.blogsoestado.com\/danielmatos\/wp-json\/wp\/v2\/posts"}],"about":[{"href":"https:\/\/www.blogsoestado.com\/danielmatos\/wp-json\/wp\/v2\/types\/post"}],"replies":[{"embeddable":true,"href":"https:\/\/www.blogsoestado.com\/danielmatos\/wp-json\/wp\/v2\/comments?post=49540"}],"version-history":[{"count":0,"href":"https:\/\/www.blogsoestado.com\/danielmatos\/wp-json\/wp\/v2\/posts\/49540\/revisions"}],"wp:attachment":[{"href":"https:\/\/www.blogsoestado.com\/danielmatos\/wp-json\/wp\/v2\/media?parent=49540"}],"wp:term":[{"taxonomy":"category","embeddable":true,"href":"https:\/\/www.blogsoestado.com\/danielmatos\/wp-json\/wp\/v2\/categories?post=49540"},{"taxonomy":"post_tag","embeddable":true,"href":"https:\/\/www.blogsoestado.com\/danielmatos\/wp-json\/wp\/v2\/tags?post=49540"}],"curies":[{"name":"wp","href":"https:\/\/api.w.org\/{rel}","templated":true}]}}