{"id":49546,"date":"2018-03-19T19:30:44","date_gmt":"2018-03-19T22:30:44","guid":{"rendered":"https:\/\/www.blogsoestado.com\/danielmatos\/?p=49546"},"modified":"2018-03-19T19:30:44","modified_gmt":"2018-03-19T22:30:44","slug":"prefeito-edivaldo-executa-mais-uma-etapa-da-implantacao-do-complexo-viario-do-bequimao","status":"publish","type":"post","link":"https:\/\/www.blogsoestado.com\/danielmatos\/prefeito-edivaldo-executa-mais-uma-etapa-da-implantacao-do-complexo-viario-do-bequimao\/","title":{"rendered":"Prefeito Edivaldo executa mais uma etapa da implanta\u00e7\u00e3o do complexo vi\u00e1rio do Bequim\u00e3o"},"content":{"rendered":"<figure id=\"attachment_49547\" aria-describedby=\"caption-attachment-49547\" style=\"width: 600px\" class=\"wp-caption aligncenter\"><img fetchpriority=\"high\" decoding=\"async\" class=\"size-full wp-image-49547\" src=\"https:\/\/www.blogsoestado.com\/danielmatos\/files\/2018\/03\/edivaldo-bequimao.jpg\" alt=\"\" width=\"600\" height=\"400\" \/><figcaption id=\"caption-attachment-49547\" class=\"wp-caption-text\">A libera\u00e7\u00e3o dos retornos e a remo\u00e7\u00e3o do sem\u00e1foro fazem parte da interven\u00e7\u00e3o no Bequim\u00e3o<\/figcaption><\/figure>\n<p>A Prefeitura de S\u00e3o Lu\u00eds, dando prosseguimento \u00e0 implanta\u00e7\u00e3o do complexo vi\u00e1rio do Bequim\u00e3o, executou mais uma etapa da obra na Avenida Jer\u00f4nimo de Albuquerque. No \u00faltimo fim de semana, a Prefeitura finalizou a abertura dos retornos nos dois sentidos da via. Realizada por meio da Secretaria Municipal de Tr\u00e2nsito e Transportes (SMTT), a proposta da interven\u00e7\u00e3o \u00e9 melhorar o fluxo de ve\u00edculos na Avenida, considerada uma das mais movimentadas da cidade e integra um pacote de obras que v\u00eam sendo realziados na gest\u00e3o do prefeito Edivaldo visando garantir mais mobilidade urbana.<\/p>\n<p>A a\u00e7\u00e3o na \u00e1rea resulta de parceria entre Prefeitura de S\u00e3o Lu\u00eds e Hospital S\u00e3o Domingos. O secret\u00e1rio municipal de Tr\u00e2nsito e Transportes, Canind\u00e9 Barros, destacou o objetivo da interven\u00e7\u00e3o na \u00e1rea. &#8220;J\u00e1 estamos liberando essa primeira fase da obra, com a libera\u00e7\u00e3o das duas al\u00e7as para que o fluxo melhore mais rapidamente. Com a interven\u00e7\u00e3o, a proposta do poder p\u00fablico municipal \u00e9, desafogando o tr\u00e2nsito nessa \u00e1rea, contribuir para a melhoria da qualidade de vida de condutores e pedestres e seguem determina\u00e7\u00e3o do prefeito Edivaldo&#8221;, disse o secret\u00e1rio.<\/p>\n<figure id=\"attachment_49548\" aria-describedby=\"caption-attachment-49548\" style=\"width: 600px\" class=\"wp-caption aligncenter\"><img decoding=\"async\" class=\"size-full wp-image-49548\" src=\"https:\/\/www.blogsoestado.com\/danielmatos\/files\/2018\/03\/edivaldo-bequimao2.jpg\" alt=\"\" width=\"600\" height=\"400\" \/><figcaption id=\"caption-attachment-49548\" class=\"wp-caption-text\">A libera\u00e7\u00e3o dos retornos com faixa esquerda livre faz parte do projeto da obra, ainda em andamento<\/figcaption><\/figure>\n<p>A libera\u00e7\u00e3o dos retornos com faixa esquerda livre faz parte do projeto da obra, ainda em andamento. Al\u00e9m da abertura dos retornos, essa etapa da interven\u00e7\u00e3o incluiu a retirada dos sem\u00e1foros em frente ao supermercado Atacad\u00e3o, a mudan\u00e7a de sentido na Rua Jos\u00e9 Delfino (ao lado do supermercado) e o fechamento e deslocamento do canteiro central. Com as altera\u00e7\u00f5es, os condutores que entravam na rua em dire\u00e7\u00e3o ao Residencial Pinheiros, passam a utilizar a via seguinte (Rua S\u00e3o Judas Tadeu), que fica ap\u00f3s a loja Ricardo Eletro.<\/p>\n<p>Tamb\u00e9m foi ampliada a baia de acomoda\u00e7\u00e3o para parada de \u00f4nibus no local, para que os coletivos n\u00e3o parem na faixa de rolamento, por onde passam os carros. A obra do complexo vi\u00e1rio do Bequim\u00e3o consiste em modifica\u00e7\u00e3o geom\u00e9trica, amplia\u00e7\u00e3o do n\u00famero de faixas nos dois sentidos, com retirada dos sem\u00e1foros e cria\u00e7\u00e3o de retornos sem sem\u00e1foro e \u00e0 esquerda livre. Enquanto o trecho estiver em obra, a Prefeitura de S\u00e3o Lu\u00eds mant\u00e9m na \u00e1rea agentes de tr\u00e2nsito para orientar os condutores e organizar o fluxo de ve\u00edculos na regi\u00e3o.<\/p>\n<p>Mesmo em andamento, a obra apresenta resultados positivos para quem trafega pelo local. &#8220;O que a gente espera \u00e9 que realmente melhore. J\u00e1 percebemos uma mudan\u00e7a no tr\u00e2nsito fluindo melhor do elevado em dire\u00e7\u00e3o ao Angelim. Tomara que melhore ainda mais, pois o tr\u00e2nsito nessa avenida \u00e9 muito complicado&#8221;, destacou o taxista Francisco Lira, que trabalha em posto de t\u00e1xi nas proximidades da interven\u00e7\u00e3o.<\/p>\n<figure id=\"attachment_49549\" aria-describedby=\"caption-attachment-49549\" style=\"width: 600px\" class=\"wp-caption aligncenter\"><img decoding=\"async\" class=\"size-full wp-image-49549\" src=\"https:\/\/www.blogsoestado.com\/danielmatos\/files\/2018\/03\/edivaldo-bequimao3.jpg\" alt=\"\" width=\"600\" height=\"400\" \/><figcaption id=\"caption-attachment-49549\" class=\"wp-caption-text\">O complexo vi\u00e1rio do Bequim\u00e3o soma-se \u00e0s demais iniciativas da Prefeitura de S\u00e3o Lu\u00eds para a melhoria da mobilidade na Avenida Jer\u00f4nimo de Albuquerque<\/figcaption><\/figure>\n<p>Para o reordenamento vi\u00e1rio, entre a rotat\u00f3ria da Cohama e o antigo Roque Santeiro, tamb\u00e9m ser\u00e1 implantado novo sistema de sinaliza\u00e7\u00e3o, tanto horizontal e quanto vertical, com faixas de pedestres e placas indicativas.<\/p>\n<p><strong>MOBILIDADE<\/strong><\/p>\n<p>O complexo vi\u00e1rio do Bequim\u00e3o soma-se \u00e0s demais iniciativas da Prefeitura de S\u00e3o Lu\u00eds para a melhoria da mobilidade na Avenida Jer\u00f4nimo de Albuquerque. Na Cohab, por exemplo, nas proximidades do Supermercado Mateus, a interven\u00e7\u00e3o promoveu o alargamento da via nos dois sentidos e a retirada dos canteiros centrais. A obra foi realizada tamb\u00e9m por meio de parceria p\u00fablico-privada, celebrada com o Grupo Pit\u00e1goras.<\/p>\n<p><strong>Fonte:<\/strong> Secretaria Municipal de Comunica\u00e7\u00e3o (Secom)<\/p>\n","protected":false},"excerpt":{"rendered":"<p>A Prefeitura de S\u00e3o Lu\u00eds, dando prosseguimento \u00e0 implanta\u00e7\u00e3o do complexo vi\u00e1rio do Bequim\u00e3o, executou mais uma etapa da obra [&hellip;]<\/p>\n","protected":false},"author":0,"featured_media":0,"comment_status":"open","ping_status":"open","sticky":false,"template":"","format":"standard","meta":{"site-sidebar-layout":"default","site-content-layout":"","ast-site-content-layout":"default","site-content-style":"default","site-sidebar-style":"default","ast-global-header-display":"","ast-banner-title-visibility":"","ast-main-header-display":"","ast-hfb-above-header-display":"","ast-hfb-below-header-display":"","ast-hfb-mobile-header-display":"","site-post-title":"","ast-breadcrumbs-content":"","ast-featured-img":"","footer-sml-layout":"","ast-disable-related-posts":"","theme-transparent-header-meta":"","adv-header-id-meta":"","stick-header-meta":"","header-above-stick-meta":"","header-main-stick-meta":"","header-below-stick-meta":"","astra-migrate-meta-layouts":"default","ast-page-background-enabled":"default","ast-page-background-meta":{"desktop":{"background-color":"var(--ast-global-color-5)","background-image":"","background-repeat":"repeat","background-position":"center center","background-size":"auto","background-attachment":"scroll","background-type":"","background-media":"","overlay-type":"","overlay-color":"","overlay-opacity":"","overlay-gradient":""},"tablet":{"background-color":"","background-image":"","background-repeat":"repeat","background-position":"center center","background-size":"auto","background-attachment":"scroll","background-type":"","background-media":"","overlay-type":"","overlay-color":"","overlay-opacity":"","overlay-gradient":""},"mobile":{"background-color":"","background-image":"","background-repeat":"repeat","background-position":"center center","background-size":"auto","background-attachment":"scroll","background-type":"","background-media":"","overlay-type":"","overlay-color":"","overlay-opacity":"","overlay-gradient":""}},"ast-content-background-meta":{"desktop":{"background-color":"var(--ast-global-color-4)","background-image":"","background-repeat":"repeat","background-position":"center center","background-size":"auto","background-attachment":"scroll","background-type":"","background-media":"","overlay-type":"","overlay-color":"","overlay-opacity":"","overlay-gradient":""},"tablet":{"background-color":"var(--ast-global-color-4)","background-image":"","background-repeat":"repeat","background-position":"center center","background-size":"auto","background-attachment":"scroll","background-type":"","background-media":"","overlay-type":"","overlay-color":"","overlay-opacity":"","overlay-gradient":""},"mobile":{"background-color":"var(--ast-global-color-4)","background-image":"","background-repeat":"repeat","background-position":"center center","background-size":"auto","background-attachment":"scroll","background-type":"","background-media":"","overlay-type":"","overlay-color":"","overlay-opacity":"","overlay-gradient":""}},"footnotes":""},"categories":[1],"tags":[],"class_list":["post-49546","post","type-post","status-publish","format-standard","hentry","category-sem-categoria"],"yoast_head":"<!-- This site is optimized with the Yoast SEO plugin v26.6 - https:\/\/yoast.com\/wordpress\/plugins\/seo\/ -->\n<title>Prefeito Edivaldo executa mais uma etapa da implanta\u00e7\u00e3o do complexo vi\u00e1rio do Bequim\u00e3o - Daniel Matos<\/title>\n<meta name=\"robots\" content=\"index, follow, max-snippet:-1, max-image-preview:large, max-video-preview:-1\" \/>\n<link rel=\"canonical\" href=\"https:\/\/www.blogsoestado.com\/danielmatos\/prefeito-edivaldo-executa-mais-uma-etapa-da-implantacao-do-complexo-viario-do-bequimao\/\" \/>\n<meta property=\"og:locale\" content=\"pt_BR\" \/>\n<meta property=\"og:type\" content=\"article\" \/>\n<meta property=\"og:title\" content=\"Prefeito Edivaldo executa mais uma etapa da implanta\u00e7\u00e3o do complexo vi\u00e1rio do Bequim\u00e3o - Daniel Matos\" \/>\n<meta property=\"og:description\" content=\"A Prefeitura de S\u00e3o Lu\u00eds, dando prosseguimento \u00e0 implanta\u00e7\u00e3o do complexo vi\u00e1rio do Bequim\u00e3o, executou mais uma etapa da obra [&hellip;]\" \/>\n<meta property=\"og:url\" content=\"https:\/\/www.blogsoestado.com\/danielmatos\/prefeito-edivaldo-executa-mais-uma-etapa-da-implantacao-do-complexo-viario-do-bequimao\/\" \/>\n<meta property=\"og:site_name\" content=\"Daniel Matos\" \/>\n<meta property=\"article:published_time\" content=\"2018-03-19T22:30:44+00:00\" \/>\n<meta property=\"og:image\" content=\"https:\/\/www.blogsoestado.com\/danielmatos\/files\/2018\/03\/edivaldo-bequimao.jpg\" \/>\n<meta name=\"twitter:card\" content=\"summary_large_image\" \/>\n<meta name=\"twitter:label1\" content=\"Est. tempo de leitura\" \/>\n\t<meta name=\"twitter:data1\" content=\"3 minutos\" \/>\n<script type=\"application\/ld+json\" class=\"yoast-schema-graph\">{\"@context\":\"https:\/\/schema.org\",\"@graph\":[{\"@type\":\"WebPage\",\"@id\":\"https:\/\/www.blogsoestado.com\/danielmatos\/prefeito-edivaldo-executa-mais-uma-etapa-da-implantacao-do-complexo-viario-do-bequimao\/\",\"url\":\"https:\/\/www.blogsoestado.com\/danielmatos\/prefeito-edivaldo-executa-mais-uma-etapa-da-implantacao-do-complexo-viario-do-bequimao\/\",\"name\":\"Prefeito Edivaldo executa mais uma etapa da implanta\u00e7\u00e3o do complexo vi\u00e1rio do Bequim\u00e3o - Daniel Matos\",\"isPartOf\":{\"@id\":\"https:\/\/www.blogsoestado.com\/danielmatos\/#website\"},\"primaryImageOfPage\":{\"@id\":\"https:\/\/www.blogsoestado.com\/danielmatos\/prefeito-edivaldo-executa-mais-uma-etapa-da-implantacao-do-complexo-viario-do-bequimao\/#primaryimage\"},\"image\":{\"@id\":\"https:\/\/www.blogsoestado.com\/danielmatos\/prefeito-edivaldo-executa-mais-uma-etapa-da-implantacao-do-complexo-viario-do-bequimao\/#primaryimage\"},\"thumbnailUrl\":\"https:\/\/www.blogsoestado.com\/danielmatos\/files\/2018\/03\/edivaldo-bequimao.jpg\",\"datePublished\":\"2018-03-19T22:30:44+00:00\",\"author\":{\"@id\":\"\"},\"breadcrumb\":{\"@id\":\"https:\/\/www.blogsoestado.com\/danielmatos\/prefeito-edivaldo-executa-mais-uma-etapa-da-implantacao-do-complexo-viario-do-bequimao\/#breadcrumb\"},\"inLanguage\":\"pt-BR\",\"potentialAction\":[{\"@type\":\"ReadAction\",\"target\":[\"https:\/\/www.blogsoestado.com\/danielmatos\/prefeito-edivaldo-executa-mais-uma-etapa-da-implantacao-do-complexo-viario-do-bequimao\/\"]}]},{\"@type\":\"ImageObject\",\"inLanguage\":\"pt-BR\",\"@id\":\"https:\/\/www.blogsoestado.com\/danielmatos\/prefeito-edivaldo-executa-mais-uma-etapa-da-implantacao-do-complexo-viario-do-bequimao\/#primaryimage\",\"url\":\"https:\/\/www.blogsoestado.com\/danielmatos\/files\/2018\/03\/edivaldo-bequimao.jpg\",\"contentUrl\":\"https:\/\/www.blogsoestado.com\/danielmatos\/files\/2018\/03\/edivaldo-bequimao.jpg\"},{\"@type\":\"BreadcrumbList\",\"@id\":\"https:\/\/www.blogsoestado.com\/danielmatos\/prefeito-edivaldo-executa-mais-uma-etapa-da-implantacao-do-complexo-viario-do-bequimao\/#breadcrumb\",\"itemListElement\":[{\"@type\":\"ListItem\",\"position\":1,\"name\":\"In\u00edcio\",\"item\":\"https:\/\/www.blogsoestado.com\/danielmatos\/\"},{\"@type\":\"ListItem\",\"position\":2,\"name\":\"Prefeito Edivaldo executa mais uma etapa da implanta\u00e7\u00e3o do complexo vi\u00e1rio do Bequim\u00e3o\"}]},{\"@type\":\"WebSite\",\"@id\":\"https:\/\/www.blogsoestado.com\/danielmatos\/#website\",\"url\":\"https:\/\/www.blogsoestado.com\/danielmatos\/\",\"name\":\"Daniel Matos\",\"description\":\"\",\"potentialAction\":[{\"@type\":\"SearchAction\",\"target\":{\"@type\":\"EntryPoint\",\"urlTemplate\":\"https:\/\/www.blogsoestado.com\/danielmatos\/?s={search_term_string}\"},\"query-input\":{\"@type\":\"PropertyValueSpecification\",\"valueRequired\":true,\"valueName\":\"search_term_string\"}}],\"inLanguage\":\"pt-BR\"}]}<\/script>\n<!-- \/ Yoast SEO plugin. -->","yoast_head_json":{"title":"Prefeito Edivaldo executa mais uma etapa da implanta\u00e7\u00e3o do complexo vi\u00e1rio do Bequim\u00e3o - Daniel Matos","robots":{"index":"index","follow":"follow","max-snippet":"max-snippet:-1","max-image-preview":"max-image-preview:large","max-video-preview":"max-video-preview:-1"},"canonical":"https:\/\/www.blogsoestado.com\/danielmatos\/prefeito-edivaldo-executa-mais-uma-etapa-da-implantacao-do-complexo-viario-do-bequimao\/","og_locale":"pt_BR","og_type":"article","og_title":"Prefeito Edivaldo executa mais uma etapa da implanta\u00e7\u00e3o do complexo vi\u00e1rio do Bequim\u00e3o - Daniel Matos","og_description":"A Prefeitura de S\u00e3o Lu\u00eds, dando prosseguimento \u00e0 implanta\u00e7\u00e3o do complexo vi\u00e1rio do Bequim\u00e3o, executou mais uma etapa da obra [&hellip;]","og_url":"https:\/\/www.blogsoestado.com\/danielmatos\/prefeito-edivaldo-executa-mais-uma-etapa-da-implantacao-do-complexo-viario-do-bequimao\/","og_site_name":"Daniel Matos","article_published_time":"2018-03-19T22:30:44+00:00","og_image":[{"url":"https:\/\/www.blogsoestado.com\/danielmatos\/files\/2018\/03\/edivaldo-bequimao.jpg","type":"","width":"","height":""}],"twitter_card":"summary_large_image","twitter_misc":{"Est. tempo de leitura":"3 minutos"},"schema":{"@context":"https:\/\/schema.org","@graph":[{"@type":"WebPage","@id":"https:\/\/www.blogsoestado.com\/danielmatos\/prefeito-edivaldo-executa-mais-uma-etapa-da-implantacao-do-complexo-viario-do-bequimao\/","url":"https:\/\/www.blogsoestado.com\/danielmatos\/prefeito-edivaldo-executa-mais-uma-etapa-da-implantacao-do-complexo-viario-do-bequimao\/","name":"Prefeito Edivaldo executa mais uma etapa da implanta\u00e7\u00e3o do complexo vi\u00e1rio do Bequim\u00e3o - Daniel Matos","isPartOf":{"@id":"https:\/\/www.blogsoestado.com\/danielmatos\/#website"},"primaryImageOfPage":{"@id":"https:\/\/www.blogsoestado.com\/danielmatos\/prefeito-edivaldo-executa-mais-uma-etapa-da-implantacao-do-complexo-viario-do-bequimao\/#primaryimage"},"image":{"@id":"https:\/\/www.blogsoestado.com\/danielmatos\/prefeito-edivaldo-executa-mais-uma-etapa-da-implantacao-do-complexo-viario-do-bequimao\/#primaryimage"},"thumbnailUrl":"https:\/\/www.blogsoestado.com\/danielmatos\/files\/2018\/03\/edivaldo-bequimao.jpg","datePublished":"2018-03-19T22:30:44+00:00","author":{"@id":""},"breadcrumb":{"@id":"https:\/\/www.blogsoestado.com\/danielmatos\/prefeito-edivaldo-executa-mais-uma-etapa-da-implantacao-do-complexo-viario-do-bequimao\/#breadcrumb"},"inLanguage":"pt-BR","potentialAction":[{"@type":"ReadAction","target":["https:\/\/www.blogsoestado.com\/danielmatos\/prefeito-edivaldo-executa-mais-uma-etapa-da-implantacao-do-complexo-viario-do-bequimao\/"]}]},{"@type":"ImageObject","inLanguage":"pt-BR","@id":"https:\/\/www.blogsoestado.com\/danielmatos\/prefeito-edivaldo-executa-mais-uma-etapa-da-implantacao-do-complexo-viario-do-bequimao\/#primaryimage","url":"https:\/\/www.blogsoestado.com\/danielmatos\/files\/2018\/03\/edivaldo-bequimao.jpg","contentUrl":"https:\/\/www.blogsoestado.com\/danielmatos\/files\/2018\/03\/edivaldo-bequimao.jpg"},{"@type":"BreadcrumbList","@id":"https:\/\/www.blogsoestado.com\/danielmatos\/prefeito-edivaldo-executa-mais-uma-etapa-da-implantacao-do-complexo-viario-do-bequimao\/#breadcrumb","itemListElement":[{"@type":"ListItem","position":1,"name":"In\u00edcio","item":"https:\/\/www.blogsoestado.com\/danielmatos\/"},{"@type":"ListItem","position":2,"name":"Prefeito Edivaldo executa mais uma etapa da implanta\u00e7\u00e3o do complexo vi\u00e1rio do Bequim\u00e3o"}]},{"@type":"WebSite","@id":"https:\/\/www.blogsoestado.com\/danielmatos\/#website","url":"https:\/\/www.blogsoestado.com\/danielmatos\/","name":"Daniel Matos","description":"","potentialAction":[{"@type":"SearchAction","target":{"@type":"EntryPoint","urlTemplate":"https:\/\/www.blogsoestado.com\/danielmatos\/?s={search_term_string}"},"query-input":{"@type":"PropertyValueSpecification","valueRequired":true,"valueName":"search_term_string"}}],"inLanguage":"pt-BR"}]}},"jetpack_featured_media_url":"","_links":{"self":[{"href":"https:\/\/www.blogsoestado.com\/danielmatos\/wp-json\/wp\/v2\/posts\/49546","targetHints":{"allow":["GET"]}}],"collection":[{"href":"https:\/\/www.blogsoestado.com\/danielmatos\/wp-json\/wp\/v2\/posts"}],"about":[{"href":"https:\/\/www.blogsoestado.com\/danielmatos\/wp-json\/wp\/v2\/types\/post"}],"replies":[{"embeddable":true,"href":"https:\/\/www.blogsoestado.com\/danielmatos\/wp-json\/wp\/v2\/comments?post=49546"}],"version-history":[{"count":0,"href":"https:\/\/www.blogsoestado.com\/danielmatos\/wp-json\/wp\/v2\/posts\/49546\/revisions"}],"wp:attachment":[{"href":"https:\/\/www.blogsoestado.com\/danielmatos\/wp-json\/wp\/v2\/media?parent=49546"}],"wp:term":[{"taxonomy":"category","embeddable":true,"href":"https:\/\/www.blogsoestado.com\/danielmatos\/wp-json\/wp\/v2\/categories?post=49546"},{"taxonomy":"post_tag","embeddable":true,"href":"https:\/\/www.blogsoestado.com\/danielmatos\/wp-json\/wp\/v2\/tags?post=49546"}],"curies":[{"name":"wp","href":"https:\/\/api.w.org\/{rel}","templated":true}]}}