{"id":49557,"date":"2018-03-20T11:28:59","date_gmt":"2018-03-20T14:28:59","guid":{"rendered":"https:\/\/www.blogsoestado.com\/danielmatos\/?p=49557"},"modified":"2018-03-20T11:28:59","modified_gmt":"2018-03-20T14:28:59","slug":"vereador-marcial-lima-quer-conscientizacao-sobre-os-ecopontos-e-pede-um-para-itapiraco","status":"publish","type":"post","link":"https:\/\/www.blogsoestado.com\/danielmatos\/vereador-marcial-lima-quer-conscientizacao-sobre-os-ecopontos-e-pede-um-para-itapiraco\/","title":{"rendered":"Vereador Marcial Lima quer conscientiza\u00e7\u00e3o sobre os ecopontos e pede um para Itapirac\u00f3"},"content":{"rendered":"<figure id=\"attachment_49558\" aria-describedby=\"caption-attachment-49558\" style=\"width: 300px\" class=\"wp-caption alignright\"><img fetchpriority=\"high\" decoding=\"async\" class=\"size-medium wp-image-49558\" src=\"https:\/\/www.blogsoestado.com\/danielmatos\/files\/2018\/03\/marcial-ecopontos-300x288.jpg\" alt=\"\" width=\"300\" height=\"288\" \/><figcaption id=\"caption-attachment-49558\" class=\"wp-caption-text\">Marcial Lima ainda sugere a implanta\u00e7\u00e3o de um ecoponto na reserva do Itapirac\u00f3<\/figcaption><\/figure>\n<p>Em uma manifesta\u00e7\u00e3o feita na manh\u00e3 desta ter\u00e7a-feira, (20), na C\u00e2mara Municipal de S\u00e3o Lu\u00eds, o vereador Marcial Lima (PEN) destacou a import\u00e2ncia dos ecopontos instalados em diversas localidades da cidade, bem como da necessidade de um trabalho por parte da administra\u00e7\u00e3o p\u00fablica sobre sua utiliza\u00e7\u00e3o.<\/p>\n<p>Fazendo uma melhor explica\u00e7\u00e3o sobre sua argumenta\u00e7\u00e3o, o parlamentar do PEN, est\u00e1 solicitando que a Secretaria Municipal de Comunica\u00e7\u00e3o que institua uma campanha para a popula\u00e7\u00e3o sobre a utiliza\u00e7\u00e3o dos ecopontos. Exemplifica ele que uma parte da popula\u00e7\u00e3o ainda n\u00e3o tem a no\u00e7\u00e3o de como usar esse benef\u00edcio.<\/p>\n<p>Marcial Lima fala que em alguns lugares existem os ecopontos est\u00e3o bem instalados, mas muitas pessoas n\u00e3o fazem uso dos mesmos e at\u00e9 colocam lixo nas proximidades dos recipientes. \u201cSer\u00e1 de grande utilidade para todos que a Secretaria de Comunica\u00e7\u00e3o fa\u00e7a uma campanha de educativa e de conscientiza\u00e7\u00e3o sobre a utiliza\u00e7\u00e3o adequada dos ecopontos\u201d, acentua ele.<\/p>\n<p>Explicando a sua sugest\u00e3o, o parlamentar orienta que a campanha seja veiculada de maneira visual, por meio de \u00e1udio, impresso, digital eletr\u00f4nica e outros nos meios de comunica\u00e7\u00e3o. Continuando, ele enfatiza que a campanha deva ter car\u00e1ter permanente, bem como o funcionamento dos ecopontos tamb\u00e9m seja de forma ininterrupta, j\u00e1 que aos dias de s\u00e1bado e domingo eles n\u00e3o est\u00e3o sendo disponibilizados para a popula\u00e7\u00e3o.<\/p>\n<p>Ele sugere que a campanha seja dirigida a todos os segmentos da popula\u00e7\u00e3o, com objetivo de que sejam direcionados a p\u00fablicos alvos como escolas, igrejas, entidades diversas, feiras, mercados, carroceiros, e arremata: \u201cenfim a toda a popula\u00e7\u00e3o para que possamos saber como utilizar os ecopontos para cumprirem sua finalidade\u201d.<\/p>\n<p><strong>PARA O ITAPIRAC\u00d3<\/strong><\/p>\n<p>Aproveitando a ocasi\u00e3o, Marcial Lima ainda sugere a implanta\u00e7\u00e3o de um ecoponto na reserva do Itapirac\u00f3, \u201cna altura do Cohatrac, o que ir\u00e1 beneficiar todas as comunidades daquele entorno\u201d, completa. Ele diz tamb\u00e9m que reconhece que a reserva do Itapirac\u00f3 seja de uma \u00c0rea de Prote\u00e7\u00e3o Ambiental, do Governo Federal, mas parte do lixo \u00e9 produzida por moradores do munic\u00edpio.<\/p>\n","protected":false},"excerpt":{"rendered":"<p>Em uma manifesta\u00e7\u00e3o feita na manh\u00e3 desta ter\u00e7a-feira, (20), na C\u00e2mara Municipal de S\u00e3o Lu\u00eds, o vereador Marcial Lima (PEN) [&hellip;]<\/p>\n","protected":false},"author":0,"featured_media":0,"comment_status":"open","ping_status":"open","sticky":false,"template":"","format":"standard","meta":{"site-sidebar-layout":"default","site-content-layout":"","ast-site-content-layout":"default","site-content-style":"default","site-sidebar-style":"default","ast-global-header-display":"","ast-banner-title-visibility":"","ast-main-header-display":"","ast-hfb-above-header-display":"","ast-hfb-below-header-display":"","ast-hfb-mobile-header-display":"","site-post-title":"","ast-breadcrumbs-content":"","ast-featured-img":"","footer-sml-layout":"","ast-disable-related-posts":"","theme-transparent-header-meta":"","adv-header-id-meta":"","stick-header-meta":"","header-above-stick-meta":"","header-main-stick-meta":"","header-below-stick-meta":"","astra-migrate-meta-layouts":"default","ast-page-background-enabled":"default","ast-page-background-meta":{"desktop":{"background-color":"var(--ast-global-color-5)","background-image":"","background-repeat":"repeat","background-position":"center center","background-size":"auto","background-attachment":"scroll","background-type":"","background-media":"","overlay-type":"","overlay-color":"","overlay-opacity":"","overlay-gradient":""},"tablet":{"background-color":"","background-image":"","background-repeat":"repeat","background-position":"center center","background-size":"auto","background-attachment":"scroll","background-type":"","background-media":"","overlay-type":"","overlay-color":"","overlay-opacity":"","overlay-gradient":""},"mobile":{"background-color":"","background-image":"","background-repeat":"repeat","background-position":"center center","background-size":"auto","background-attachment":"scroll","background-type":"","background-media":"","overlay-type":"","overlay-color":"","overlay-opacity":"","overlay-gradient":""}},"ast-content-background-meta":{"desktop":{"background-color":"var(--ast-global-color-4)","background-image":"","background-repeat":"repeat","background-position":"center center","background-size":"auto","background-attachment":"scroll","background-type":"","background-media":"","overlay-type":"","overlay-color":"","overlay-opacity":"","overlay-gradient":""},"tablet":{"background-color":"var(--ast-global-color-4)","background-image":"","background-repeat":"repeat","background-position":"center center","background-size":"auto","background-attachment":"scroll","background-type":"","background-media":"","overlay-type":"","overlay-color":"","overlay-opacity":"","overlay-gradient":""},"mobile":{"background-color":"var(--ast-global-color-4)","background-image":"","background-repeat":"repeat","background-position":"center center","background-size":"auto","background-attachment":"scroll","background-type":"","background-media":"","overlay-type":"","overlay-color":"","overlay-opacity":"","overlay-gradient":""}},"footnotes":""},"categories":[1],"tags":[],"class_list":["post-49557","post","type-post","status-publish","format-standard","hentry","category-sem-categoria"],"yoast_head":"<!-- This site is optimized with the Yoast SEO plugin v26.6 - https:\/\/yoast.com\/wordpress\/plugins\/seo\/ -->\n<title>Vereador Marcial Lima quer conscientiza\u00e7\u00e3o sobre os ecopontos e pede um para Itapirac\u00f3 - Daniel Matos<\/title>\n<meta name=\"robots\" content=\"index, follow, max-snippet:-1, max-image-preview:large, max-video-preview:-1\" \/>\n<link rel=\"canonical\" href=\"https:\/\/www.blogsoestado.com\/danielmatos\/vereador-marcial-lima-quer-conscientizacao-sobre-os-ecopontos-e-pede-um-para-itapiraco\/\" \/>\n<meta property=\"og:locale\" content=\"pt_BR\" \/>\n<meta property=\"og:type\" content=\"article\" \/>\n<meta property=\"og:title\" content=\"Vereador Marcial Lima quer conscientiza\u00e7\u00e3o sobre os ecopontos e pede um para Itapirac\u00f3 - Daniel Matos\" \/>\n<meta property=\"og:description\" content=\"Em uma manifesta\u00e7\u00e3o feita na manh\u00e3 desta ter\u00e7a-feira, (20), na C\u00e2mara Municipal de S\u00e3o Lu\u00eds, o vereador Marcial Lima (PEN) [&hellip;]\" \/>\n<meta property=\"og:url\" content=\"https:\/\/www.blogsoestado.com\/danielmatos\/vereador-marcial-lima-quer-conscientizacao-sobre-os-ecopontos-e-pede-um-para-itapiraco\/\" \/>\n<meta property=\"og:site_name\" content=\"Daniel Matos\" \/>\n<meta property=\"article:published_time\" content=\"2018-03-20T14:28:59+00:00\" \/>\n<meta property=\"og:image\" content=\"https:\/\/www.blogsoestado.com\/danielmatos\/files\/2018\/03\/marcial-ecopontos-300x288.jpg\" \/>\n<meta name=\"twitter:card\" content=\"summary_large_image\" \/>\n<meta name=\"twitter:label1\" content=\"Est. tempo de leitura\" \/>\n\t<meta name=\"twitter:data1\" content=\"2 minutos\" \/>\n<script type=\"application\/ld+json\" class=\"yoast-schema-graph\">{\"@context\":\"https:\/\/schema.org\",\"@graph\":[{\"@type\":\"WebPage\",\"@id\":\"https:\/\/www.blogsoestado.com\/danielmatos\/vereador-marcial-lima-quer-conscientizacao-sobre-os-ecopontos-e-pede-um-para-itapiraco\/\",\"url\":\"https:\/\/www.blogsoestado.com\/danielmatos\/vereador-marcial-lima-quer-conscientizacao-sobre-os-ecopontos-e-pede-um-para-itapiraco\/\",\"name\":\"Vereador Marcial Lima quer conscientiza\u00e7\u00e3o sobre os ecopontos e pede um para Itapirac\u00f3 - Daniel Matos\",\"isPartOf\":{\"@id\":\"https:\/\/www.blogsoestado.com\/danielmatos\/#website\"},\"primaryImageOfPage\":{\"@id\":\"https:\/\/www.blogsoestado.com\/danielmatos\/vereador-marcial-lima-quer-conscientizacao-sobre-os-ecopontos-e-pede-um-para-itapiraco\/#primaryimage\"},\"image\":{\"@id\":\"https:\/\/www.blogsoestado.com\/danielmatos\/vereador-marcial-lima-quer-conscientizacao-sobre-os-ecopontos-e-pede-um-para-itapiraco\/#primaryimage\"},\"thumbnailUrl\":\"https:\/\/www.blogsoestado.com\/danielmatos\/files\/2018\/03\/marcial-ecopontos-300x288.jpg\",\"datePublished\":\"2018-03-20T14:28:59+00:00\",\"author\":{\"@id\":\"\"},\"breadcrumb\":{\"@id\":\"https:\/\/www.blogsoestado.com\/danielmatos\/vereador-marcial-lima-quer-conscientizacao-sobre-os-ecopontos-e-pede-um-para-itapiraco\/#breadcrumb\"},\"inLanguage\":\"pt-BR\",\"potentialAction\":[{\"@type\":\"ReadAction\",\"target\":[\"https:\/\/www.blogsoestado.com\/danielmatos\/vereador-marcial-lima-quer-conscientizacao-sobre-os-ecopontos-e-pede-um-para-itapiraco\/\"]}]},{\"@type\":\"ImageObject\",\"inLanguage\":\"pt-BR\",\"@id\":\"https:\/\/www.blogsoestado.com\/danielmatos\/vereador-marcial-lima-quer-conscientizacao-sobre-os-ecopontos-e-pede-um-para-itapiraco\/#primaryimage\",\"url\":\"https:\/\/www.blogsoestado.com\/danielmatos\/files\/2018\/03\/marcial-ecopontos-300x288.jpg\",\"contentUrl\":\"https:\/\/www.blogsoestado.com\/danielmatos\/files\/2018\/03\/marcial-ecopontos-300x288.jpg\"},{\"@type\":\"BreadcrumbList\",\"@id\":\"https:\/\/www.blogsoestado.com\/danielmatos\/vereador-marcial-lima-quer-conscientizacao-sobre-os-ecopontos-e-pede-um-para-itapiraco\/#breadcrumb\",\"itemListElement\":[{\"@type\":\"ListItem\",\"position\":1,\"name\":\"In\u00edcio\",\"item\":\"https:\/\/www.blogsoestado.com\/danielmatos\/\"},{\"@type\":\"ListItem\",\"position\":2,\"name\":\"Vereador Marcial Lima quer conscientiza\u00e7\u00e3o sobre os ecopontos e pede um para Itapirac\u00f3\"}]},{\"@type\":\"WebSite\",\"@id\":\"https:\/\/www.blogsoestado.com\/danielmatos\/#website\",\"url\":\"https:\/\/www.blogsoestado.com\/danielmatos\/\",\"name\":\"Daniel Matos\",\"description\":\"\",\"potentialAction\":[{\"@type\":\"SearchAction\",\"target\":{\"@type\":\"EntryPoint\",\"urlTemplate\":\"https:\/\/www.blogsoestado.com\/danielmatos\/?s={search_term_string}\"},\"query-input\":{\"@type\":\"PropertyValueSpecification\",\"valueRequired\":true,\"valueName\":\"search_term_string\"}}],\"inLanguage\":\"pt-BR\"}]}<\/script>\n<!-- \/ Yoast SEO plugin. -->","yoast_head_json":{"title":"Vereador Marcial Lima quer conscientiza\u00e7\u00e3o sobre os ecopontos e pede um para Itapirac\u00f3 - Daniel Matos","robots":{"index":"index","follow":"follow","max-snippet":"max-snippet:-1","max-image-preview":"max-image-preview:large","max-video-preview":"max-video-preview:-1"},"canonical":"https:\/\/www.blogsoestado.com\/danielmatos\/vereador-marcial-lima-quer-conscientizacao-sobre-os-ecopontos-e-pede-um-para-itapiraco\/","og_locale":"pt_BR","og_type":"article","og_title":"Vereador Marcial Lima quer conscientiza\u00e7\u00e3o sobre os ecopontos e pede um para Itapirac\u00f3 - Daniel Matos","og_description":"Em uma manifesta\u00e7\u00e3o feita na manh\u00e3 desta ter\u00e7a-feira, (20), na C\u00e2mara Municipal de S\u00e3o Lu\u00eds, o vereador Marcial Lima (PEN) [&hellip;]","og_url":"https:\/\/www.blogsoestado.com\/danielmatos\/vereador-marcial-lima-quer-conscientizacao-sobre-os-ecopontos-e-pede-um-para-itapiraco\/","og_site_name":"Daniel Matos","article_published_time":"2018-03-20T14:28:59+00:00","og_image":[{"url":"https:\/\/www.blogsoestado.com\/danielmatos\/files\/2018\/03\/marcial-ecopontos-300x288.jpg","type":"","width":"","height":""}],"twitter_card":"summary_large_image","twitter_misc":{"Est. tempo de leitura":"2 minutos"},"schema":{"@context":"https:\/\/schema.org","@graph":[{"@type":"WebPage","@id":"https:\/\/www.blogsoestado.com\/danielmatos\/vereador-marcial-lima-quer-conscientizacao-sobre-os-ecopontos-e-pede-um-para-itapiraco\/","url":"https:\/\/www.blogsoestado.com\/danielmatos\/vereador-marcial-lima-quer-conscientizacao-sobre-os-ecopontos-e-pede-um-para-itapiraco\/","name":"Vereador Marcial Lima quer conscientiza\u00e7\u00e3o sobre os ecopontos e pede um para Itapirac\u00f3 - Daniel Matos","isPartOf":{"@id":"https:\/\/www.blogsoestado.com\/danielmatos\/#website"},"primaryImageOfPage":{"@id":"https:\/\/www.blogsoestado.com\/danielmatos\/vereador-marcial-lima-quer-conscientizacao-sobre-os-ecopontos-e-pede-um-para-itapiraco\/#primaryimage"},"image":{"@id":"https:\/\/www.blogsoestado.com\/danielmatos\/vereador-marcial-lima-quer-conscientizacao-sobre-os-ecopontos-e-pede-um-para-itapiraco\/#primaryimage"},"thumbnailUrl":"https:\/\/www.blogsoestado.com\/danielmatos\/files\/2018\/03\/marcial-ecopontos-300x288.jpg","datePublished":"2018-03-20T14:28:59+00:00","author":{"@id":""},"breadcrumb":{"@id":"https:\/\/www.blogsoestado.com\/danielmatos\/vereador-marcial-lima-quer-conscientizacao-sobre-os-ecopontos-e-pede-um-para-itapiraco\/#breadcrumb"},"inLanguage":"pt-BR","potentialAction":[{"@type":"ReadAction","target":["https:\/\/www.blogsoestado.com\/danielmatos\/vereador-marcial-lima-quer-conscientizacao-sobre-os-ecopontos-e-pede-um-para-itapiraco\/"]}]},{"@type":"ImageObject","inLanguage":"pt-BR","@id":"https:\/\/www.blogsoestado.com\/danielmatos\/vereador-marcial-lima-quer-conscientizacao-sobre-os-ecopontos-e-pede-um-para-itapiraco\/#primaryimage","url":"https:\/\/www.blogsoestado.com\/danielmatos\/files\/2018\/03\/marcial-ecopontos-300x288.jpg","contentUrl":"https:\/\/www.blogsoestado.com\/danielmatos\/files\/2018\/03\/marcial-ecopontos-300x288.jpg"},{"@type":"BreadcrumbList","@id":"https:\/\/www.blogsoestado.com\/danielmatos\/vereador-marcial-lima-quer-conscientizacao-sobre-os-ecopontos-e-pede-um-para-itapiraco\/#breadcrumb","itemListElement":[{"@type":"ListItem","position":1,"name":"In\u00edcio","item":"https:\/\/www.blogsoestado.com\/danielmatos\/"},{"@type":"ListItem","position":2,"name":"Vereador Marcial Lima quer conscientiza\u00e7\u00e3o sobre os ecopontos e pede um para Itapirac\u00f3"}]},{"@type":"WebSite","@id":"https:\/\/www.blogsoestado.com\/danielmatos\/#website","url":"https:\/\/www.blogsoestado.com\/danielmatos\/","name":"Daniel Matos","description":"","potentialAction":[{"@type":"SearchAction","target":{"@type":"EntryPoint","urlTemplate":"https:\/\/www.blogsoestado.com\/danielmatos\/?s={search_term_string}"},"query-input":{"@type":"PropertyValueSpecification","valueRequired":true,"valueName":"search_term_string"}}],"inLanguage":"pt-BR"}]}},"jetpack_featured_media_url":"","_links":{"self":[{"href":"https:\/\/www.blogsoestado.com\/danielmatos\/wp-json\/wp\/v2\/posts\/49557","targetHints":{"allow":["GET"]}}],"collection":[{"href":"https:\/\/www.blogsoestado.com\/danielmatos\/wp-json\/wp\/v2\/posts"}],"about":[{"href":"https:\/\/www.blogsoestado.com\/danielmatos\/wp-json\/wp\/v2\/types\/post"}],"replies":[{"embeddable":true,"href":"https:\/\/www.blogsoestado.com\/danielmatos\/wp-json\/wp\/v2\/comments?post=49557"}],"version-history":[{"count":0,"href":"https:\/\/www.blogsoestado.com\/danielmatos\/wp-json\/wp\/v2\/posts\/49557\/revisions"}],"wp:attachment":[{"href":"https:\/\/www.blogsoestado.com\/danielmatos\/wp-json\/wp\/v2\/media?parent=49557"}],"wp:term":[{"taxonomy":"category","embeddable":true,"href":"https:\/\/www.blogsoestado.com\/danielmatos\/wp-json\/wp\/v2\/categories?post=49557"},{"taxonomy":"post_tag","embeddable":true,"href":"https:\/\/www.blogsoestado.com\/danielmatos\/wp-json\/wp\/v2\/tags?post=49557"}],"curies":[{"name":"wp","href":"https:\/\/api.w.org\/{rel}","templated":true}]}}